{"id":44512,"date":"2018-09-10T12:53:56","date_gmt":"2018-09-10T18:53:56","guid":{"rendered":"http:\/\/kuali.com.mx\/web\/?p=44512"},"modified":"2018-09-10T12:58:59","modified_gmt":"2018-09-10T18:58:59","slug":"abren-licenciatura-en-artes-visuales","status":"publish","type":"post","link":"https:\/\/kuali.com.mx\/web\/2018\/09\/10\/abren-licenciatura-en-artes-visuales\/","title":{"rendered":"ABREN LICENCIATURA EN ARTES VISUALES"},"content":{"rendered":"<p><i><b>KUALI\/Le\u00f3n, Gto.-<\/b><\/i>El Instituto Cultural de Le\u00f3n, a trav\u00e9s de la Escuela de Artes Pl\u00e1sticas Antonio Segoviano (ESAP) y la Universidad de Guanajuato abren la Licenciatura en Artes Visuales.<\/p>\n<p><!--more--><\/p>\n<p>La ESAP ampl\u00eda su curr\u00edcula educativa ofreciendo esta licenciatura en conveniocon la Universidad de Guanajuato, la cual dar\u00e1 inicio el pr\u00f3ximo ciclo escolar Ene-Jul 2019. El proceso de admisi\u00f3n comienza el 17 de septiembre de 2018.<\/p>\n<p>El programa de estudios incluye pintura, acuarela, fotograf\u00eda, grabado, escultura, proyectos de instalaci\u00f3n, arte, cuerpo y tecnolog\u00eda, dibujo, tendencias actuales, educaci\u00f3n y arte, apreciaci\u00f3n art\u00edstica, entre otras materias.<\/p>\n<p>El proceso de solicitud de c\u00e9dula para el examen de admisi\u00f3n a la Licenciatura en Artes Visuales es el siguiente:<\/p>\n<p>1. Del 17 de septiembre al 12 octubre de 2018 es el registro de aspirantes en www.ugto.mx\/admision.<br \/>\n2. El costo de c\u00e9dula de admisi\u00f3n conforme al arancel vigente, es de mil 135 pesos.<br \/>\n3. Dos o tres d\u00edas posteriores al pago correspondiente al examen, los interesados deber\u00e1n ingresar en la opci\u00f3n \u2018aspirantes ya registrados\u2019, en la misma p\u00e1gina de Internet, para verificar el dep\u00f3sito e imprimir la c\u00e9dula de examen.<br \/>\n4. El temario (EXHCOBA y PR\u00c1CTICOS) puede consultarse en la p\u00e1gina de Internet www.ugto.mx\/admision.<br \/>\n5. Del 12 al 24 de noviembre se aplicar\u00e1 el examen de admisi\u00f3n.<br \/>\n6. Los resultados se publicar\u00e1n el 16 de diciembre de 2018.<\/p>\n","protected":false},"excerpt":{"rendered":"KUALI\/Le\u00f3n, Gto.-El Instituto Cultural de Le\u00f3n, a trav\u00e9s de la Escuela de Artes Pl\u00e1sticas Antonio Segoviano (ESAP) y la Universidad de Guanajuato abren la Licenciatura en Artes Visuales.","protected":false},"author":2,"featured_media":44513,"comment_status":"open","ping_status":"open","sticky":false,"template":"","format":"standard","meta":{"_seopress_robots_primary_cat":"","_seopress_titles_title":"","_seopress_titles_desc":"","_seopress_robots_index":"","_monsterinsights_skip_tracking":false,"_monsterinsights_sitenote_active":false,"_monsterinsights_sitenote_note":"","_monsterinsights_sitenote_category":0,"footnotes":""},"categories":[4],"tags":[],"class_list":["post-44512","post","type-post","status-publish","format-standard","has-post-thumbnail","hentry","category-educacion"],"yoast_head":"<!-- This site is optimized with the Yoast SEO plugin v27.4 - https:\/\/yoast.com\/product\/yoast-seo-wordpress\/ -->\n<title>ABREN LICENCIATURA EN ARTES VISUALES - Kuali<\/title>\n<meta name=\"robots\" content=\"index, follow, max-snippet:-1, max-image-preview:large, max-video-preview:-1\" \/>\n<link rel=\"canonical\" href=\"https:\/\/kuali.com.mx\/web\/2018\/09\/10\/abren-licenciatura-en-artes-visuales\/\" \/>\n<meta property=\"og:locale\" content=\"es_MX\" \/>\n<meta property=\"og:type\" content=\"article\" \/>\n<meta property=\"og:title\" content=\"ABREN LICENCIATURA EN ARTES VISUALES - Kuali\" \/>\n<meta property=\"og:description\" content=\"KUALI\/Le\u00f3n, Gto.-El Instituto Cultural de Le\u00f3n, a trav\u00e9s de la Escuela de Artes Pl\u00e1sticas Antonio Segoviano (ESAP) y la Universidad de Guanajuato abren la Licenciatura en Artes Visuales.\" \/>\n<meta property=\"og:url\" content=\"https:\/\/kuali.com.mx\/web\/2018\/09\/10\/abren-licenciatura-en-artes-visuales\/\" \/>\n<meta property=\"og:site_name\" content=\"Kuali\" \/>\n<meta property=\"article:publisher\" content=\"https:\/\/kuali.com.mx\/web\/wp-content\/uploads\/2018\/04\/cropped-kuali_logo-1-1.png\" \/>\n<meta property=\"article:published_time\" content=\"2018-09-10T18:53:56+00:00\" \/>\n<meta property=\"article:modified_time\" content=\"2018-09-10T18:58:59+00:00\" \/>\n<meta property=\"og:image\" content=\"https:\/\/kuali.com.mx\/web\/wp-content\/uploads\/2018\/09\/IMG_8968-1024x1024.png\" \/>\n\t<meta property=\"og:image:width\" content=\"1024\" \/>\n\t<meta property=\"og:image:height\" content=\"1024\" \/>\n\t<meta property=\"og:image:type\" content=\"image\/png\" \/>\n<meta name=\"author\" content=\"Kuali Staff\" \/>\n<meta name=\"twitter:card\" content=\"summary_large_image\" \/>\n<meta name=\"twitter:creator\" content=\"@kuali_noticias\" \/>\n<meta name=\"twitter:site\" content=\"@kuali_noticias\" \/>\n<meta name=\"twitter:label1\" content=\"Escrito por\" \/>\n\t<meta name=\"twitter:data1\" content=\"Kuali Staff\" \/>\n\t<meta name=\"twitter:label2\" content=\"Tiempo de lectura\" \/>\n\t<meta name=\"twitter:data2\" content=\"1 minuto\" \/>\n<script type=\"application\/ld+json\" class=\"yoast-schema-graph\">{\"@context\":\"https:\\\/\\\/schema.org\",\"@graph\":[{\"@type\":\"Article\",\"@id\":\"https:\\\/\\\/kuali.com.mx\\\/web\\\/2018\\\/09\\\/10\\\/abren-licenciatura-en-artes-visuales\\\/#article\",\"isPartOf\":{\"@id\":\"https:\\\/\\\/kuali.com.mx\\\/web\\\/2018\\\/09\\\/10\\\/abren-licenciatura-en-artes-visuales\\\/\"},\"author\":{\"name\":\"Kuali Staff\",\"@id\":\"https:\\\/\\\/kuali.com.mx\\\/web\\\/#\\\/schema\\\/person\\\/6f89ffa8ecba9dae50662357923c5289\"},\"headline\":\"ABREN LICENCIATURA EN ARTES VISUALES\",\"datePublished\":\"2018-09-10T18:53:56+00:00\",\"dateModified\":\"2018-09-10T18:58:59+00:00\",\"mainEntityOfPage\":{\"@id\":\"https:\\\/\\\/kuali.com.mx\\\/web\\\/2018\\\/09\\\/10\\\/abren-licenciatura-en-artes-visuales\\\/\"},\"wordCount\":245,\"commentCount\":0,\"image\":{\"@id\":\"https:\\\/\\\/kuali.com.mx\\\/web\\\/2018\\\/09\\\/10\\\/abren-licenciatura-en-artes-visuales\\\/#primaryimage\"},\"thumbnailUrl\":\"https:\\\/\\\/kuali.com.mx\\\/web\\\/wp-content\\\/uploads\\\/2018\\\/09\\\/IMG_8968.png\",\"articleSection\":[\"Educaci\u00f3n\"],\"inLanguage\":\"es\",\"potentialAction\":[{\"@type\":\"CommentAction\",\"name\":\"Comment\",\"target\":[\"https:\\\/\\\/kuali.com.mx\\\/web\\\/2018\\\/09\\\/10\\\/abren-licenciatura-en-artes-visuales\\\/#respond\"]}]},{\"@type\":\"WebPage\",\"@id\":\"https:\\\/\\\/kuali.com.mx\\\/web\\\/2018\\\/09\\\/10\\\/abren-licenciatura-en-artes-visuales\\\/\",\"url\":\"https:\\\/\\\/kuali.com.mx\\\/web\\\/2018\\\/09\\\/10\\\/abren-licenciatura-en-artes-visuales\\\/\",\"name\":\"ABREN LICENCIATURA EN ARTES VISUALES - Kuali\",\"isPartOf\":{\"@id\":\"https:\\\/\\\/kuali.com.mx\\\/web\\\/#website\"},\"primaryImageOfPage\":{\"@id\":\"https:\\\/\\\/kuali.com.mx\\\/web\\\/2018\\\/09\\\/10\\\/abren-licenciatura-en-artes-visuales\\\/#primaryimage\"},\"image\":{\"@id\":\"https:\\\/\\\/kuali.com.mx\\\/web\\\/2018\\\/09\\\/10\\\/abren-licenciatura-en-artes-visuales\\\/#primaryimage\"},\"thumbnailUrl\":\"https:\\\/\\\/kuali.com.mx\\\/web\\\/wp-content\\\/uploads\\\/2018\\\/09\\\/IMG_8968.png\",\"datePublished\":\"2018-09-10T18:53:56+00:00\",\"dateModified\":\"2018-09-10T18:58:59+00:00\",\"author\":{\"@id\":\"https:\\\/\\\/kuali.com.mx\\\/web\\\/#\\\/schema\\\/person\\\/6f89ffa8ecba9dae50662357923c5289\"},\"breadcrumb\":{\"@id\":\"https:\\\/\\\/kuali.com.mx\\\/web\\\/2018\\\/09\\\/10\\\/abren-licenciatura-en-artes-visuales\\\/#breadcrumb\"},\"inLanguage\":\"es\",\"potentialAction\":[{\"@type\":\"ReadAction\",\"target\":[\"https:\\\/\\\/kuali.com.mx\\\/web\\\/2018\\\/09\\\/10\\\/abren-licenciatura-en-artes-visuales\\\/\"]}]},{\"@type\":\"ImageObject\",\"inLanguage\":\"es\",\"@id\":\"https:\\\/\\\/kuali.com.mx\\\/web\\\/2018\\\/09\\\/10\\\/abren-licenciatura-en-artes-visuales\\\/#primaryimage\",\"url\":\"https:\\\/\\\/kuali.com.mx\\\/web\\\/wp-content\\\/uploads\\\/2018\\\/09\\\/IMG_8968.png\",\"contentUrl\":\"https:\\\/\\\/kuali.com.mx\\\/web\\\/wp-content\\\/uploads\\\/2018\\\/09\\\/IMG_8968.png\",\"width\":1200,\"height\":1200},{\"@type\":\"BreadcrumbList\",\"@id\":\"https:\\\/\\\/kuali.com.mx\\\/web\\\/2018\\\/09\\\/10\\\/abren-licenciatura-en-artes-visuales\\\/#breadcrumb\",\"itemListElement\":[{\"@type\":\"ListItem\",\"position\":1,\"name\":\"Inicio\",\"item\":\"https:\\\/\\\/kuali.com.mx\\\/web\\\/\"},{\"@type\":\"ListItem\",\"position\":2,\"name\":\"ABREN LICENCIATURA EN ARTES VISUALES\"}]},{\"@type\":\"WebSite\",\"@id\":\"https:\\\/\\\/kuali.com.mx\\\/web\\\/#website\",\"url\":\"https:\\\/\\\/kuali.com.mx\\\/web\\\/\",\"name\":\"Kuali\",\"description\":\"\",\"potentialAction\":[{\"@type\":\"SearchAction\",\"target\":{\"@type\":\"EntryPoint\",\"urlTemplate\":\"https:\\\/\\\/kuali.com.mx\\\/web\\\/?s={search_term_string}\"},\"query-input\":{\"@type\":\"PropertyValueSpecification\",\"valueRequired\":true,\"valueName\":\"search_term_string\"}}],\"inLanguage\":\"es\"},{\"@type\":\"Person\",\"@id\":\"https:\\\/\\\/kuali.com.mx\\\/web\\\/#\\\/schema\\\/person\\\/6f89ffa8ecba9dae50662357923c5289\",\"name\":\"Kuali Staff\",\"image\":{\"@type\":\"ImageObject\",\"inLanguage\":\"es\",\"@id\":\"https:\\\/\\\/secure.gravatar.com\\\/avatar\\\/f917ad82e5ab71227a733c78b6e60715476f69ee6be59feee4eb5d9920c89e0f?s=96&d=mm&r=g\",\"url\":\"https:\\\/\\\/secure.gravatar.com\\\/avatar\\\/f917ad82e5ab71227a733c78b6e60715476f69ee6be59feee4eb5d9920c89e0f?s=96&d=mm&r=g\",\"contentUrl\":\"https:\\\/\\\/secure.gravatar.com\\\/avatar\\\/f917ad82e5ab71227a733c78b6e60715476f69ee6be59feee4eb5d9920c89e0f?s=96&d=mm&r=g\",\"caption\":\"Kuali Staff\"},\"url\":\"https:\\\/\\\/kuali.com.mx\\\/web\\\/author\\\/lagarto\\\/\"}]}<\/script>\n<!-- \/ Yoast SEO plugin. -->","yoast_head_json":{"title":"ABREN LICENCIATURA EN ARTES VISUALES - Kuali","robots":{"index":"index","follow":"follow","max-snippet":"max-snippet:-1","max-image-preview":"max-image-preview:large","max-video-preview":"max-video-preview:-1"},"canonical":"https:\/\/kuali.com.mx\/web\/2018\/09\/10\/abren-licenciatura-en-artes-visuales\/","og_locale":"es_MX","og_type":"article","og_title":"ABREN LICENCIATURA EN ARTES VISUALES - Kuali","og_description":"KUALI\/Le\u00f3n, Gto.-El Instituto Cultural de Le\u00f3n, a trav\u00e9s de la Escuela de Artes Pl\u00e1sticas Antonio Segoviano (ESAP) y la Universidad de Guanajuato abren la Licenciatura en Artes Visuales.","og_url":"https:\/\/kuali.com.mx\/web\/2018\/09\/10\/abren-licenciatura-en-artes-visuales\/","og_site_name":"Kuali","article_publisher":"https:\/\/kuali.com.mx\/web\/wp-content\/uploads\/2018\/04\/cropped-kuali_logo-1-1.png","article_published_time":"2018-09-10T18:53:56+00:00","article_modified_time":"2018-09-10T18:58:59+00:00","og_image":[{"width":1024,"height":1024,"url":"https:\/\/kuali.com.mx\/web\/wp-content\/uploads\/2018\/09\/IMG_8968-1024x1024.png","type":"image\/png"}],"author":"Kuali Staff","twitter_card":"summary_large_image","twitter_creator":"@kuali_noticias","twitter_site":"@kuali_noticias","twitter_misc":{"Escrito por":"Kuali Staff","Tiempo de lectura":"1 minuto"},"schema":{"@context":"https:\/\/schema.org","@graph":[{"@type":"Article","@id":"https:\/\/kuali.com.mx\/web\/2018\/09\/10\/abren-licenciatura-en-artes-visuales\/#article","isPartOf":{"@id":"https:\/\/kuali.com.mx\/web\/2018\/09\/10\/abren-licenciatura-en-artes-visuales\/"},"author":{"name":"Kuali Staff","@id":"https:\/\/kuali.com.mx\/web\/#\/schema\/person\/6f89ffa8ecba9dae50662357923c5289"},"headline":"ABREN LICENCIATURA EN ARTES VISUALES","datePublished":"2018-09-10T18:53:56+00:00","dateModified":"2018-09-10T18:58:59+00:00","mainEntityOfPage":{"@id":"https:\/\/kuali.com.mx\/web\/2018\/09\/10\/abren-licenciatura-en-artes-visuales\/"},"wordCount":245,"commentCount":0,"image":{"@id":"https:\/\/kuali.com.mx\/web\/2018\/09\/10\/abren-licenciatura-en-artes-visuales\/#primaryimage"},"thumbnailUrl":"https:\/\/kuali.com.mx\/web\/wp-content\/uploads\/2018\/09\/IMG_8968.png","articleSection":["Educaci\u00f3n"],"inLanguage":"es","potentialAction":[{"@type":"CommentAction","name":"Comment","target":["https:\/\/kuali.com.mx\/web\/2018\/09\/10\/abren-licenciatura-en-artes-visuales\/#respond"]}]},{"@type":"WebPage","@id":"https:\/\/kuali.com.mx\/web\/2018\/09\/10\/abren-licenciatura-en-artes-visuales\/","url":"https:\/\/kuali.com.mx\/web\/2018\/09\/10\/abren-licenciatura-en-artes-visuales\/","name":"ABREN LICENCIATURA EN ARTES VISUALES - Kuali","isPartOf":{"@id":"https:\/\/kuali.com.mx\/web\/#website"},"primaryImageOfPage":{"@id":"https:\/\/kuali.com.mx\/web\/2018\/09\/10\/abren-licenciatura-en-artes-visuales\/#primaryimage"},"image":{"@id":"https:\/\/kuali.com.mx\/web\/2018\/09\/10\/abren-licenciatura-en-artes-visuales\/#primaryimage"},"thumbnailUrl":"https:\/\/kuali.com.mx\/web\/wp-content\/uploads\/2018\/09\/IMG_8968.png","datePublished":"2018-09-10T18:53:56+00:00","dateModified":"2018-09-10T18:58:59+00:00","author":{"@id":"https:\/\/kuali.com.mx\/web\/#\/schema\/person\/6f89ffa8ecba9dae50662357923c5289"},"breadcrumb":{"@id":"https:\/\/kuali.com.mx\/web\/2018\/09\/10\/abren-licenciatura-en-artes-visuales\/#breadcrumb"},"inLanguage":"es","potentialAction":[{"@type":"ReadAction","target":["https:\/\/kuali.com.mx\/web\/2018\/09\/10\/abren-licenciatura-en-artes-visuales\/"]}]},{"@type":"ImageObject","inLanguage":"es","@id":"https:\/\/kuali.com.mx\/web\/2018\/09\/10\/abren-licenciatura-en-artes-visuales\/#primaryimage","url":"https:\/\/kuali.com.mx\/web\/wp-content\/uploads\/2018\/09\/IMG_8968.png","contentUrl":"https:\/\/kuali.com.mx\/web\/wp-content\/uploads\/2018\/09\/IMG_8968.png","width":1200,"height":1200},{"@type":"BreadcrumbList","@id":"https:\/\/kuali.com.mx\/web\/2018\/09\/10\/abren-licenciatura-en-artes-visuales\/#breadcrumb","itemListElement":[{"@type":"ListItem","position":1,"name":"Inicio","item":"https:\/\/kuali.com.mx\/web\/"},{"@type":"ListItem","position":2,"name":"ABREN LICENCIATURA EN ARTES VISUALES"}]},{"@type":"WebSite","@id":"https:\/\/kuali.com.mx\/web\/#website","url":"https:\/\/kuali.com.mx\/web\/","name":"Kuali","description":"","potentialAction":[{"@type":"SearchAction","target":{"@type":"EntryPoint","urlTemplate":"https:\/\/kuali.com.mx\/web\/?s={search_term_string}"},"query-input":{"@type":"PropertyValueSpecification","valueRequired":true,"valueName":"search_term_string"}}],"inLanguage":"es"},{"@type":"Person","@id":"https:\/\/kuali.com.mx\/web\/#\/schema\/person\/6f89ffa8ecba9dae50662357923c5289","name":"Kuali Staff","image":{"@type":"ImageObject","inLanguage":"es","@id":"https:\/\/secure.gravatar.com\/avatar\/f917ad82e5ab71227a733c78b6e60715476f69ee6be59feee4eb5d9920c89e0f?s=96&d=mm&r=g","url":"https:\/\/secure.gravatar.com\/avatar\/f917ad82e5ab71227a733c78b6e60715476f69ee6be59feee4eb5d9920c89e0f?s=96&d=mm&r=g","contentUrl":"https:\/\/secure.gravatar.com\/avatar\/f917ad82e5ab71227a733c78b6e60715476f69ee6be59feee4eb5d9920c89e0f?s=96&d=mm&r=g","caption":"Kuali Staff"},"url":"https:\/\/kuali.com.mx\/web\/author\/lagarto\/"}]}},"_links":{"self":[{"href":"https:\/\/kuali.com.mx\/web\/wp-json\/wp\/v2\/posts\/44512","targetHints":{"allow":["GET"]}}],"collection":[{"href":"https:\/\/kuali.com.mx\/web\/wp-json\/wp\/v2\/posts"}],"about":[{"href":"https:\/\/kuali.com.mx\/web\/wp-json\/wp\/v2\/types\/post"}],"author":[{"embeddable":true,"href":"https:\/\/kuali.com.mx\/web\/wp-json\/wp\/v2\/users\/2"}],"replies":[{"embeddable":true,"href":"https:\/\/kuali.com.mx\/web\/wp-json\/wp\/v2\/comments?post=44512"}],"version-history":[{"count":1,"href":"https:\/\/kuali.com.mx\/web\/wp-json\/wp\/v2\/posts\/44512\/revisions"}],"predecessor-version":[{"id":44514,"href":"https:\/\/kuali.com.mx\/web\/wp-json\/wp\/v2\/posts\/44512\/revisions\/44514"}],"wp:featuredmedia":[{"embeddable":true,"href":"https:\/\/kuali.com.mx\/web\/wp-json\/wp\/v2\/media\/44513"}],"wp:attachment":[{"href":"https:\/\/kuali.com.mx\/web\/wp-json\/wp\/v2\/media?parent=44512"}],"wp:term":[{"taxonomy":"category","embeddable":true,"href":"https:\/\/kuali.com.mx\/web\/wp-json\/wp\/v2\/categories?post=44512"},{"taxonomy":"post_tag","embeddable":true,"href":"https:\/\/kuali.com.mx\/web\/wp-json\/wp\/v2\/tags?post=44512"}],"curies":[{"name":"wp","href":"https:\/\/api.w.org\/{rel}","templated":true}]}}