{"id":44508,"date":"2018-09-10T13:56:37","date_gmt":"2018-09-10T19:56:37","guid":{"rendered":"http:\/\/kuali.com.mx\/web\/?p=44508"},"modified":"2018-09-11T07:45:24","modified_gmt":"2018-09-11T13:45:24","slug":"protestan-por-danos-causados-por-las-lluvias","status":"publish","type":"post","link":"https:\/\/kuali.com.mx\/web\/2018\/09\/10\/protestan-por-danos-causados-por-las-lluvias\/","title":{"rendered":"PROTESTAN POR DA\u00d1OS CAUSADOS POR LAS LLUVIAS"},"content":{"rendered":"<p><strong><em>Milagros Tadeo\/Le\u00f3n,Gto.-<\/em><\/strong> Vecinos de las colonias Parques la Noria y Torre Molinos bloquearon el Bulevar Timoteo Lozano para exigir respuestas de parte de las autoridades municipales a quienes constantemente han pedido apoyo para evitar se registren inundaciones durante cada temporada de lluvias.<\/p>\n<p><!--more--><\/p>\n<p>Los afectados quienes perdieron gran parte de sus pertenencias al haberse registrado inundaciones de hasta un metro de altura, dijeron que a partir de las 12 de la noche comenzaron a reportar al sistema de emergencias 911 el aumento del nivel de agua, pero eso no sirvi\u00f3 pues nunca llegaron a tomar medias los elementos de Protecci\u00f3n Civil.<\/p>\n<p>Al bloquear la vialidad en el bulevar Timoteo Lozano y Delta, dijeron que est\u00e1n cansados de que cada a\u00f1o se les inunden sus casas y que la autoridad no haga nada para evitarlo. Incluso se\u00f1alaron que la consolidaci\u00f3n de la autopista Le\u00f3n-Salamanca es la obra que gener\u00f3 que el drenaje no sea suficiente para desfogar el agua.<\/p>\n<p>\u201cCada vez que llueve nos inundamos, ahorita en todos los parques subi\u00f3 el agua en m\u00e1s de un metro, la vez pasada nos apoyaron pero de nuevo se perdi\u00f3 todo (\u2026) que hagan algo, ya no queremos muebles y ahora todos se quedan porque estamos aqu\u00ed, que porque pierden el d\u00eda, que pierden el vuelo, el trabajo y nadie de nosotros fue a trabajar\u2026 tengo asma y pasa esto\u201d, dijeron.<\/p>\n<p>\u201cEstamos cansados, estamos sin dormir toda la noche estuvimos angustiados y me pego una crisis, porque no recibimos la ayuda que necesitamos (\u2026) que nos den soluciones y desde el a\u00f1o pasado vivimos estas inundaciones, que ya no pase nada\u201d, agreg\u00f3.<\/p>\n<p>Tras algunas horas y ante el compromiso de la autoridad municipal de darles respuestas a sus demandas los cerca de 100 vecinos que bloquearon el bulevar Timoteo Lozano, desalojaron el lugar con la esperanza de que se tomen medidas que impidan que cada a\u00f1o se les inunden sus casas.<\/p>\n","protected":false},"excerpt":{"rendered":"Milagros Tadeo\/Le\u00f3n,Gto.- Vecinos de las colonias Parques la Noria y Torre Molinos bloquearon el Bulevar Timoteo Lozano para exigir respuestas de parte de las autoridades municipales a quienes constantemente han pedido apoyo para evitar se registren inundaciones durante cada temporada de lluvias.","protected":false},"author":2,"featured_media":44554,"comment_status":"open","ping_status":"open","sticky":false,"template":"","format":"standard","meta":{"_seopress_robots_primary_cat":"","_seopress_titles_title":"","_seopress_titles_desc":"","_seopress_robots_index":"","_monsterinsights_skip_tracking":false,"_monsterinsights_sitenote_active":false,"_monsterinsights_sitenote_note":"","_monsterinsights_sitenote_category":0,"footnotes":""},"categories":[3,69],"tags":[],"class_list":["post-44508","post","type-post","status-publish","format-standard","has-post-thumbnail","hentry","category-politica","category-slider"],"yoast_head":"<!-- This site is optimized with the Yoast SEO plugin v27.5 - https:\/\/yoast.com\/product\/yoast-seo-wordpress\/ -->\n<title>PROTESTAN POR DA\u00d1OS CAUSADOS POR LAS LLUVIAS - Kuali<\/title>\n<meta name=\"robots\" content=\"index, follow, max-snippet:-1, max-image-preview:large, max-video-preview:-1\" \/>\n<link rel=\"canonical\" href=\"https:\/\/kuali.com.mx\/web\/2018\/09\/10\/protestan-por-danos-causados-por-las-lluvias\/\" \/>\n<meta property=\"og:locale\" content=\"es_MX\" \/>\n<meta property=\"og:type\" content=\"article\" \/>\n<meta property=\"og:title\" content=\"PROTESTAN POR DA\u00d1OS CAUSADOS POR LAS LLUVIAS - Kuali\" \/>\n<meta property=\"og:description\" content=\"Milagros Tadeo\/Le\u00f3n,Gto.- Vecinos de las colonias Parques la Noria y Torre Molinos bloquearon el Bulevar Timoteo Lozano para exigir respuestas de parte de las autoridades municipales a quienes constantemente han pedido apoyo para evitar se registren inundaciones durante cada temporada de lluvias.\" \/>\n<meta property=\"og:url\" content=\"https:\/\/kuali.com.mx\/web\/2018\/09\/10\/protestan-por-danos-causados-por-las-lluvias\/\" \/>\n<meta property=\"og:site_name\" content=\"Kuali\" \/>\n<meta property=\"article:publisher\" content=\"https:\/\/kuali.com.mx\/web\/wp-content\/uploads\/2018\/04\/cropped-kuali_logo-1-1.png\" \/>\n<meta property=\"article:published_time\" content=\"2018-09-10T19:56:37+00:00\" \/>\n<meta property=\"article:modified_time\" content=\"2018-09-11T13:45:24+00:00\" \/>\n<meta property=\"og:image\" content=\"https:\/\/kuali.com.mx\/web\/wp-content\/uploads\/2018\/09\/MANIFESTACI\u00d3N-POR-LLUVIAS-1.jpeg\" \/>\n\t<meta property=\"og:image:width\" content=\"2028\" \/>\n\t<meta property=\"og:image:height\" content=\"750\" \/>\n\t<meta property=\"og:image:type\" content=\"image\/jpeg\" \/>\n<meta name=\"author\" content=\"Kuali Staff\" \/>\n<meta name=\"twitter:card\" content=\"summary_large_image\" \/>\n<meta name=\"twitter:creator\" content=\"@kuali_noticias\" \/>\n<meta name=\"twitter:site\" content=\"@kuali_noticias\" \/>\n<meta name=\"twitter:label1\" content=\"Escrito por\" \/>\n\t<meta name=\"twitter:data1\" content=\"Kuali Staff\" \/>\n\t<meta name=\"twitter:label2\" content=\"Tiempo de lectura\" \/>\n\t<meta name=\"twitter:data2\" content=\"2 minutos\" \/>\n<script type=\"application\/ld+json\" class=\"yoast-schema-graph\">{\"@context\":\"https:\\\/\\\/schema.org\",\"@graph\":[{\"@type\":\"Article\",\"@id\":\"https:\\\/\\\/kuali.com.mx\\\/web\\\/2018\\\/09\\\/10\\\/protestan-por-danos-causados-por-las-lluvias\\\/#article\",\"isPartOf\":{\"@id\":\"https:\\\/\\\/kuali.com.mx\\\/web\\\/2018\\\/09\\\/10\\\/protestan-por-danos-causados-por-las-lluvias\\\/\"},\"author\":{\"name\":\"Kuali Staff\",\"@id\":\"https:\\\/\\\/kuali.com.mx\\\/web\\\/#\\\/schema\\\/person\\\/6f89ffa8ecba9dae50662357923c5289\"},\"headline\":\"PROTESTAN POR DA\u00d1OS CAUSADOS POR LAS LLUVIAS\",\"datePublished\":\"2018-09-10T19:56:37+00:00\",\"dateModified\":\"2018-09-11T13:45:24+00:00\",\"mainEntityOfPage\":{\"@id\":\"https:\\\/\\\/kuali.com.mx\\\/web\\\/2018\\\/09\\\/10\\\/protestan-por-danos-causados-por-las-lluvias\\\/\"},\"wordCount\":334,\"commentCount\":0,\"image\":{\"@id\":\"https:\\\/\\\/kuali.com.mx\\\/web\\\/2018\\\/09\\\/10\\\/protestan-por-danos-causados-por-las-lluvias\\\/#primaryimage\"},\"thumbnailUrl\":\"https:\\\/\\\/kuali.com.mx\\\/web\\\/wp-content\\\/uploads\\\/2018\\\/09\\\/MANIFESTACI\u00d3N-POR-LLUVIAS-1.jpeg\",\"articleSection\":[\"Pol\u00edtica\",\"slider\"],\"inLanguage\":\"es\",\"potentialAction\":[{\"@type\":\"CommentAction\",\"name\":\"Comment\",\"target\":[\"https:\\\/\\\/kuali.com.mx\\\/web\\\/2018\\\/09\\\/10\\\/protestan-por-danos-causados-por-las-lluvias\\\/#respond\"]}]},{\"@type\":\"WebPage\",\"@id\":\"https:\\\/\\\/kuali.com.mx\\\/web\\\/2018\\\/09\\\/10\\\/protestan-por-danos-causados-por-las-lluvias\\\/\",\"url\":\"https:\\\/\\\/kuali.com.mx\\\/web\\\/2018\\\/09\\\/10\\\/protestan-por-danos-causados-por-las-lluvias\\\/\",\"name\":\"PROTESTAN POR DA\u00d1OS CAUSADOS POR LAS LLUVIAS - Kuali\",\"isPartOf\":{\"@id\":\"https:\\\/\\\/kuali.com.mx\\\/web\\\/#website\"},\"primaryImageOfPage\":{\"@id\":\"https:\\\/\\\/kuali.com.mx\\\/web\\\/2018\\\/09\\\/10\\\/protestan-por-danos-causados-por-las-lluvias\\\/#primaryimage\"},\"image\":{\"@id\":\"https:\\\/\\\/kuali.com.mx\\\/web\\\/2018\\\/09\\\/10\\\/protestan-por-danos-causados-por-las-lluvias\\\/#primaryimage\"},\"thumbnailUrl\":\"https:\\\/\\\/kuali.com.mx\\\/web\\\/wp-content\\\/uploads\\\/2018\\\/09\\\/MANIFESTACI\u00d3N-POR-LLUVIAS-1.jpeg\",\"datePublished\":\"2018-09-10T19:56:37+00:00\",\"dateModified\":\"2018-09-11T13:45:24+00:00\",\"author\":{\"@id\":\"https:\\\/\\\/kuali.com.mx\\\/web\\\/#\\\/schema\\\/person\\\/6f89ffa8ecba9dae50662357923c5289\"},\"breadcrumb\":{\"@id\":\"https:\\\/\\\/kuali.com.mx\\\/web\\\/2018\\\/09\\\/10\\\/protestan-por-danos-causados-por-las-lluvias\\\/#breadcrumb\"},\"inLanguage\":\"es\",\"potentialAction\":[{\"@type\":\"ReadAction\",\"target\":[\"https:\\\/\\\/kuali.com.mx\\\/web\\\/2018\\\/09\\\/10\\\/protestan-por-danos-causados-por-las-lluvias\\\/\"]}]},{\"@type\":\"ImageObject\",\"inLanguage\":\"es\",\"@id\":\"https:\\\/\\\/kuali.com.mx\\\/web\\\/2018\\\/09\\\/10\\\/protestan-por-danos-causados-por-las-lluvias\\\/#primaryimage\",\"url\":\"https:\\\/\\\/kuali.com.mx\\\/web\\\/wp-content\\\/uploads\\\/2018\\\/09\\\/MANIFESTACI\u00d3N-POR-LLUVIAS-1.jpeg\",\"contentUrl\":\"https:\\\/\\\/kuali.com.mx\\\/web\\\/wp-content\\\/uploads\\\/2018\\\/09\\\/MANIFESTACI\u00d3N-POR-LLUVIAS-1.jpeg\",\"width\":2028,\"height\":750},{\"@type\":\"BreadcrumbList\",\"@id\":\"https:\\\/\\\/kuali.com.mx\\\/web\\\/2018\\\/09\\\/10\\\/protestan-por-danos-causados-por-las-lluvias\\\/#breadcrumb\",\"itemListElement\":[{\"@type\":\"ListItem\",\"position\":1,\"name\":\"Inicio\",\"item\":\"https:\\\/\\\/kuali.com.mx\\\/web\\\/\"},{\"@type\":\"ListItem\",\"position\":2,\"name\":\"PROTESTAN POR DA\u00d1OS CAUSADOS POR LAS LLUVIAS\"}]},{\"@type\":\"WebSite\",\"@id\":\"https:\\\/\\\/kuali.com.mx\\\/web\\\/#website\",\"url\":\"https:\\\/\\\/kuali.com.mx\\\/web\\\/\",\"name\":\"Kuali\",\"description\":\"\",\"potentialAction\":[{\"@type\":\"SearchAction\",\"target\":{\"@type\":\"EntryPoint\",\"urlTemplate\":\"https:\\\/\\\/kuali.com.mx\\\/web\\\/?s={search_term_string}\"},\"query-input\":{\"@type\":\"PropertyValueSpecification\",\"valueRequired\":true,\"valueName\":\"search_term_string\"}}],\"inLanguage\":\"es\"},{\"@type\":\"Person\",\"@id\":\"https:\\\/\\\/kuali.com.mx\\\/web\\\/#\\\/schema\\\/person\\\/6f89ffa8ecba9dae50662357923c5289\",\"name\":\"Kuali Staff\",\"image\":{\"@type\":\"ImageObject\",\"inLanguage\":\"es\",\"@id\":\"https:\\\/\\\/secure.gravatar.com\\\/avatar\\\/f917ad82e5ab71227a733c78b6e60715476f69ee6be59feee4eb5d9920c89e0f?s=96&d=mm&r=g\",\"url\":\"https:\\\/\\\/secure.gravatar.com\\\/avatar\\\/f917ad82e5ab71227a733c78b6e60715476f69ee6be59feee4eb5d9920c89e0f?s=96&d=mm&r=g\",\"contentUrl\":\"https:\\\/\\\/secure.gravatar.com\\\/avatar\\\/f917ad82e5ab71227a733c78b6e60715476f69ee6be59feee4eb5d9920c89e0f?s=96&d=mm&r=g\",\"caption\":\"Kuali Staff\"},\"url\":\"https:\\\/\\\/kuali.com.mx\\\/web\\\/author\\\/lagarto\\\/\"}]}<\/script>\n<!-- \/ Yoast SEO plugin. -->","yoast_head_json":{"title":"PROTESTAN POR DA\u00d1OS CAUSADOS POR LAS LLUVIAS - Kuali","robots":{"index":"index","follow":"follow","max-snippet":"max-snippet:-1","max-image-preview":"max-image-preview:large","max-video-preview":"max-video-preview:-1"},"canonical":"https:\/\/kuali.com.mx\/web\/2018\/09\/10\/protestan-por-danos-causados-por-las-lluvias\/","og_locale":"es_MX","og_type":"article","og_title":"PROTESTAN POR DA\u00d1OS CAUSADOS POR LAS LLUVIAS - Kuali","og_description":"Milagros Tadeo\/Le\u00f3n,Gto.- Vecinos de las colonias Parques la Noria y Torre Molinos bloquearon el Bulevar Timoteo Lozano para exigir respuestas de parte de las autoridades municipales a quienes constantemente han pedido apoyo para evitar se registren inundaciones durante cada temporada de lluvias.","og_url":"https:\/\/kuali.com.mx\/web\/2018\/09\/10\/protestan-por-danos-causados-por-las-lluvias\/","og_site_name":"Kuali","article_publisher":"https:\/\/kuali.com.mx\/web\/wp-content\/uploads\/2018\/04\/cropped-kuali_logo-1-1.png","article_published_time":"2018-09-10T19:56:37+00:00","article_modified_time":"2018-09-11T13:45:24+00:00","og_image":[{"width":2028,"height":750,"url":"https:\/\/kuali.com.mx\/web\/wp-content\/uploads\/2018\/09\/MANIFESTACI\u00d3N-POR-LLUVIAS-1.jpeg","type":"image\/jpeg"}],"author":"Kuali Staff","twitter_card":"summary_large_image","twitter_creator":"@kuali_noticias","twitter_site":"@kuali_noticias","twitter_misc":{"Escrito por":"Kuali Staff","Tiempo de lectura":"2 minutos"},"schema":{"@context":"https:\/\/schema.org","@graph":[{"@type":"Article","@id":"https:\/\/kuali.com.mx\/web\/2018\/09\/10\/protestan-por-danos-causados-por-las-lluvias\/#article","isPartOf":{"@id":"https:\/\/kuali.com.mx\/web\/2018\/09\/10\/protestan-por-danos-causados-por-las-lluvias\/"},"author":{"name":"Kuali Staff","@id":"https:\/\/kuali.com.mx\/web\/#\/schema\/person\/6f89ffa8ecba9dae50662357923c5289"},"headline":"PROTESTAN POR DA\u00d1OS CAUSADOS POR LAS LLUVIAS","datePublished":"2018-09-10T19:56:37+00:00","dateModified":"2018-09-11T13:45:24+00:00","mainEntityOfPage":{"@id":"https:\/\/kuali.com.mx\/web\/2018\/09\/10\/protestan-por-danos-causados-por-las-lluvias\/"},"wordCount":334,"commentCount":0,"image":{"@id":"https:\/\/kuali.com.mx\/web\/2018\/09\/10\/protestan-por-danos-causados-por-las-lluvias\/#primaryimage"},"thumbnailUrl":"https:\/\/kuali.com.mx\/web\/wp-content\/uploads\/2018\/09\/MANIFESTACI\u00d3N-POR-LLUVIAS-1.jpeg","articleSection":["Pol\u00edtica","slider"],"inLanguage":"es","potentialAction":[{"@type":"CommentAction","name":"Comment","target":["https:\/\/kuali.com.mx\/web\/2018\/09\/10\/protestan-por-danos-causados-por-las-lluvias\/#respond"]}]},{"@type":"WebPage","@id":"https:\/\/kuali.com.mx\/web\/2018\/09\/10\/protestan-por-danos-causados-por-las-lluvias\/","url":"https:\/\/kuali.com.mx\/web\/2018\/09\/10\/protestan-por-danos-causados-por-las-lluvias\/","name":"PROTESTAN POR DA\u00d1OS CAUSADOS POR LAS LLUVIAS - Kuali","isPartOf":{"@id":"https:\/\/kuali.com.mx\/web\/#website"},"primaryImageOfPage":{"@id":"https:\/\/kuali.com.mx\/web\/2018\/09\/10\/protestan-por-danos-causados-por-las-lluvias\/#primaryimage"},"image":{"@id":"https:\/\/kuali.com.mx\/web\/2018\/09\/10\/protestan-por-danos-causados-por-las-lluvias\/#primaryimage"},"thumbnailUrl":"https:\/\/kuali.com.mx\/web\/wp-content\/uploads\/2018\/09\/MANIFESTACI\u00d3N-POR-LLUVIAS-1.jpeg","datePublished":"2018-09-10T19:56:37+00:00","dateModified":"2018-09-11T13:45:24+00:00","author":{"@id":"https:\/\/kuali.com.mx\/web\/#\/schema\/person\/6f89ffa8ecba9dae50662357923c5289"},"breadcrumb":{"@id":"https:\/\/kuali.com.mx\/web\/2018\/09\/10\/protestan-por-danos-causados-por-las-lluvias\/#breadcrumb"},"inLanguage":"es","potentialAction":[{"@type":"ReadAction","target":["https:\/\/kuali.com.mx\/web\/2018\/09\/10\/protestan-por-danos-causados-por-las-lluvias\/"]}]},{"@type":"ImageObject","inLanguage":"es","@id":"https:\/\/kuali.com.mx\/web\/2018\/09\/10\/protestan-por-danos-causados-por-las-lluvias\/#primaryimage","url":"https:\/\/kuali.com.mx\/web\/wp-content\/uploads\/2018\/09\/MANIFESTACI\u00d3N-POR-LLUVIAS-1.jpeg","contentUrl":"https:\/\/kuali.com.mx\/web\/wp-content\/uploads\/2018\/09\/MANIFESTACI\u00d3N-POR-LLUVIAS-1.jpeg","width":2028,"height":750},{"@type":"BreadcrumbList","@id":"https:\/\/kuali.com.mx\/web\/2018\/09\/10\/protestan-por-danos-causados-por-las-lluvias\/#breadcrumb","itemListElement":[{"@type":"ListItem","position":1,"name":"Inicio","item":"https:\/\/kuali.com.mx\/web\/"},{"@type":"ListItem","position":2,"name":"PROTESTAN POR DA\u00d1OS CAUSADOS POR LAS LLUVIAS"}]},{"@type":"WebSite","@id":"https:\/\/kuali.com.mx\/web\/#website","url":"https:\/\/kuali.com.mx\/web\/","name":"Kuali","description":"","potentialAction":[{"@type":"SearchAction","target":{"@type":"EntryPoint","urlTemplate":"https:\/\/kuali.com.mx\/web\/?s={search_term_string}"},"query-input":{"@type":"PropertyValueSpecification","valueRequired":true,"valueName":"search_term_string"}}],"inLanguage":"es"},{"@type":"Person","@id":"https:\/\/kuali.com.mx\/web\/#\/schema\/person\/6f89ffa8ecba9dae50662357923c5289","name":"Kuali Staff","image":{"@type":"ImageObject","inLanguage":"es","@id":"https:\/\/secure.gravatar.com\/avatar\/f917ad82e5ab71227a733c78b6e60715476f69ee6be59feee4eb5d9920c89e0f?s=96&d=mm&r=g","url":"https:\/\/secure.gravatar.com\/avatar\/f917ad82e5ab71227a733c78b6e60715476f69ee6be59feee4eb5d9920c89e0f?s=96&d=mm&r=g","contentUrl":"https:\/\/secure.gravatar.com\/avatar\/f917ad82e5ab71227a733c78b6e60715476f69ee6be59feee4eb5d9920c89e0f?s=96&d=mm&r=g","caption":"Kuali Staff"},"url":"https:\/\/kuali.com.mx\/web\/author\/lagarto\/"}]}},"_links":{"self":[{"href":"https:\/\/kuali.com.mx\/web\/wp-json\/wp\/v2\/posts\/44508","targetHints":{"allow":["GET"]}}],"collection":[{"href":"https:\/\/kuali.com.mx\/web\/wp-json\/wp\/v2\/posts"}],"about":[{"href":"https:\/\/kuali.com.mx\/web\/wp-json\/wp\/v2\/types\/post"}],"author":[{"embeddable":true,"href":"https:\/\/kuali.com.mx\/web\/wp-json\/wp\/v2\/users\/2"}],"replies":[{"embeddable":true,"href":"https:\/\/kuali.com.mx\/web\/wp-json\/wp\/v2\/comments?post=44508"}],"version-history":[{"count":6,"href":"https:\/\/kuali.com.mx\/web\/wp-json\/wp\/v2\/posts\/44508\/revisions"}],"predecessor-version":[{"id":44527,"href":"https:\/\/kuali.com.mx\/web\/wp-json\/wp\/v2\/posts\/44508\/revisions\/44527"}],"wp:featuredmedia":[{"embeddable":true,"href":"https:\/\/kuali.com.mx\/web\/wp-json\/wp\/v2\/media\/44554"}],"wp:attachment":[{"href":"https:\/\/kuali.com.mx\/web\/wp-json\/wp\/v2\/media?parent=44508"}],"wp:term":[{"taxonomy":"category","embeddable":true,"href":"https:\/\/kuali.com.mx\/web\/wp-json\/wp\/v2\/categories?post=44508"},{"taxonomy":"post_tag","embeddable":true,"href":"https:\/\/kuali.com.mx\/web\/wp-json\/wp\/v2\/tags?post=44508"}],"curies":[{"name":"wp","href":"https:\/\/api.w.org\/{rel}","templated":true}]}}