{"id":43048,"date":"2018-08-12T10:29:49","date_gmt":"2018-08-12T16:29:49","guid":{"rendered":"http:\/\/kuali.com.mx\/web\/?p=43048"},"modified":"2018-08-12T16:56:32","modified_gmt":"2018-08-12T22:56:32","slug":"integrara-ale-gutierrez-el-comite-organizador-de-elecciones-del-pan","status":"publish","type":"post","link":"https:\/\/kuali.com.mx\/web\/2018\/08\/12\/integrara-ale-gutierrez-el-comite-organizador-de-elecciones-del-pan\/","title":{"rendered":"INTEGRAR\u00c1 ALE GUTI\u00c9RREZ EL COMIT\u00c9 ORGANIZADOR DE ELECCIONES DEL PAN"},"content":{"rendered":"<p><strong><em>Kuali\/Le\u00f3n,Gto.-<\/em><\/strong>La diputada federal por Guanajuato, Ale Guti\u00e9rrez Campos, ser\u00e1 parte de la Comisi\u00f3n Electoral Nacional para el Proceso de Renovaci\u00f3n del Comit\u00e9 Ejecutivo Nacional del PAN, la cual ser\u00e1 un \u00f3rgano aut\u00f3nomo.<\/p>\n<p><!--more--><\/p>\n<p>Este s\u00e1bado en la sesi\u00f3n ordinaria del Consejo Nacional, se someti\u00f3 a votaci\u00f3n los perfiles de los siete panistas que estar\u00e1n a cargo de la definici\u00f3n de las reglas del proceso interno.<\/p>\n<p>Dicha comisi\u00f3n estar\u00e1 integrada por la ex dirigente nacional del PAN Cecilia Romero, las diputadas federales Kenia L\u00f3pez Rabad\u00e1n y Alejandra Guti\u00e9rrez Campos; el ex candidato a la gubernatura de Tabasco, Gerardo Priego Tapia, el ex candidato a la gubernatura de Sonora y ex presidente municipal de Hermosillo, Javier G\u00e1ndara Maga\u00f1a, as\u00ed como la regidora electa de San Nicol\u00e1s de los Garza, Claudia Cano Rodr\u00edguez y el diputado local de Baja California Sur, H\u00e9ctor Jim\u00e9nez M\u00e1rquez.<\/p>\n<p>Ale Guti\u00e9rrez, quien adem\u00e1s es Consejera Nacional y Presidenta de la Comisi\u00f3n de Vigilancia del Consejo Nacional del PAN, expres\u00f3 que esta nueva tarea partidaria representa un gran compromiso, pues ser\u00e1 la Comisi\u00f3n Electoral quien definir\u00e1 la metodolog\u00eda para elegir a los liderazgos que asumir\u00e1n las riendas del PAN.<\/p>\n<p>\u201cEs importante porque el PAN vive un momento hist\u00f3rico, hoy m\u00e1s que nunca tenemos que ser una oposici\u00f3n, congruente, responsable, firme y seria, que sigue buscando el bien de los mexicanos y justamente la forma en que se lleve a cabo el proceso de renovaci\u00f3n de las nuevas dirigencias es fundamental para poderlo garantizar, ya que son los que llevaran las riendas del partido\u201d, dijo.<\/p>\n<p>\u201cNecesitamos a los mejores dirigentes, tanto en lo nacional, estatales y municipales. Lo que tenemos que tener muy presente y sobre todo en el proceso de buscar qui\u00e9nes son los mejores candidatos, que el proceso sea transparente, tenemos que tener presentes nuestros principios de partido y esos principios del partido no solamente es para quienes van a participar en el proceso como candidatos, sino que esos principios tambi\u00e9n debemos aplicarlos nosotros al estar llevando el proceso de la renovaci\u00f3n de la dirigencia\u201d, agreg\u00f3.<\/p>\n<p>Dijo que ser\u00e1 una vez que se instale la Comisi\u00f3n Electoral Nacional para el Proceso de Renovaci\u00f3n del Comit\u00e9 Ejecutivo Nacional del PAN, cuando se establecer\u00e1 el calendario de trabajo para definir la metodolog\u00eda y los tiempos para publicar la convocatoria para la renovaci\u00f3n de las dirigencias.<\/p>\n<p>De acuerdo a los estatutos del partido, se tiene hasta el 31 de diciembre la fecha l\u00edmite para que sea renovada la dirigencia nacional, las estatales y las municipales.<\/p>\n<p>&nbsp;<\/p>\n<p>&nbsp;<\/p>\n","protected":false},"excerpt":{"rendered":"Kuali\/Le\u00f3n,Gto.-La diputada federal por Guanajuato, Ale Guti\u00e9rrez Campos, ser\u00e1 parte de la Comisi\u00f3n Electoral Nacional para el Proceso de Renovaci\u00f3n del Comit\u00e9 Ejecutivo Nacional del PAN, la cual ser\u00e1 un \u00f3rgano aut\u00f3nomo.","protected":false},"author":2,"featured_media":43049,"comment_status":"open","ping_status":"open","sticky":false,"template":"","format":"standard","meta":{"_seopress_robots_primary_cat":"","_seopress_titles_title":"","_seopress_titles_desc":"","_seopress_robots_index":"","_monsterinsights_skip_tracking":false,"_monsterinsights_sitenote_active":false,"_monsterinsights_sitenote_note":"","_monsterinsights_sitenote_category":0,"footnotes":""},"categories":[3],"tags":[],"class_list":["post-43048","post","type-post","status-publish","format-standard","has-post-thumbnail","hentry","category-politica"],"yoast_head":"<!-- This site is optimized with the Yoast SEO plugin v27.4 - https:\/\/yoast.com\/product\/yoast-seo-wordpress\/ -->\n<title>INTEGRAR\u00c1 ALE GUTI\u00c9RREZ EL COMIT\u00c9 ORGANIZADOR DE ELECCIONES DEL PAN - Kuali<\/title>\n<meta name=\"robots\" content=\"index, follow, max-snippet:-1, max-image-preview:large, max-video-preview:-1\" \/>\n<link rel=\"canonical\" href=\"https:\/\/kuali.com.mx\/web\/2018\/08\/12\/integrara-ale-gutierrez-el-comite-organizador-de-elecciones-del-pan\/\" \/>\n<meta property=\"og:locale\" content=\"es_MX\" \/>\n<meta property=\"og:type\" content=\"article\" \/>\n<meta property=\"og:title\" content=\"INTEGRAR\u00c1 ALE GUTI\u00c9RREZ EL COMIT\u00c9 ORGANIZADOR DE ELECCIONES DEL PAN - Kuali\" \/>\n<meta property=\"og:description\" content=\"Kuali\/Le\u00f3n,Gto.-La diputada federal por Guanajuato, Ale Guti\u00e9rrez Campos, ser\u00e1 parte de la Comisi\u00f3n Electoral Nacional para el Proceso de Renovaci\u00f3n del Comit\u00e9 Ejecutivo Nacional del PAN, la cual ser\u00e1 un \u00f3rgano aut\u00f3nomo.\" \/>\n<meta property=\"og:url\" content=\"https:\/\/kuali.com.mx\/web\/2018\/08\/12\/integrara-ale-gutierrez-el-comite-organizador-de-elecciones-del-pan\/\" \/>\n<meta property=\"og:site_name\" content=\"Kuali\" \/>\n<meta property=\"article:publisher\" content=\"https:\/\/kuali.com.mx\/web\/wp-content\/uploads\/2018\/04\/cropped-kuali_logo-1-1.png\" \/>\n<meta property=\"article:published_time\" content=\"2018-08-12T16:29:49+00:00\" \/>\n<meta property=\"article:modified_time\" content=\"2018-08-12T22:56:32+00:00\" \/>\n<meta property=\"og:image\" content=\"https:\/\/kuali.com.mx\/web\/wp-content\/uploads\/2018\/08\/WhatsApp-Image-2018-08-11-at-9.58.02-PM.jpeg\" \/>\n\t<meta property=\"og:image:width\" content=\"1280\" \/>\n\t<meta property=\"og:image:height\" content=\"852\" \/>\n\t<meta property=\"og:image:type\" content=\"image\/jpeg\" \/>\n<meta name=\"author\" content=\"Kuali Staff\" \/>\n<meta name=\"twitter:card\" content=\"summary_large_image\" \/>\n<meta name=\"twitter:creator\" content=\"@kuali_noticias\" \/>\n<meta name=\"twitter:site\" content=\"@kuali_noticias\" \/>\n<meta name=\"twitter:label1\" content=\"Escrito por\" \/>\n\t<meta name=\"twitter:data1\" content=\"Kuali Staff\" \/>\n\t<meta name=\"twitter:label2\" content=\"Tiempo de lectura\" \/>\n\t<meta name=\"twitter:data2\" content=\"2 minutos\" \/>\n<script type=\"application\/ld+json\" class=\"yoast-schema-graph\">{\"@context\":\"https:\\\/\\\/schema.org\",\"@graph\":[{\"@type\":\"Article\",\"@id\":\"https:\\\/\\\/kuali.com.mx\\\/web\\\/2018\\\/08\\\/12\\\/integrara-ale-gutierrez-el-comite-organizador-de-elecciones-del-pan\\\/#article\",\"isPartOf\":{\"@id\":\"https:\\\/\\\/kuali.com.mx\\\/web\\\/2018\\\/08\\\/12\\\/integrara-ale-gutierrez-el-comite-organizador-de-elecciones-del-pan\\\/\"},\"author\":{\"name\":\"Kuali Staff\",\"@id\":\"https:\\\/\\\/kuali.com.mx\\\/web\\\/#\\\/schema\\\/person\\\/6f89ffa8ecba9dae50662357923c5289\"},\"headline\":\"INTEGRAR\u00c1 ALE GUTI\u00c9RREZ EL COMIT\u00c9 ORGANIZADOR DE ELECCIONES DEL PAN\",\"datePublished\":\"2018-08-12T16:29:49+00:00\",\"dateModified\":\"2018-08-12T22:56:32+00:00\",\"mainEntityOfPage\":{\"@id\":\"https:\\\/\\\/kuali.com.mx\\\/web\\\/2018\\\/08\\\/12\\\/integrara-ale-gutierrez-el-comite-organizador-de-elecciones-del-pan\\\/\"},\"wordCount\":468,\"commentCount\":0,\"image\":{\"@id\":\"https:\\\/\\\/kuali.com.mx\\\/web\\\/2018\\\/08\\\/12\\\/integrara-ale-gutierrez-el-comite-organizador-de-elecciones-del-pan\\\/#primaryimage\"},\"thumbnailUrl\":\"https:\\\/\\\/kuali.com.mx\\\/web\\\/wp-content\\\/uploads\\\/2018\\\/08\\\/WhatsApp-Image-2018-08-11-at-9.58.02-PM.jpeg\",\"articleSection\":[\"Pol\u00edtica\"],\"inLanguage\":\"es\",\"potentialAction\":[{\"@type\":\"CommentAction\",\"name\":\"Comment\",\"target\":[\"https:\\\/\\\/kuali.com.mx\\\/web\\\/2018\\\/08\\\/12\\\/integrara-ale-gutierrez-el-comite-organizador-de-elecciones-del-pan\\\/#respond\"]}]},{\"@type\":\"WebPage\",\"@id\":\"https:\\\/\\\/kuali.com.mx\\\/web\\\/2018\\\/08\\\/12\\\/integrara-ale-gutierrez-el-comite-organizador-de-elecciones-del-pan\\\/\",\"url\":\"https:\\\/\\\/kuali.com.mx\\\/web\\\/2018\\\/08\\\/12\\\/integrara-ale-gutierrez-el-comite-organizador-de-elecciones-del-pan\\\/\",\"name\":\"INTEGRAR\u00c1 ALE GUTI\u00c9RREZ EL COMIT\u00c9 ORGANIZADOR DE ELECCIONES DEL PAN - Kuali\",\"isPartOf\":{\"@id\":\"https:\\\/\\\/kuali.com.mx\\\/web\\\/#website\"},\"primaryImageOfPage\":{\"@id\":\"https:\\\/\\\/kuali.com.mx\\\/web\\\/2018\\\/08\\\/12\\\/integrara-ale-gutierrez-el-comite-organizador-de-elecciones-del-pan\\\/#primaryimage\"},\"image\":{\"@id\":\"https:\\\/\\\/kuali.com.mx\\\/web\\\/2018\\\/08\\\/12\\\/integrara-ale-gutierrez-el-comite-organizador-de-elecciones-del-pan\\\/#primaryimage\"},\"thumbnailUrl\":\"https:\\\/\\\/kuali.com.mx\\\/web\\\/wp-content\\\/uploads\\\/2018\\\/08\\\/WhatsApp-Image-2018-08-11-at-9.58.02-PM.jpeg\",\"datePublished\":\"2018-08-12T16:29:49+00:00\",\"dateModified\":\"2018-08-12T22:56:32+00:00\",\"author\":{\"@id\":\"https:\\\/\\\/kuali.com.mx\\\/web\\\/#\\\/schema\\\/person\\\/6f89ffa8ecba9dae50662357923c5289\"},\"breadcrumb\":{\"@id\":\"https:\\\/\\\/kuali.com.mx\\\/web\\\/2018\\\/08\\\/12\\\/integrara-ale-gutierrez-el-comite-organizador-de-elecciones-del-pan\\\/#breadcrumb\"},\"inLanguage\":\"es\",\"potentialAction\":[{\"@type\":\"ReadAction\",\"target\":[\"https:\\\/\\\/kuali.com.mx\\\/web\\\/2018\\\/08\\\/12\\\/integrara-ale-gutierrez-el-comite-organizador-de-elecciones-del-pan\\\/\"]}]},{\"@type\":\"ImageObject\",\"inLanguage\":\"es\",\"@id\":\"https:\\\/\\\/kuali.com.mx\\\/web\\\/2018\\\/08\\\/12\\\/integrara-ale-gutierrez-el-comite-organizador-de-elecciones-del-pan\\\/#primaryimage\",\"url\":\"https:\\\/\\\/kuali.com.mx\\\/web\\\/wp-content\\\/uploads\\\/2018\\\/08\\\/WhatsApp-Image-2018-08-11-at-9.58.02-PM.jpeg\",\"contentUrl\":\"https:\\\/\\\/kuali.com.mx\\\/web\\\/wp-content\\\/uploads\\\/2018\\\/08\\\/WhatsApp-Image-2018-08-11-at-9.58.02-PM.jpeg\",\"width\":1280,\"height\":852},{\"@type\":\"BreadcrumbList\",\"@id\":\"https:\\\/\\\/kuali.com.mx\\\/web\\\/2018\\\/08\\\/12\\\/integrara-ale-gutierrez-el-comite-organizador-de-elecciones-del-pan\\\/#breadcrumb\",\"itemListElement\":[{\"@type\":\"ListItem\",\"position\":1,\"name\":\"Inicio\",\"item\":\"https:\\\/\\\/kuali.com.mx\\\/web\\\/\"},{\"@type\":\"ListItem\",\"position\":2,\"name\":\"INTEGRAR\u00c1 ALE GUTI\u00c9RREZ EL COMIT\u00c9 ORGANIZADOR DE ELECCIONES DEL PAN\"}]},{\"@type\":\"WebSite\",\"@id\":\"https:\\\/\\\/kuali.com.mx\\\/web\\\/#website\",\"url\":\"https:\\\/\\\/kuali.com.mx\\\/web\\\/\",\"name\":\"Kuali\",\"description\":\"\",\"potentialAction\":[{\"@type\":\"SearchAction\",\"target\":{\"@type\":\"EntryPoint\",\"urlTemplate\":\"https:\\\/\\\/kuali.com.mx\\\/web\\\/?s={search_term_string}\"},\"query-input\":{\"@type\":\"PropertyValueSpecification\",\"valueRequired\":true,\"valueName\":\"search_term_string\"}}],\"inLanguage\":\"es\"},{\"@type\":\"Person\",\"@id\":\"https:\\\/\\\/kuali.com.mx\\\/web\\\/#\\\/schema\\\/person\\\/6f89ffa8ecba9dae50662357923c5289\",\"name\":\"Kuali Staff\",\"image\":{\"@type\":\"ImageObject\",\"inLanguage\":\"es\",\"@id\":\"https:\\\/\\\/secure.gravatar.com\\\/avatar\\\/f917ad82e5ab71227a733c78b6e60715476f69ee6be59feee4eb5d9920c89e0f?s=96&d=mm&r=g\",\"url\":\"https:\\\/\\\/secure.gravatar.com\\\/avatar\\\/f917ad82e5ab71227a733c78b6e60715476f69ee6be59feee4eb5d9920c89e0f?s=96&d=mm&r=g\",\"contentUrl\":\"https:\\\/\\\/secure.gravatar.com\\\/avatar\\\/f917ad82e5ab71227a733c78b6e60715476f69ee6be59feee4eb5d9920c89e0f?s=96&d=mm&r=g\",\"caption\":\"Kuali Staff\"},\"url\":\"https:\\\/\\\/kuali.com.mx\\\/web\\\/author\\\/lagarto\\\/\"}]}<\/script>\n<!-- \/ Yoast SEO plugin. -->","yoast_head_json":{"title":"INTEGRAR\u00c1 ALE GUTI\u00c9RREZ EL COMIT\u00c9 ORGANIZADOR DE ELECCIONES DEL PAN - Kuali","robots":{"index":"index","follow":"follow","max-snippet":"max-snippet:-1","max-image-preview":"max-image-preview:large","max-video-preview":"max-video-preview:-1"},"canonical":"https:\/\/kuali.com.mx\/web\/2018\/08\/12\/integrara-ale-gutierrez-el-comite-organizador-de-elecciones-del-pan\/","og_locale":"es_MX","og_type":"article","og_title":"INTEGRAR\u00c1 ALE GUTI\u00c9RREZ EL COMIT\u00c9 ORGANIZADOR DE ELECCIONES DEL PAN - Kuali","og_description":"Kuali\/Le\u00f3n,Gto.-La diputada federal por Guanajuato, Ale Guti\u00e9rrez Campos, ser\u00e1 parte de la Comisi\u00f3n Electoral Nacional para el Proceso de Renovaci\u00f3n del Comit\u00e9 Ejecutivo Nacional del PAN, la cual ser\u00e1 un \u00f3rgano aut\u00f3nomo.","og_url":"https:\/\/kuali.com.mx\/web\/2018\/08\/12\/integrara-ale-gutierrez-el-comite-organizador-de-elecciones-del-pan\/","og_site_name":"Kuali","article_publisher":"https:\/\/kuali.com.mx\/web\/wp-content\/uploads\/2018\/04\/cropped-kuali_logo-1-1.png","article_published_time":"2018-08-12T16:29:49+00:00","article_modified_time":"2018-08-12T22:56:32+00:00","og_image":[{"width":1280,"height":852,"url":"https:\/\/kuali.com.mx\/web\/wp-content\/uploads\/2018\/08\/WhatsApp-Image-2018-08-11-at-9.58.02-PM.jpeg","type":"image\/jpeg"}],"author":"Kuali Staff","twitter_card":"summary_large_image","twitter_creator":"@kuali_noticias","twitter_site":"@kuali_noticias","twitter_misc":{"Escrito por":"Kuali Staff","Tiempo de lectura":"2 minutos"},"schema":{"@context":"https:\/\/schema.org","@graph":[{"@type":"Article","@id":"https:\/\/kuali.com.mx\/web\/2018\/08\/12\/integrara-ale-gutierrez-el-comite-organizador-de-elecciones-del-pan\/#article","isPartOf":{"@id":"https:\/\/kuali.com.mx\/web\/2018\/08\/12\/integrara-ale-gutierrez-el-comite-organizador-de-elecciones-del-pan\/"},"author":{"name":"Kuali Staff","@id":"https:\/\/kuali.com.mx\/web\/#\/schema\/person\/6f89ffa8ecba9dae50662357923c5289"},"headline":"INTEGRAR\u00c1 ALE GUTI\u00c9RREZ EL COMIT\u00c9 ORGANIZADOR DE ELECCIONES DEL PAN","datePublished":"2018-08-12T16:29:49+00:00","dateModified":"2018-08-12T22:56:32+00:00","mainEntityOfPage":{"@id":"https:\/\/kuali.com.mx\/web\/2018\/08\/12\/integrara-ale-gutierrez-el-comite-organizador-de-elecciones-del-pan\/"},"wordCount":468,"commentCount":0,"image":{"@id":"https:\/\/kuali.com.mx\/web\/2018\/08\/12\/integrara-ale-gutierrez-el-comite-organizador-de-elecciones-del-pan\/#primaryimage"},"thumbnailUrl":"https:\/\/kuali.com.mx\/web\/wp-content\/uploads\/2018\/08\/WhatsApp-Image-2018-08-11-at-9.58.02-PM.jpeg","articleSection":["Pol\u00edtica"],"inLanguage":"es","potentialAction":[{"@type":"CommentAction","name":"Comment","target":["https:\/\/kuali.com.mx\/web\/2018\/08\/12\/integrara-ale-gutierrez-el-comite-organizador-de-elecciones-del-pan\/#respond"]}]},{"@type":"WebPage","@id":"https:\/\/kuali.com.mx\/web\/2018\/08\/12\/integrara-ale-gutierrez-el-comite-organizador-de-elecciones-del-pan\/","url":"https:\/\/kuali.com.mx\/web\/2018\/08\/12\/integrara-ale-gutierrez-el-comite-organizador-de-elecciones-del-pan\/","name":"INTEGRAR\u00c1 ALE GUTI\u00c9RREZ EL COMIT\u00c9 ORGANIZADOR DE ELECCIONES DEL PAN - Kuali","isPartOf":{"@id":"https:\/\/kuali.com.mx\/web\/#website"},"primaryImageOfPage":{"@id":"https:\/\/kuali.com.mx\/web\/2018\/08\/12\/integrara-ale-gutierrez-el-comite-organizador-de-elecciones-del-pan\/#primaryimage"},"image":{"@id":"https:\/\/kuali.com.mx\/web\/2018\/08\/12\/integrara-ale-gutierrez-el-comite-organizador-de-elecciones-del-pan\/#primaryimage"},"thumbnailUrl":"https:\/\/kuali.com.mx\/web\/wp-content\/uploads\/2018\/08\/WhatsApp-Image-2018-08-11-at-9.58.02-PM.jpeg","datePublished":"2018-08-12T16:29:49+00:00","dateModified":"2018-08-12T22:56:32+00:00","author":{"@id":"https:\/\/kuali.com.mx\/web\/#\/schema\/person\/6f89ffa8ecba9dae50662357923c5289"},"breadcrumb":{"@id":"https:\/\/kuali.com.mx\/web\/2018\/08\/12\/integrara-ale-gutierrez-el-comite-organizador-de-elecciones-del-pan\/#breadcrumb"},"inLanguage":"es","potentialAction":[{"@type":"ReadAction","target":["https:\/\/kuali.com.mx\/web\/2018\/08\/12\/integrara-ale-gutierrez-el-comite-organizador-de-elecciones-del-pan\/"]}]},{"@type":"ImageObject","inLanguage":"es","@id":"https:\/\/kuali.com.mx\/web\/2018\/08\/12\/integrara-ale-gutierrez-el-comite-organizador-de-elecciones-del-pan\/#primaryimage","url":"https:\/\/kuali.com.mx\/web\/wp-content\/uploads\/2018\/08\/WhatsApp-Image-2018-08-11-at-9.58.02-PM.jpeg","contentUrl":"https:\/\/kuali.com.mx\/web\/wp-content\/uploads\/2018\/08\/WhatsApp-Image-2018-08-11-at-9.58.02-PM.jpeg","width":1280,"height":852},{"@type":"BreadcrumbList","@id":"https:\/\/kuali.com.mx\/web\/2018\/08\/12\/integrara-ale-gutierrez-el-comite-organizador-de-elecciones-del-pan\/#breadcrumb","itemListElement":[{"@type":"ListItem","position":1,"name":"Inicio","item":"https:\/\/kuali.com.mx\/web\/"},{"@type":"ListItem","position":2,"name":"INTEGRAR\u00c1 ALE GUTI\u00c9RREZ EL COMIT\u00c9 ORGANIZADOR DE ELECCIONES DEL PAN"}]},{"@type":"WebSite","@id":"https:\/\/kuali.com.mx\/web\/#website","url":"https:\/\/kuali.com.mx\/web\/","name":"Kuali","description":"","potentialAction":[{"@type":"SearchAction","target":{"@type":"EntryPoint","urlTemplate":"https:\/\/kuali.com.mx\/web\/?s={search_term_string}"},"query-input":{"@type":"PropertyValueSpecification","valueRequired":true,"valueName":"search_term_string"}}],"inLanguage":"es"},{"@type":"Person","@id":"https:\/\/kuali.com.mx\/web\/#\/schema\/person\/6f89ffa8ecba9dae50662357923c5289","name":"Kuali Staff","image":{"@type":"ImageObject","inLanguage":"es","@id":"https:\/\/secure.gravatar.com\/avatar\/f917ad82e5ab71227a733c78b6e60715476f69ee6be59feee4eb5d9920c89e0f?s=96&d=mm&r=g","url":"https:\/\/secure.gravatar.com\/avatar\/f917ad82e5ab71227a733c78b6e60715476f69ee6be59feee4eb5d9920c89e0f?s=96&d=mm&r=g","contentUrl":"https:\/\/secure.gravatar.com\/avatar\/f917ad82e5ab71227a733c78b6e60715476f69ee6be59feee4eb5d9920c89e0f?s=96&d=mm&r=g","caption":"Kuali Staff"},"url":"https:\/\/kuali.com.mx\/web\/author\/lagarto\/"}]}},"_links":{"self":[{"href":"https:\/\/kuali.com.mx\/web\/wp-json\/wp\/v2\/posts\/43048","targetHints":{"allow":["GET"]}}],"collection":[{"href":"https:\/\/kuali.com.mx\/web\/wp-json\/wp\/v2\/posts"}],"about":[{"href":"https:\/\/kuali.com.mx\/web\/wp-json\/wp\/v2\/types\/post"}],"author":[{"embeddable":true,"href":"https:\/\/kuali.com.mx\/web\/wp-json\/wp\/v2\/users\/2"}],"replies":[{"embeddable":true,"href":"https:\/\/kuali.com.mx\/web\/wp-json\/wp\/v2\/comments?post=43048"}],"version-history":[{"count":3,"href":"https:\/\/kuali.com.mx\/web\/wp-json\/wp\/v2\/posts\/43048\/revisions"}],"predecessor-version":[{"id":43063,"href":"https:\/\/kuali.com.mx\/web\/wp-json\/wp\/v2\/posts\/43048\/revisions\/43063"}],"wp:featuredmedia":[{"embeddable":true,"href":"https:\/\/kuali.com.mx\/web\/wp-json\/wp\/v2\/media\/43049"}],"wp:attachment":[{"href":"https:\/\/kuali.com.mx\/web\/wp-json\/wp\/v2\/media?parent=43048"}],"wp:term":[{"taxonomy":"category","embeddable":true,"href":"https:\/\/kuali.com.mx\/web\/wp-json\/wp\/v2\/categories?post=43048"},{"taxonomy":"post_tag","embeddable":true,"href":"https:\/\/kuali.com.mx\/web\/wp-json\/wp\/v2\/tags?post=43048"}],"curies":[{"name":"wp","href":"https:\/\/api.w.org\/{rel}","templated":true}]}}