{"id":35363,"date":"2018-02-04T14:22:20","date_gmt":"2018-02-04T20:22:20","guid":{"rendered":"http:\/\/kuali.com.mx\/web\/?p=35363"},"modified":"2018-02-04T15:14:41","modified_gmt":"2018-02-04T21:14:41","slug":"realizan-festival-del-tamal-en-tarandacuao","status":"publish","type":"post","link":"https:\/\/kuali.com.mx\/web\/2018\/02\/04\/realizan-festival-del-tamal-en-tarandacuao\/","title":{"rendered":"REALIZAN FESTIVAL DEL TAMAL EN TARANDACUAO"},"content":{"rendered":"<p><em><strong>Kuali\/Tarandacuao, Gto.-<\/strong><\/em>Por segundo a\u00f1o consecutivo se realiz\u00f3 con \u00e9xito en Tarandacuao, Guanajuato, el Festival del Ma\u00edz y el Tamal.<\/p>\n<p><!--more--><\/p>\n<p>Alrededor de mil personas asistieron al evento, el cual tiene como objetivo mantener las tradiciones guanajuatenses, fomentar la econom\u00eda y el consumo local; pues es un espacio en el que vendedores y expositores ofrecen a los comensales una variedad de platillos.<\/p>\n<p>La Secretaria de Turismo del Estado de Guanajuato, liderada por el Maestro Fernando Olivera Rocha, fue participe de la verbena que tuvo sede en los Jardines de Cer\u00e1mica Serv\u00edn, ubicados en la comunidad de Pur\u00edsima del Rinc\u00f3n, del municipio de Tarandacuao.<\/p>\n<p>Cabe resaltar que la primera edici\u00f3n del Festival del Ma\u00edz y el Tamal tuvo aceptaci\u00f3n positiva, por lo que en su segunda edici\u00f3n se reforzaron acciones para hacer del Festival una tradici\u00f3n anual y que los visitantes, provenientes del Estado de Guanajuato y del pa\u00eds, la puedan disfrutar hasta por dos d\u00edas.<\/p>\n<p>A partir de calendarizar su oferta de eventos y actividad cultural de a\u00f1o por a\u00f1o, el porcentaje de ocupaci\u00f3n en el estado presenta grandes variaciones mes con mes, y considerando lograr con dicho evento una ocupaci\u00f3n hotelera del 25%.<\/p>\n<p>La inversi\u00f3n estimada del Festival del Ma\u00edz y el Tamal fue de 150 mil pesos, aportaci\u00f3n de car\u00e1cter privado.<\/p>\n<p>La cocineras participantes fueron: Silvia Rivera Morales, realiz\u00f3 un platillo de sopa de gu\u00edas; Dulce Mar\u00eda Malag\u00f3n Soto, enchiladas; Mar\u00eda Rosa Rivera Morales, enchiladas guerrerenses; Rogelio Octavio Ram\u00edrez P\u00e9rez, caldo de cap\u00f3n y tamal de fresa; Mar\u00eda de los \u00c1ngeles Esperanza P\u00e9rez, mole de xoconoxtle en tostadas de arriero con ensalada de insectos, as\u00ed como tamal de semillas y frutos tradicionales.<\/p>\n<p>Ana Mar\u00eda Almaraz R\u00edos, particip\u00f3 con chiles rellenos; Ma. Nicolasa Rubio Morquecho, con mole de guajolote; Mayra Cruz Romero, realiz\u00f3 pozole; Ma. Guadalupe Castro G., tortas de camar\u00f3n con nopales; Antonia Su\u00e1rez Morales, mole; Ma. Dolores Castro Garc\u00eda, Adobo de puerco; Antonia Silva, chalupas.<\/p>\n<p>Estefania Arellano Rivera, prepar\u00f3 tamales veracruzanos; Eva Mart\u00ednez Garc\u00eda, tamales de ceniza; Irene Perea Garc\u00eda, uchepo de leche; Mar\u00eda Elena Alejos Jaral, tamal de cacahuate; Mar\u00eda Elena Gasca, tamal de servilleta; Ma. Clotilde R\u00edos Gaspar, corunda; Flora Hern\u00e1ndez P\u00e9rez, tamal de fresa; Blanca Oleida Meza Corrales, tamal de elote; Teresa Nicasio Blanco, tamal de dulce.<\/p>\n<p>Ma. Luz Hern\u00e1ndez P\u00e9rez, tamal de dulce y chile; Catalina Hern\u00e1ndez Mu\u00f1oz, tamales de ceniza; y Laura Quiroz, tamales de chocolate y nuez.<\/p>\n<p>Adem\u00e1s, los participantes fueron parte de los concursos de pintura a gis pastel, y tamal.<\/p>\n","protected":false},"excerpt":{"rendered":"Kuali\/Tarandacuao, Gto.-Por segundo a\u00f1o consecutivo se realiz\u00f3 con \u00e9xito en Tarandacuao, Guanajuato, el Festival del Ma\u00edz y el Tamal.","protected":false},"author":2,"featured_media":35364,"comment_status":"open","ping_status":"open","sticky":false,"template":"","format":"standard","meta":{"_seopress_robots_primary_cat":"","_seopress_titles_title":"","_seopress_titles_desc":"","_seopress_robots_index":"","_monsterinsights_skip_tracking":false,"_monsterinsights_sitenote_active":false,"_monsterinsights_sitenote_note":"","_monsterinsights_sitenote_category":0,"footnotes":""},"categories":[13],"tags":[],"class_list":["post-35363","post","type-post","status-publish","format-standard","has-post-thumbnail","hentry","category-turismo"],"yoast_head":"<!-- This site is optimized with the Yoast SEO plugin v27.4 - https:\/\/yoast.com\/product\/yoast-seo-wordpress\/ -->\n<title>REALIZAN FESTIVAL DEL TAMAL EN TARANDACUAO - Kuali<\/title>\n<meta name=\"robots\" content=\"index, follow, max-snippet:-1, max-image-preview:large, max-video-preview:-1\" \/>\n<link rel=\"canonical\" href=\"https:\/\/kuali.com.mx\/web\/2018\/02\/04\/realizan-festival-del-tamal-en-tarandacuao\/\" \/>\n<meta property=\"og:locale\" content=\"es_MX\" \/>\n<meta property=\"og:type\" content=\"article\" \/>\n<meta property=\"og:title\" content=\"REALIZAN FESTIVAL DEL TAMAL EN TARANDACUAO - Kuali\" \/>\n<meta property=\"og:description\" content=\"Kuali\/Tarandacuao, Gto.-Por segundo a\u00f1o consecutivo se realiz\u00f3 con \u00e9xito en Tarandacuao, Guanajuato, el Festival del Ma\u00edz y el Tamal.\" \/>\n<meta property=\"og:url\" content=\"https:\/\/kuali.com.mx\/web\/2018\/02\/04\/realizan-festival-del-tamal-en-tarandacuao\/\" \/>\n<meta property=\"og:site_name\" content=\"Kuali\" \/>\n<meta property=\"article:publisher\" content=\"https:\/\/kuali.com.mx\/web\/wp-content\/uploads\/2018\/04\/cropped-kuali_logo-1-1.png\" \/>\n<meta property=\"article:published_time\" content=\"2018-02-04T20:22:20+00:00\" \/>\n<meta property=\"article:modified_time\" content=\"2018-02-04T21:14:41+00:00\" \/>\n<meta property=\"og:image\" content=\"https:\/\/kuali.com.mx\/web\/wp-content\/uploads\/2018\/02\/Festival-Tamal.jpg\" \/>\n\t<meta property=\"og:image:width\" content=\"1280\" \/>\n\t<meta property=\"og:image:height\" content=\"960\" \/>\n\t<meta property=\"og:image:type\" content=\"image\/jpeg\" \/>\n<meta name=\"author\" content=\"Kuali Staff\" \/>\n<meta name=\"twitter:card\" content=\"summary_large_image\" \/>\n<meta name=\"twitter:creator\" content=\"@kuali_noticias\" \/>\n<meta name=\"twitter:site\" content=\"@kuali_noticias\" \/>\n<meta name=\"twitter:label1\" content=\"Escrito por\" \/>\n\t<meta name=\"twitter:data1\" content=\"Kuali Staff\" \/>\n\t<meta name=\"twitter:label2\" content=\"Tiempo de lectura\" \/>\n\t<meta name=\"twitter:data2\" content=\"2 minutos\" \/>\n<script type=\"application\/ld+json\" class=\"yoast-schema-graph\">{\"@context\":\"https:\\\/\\\/schema.org\",\"@graph\":[{\"@type\":\"Article\",\"@id\":\"https:\\\/\\\/kuali.com.mx\\\/web\\\/2018\\\/02\\\/04\\\/realizan-festival-del-tamal-en-tarandacuao\\\/#article\",\"isPartOf\":{\"@id\":\"https:\\\/\\\/kuali.com.mx\\\/web\\\/2018\\\/02\\\/04\\\/realizan-festival-del-tamal-en-tarandacuao\\\/\"},\"author\":{\"name\":\"Kuali Staff\",\"@id\":\"https:\\\/\\\/kuali.com.mx\\\/web\\\/#\\\/schema\\\/person\\\/6f89ffa8ecba9dae50662357923c5289\"},\"headline\":\"REALIZAN FESTIVAL DEL TAMAL EN TARANDACUAO\",\"datePublished\":\"2018-02-04T20:22:20+00:00\",\"dateModified\":\"2018-02-04T21:14:41+00:00\",\"mainEntityOfPage\":{\"@id\":\"https:\\\/\\\/kuali.com.mx\\\/web\\\/2018\\\/02\\\/04\\\/realizan-festival-del-tamal-en-tarandacuao\\\/\"},\"wordCount\":465,\"commentCount\":0,\"image\":{\"@id\":\"https:\\\/\\\/kuali.com.mx\\\/web\\\/2018\\\/02\\\/04\\\/realizan-festival-del-tamal-en-tarandacuao\\\/#primaryimage\"},\"thumbnailUrl\":\"https:\\\/\\\/kuali.com.mx\\\/web\\\/wp-content\\\/uploads\\\/2018\\\/02\\\/Festival-Tamal.jpg\",\"articleSection\":[\"Turismo\"],\"inLanguage\":\"es\",\"potentialAction\":[{\"@type\":\"CommentAction\",\"name\":\"Comment\",\"target\":[\"https:\\\/\\\/kuali.com.mx\\\/web\\\/2018\\\/02\\\/04\\\/realizan-festival-del-tamal-en-tarandacuao\\\/#respond\"]}]},{\"@type\":\"WebPage\",\"@id\":\"https:\\\/\\\/kuali.com.mx\\\/web\\\/2018\\\/02\\\/04\\\/realizan-festival-del-tamal-en-tarandacuao\\\/\",\"url\":\"https:\\\/\\\/kuali.com.mx\\\/web\\\/2018\\\/02\\\/04\\\/realizan-festival-del-tamal-en-tarandacuao\\\/\",\"name\":\"REALIZAN FESTIVAL DEL TAMAL EN TARANDACUAO - Kuali\",\"isPartOf\":{\"@id\":\"https:\\\/\\\/kuali.com.mx\\\/web\\\/#website\"},\"primaryImageOfPage\":{\"@id\":\"https:\\\/\\\/kuali.com.mx\\\/web\\\/2018\\\/02\\\/04\\\/realizan-festival-del-tamal-en-tarandacuao\\\/#primaryimage\"},\"image\":{\"@id\":\"https:\\\/\\\/kuali.com.mx\\\/web\\\/2018\\\/02\\\/04\\\/realizan-festival-del-tamal-en-tarandacuao\\\/#primaryimage\"},\"thumbnailUrl\":\"https:\\\/\\\/kuali.com.mx\\\/web\\\/wp-content\\\/uploads\\\/2018\\\/02\\\/Festival-Tamal.jpg\",\"datePublished\":\"2018-02-04T20:22:20+00:00\",\"dateModified\":\"2018-02-04T21:14:41+00:00\",\"author\":{\"@id\":\"https:\\\/\\\/kuali.com.mx\\\/web\\\/#\\\/schema\\\/person\\\/6f89ffa8ecba9dae50662357923c5289\"},\"breadcrumb\":{\"@id\":\"https:\\\/\\\/kuali.com.mx\\\/web\\\/2018\\\/02\\\/04\\\/realizan-festival-del-tamal-en-tarandacuao\\\/#breadcrumb\"},\"inLanguage\":\"es\",\"potentialAction\":[{\"@type\":\"ReadAction\",\"target\":[\"https:\\\/\\\/kuali.com.mx\\\/web\\\/2018\\\/02\\\/04\\\/realizan-festival-del-tamal-en-tarandacuao\\\/\"]}]},{\"@type\":\"ImageObject\",\"inLanguage\":\"es\",\"@id\":\"https:\\\/\\\/kuali.com.mx\\\/web\\\/2018\\\/02\\\/04\\\/realizan-festival-del-tamal-en-tarandacuao\\\/#primaryimage\",\"url\":\"https:\\\/\\\/kuali.com.mx\\\/web\\\/wp-content\\\/uploads\\\/2018\\\/02\\\/Festival-Tamal.jpg\",\"contentUrl\":\"https:\\\/\\\/kuali.com.mx\\\/web\\\/wp-content\\\/uploads\\\/2018\\\/02\\\/Festival-Tamal.jpg\",\"width\":1280,\"height\":960},{\"@type\":\"BreadcrumbList\",\"@id\":\"https:\\\/\\\/kuali.com.mx\\\/web\\\/2018\\\/02\\\/04\\\/realizan-festival-del-tamal-en-tarandacuao\\\/#breadcrumb\",\"itemListElement\":[{\"@type\":\"ListItem\",\"position\":1,\"name\":\"Inicio\",\"item\":\"https:\\\/\\\/kuali.com.mx\\\/web\\\/\"},{\"@type\":\"ListItem\",\"position\":2,\"name\":\"REALIZAN FESTIVAL DEL TAMAL EN TARANDACUAO\"}]},{\"@type\":\"WebSite\",\"@id\":\"https:\\\/\\\/kuali.com.mx\\\/web\\\/#website\",\"url\":\"https:\\\/\\\/kuali.com.mx\\\/web\\\/\",\"name\":\"Kuali\",\"description\":\"\",\"potentialAction\":[{\"@type\":\"SearchAction\",\"target\":{\"@type\":\"EntryPoint\",\"urlTemplate\":\"https:\\\/\\\/kuali.com.mx\\\/web\\\/?s={search_term_string}\"},\"query-input\":{\"@type\":\"PropertyValueSpecification\",\"valueRequired\":true,\"valueName\":\"search_term_string\"}}],\"inLanguage\":\"es\"},{\"@type\":\"Person\",\"@id\":\"https:\\\/\\\/kuali.com.mx\\\/web\\\/#\\\/schema\\\/person\\\/6f89ffa8ecba9dae50662357923c5289\",\"name\":\"Kuali Staff\",\"image\":{\"@type\":\"ImageObject\",\"inLanguage\":\"es\",\"@id\":\"https:\\\/\\\/secure.gravatar.com\\\/avatar\\\/f917ad82e5ab71227a733c78b6e60715476f69ee6be59feee4eb5d9920c89e0f?s=96&d=mm&r=g\",\"url\":\"https:\\\/\\\/secure.gravatar.com\\\/avatar\\\/f917ad82e5ab71227a733c78b6e60715476f69ee6be59feee4eb5d9920c89e0f?s=96&d=mm&r=g\",\"contentUrl\":\"https:\\\/\\\/secure.gravatar.com\\\/avatar\\\/f917ad82e5ab71227a733c78b6e60715476f69ee6be59feee4eb5d9920c89e0f?s=96&d=mm&r=g\",\"caption\":\"Kuali Staff\"},\"url\":\"https:\\\/\\\/kuali.com.mx\\\/web\\\/author\\\/lagarto\\\/\"}]}<\/script>\n<!-- \/ Yoast SEO plugin. -->","yoast_head_json":{"title":"REALIZAN FESTIVAL DEL TAMAL EN TARANDACUAO - Kuali","robots":{"index":"index","follow":"follow","max-snippet":"max-snippet:-1","max-image-preview":"max-image-preview:large","max-video-preview":"max-video-preview:-1"},"canonical":"https:\/\/kuali.com.mx\/web\/2018\/02\/04\/realizan-festival-del-tamal-en-tarandacuao\/","og_locale":"es_MX","og_type":"article","og_title":"REALIZAN FESTIVAL DEL TAMAL EN TARANDACUAO - Kuali","og_description":"Kuali\/Tarandacuao, Gto.-Por segundo a\u00f1o consecutivo se realiz\u00f3 con \u00e9xito en Tarandacuao, Guanajuato, el Festival del Ma\u00edz y el Tamal.","og_url":"https:\/\/kuali.com.mx\/web\/2018\/02\/04\/realizan-festival-del-tamal-en-tarandacuao\/","og_site_name":"Kuali","article_publisher":"https:\/\/kuali.com.mx\/web\/wp-content\/uploads\/2018\/04\/cropped-kuali_logo-1-1.png","article_published_time":"2018-02-04T20:22:20+00:00","article_modified_time":"2018-02-04T21:14:41+00:00","og_image":[{"width":1280,"height":960,"url":"https:\/\/kuali.com.mx\/web\/wp-content\/uploads\/2018\/02\/Festival-Tamal.jpg","type":"image\/jpeg"}],"author":"Kuali Staff","twitter_card":"summary_large_image","twitter_creator":"@kuali_noticias","twitter_site":"@kuali_noticias","twitter_misc":{"Escrito por":"Kuali Staff","Tiempo de lectura":"2 minutos"},"schema":{"@context":"https:\/\/schema.org","@graph":[{"@type":"Article","@id":"https:\/\/kuali.com.mx\/web\/2018\/02\/04\/realizan-festival-del-tamal-en-tarandacuao\/#article","isPartOf":{"@id":"https:\/\/kuali.com.mx\/web\/2018\/02\/04\/realizan-festival-del-tamal-en-tarandacuao\/"},"author":{"name":"Kuali Staff","@id":"https:\/\/kuali.com.mx\/web\/#\/schema\/person\/6f89ffa8ecba9dae50662357923c5289"},"headline":"REALIZAN FESTIVAL DEL TAMAL EN TARANDACUAO","datePublished":"2018-02-04T20:22:20+00:00","dateModified":"2018-02-04T21:14:41+00:00","mainEntityOfPage":{"@id":"https:\/\/kuali.com.mx\/web\/2018\/02\/04\/realizan-festival-del-tamal-en-tarandacuao\/"},"wordCount":465,"commentCount":0,"image":{"@id":"https:\/\/kuali.com.mx\/web\/2018\/02\/04\/realizan-festival-del-tamal-en-tarandacuao\/#primaryimage"},"thumbnailUrl":"https:\/\/kuali.com.mx\/web\/wp-content\/uploads\/2018\/02\/Festival-Tamal.jpg","articleSection":["Turismo"],"inLanguage":"es","potentialAction":[{"@type":"CommentAction","name":"Comment","target":["https:\/\/kuali.com.mx\/web\/2018\/02\/04\/realizan-festival-del-tamal-en-tarandacuao\/#respond"]}]},{"@type":"WebPage","@id":"https:\/\/kuali.com.mx\/web\/2018\/02\/04\/realizan-festival-del-tamal-en-tarandacuao\/","url":"https:\/\/kuali.com.mx\/web\/2018\/02\/04\/realizan-festival-del-tamal-en-tarandacuao\/","name":"REALIZAN FESTIVAL DEL TAMAL EN TARANDACUAO - Kuali","isPartOf":{"@id":"https:\/\/kuali.com.mx\/web\/#website"},"primaryImageOfPage":{"@id":"https:\/\/kuali.com.mx\/web\/2018\/02\/04\/realizan-festival-del-tamal-en-tarandacuao\/#primaryimage"},"image":{"@id":"https:\/\/kuali.com.mx\/web\/2018\/02\/04\/realizan-festival-del-tamal-en-tarandacuao\/#primaryimage"},"thumbnailUrl":"https:\/\/kuali.com.mx\/web\/wp-content\/uploads\/2018\/02\/Festival-Tamal.jpg","datePublished":"2018-02-04T20:22:20+00:00","dateModified":"2018-02-04T21:14:41+00:00","author":{"@id":"https:\/\/kuali.com.mx\/web\/#\/schema\/person\/6f89ffa8ecba9dae50662357923c5289"},"breadcrumb":{"@id":"https:\/\/kuali.com.mx\/web\/2018\/02\/04\/realizan-festival-del-tamal-en-tarandacuao\/#breadcrumb"},"inLanguage":"es","potentialAction":[{"@type":"ReadAction","target":["https:\/\/kuali.com.mx\/web\/2018\/02\/04\/realizan-festival-del-tamal-en-tarandacuao\/"]}]},{"@type":"ImageObject","inLanguage":"es","@id":"https:\/\/kuali.com.mx\/web\/2018\/02\/04\/realizan-festival-del-tamal-en-tarandacuao\/#primaryimage","url":"https:\/\/kuali.com.mx\/web\/wp-content\/uploads\/2018\/02\/Festival-Tamal.jpg","contentUrl":"https:\/\/kuali.com.mx\/web\/wp-content\/uploads\/2018\/02\/Festival-Tamal.jpg","width":1280,"height":960},{"@type":"BreadcrumbList","@id":"https:\/\/kuali.com.mx\/web\/2018\/02\/04\/realizan-festival-del-tamal-en-tarandacuao\/#breadcrumb","itemListElement":[{"@type":"ListItem","position":1,"name":"Inicio","item":"https:\/\/kuali.com.mx\/web\/"},{"@type":"ListItem","position":2,"name":"REALIZAN FESTIVAL DEL TAMAL EN TARANDACUAO"}]},{"@type":"WebSite","@id":"https:\/\/kuali.com.mx\/web\/#website","url":"https:\/\/kuali.com.mx\/web\/","name":"Kuali","description":"","potentialAction":[{"@type":"SearchAction","target":{"@type":"EntryPoint","urlTemplate":"https:\/\/kuali.com.mx\/web\/?s={search_term_string}"},"query-input":{"@type":"PropertyValueSpecification","valueRequired":true,"valueName":"search_term_string"}}],"inLanguage":"es"},{"@type":"Person","@id":"https:\/\/kuali.com.mx\/web\/#\/schema\/person\/6f89ffa8ecba9dae50662357923c5289","name":"Kuali Staff","image":{"@type":"ImageObject","inLanguage":"es","@id":"https:\/\/secure.gravatar.com\/avatar\/f917ad82e5ab71227a733c78b6e60715476f69ee6be59feee4eb5d9920c89e0f?s=96&d=mm&r=g","url":"https:\/\/secure.gravatar.com\/avatar\/f917ad82e5ab71227a733c78b6e60715476f69ee6be59feee4eb5d9920c89e0f?s=96&d=mm&r=g","contentUrl":"https:\/\/secure.gravatar.com\/avatar\/f917ad82e5ab71227a733c78b6e60715476f69ee6be59feee4eb5d9920c89e0f?s=96&d=mm&r=g","caption":"Kuali Staff"},"url":"https:\/\/kuali.com.mx\/web\/author\/lagarto\/"}]}},"_links":{"self":[{"href":"https:\/\/kuali.com.mx\/web\/wp-json\/wp\/v2\/posts\/35363","targetHints":{"allow":["GET"]}}],"collection":[{"href":"https:\/\/kuali.com.mx\/web\/wp-json\/wp\/v2\/posts"}],"about":[{"href":"https:\/\/kuali.com.mx\/web\/wp-json\/wp\/v2\/types\/post"}],"author":[{"embeddable":true,"href":"https:\/\/kuali.com.mx\/web\/wp-json\/wp\/v2\/users\/2"}],"replies":[{"embeddable":true,"href":"https:\/\/kuali.com.mx\/web\/wp-json\/wp\/v2\/comments?post=35363"}],"version-history":[{"count":1,"href":"https:\/\/kuali.com.mx\/web\/wp-json\/wp\/v2\/posts\/35363\/revisions"}],"predecessor-version":[{"id":35365,"href":"https:\/\/kuali.com.mx\/web\/wp-json\/wp\/v2\/posts\/35363\/revisions\/35365"}],"wp:featuredmedia":[{"embeddable":true,"href":"https:\/\/kuali.com.mx\/web\/wp-json\/wp\/v2\/media\/35364"}],"wp:attachment":[{"href":"https:\/\/kuali.com.mx\/web\/wp-json\/wp\/v2\/media?parent=35363"}],"wp:term":[{"taxonomy":"category","embeddable":true,"href":"https:\/\/kuali.com.mx\/web\/wp-json\/wp\/v2\/categories?post=35363"},{"taxonomy":"post_tag","embeddable":true,"href":"https:\/\/kuali.com.mx\/web\/wp-json\/wp\/v2\/tags?post=35363"}],"curies":[{"name":"wp","href":"https:\/\/api.w.org\/{rel}","templated":true}]}}