{"id":26698,"date":"2017-06-26T07:50:09","date_gmt":"2017-06-26T12:50:09","guid":{"rendered":"http:\/\/kuali.com.mx\/?p=26698"},"modified":"2017-06-26T07:59:44","modified_gmt":"2017-06-26T12:59:44","slug":"ejecutan-a-2-jovenes-sanmiguelenses","status":"publish","type":"post","link":"https:\/\/kuali.com.mx\/web\/2017\/06\/26\/ejecutan-a-2-jovenes-sanmiguelenses\/","title":{"rendered":"EJECUTAN A 2 J\u00d3VENES SANMIGUELENSES"},"content":{"rendered":"<p style=\"text-align: justify;\"><strong><em>Kuali\/San Miguel de Allende, Gto.-<\/em> <\/strong>En la comunidad de Los Rodr\u00edguez fueron asesinadas dos personas con armas de fuego, inform\u00f3 la Secretar\u00eda de Seguridad P\u00fablica de San Miguel de Allende.\u00a0<!--more--><\/p>\n<p style=\"text-align: justify;\">\u00a0\u201cEran alrededor de las 3:30 de la ma\u00f1ana del domingo, cuando al 911 lleg\u00f3 un reporte de detonaciones por arma de fuego en la calle Independencia en la comunidad los Rodr\u00edguez\u201d, relat\u00f3.<\/p>\n<p style=\"text-align: justify;\">\u00a0Agreg\u00f3 que los oficiales junto con param\u00e9dicos de Cruz Roja se trasladaron hasta el lugar y al llegar encontraron los cuerpos de dos hombres a un costado de un veh\u00edculo de motor de la marca Pointer blanco.<\/p>\n<p style=\"text-align: justify;\">\u00a0\u201cLos fallecidos fueron identificados como Miguel \u00c1ngel, de 35 a\u00f1os y Ra\u00fal de 20 a\u00f1os; a simple se pudieron ver lesiones con las caracter\u00edsticas de las producidas por proyectil disparado por arma de fuego\u201d, detall\u00f3.<\/p>\n<p style=\"text-align: justify;\">\u00a0Minutos m\u00e1s tarde arribaron elementos del Ministerio P\u00fablico, quienes recogieron los indicios necesarios para realizar las indagatorias correspondientes y as\u00ed esclarecer los hechos, concluy\u00f3.<\/p>\n<p>&nbsp;<\/p>\n","protected":false},"excerpt":{"rendered":"Kuali\/San Miguel de Allende, Gto.- En la comunidad de Los Rodr\u00edguez fueron asesinadas dos personas con armas de fuego, inform\u00f3 la Secretar\u00eda de Seguridad P\u00fablica de San Miguel de Allende.\u00a0","protected":false},"author":2,"featured_media":11249,"comment_status":"open","ping_status":"open","sticky":false,"template":"","format":"standard","meta":{"_seopress_robots_primary_cat":"","_seopress_titles_title":"","_seopress_titles_desc":"","_seopress_robots_index":"","_monsterinsights_skip_tracking":false,"_monsterinsights_sitenote_active":false,"_monsterinsights_sitenote_note":"","_monsterinsights_sitenote_category":0,"footnotes":""},"categories":[3],"tags":[],"class_list":["post-26698","post","type-post","status-publish","format-standard","has-post-thumbnail","hentry","category-politica"],"yoast_head":"<!-- This site is optimized with the Yoast SEO plugin v27.4 - https:\/\/yoast.com\/product\/yoast-seo-wordpress\/ -->\n<title>EJECUTAN A 2 J\u00d3VENES SANMIGUELENSES - Kuali<\/title>\n<meta name=\"robots\" content=\"index, follow, max-snippet:-1, max-image-preview:large, max-video-preview:-1\" \/>\n<link rel=\"canonical\" href=\"https:\/\/kuali.com.mx\/web\/2017\/06\/26\/ejecutan-a-2-jovenes-sanmiguelenses\/\" \/>\n<meta property=\"og:locale\" content=\"es_MX\" \/>\n<meta property=\"og:type\" content=\"article\" \/>\n<meta property=\"og:title\" content=\"EJECUTAN A 2 J\u00d3VENES SANMIGUELENSES - Kuali\" \/>\n<meta property=\"og:description\" content=\"Kuali\/San Miguel de Allende, Gto.- En la comunidad de Los Rodr\u00edguez fueron asesinadas dos personas con armas de fuego, inform\u00f3 la Secretar\u00eda de Seguridad P\u00fablica de San Miguel de Allende.\u00a0\" \/>\n<meta property=\"og:url\" content=\"https:\/\/kuali.com.mx\/web\/2017\/06\/26\/ejecutan-a-2-jovenes-sanmiguelenses\/\" \/>\n<meta property=\"og:site_name\" content=\"Kuali\" \/>\n<meta property=\"article:publisher\" content=\"https:\/\/kuali.com.mx\/web\/wp-content\/uploads\/2018\/04\/cropped-kuali_logo-1-1.png\" \/>\n<meta property=\"article:published_time\" content=\"2017-06-26T12:50:09+00:00\" \/>\n<meta property=\"article:modified_time\" content=\"2017-06-26T12:59:44+00:00\" \/>\n<meta property=\"og:image\" content=\"https:\/\/kuali.com.mx\/web\/wp-content\/uploads\/2016\/03\/SMA-e1457152519752.jpg\" \/>\n\t<meta property=\"og:image:width\" content=\"1000\" \/>\n\t<meta property=\"og:image:height\" content=\"664\" \/>\n\t<meta property=\"og:image:type\" content=\"image\/jpeg\" \/>\n<meta name=\"author\" content=\"Kuali Staff\" \/>\n<meta name=\"twitter:card\" content=\"summary_large_image\" \/>\n<meta name=\"twitter:creator\" content=\"@kuali_noticias\" \/>\n<meta name=\"twitter:site\" content=\"@kuali_noticias\" \/>\n<meta name=\"twitter:label1\" content=\"Escrito por\" \/>\n\t<meta name=\"twitter:data1\" content=\"Kuali Staff\" \/>\n\t<meta name=\"twitter:label2\" content=\"Tiempo de lectura\" \/>\n\t<meta name=\"twitter:data2\" content=\"1 minuto\" \/>\n<script type=\"application\/ld+json\" class=\"yoast-schema-graph\">{\"@context\":\"https:\\\/\\\/schema.org\",\"@graph\":[{\"@type\":\"Article\",\"@id\":\"https:\\\/\\\/kuali.com.mx\\\/web\\\/2017\\\/06\\\/26\\\/ejecutan-a-2-jovenes-sanmiguelenses\\\/#article\",\"isPartOf\":{\"@id\":\"https:\\\/\\\/kuali.com.mx\\\/web\\\/2017\\\/06\\\/26\\\/ejecutan-a-2-jovenes-sanmiguelenses\\\/\"},\"author\":{\"name\":\"Kuali Staff\",\"@id\":\"https:\\\/\\\/kuali.com.mx\\\/web\\\/#\\\/schema\\\/person\\\/6f89ffa8ecba9dae50662357923c5289\"},\"headline\":\"EJECUTAN A 2 J\u00d3VENES SANMIGUELENSES\",\"datePublished\":\"2017-06-26T12:50:09+00:00\",\"dateModified\":\"2017-06-26T12:59:44+00:00\",\"mainEntityOfPage\":{\"@id\":\"https:\\\/\\\/kuali.com.mx\\\/web\\\/2017\\\/06\\\/26\\\/ejecutan-a-2-jovenes-sanmiguelenses\\\/\"},\"wordCount\":175,\"commentCount\":0,\"image\":{\"@id\":\"https:\\\/\\\/kuali.com.mx\\\/web\\\/2017\\\/06\\\/26\\\/ejecutan-a-2-jovenes-sanmiguelenses\\\/#primaryimage\"},\"thumbnailUrl\":\"https:\\\/\\\/kuali.com.mx\\\/web\\\/wp-content\\\/uploads\\\/2016\\\/03\\\/SMA-e1457152519752.jpg\",\"articleSection\":[\"Pol\u00edtica\"],\"inLanguage\":\"es\",\"potentialAction\":[{\"@type\":\"CommentAction\",\"name\":\"Comment\",\"target\":[\"https:\\\/\\\/kuali.com.mx\\\/web\\\/2017\\\/06\\\/26\\\/ejecutan-a-2-jovenes-sanmiguelenses\\\/#respond\"]}]},{\"@type\":\"WebPage\",\"@id\":\"https:\\\/\\\/kuali.com.mx\\\/web\\\/2017\\\/06\\\/26\\\/ejecutan-a-2-jovenes-sanmiguelenses\\\/\",\"url\":\"https:\\\/\\\/kuali.com.mx\\\/web\\\/2017\\\/06\\\/26\\\/ejecutan-a-2-jovenes-sanmiguelenses\\\/\",\"name\":\"EJECUTAN A 2 J\u00d3VENES SANMIGUELENSES - Kuali\",\"isPartOf\":{\"@id\":\"https:\\\/\\\/kuali.com.mx\\\/web\\\/#website\"},\"primaryImageOfPage\":{\"@id\":\"https:\\\/\\\/kuali.com.mx\\\/web\\\/2017\\\/06\\\/26\\\/ejecutan-a-2-jovenes-sanmiguelenses\\\/#primaryimage\"},\"image\":{\"@id\":\"https:\\\/\\\/kuali.com.mx\\\/web\\\/2017\\\/06\\\/26\\\/ejecutan-a-2-jovenes-sanmiguelenses\\\/#primaryimage\"},\"thumbnailUrl\":\"https:\\\/\\\/kuali.com.mx\\\/web\\\/wp-content\\\/uploads\\\/2016\\\/03\\\/SMA-e1457152519752.jpg\",\"datePublished\":\"2017-06-26T12:50:09+00:00\",\"dateModified\":\"2017-06-26T12:59:44+00:00\",\"author\":{\"@id\":\"https:\\\/\\\/kuali.com.mx\\\/web\\\/#\\\/schema\\\/person\\\/6f89ffa8ecba9dae50662357923c5289\"},\"breadcrumb\":{\"@id\":\"https:\\\/\\\/kuali.com.mx\\\/web\\\/2017\\\/06\\\/26\\\/ejecutan-a-2-jovenes-sanmiguelenses\\\/#breadcrumb\"},\"inLanguage\":\"es\",\"potentialAction\":[{\"@type\":\"ReadAction\",\"target\":[\"https:\\\/\\\/kuali.com.mx\\\/web\\\/2017\\\/06\\\/26\\\/ejecutan-a-2-jovenes-sanmiguelenses\\\/\"]}]},{\"@type\":\"ImageObject\",\"inLanguage\":\"es\",\"@id\":\"https:\\\/\\\/kuali.com.mx\\\/web\\\/2017\\\/06\\\/26\\\/ejecutan-a-2-jovenes-sanmiguelenses\\\/#primaryimage\",\"url\":\"https:\\\/\\\/kuali.com.mx\\\/web\\\/wp-content\\\/uploads\\\/2016\\\/03\\\/SMA-e1457152519752.jpg\",\"contentUrl\":\"https:\\\/\\\/kuali.com.mx\\\/web\\\/wp-content\\\/uploads\\\/2016\\\/03\\\/SMA-e1457152519752.jpg\",\"width\":1000,\"height\":664},{\"@type\":\"BreadcrumbList\",\"@id\":\"https:\\\/\\\/kuali.com.mx\\\/web\\\/2017\\\/06\\\/26\\\/ejecutan-a-2-jovenes-sanmiguelenses\\\/#breadcrumb\",\"itemListElement\":[{\"@type\":\"ListItem\",\"position\":1,\"name\":\"Inicio\",\"item\":\"https:\\\/\\\/kuali.com.mx\\\/web\\\/\"},{\"@type\":\"ListItem\",\"position\":2,\"name\":\"EJECUTAN A 2 J\u00d3VENES SANMIGUELENSES\"}]},{\"@type\":\"WebSite\",\"@id\":\"https:\\\/\\\/kuali.com.mx\\\/web\\\/#website\",\"url\":\"https:\\\/\\\/kuali.com.mx\\\/web\\\/\",\"name\":\"Kuali\",\"description\":\"\",\"potentialAction\":[{\"@type\":\"SearchAction\",\"target\":{\"@type\":\"EntryPoint\",\"urlTemplate\":\"https:\\\/\\\/kuali.com.mx\\\/web\\\/?s={search_term_string}\"},\"query-input\":{\"@type\":\"PropertyValueSpecification\",\"valueRequired\":true,\"valueName\":\"search_term_string\"}}],\"inLanguage\":\"es\"},{\"@type\":\"Person\",\"@id\":\"https:\\\/\\\/kuali.com.mx\\\/web\\\/#\\\/schema\\\/person\\\/6f89ffa8ecba9dae50662357923c5289\",\"name\":\"Kuali Staff\",\"image\":{\"@type\":\"ImageObject\",\"inLanguage\":\"es\",\"@id\":\"https:\\\/\\\/secure.gravatar.com\\\/avatar\\\/f917ad82e5ab71227a733c78b6e60715476f69ee6be59feee4eb5d9920c89e0f?s=96&d=mm&r=g\",\"url\":\"https:\\\/\\\/secure.gravatar.com\\\/avatar\\\/f917ad82e5ab71227a733c78b6e60715476f69ee6be59feee4eb5d9920c89e0f?s=96&d=mm&r=g\",\"contentUrl\":\"https:\\\/\\\/secure.gravatar.com\\\/avatar\\\/f917ad82e5ab71227a733c78b6e60715476f69ee6be59feee4eb5d9920c89e0f?s=96&d=mm&r=g\",\"caption\":\"Kuali Staff\"},\"url\":\"https:\\\/\\\/kuali.com.mx\\\/web\\\/author\\\/lagarto\\\/\"}]}<\/script>\n<!-- \/ Yoast SEO plugin. -->","yoast_head_json":{"title":"EJECUTAN A 2 J\u00d3VENES SANMIGUELENSES - Kuali","robots":{"index":"index","follow":"follow","max-snippet":"max-snippet:-1","max-image-preview":"max-image-preview:large","max-video-preview":"max-video-preview:-1"},"canonical":"https:\/\/kuali.com.mx\/web\/2017\/06\/26\/ejecutan-a-2-jovenes-sanmiguelenses\/","og_locale":"es_MX","og_type":"article","og_title":"EJECUTAN A 2 J\u00d3VENES SANMIGUELENSES - Kuali","og_description":"Kuali\/San Miguel de Allende, Gto.- En la comunidad de Los Rodr\u00edguez fueron asesinadas dos personas con armas de fuego, inform\u00f3 la Secretar\u00eda de Seguridad P\u00fablica de San Miguel de Allende.\u00a0","og_url":"https:\/\/kuali.com.mx\/web\/2017\/06\/26\/ejecutan-a-2-jovenes-sanmiguelenses\/","og_site_name":"Kuali","article_publisher":"https:\/\/kuali.com.mx\/web\/wp-content\/uploads\/2018\/04\/cropped-kuali_logo-1-1.png","article_published_time":"2017-06-26T12:50:09+00:00","article_modified_time":"2017-06-26T12:59:44+00:00","og_image":[{"width":1000,"height":664,"url":"https:\/\/kuali.com.mx\/web\/wp-content\/uploads\/2016\/03\/SMA-e1457152519752.jpg","type":"image\/jpeg"}],"author":"Kuali Staff","twitter_card":"summary_large_image","twitter_creator":"@kuali_noticias","twitter_site":"@kuali_noticias","twitter_misc":{"Escrito por":"Kuali Staff","Tiempo de lectura":"1 minuto"},"schema":{"@context":"https:\/\/schema.org","@graph":[{"@type":"Article","@id":"https:\/\/kuali.com.mx\/web\/2017\/06\/26\/ejecutan-a-2-jovenes-sanmiguelenses\/#article","isPartOf":{"@id":"https:\/\/kuali.com.mx\/web\/2017\/06\/26\/ejecutan-a-2-jovenes-sanmiguelenses\/"},"author":{"name":"Kuali Staff","@id":"https:\/\/kuali.com.mx\/web\/#\/schema\/person\/6f89ffa8ecba9dae50662357923c5289"},"headline":"EJECUTAN A 2 J\u00d3VENES SANMIGUELENSES","datePublished":"2017-06-26T12:50:09+00:00","dateModified":"2017-06-26T12:59:44+00:00","mainEntityOfPage":{"@id":"https:\/\/kuali.com.mx\/web\/2017\/06\/26\/ejecutan-a-2-jovenes-sanmiguelenses\/"},"wordCount":175,"commentCount":0,"image":{"@id":"https:\/\/kuali.com.mx\/web\/2017\/06\/26\/ejecutan-a-2-jovenes-sanmiguelenses\/#primaryimage"},"thumbnailUrl":"https:\/\/kuali.com.mx\/web\/wp-content\/uploads\/2016\/03\/SMA-e1457152519752.jpg","articleSection":["Pol\u00edtica"],"inLanguage":"es","potentialAction":[{"@type":"CommentAction","name":"Comment","target":["https:\/\/kuali.com.mx\/web\/2017\/06\/26\/ejecutan-a-2-jovenes-sanmiguelenses\/#respond"]}]},{"@type":"WebPage","@id":"https:\/\/kuali.com.mx\/web\/2017\/06\/26\/ejecutan-a-2-jovenes-sanmiguelenses\/","url":"https:\/\/kuali.com.mx\/web\/2017\/06\/26\/ejecutan-a-2-jovenes-sanmiguelenses\/","name":"EJECUTAN A 2 J\u00d3VENES SANMIGUELENSES - Kuali","isPartOf":{"@id":"https:\/\/kuali.com.mx\/web\/#website"},"primaryImageOfPage":{"@id":"https:\/\/kuali.com.mx\/web\/2017\/06\/26\/ejecutan-a-2-jovenes-sanmiguelenses\/#primaryimage"},"image":{"@id":"https:\/\/kuali.com.mx\/web\/2017\/06\/26\/ejecutan-a-2-jovenes-sanmiguelenses\/#primaryimage"},"thumbnailUrl":"https:\/\/kuali.com.mx\/web\/wp-content\/uploads\/2016\/03\/SMA-e1457152519752.jpg","datePublished":"2017-06-26T12:50:09+00:00","dateModified":"2017-06-26T12:59:44+00:00","author":{"@id":"https:\/\/kuali.com.mx\/web\/#\/schema\/person\/6f89ffa8ecba9dae50662357923c5289"},"breadcrumb":{"@id":"https:\/\/kuali.com.mx\/web\/2017\/06\/26\/ejecutan-a-2-jovenes-sanmiguelenses\/#breadcrumb"},"inLanguage":"es","potentialAction":[{"@type":"ReadAction","target":["https:\/\/kuali.com.mx\/web\/2017\/06\/26\/ejecutan-a-2-jovenes-sanmiguelenses\/"]}]},{"@type":"ImageObject","inLanguage":"es","@id":"https:\/\/kuali.com.mx\/web\/2017\/06\/26\/ejecutan-a-2-jovenes-sanmiguelenses\/#primaryimage","url":"https:\/\/kuali.com.mx\/web\/wp-content\/uploads\/2016\/03\/SMA-e1457152519752.jpg","contentUrl":"https:\/\/kuali.com.mx\/web\/wp-content\/uploads\/2016\/03\/SMA-e1457152519752.jpg","width":1000,"height":664},{"@type":"BreadcrumbList","@id":"https:\/\/kuali.com.mx\/web\/2017\/06\/26\/ejecutan-a-2-jovenes-sanmiguelenses\/#breadcrumb","itemListElement":[{"@type":"ListItem","position":1,"name":"Inicio","item":"https:\/\/kuali.com.mx\/web\/"},{"@type":"ListItem","position":2,"name":"EJECUTAN A 2 J\u00d3VENES SANMIGUELENSES"}]},{"@type":"WebSite","@id":"https:\/\/kuali.com.mx\/web\/#website","url":"https:\/\/kuali.com.mx\/web\/","name":"Kuali","description":"","potentialAction":[{"@type":"SearchAction","target":{"@type":"EntryPoint","urlTemplate":"https:\/\/kuali.com.mx\/web\/?s={search_term_string}"},"query-input":{"@type":"PropertyValueSpecification","valueRequired":true,"valueName":"search_term_string"}}],"inLanguage":"es"},{"@type":"Person","@id":"https:\/\/kuali.com.mx\/web\/#\/schema\/person\/6f89ffa8ecba9dae50662357923c5289","name":"Kuali Staff","image":{"@type":"ImageObject","inLanguage":"es","@id":"https:\/\/secure.gravatar.com\/avatar\/f917ad82e5ab71227a733c78b6e60715476f69ee6be59feee4eb5d9920c89e0f?s=96&d=mm&r=g","url":"https:\/\/secure.gravatar.com\/avatar\/f917ad82e5ab71227a733c78b6e60715476f69ee6be59feee4eb5d9920c89e0f?s=96&d=mm&r=g","contentUrl":"https:\/\/secure.gravatar.com\/avatar\/f917ad82e5ab71227a733c78b6e60715476f69ee6be59feee4eb5d9920c89e0f?s=96&d=mm&r=g","caption":"Kuali Staff"},"url":"https:\/\/kuali.com.mx\/web\/author\/lagarto\/"}]}},"_links":{"self":[{"href":"https:\/\/kuali.com.mx\/web\/wp-json\/wp\/v2\/posts\/26698","targetHints":{"allow":["GET"]}}],"collection":[{"href":"https:\/\/kuali.com.mx\/web\/wp-json\/wp\/v2\/posts"}],"about":[{"href":"https:\/\/kuali.com.mx\/web\/wp-json\/wp\/v2\/types\/post"}],"author":[{"embeddable":true,"href":"https:\/\/kuali.com.mx\/web\/wp-json\/wp\/v2\/users\/2"}],"replies":[{"embeddable":true,"href":"https:\/\/kuali.com.mx\/web\/wp-json\/wp\/v2\/comments?post=26698"}],"version-history":[{"count":1,"href":"https:\/\/kuali.com.mx\/web\/wp-json\/wp\/v2\/posts\/26698\/revisions"}],"predecessor-version":[{"id":26699,"href":"https:\/\/kuali.com.mx\/web\/wp-json\/wp\/v2\/posts\/26698\/revisions\/26699"}],"wp:featuredmedia":[{"embeddable":true,"href":"https:\/\/kuali.com.mx\/web\/wp-json\/wp\/v2\/media\/11249"}],"wp:attachment":[{"href":"https:\/\/kuali.com.mx\/web\/wp-json\/wp\/v2\/media?parent=26698"}],"wp:term":[{"taxonomy":"category","embeddable":true,"href":"https:\/\/kuali.com.mx\/web\/wp-json\/wp\/v2\/categories?post=26698"},{"taxonomy":"post_tag","embeddable":true,"href":"https:\/\/kuali.com.mx\/web\/wp-json\/wp\/v2\/tags?post=26698"}],"curies":[{"name":"wp","href":"https:\/\/api.w.org\/{rel}","templated":true}]}}