{"id":2532,"date":"2015-04-23T02:32:38","date_gmt":"2015-04-23T02:32:38","guid":{"rendered":"http:\/\/kuali.com.mx\/?p=2532"},"modified":"2015-04-23T15:39:19","modified_gmt":"2015-04-23T15:39:19","slug":"regresan-a-alondra-luna-con-sus-padres","status":"publish","type":"post","link":"https:\/\/kuali.com.mx\/web\/2015\/04\/23\/regresan-a-alondra-luna-con-sus-padres\/","title":{"rendered":"REGRESA ALONDRA LUNA CON SUS PADRES"},"content":{"rendered":"<p>&nbsp;<\/p>\n<p style=\"text-align: justify;\"><em><strong>Carlos Garc\u00eda\/Guanajuato, Gto.-<\/strong><\/em>La menor de edad, Alondra Luna N\u00fa\u00f1ez regres\u00f3 con sus padres despu\u00e9s de que elementos de la Interpol se la llevaron de Guanajuato a Estados Unidos porque en un juicio civil la menor fue reclamada como hija de Dorotea Garc\u00eda Macedo.<\/p>\n<p style=\"text-align: justify;\"><!--more--><\/p>\n<p style=\"text-align: justify;\">Por gesti\u00f3n del gobierno de Guanajuato, la Secretar\u00eda de Relaciones Exteriores (SRE) obtuvo una prueba de ADN de Alondra que demostr\u00f3 que sus padres biol\u00f3gicos son Gustavo Luna Romero y Susana N\u00fa\u00f1ez Granados.<\/p>\n<p style=\"text-align: justify;\">El 16 de abril, personal de \u00a0la Procuradur\u00eda General de la Rep\u00fablica (PGR) adscrita a la Interpol entr\u00f3 a la telesecundaria Sor Juana In\u00e9s de la Cruz, ubicada \u00a0en la capital del estado, y se llevaron a Alondra a Michoac\u00e1n y de ah\u00ed a Estados Unidos.<\/p>\n<p style=\"text-align: justify;\">Despu\u00e9s de haber sido separada de su familia por siete d\u00edas, este mi\u00e9rcoles la adolescente arrib\u00f3 al Aeropuerto Internacional de Guanajuato donde fue recibida por sus padres; por el gobernador, Miguel M\u00e1rquez M\u00e1rquez; por funcionarios del Instituto Nacional de Migraci\u00f3n (INM), de la Procuradur\u00eda de los Derechos Humanos del Estado (PDHG) y por personal de la SRE.<\/p>\n<p style=\"text-align: justify;\">\u201cMa\u00f1ana me preguntan todo lo que quieran ahora quiero estar con mis pap\u00e1s, \u00a1quiero estar con mis pap\u00e1s!, ma\u00f1ana les doy hasta un abrazo, ma\u00f1ana\u2026\u201d, respondi\u00f3 Alondra a las preguntas de los medios de comunicaci\u00f3n.<\/p>\n<p style=\"text-align: justify;\">Gustavo Luna, padre de Alondra recrimin\u00f3 el actuar de las autoridades mexicanas y de las internacionales porque el grave error que cometieron.<\/p>\n<p style=\"text-align: justify;\">\u201cQuiero estar con mi hija, se equivoc\u00f3 en todo, todas a las autoridades involucradas en esto. Todo estuvo mal desde un principio, estoy enojado y veremos que seguir\u00e1\u201d, extern\u00f3 el guanajuatense.<\/p>\n<p style=\"text-align: justify;\">Record\u00f3 que desconoc\u00edan que exist\u00eda un juicio civil \u00a0en Michoac\u00e1n promovido por la residente de Houston, Texas, Doretea Garc\u00eda quien reclamaba a Alondra como su hija biol\u00f3gica.<\/p>\n<p style=\"text-align: justify;\">\u201cMe entero hasta que en la escuela de la ni\u00f1a estaba la Interpol y que quer\u00edan hablar conmigo.\u00a0\u00a0 Da un giro muy feo, pero todo esto ya pas\u00f3, les pido estar con mi hija, les agradezco\u201d, acot\u00f3 el hombre.<\/p>\n<p style=\"text-align: justify;\">Susana N\u00fa\u00f1ez extern\u00f3: \u201cEstoy feliz, su hermanito tambi\u00e9n, gracias al se\u00f1or gobernador, sin su ayuda no hubi\u00e9ramos tra\u00eddo a mi hija. Quiero disfrutar a mi hija, gracias a todos por apoyarnos\u201d.<\/p>\n<p style=\"text-align: justify;\">Por su parte, el gobernador dijo que siempre creyeron que Alondra era hija del matrimonio de Gustavo y Susana.<\/p>\n<p style=\"text-align: justify;\">\u201cEsto tiene un final feliz, gracias a Dios \u00a0la familia est\u00e1 reunida y algo importante, no perdieron la cabeza los pap\u00e1s. Se actuar\u00e1 apegado a derecho y se va hacer justicia, les dijimos no vamos a dejarlos solos\u201d, coment\u00f3 Miguel M\u00e1rquez.<\/p>\n<p style=\"text-align: justify;\">El proceso<\/p>\n<p style=\"text-align: justify;\">Por orden del juzgado de Primera Instancia Civil en los Reyes, Michoac\u00e1n, personal de la Agencia de Investigaci\u00f3n Criminal (AIC) adscrito a la Interpol M\u00e9xico localizaron y \u201crecuperaron\u201d a Alondra Luna, reclamada como hija de Dorotea Garc\u00eda.<\/p>\n<p style=\"text-align: justify;\">La mujer denunci\u00f3 que su ex esposo le quit\u00f3 a su hija y con el apoyo de la Direcci\u00f3n de Derecho de Familia de la Secretar\u00eda de Relaciones Exteriores ubicaron como hija de Dorotea a Alondra Luna.<\/p>\n<p style=\"text-align: justify;\">\u201cCon base en informaci\u00f3n proporcionada, se ubic\u00f3 a la adolescente en un domicilio en el estado de Guanajuato y se procedi\u00f3 a la recuperaci\u00f3n en la Escuela Telesecundaria en la que estudiaba, ante las autoridades de dicho plantel educativo, donde en todo momento estuvo acompa\u00f1ada de su padre\u201d, difundi\u00f3\u2019 la PGR despu\u00e9s de los hechos.<br \/>\nLa menor fue llevada ante la autoridad judicial en \u00a0Michoac\u00e1n \u201cquien concedi\u00f3 la restituci\u00f3n a su madre\u201d y Alondra fue trasladada a Estados Unidos.<\/p>\n<p style=\"text-align: justify;\">\u201cCabe destacar, que en todo momento los elementos de la Agencia de Investigaci\u00f3n Criminal, actuaron apegados a derecho, salvaguardando la integridad f\u00edsica, psicol\u00f3gica y emocional de la menor, en cumplimiento del mandato judicial\u201d, argument\u00f3 la PGR.<\/p>\n","protected":false},"excerpt":{"rendered":"&nbsp; Carlos Garc\u00eda\/Guanajuato, Gto.-La menor de edad, Alondra Luna N\u00fa\u00f1ez regres\u00f3 con sus padres despu\u00e9s de que elementos de la Interpol se la llevaron de Guanajuato a Estados Unidos porque en un juicio civil la menor fue reclamada como hija de Dorotea Garc\u00eda Macedo.","protected":false},"author":2,"featured_media":2533,"comment_status":"open","ping_status":"open","sticky":false,"template":"","format":"standard","meta":{"_seopress_robots_primary_cat":"","_seopress_titles_title":"","_seopress_titles_desc":"","_seopress_robots_index":"","_monsterinsights_skip_tracking":false,"_monsterinsights_sitenote_active":false,"_monsterinsights_sitenote_note":"","_monsterinsights_sitenote_category":0,"footnotes":""},"categories":[14,15],"tags":[],"class_list":["post-2532","post","type-post","status-publish","format-standard","has-post-thumbnail","hentry","category-derechos","category-principal"],"yoast_head":"<!-- This site is optimized with the Yoast SEO plugin v27.4 - https:\/\/yoast.com\/product\/yoast-seo-wordpress\/ -->\n<title>REGRESA ALONDRA LUNA CON SUS PADRES - Kuali<\/title>\n<meta name=\"robots\" content=\"index, follow, max-snippet:-1, max-image-preview:large, max-video-preview:-1\" \/>\n<link rel=\"canonical\" href=\"https:\/\/kuali.com.mx\/web\/2015\/04\/23\/regresan-a-alondra-luna-con-sus-padres\/\" \/>\n<meta property=\"og:locale\" content=\"es_MX\" \/>\n<meta property=\"og:type\" content=\"article\" \/>\n<meta property=\"og:title\" content=\"REGRESA ALONDRA LUNA CON SUS PADRES - Kuali\" \/>\n<meta property=\"og:description\" content=\"&nbsp; Carlos Garc\u00eda\/Guanajuato, Gto.-La menor de edad, Alondra Luna N\u00fa\u00f1ez regres\u00f3 con sus padres despu\u00e9s de que elementos de la Interpol se la llevaron de Guanajuato a Estados Unidos porque en un juicio civil la menor fue reclamada como hija de Dorotea Garc\u00eda Macedo.\" \/>\n<meta property=\"og:url\" content=\"https:\/\/kuali.com.mx\/web\/2015\/04\/23\/regresan-a-alondra-luna-con-sus-padres\/\" \/>\n<meta property=\"og:site_name\" content=\"Kuali\" \/>\n<meta property=\"article:publisher\" content=\"https:\/\/kuali.com.mx\/web\/wp-content\/uploads\/2018\/04\/cropped-kuali_logo-1-1.png\" \/>\n<meta property=\"article:published_time\" content=\"2015-04-23T02:32:38+00:00\" \/>\n<meta property=\"article:modified_time\" content=\"2015-04-23T15:39:19+00:00\" \/>\n<meta property=\"og:image\" content=\"https:\/\/kuali.com.mx\/web\/wp-content\/uploads\/2015\/04\/Alondra-gober.jpg\" \/>\n\t<meta property=\"og:image:width\" content=\"1752\" \/>\n\t<meta property=\"og:image:height\" content=\"1437\" \/>\n\t<meta property=\"og:image:type\" content=\"image\/jpeg\" \/>\n<meta name=\"author\" content=\"Kuali Staff\" \/>\n<meta name=\"twitter:card\" content=\"summary_large_image\" \/>\n<meta name=\"twitter:creator\" content=\"@kuali_noticias\" \/>\n<meta name=\"twitter:site\" content=\"@kuali_noticias\" \/>\n<meta name=\"twitter:label1\" content=\"Escrito por\" \/>\n\t<meta name=\"twitter:data1\" content=\"Kuali Staff\" \/>\n\t<meta name=\"twitter:label2\" content=\"Tiempo de lectura\" \/>\n\t<meta name=\"twitter:data2\" content=\"3 minutos\" \/>\n<script type=\"application\/ld+json\" class=\"yoast-schema-graph\">{\"@context\":\"https:\\\/\\\/schema.org\",\"@graph\":[{\"@type\":\"Article\",\"@id\":\"https:\\\/\\\/kuali.com.mx\\\/web\\\/2015\\\/04\\\/23\\\/regresan-a-alondra-luna-con-sus-padres\\\/#article\",\"isPartOf\":{\"@id\":\"https:\\\/\\\/kuali.com.mx\\\/web\\\/2015\\\/04\\\/23\\\/regresan-a-alondra-luna-con-sus-padres\\\/\"},\"author\":{\"name\":\"Kuali Staff\",\"@id\":\"https:\\\/\\\/kuali.com.mx\\\/web\\\/#\\\/schema\\\/person\\\/6f89ffa8ecba9dae50662357923c5289\"},\"headline\":\"REGRESA ALONDRA LUNA CON SUS PADRES\",\"datePublished\":\"2015-04-23T02:32:38+00:00\",\"dateModified\":\"2015-04-23T15:39:19+00:00\",\"mainEntityOfPage\":{\"@id\":\"https:\\\/\\\/kuali.com.mx\\\/web\\\/2015\\\/04\\\/23\\\/regresan-a-alondra-luna-con-sus-padres\\\/\"},\"wordCount\":678,\"commentCount\":0,\"image\":{\"@id\":\"https:\\\/\\\/kuali.com.mx\\\/web\\\/2015\\\/04\\\/23\\\/regresan-a-alondra-luna-con-sus-padres\\\/#primaryimage\"},\"thumbnailUrl\":\"https:\\\/\\\/kuali.com.mx\\\/web\\\/wp-content\\\/uploads\\\/2015\\\/04\\\/Alondra-gober.jpg\",\"articleSection\":[\"Derechos Humanos\",\"Principal\"],\"inLanguage\":\"es\",\"potentialAction\":[{\"@type\":\"CommentAction\",\"name\":\"Comment\",\"target\":[\"https:\\\/\\\/kuali.com.mx\\\/web\\\/2015\\\/04\\\/23\\\/regresan-a-alondra-luna-con-sus-padres\\\/#respond\"]}]},{\"@type\":\"WebPage\",\"@id\":\"https:\\\/\\\/kuali.com.mx\\\/web\\\/2015\\\/04\\\/23\\\/regresan-a-alondra-luna-con-sus-padres\\\/\",\"url\":\"https:\\\/\\\/kuali.com.mx\\\/web\\\/2015\\\/04\\\/23\\\/regresan-a-alondra-luna-con-sus-padres\\\/\",\"name\":\"REGRESA ALONDRA LUNA CON SUS PADRES - Kuali\",\"isPartOf\":{\"@id\":\"https:\\\/\\\/kuali.com.mx\\\/web\\\/#website\"},\"primaryImageOfPage\":{\"@id\":\"https:\\\/\\\/kuali.com.mx\\\/web\\\/2015\\\/04\\\/23\\\/regresan-a-alondra-luna-con-sus-padres\\\/#primaryimage\"},\"image\":{\"@id\":\"https:\\\/\\\/kuali.com.mx\\\/web\\\/2015\\\/04\\\/23\\\/regresan-a-alondra-luna-con-sus-padres\\\/#primaryimage\"},\"thumbnailUrl\":\"https:\\\/\\\/kuali.com.mx\\\/web\\\/wp-content\\\/uploads\\\/2015\\\/04\\\/Alondra-gober.jpg\",\"datePublished\":\"2015-04-23T02:32:38+00:00\",\"dateModified\":\"2015-04-23T15:39:19+00:00\",\"author\":{\"@id\":\"https:\\\/\\\/kuali.com.mx\\\/web\\\/#\\\/schema\\\/person\\\/6f89ffa8ecba9dae50662357923c5289\"},\"breadcrumb\":{\"@id\":\"https:\\\/\\\/kuali.com.mx\\\/web\\\/2015\\\/04\\\/23\\\/regresan-a-alondra-luna-con-sus-padres\\\/#breadcrumb\"},\"inLanguage\":\"es\",\"potentialAction\":[{\"@type\":\"ReadAction\",\"target\":[\"https:\\\/\\\/kuali.com.mx\\\/web\\\/2015\\\/04\\\/23\\\/regresan-a-alondra-luna-con-sus-padres\\\/\"]}]},{\"@type\":\"ImageObject\",\"inLanguage\":\"es\",\"@id\":\"https:\\\/\\\/kuali.com.mx\\\/web\\\/2015\\\/04\\\/23\\\/regresan-a-alondra-luna-con-sus-padres\\\/#primaryimage\",\"url\":\"https:\\\/\\\/kuali.com.mx\\\/web\\\/wp-content\\\/uploads\\\/2015\\\/04\\\/Alondra-gober.jpg\",\"contentUrl\":\"https:\\\/\\\/kuali.com.mx\\\/web\\\/wp-content\\\/uploads\\\/2015\\\/04\\\/Alondra-gober.jpg\",\"width\":1752,\"height\":1437},{\"@type\":\"BreadcrumbList\",\"@id\":\"https:\\\/\\\/kuali.com.mx\\\/web\\\/2015\\\/04\\\/23\\\/regresan-a-alondra-luna-con-sus-padres\\\/#breadcrumb\",\"itemListElement\":[{\"@type\":\"ListItem\",\"position\":1,\"name\":\"Inicio\",\"item\":\"https:\\\/\\\/kuali.com.mx\\\/web\\\/\"},{\"@type\":\"ListItem\",\"position\":2,\"name\":\"REGRESA ALONDRA LUNA CON SUS PADRES\"}]},{\"@type\":\"WebSite\",\"@id\":\"https:\\\/\\\/kuali.com.mx\\\/web\\\/#website\",\"url\":\"https:\\\/\\\/kuali.com.mx\\\/web\\\/\",\"name\":\"Kuali\",\"description\":\"\",\"potentialAction\":[{\"@type\":\"SearchAction\",\"target\":{\"@type\":\"EntryPoint\",\"urlTemplate\":\"https:\\\/\\\/kuali.com.mx\\\/web\\\/?s={search_term_string}\"},\"query-input\":{\"@type\":\"PropertyValueSpecification\",\"valueRequired\":true,\"valueName\":\"search_term_string\"}}],\"inLanguage\":\"es\"},{\"@type\":\"Person\",\"@id\":\"https:\\\/\\\/kuali.com.mx\\\/web\\\/#\\\/schema\\\/person\\\/6f89ffa8ecba9dae50662357923c5289\",\"name\":\"Kuali Staff\",\"image\":{\"@type\":\"ImageObject\",\"inLanguage\":\"es\",\"@id\":\"https:\\\/\\\/secure.gravatar.com\\\/avatar\\\/f917ad82e5ab71227a733c78b6e60715476f69ee6be59feee4eb5d9920c89e0f?s=96&d=mm&r=g\",\"url\":\"https:\\\/\\\/secure.gravatar.com\\\/avatar\\\/f917ad82e5ab71227a733c78b6e60715476f69ee6be59feee4eb5d9920c89e0f?s=96&d=mm&r=g\",\"contentUrl\":\"https:\\\/\\\/secure.gravatar.com\\\/avatar\\\/f917ad82e5ab71227a733c78b6e60715476f69ee6be59feee4eb5d9920c89e0f?s=96&d=mm&r=g\",\"caption\":\"Kuali Staff\"},\"url\":\"https:\\\/\\\/kuali.com.mx\\\/web\\\/author\\\/lagarto\\\/\"}]}<\/script>\n<!-- \/ Yoast SEO plugin. -->","yoast_head_json":{"title":"REGRESA ALONDRA LUNA CON SUS PADRES - Kuali","robots":{"index":"index","follow":"follow","max-snippet":"max-snippet:-1","max-image-preview":"max-image-preview:large","max-video-preview":"max-video-preview:-1"},"canonical":"https:\/\/kuali.com.mx\/web\/2015\/04\/23\/regresan-a-alondra-luna-con-sus-padres\/","og_locale":"es_MX","og_type":"article","og_title":"REGRESA ALONDRA LUNA CON SUS PADRES - Kuali","og_description":"&nbsp; Carlos Garc\u00eda\/Guanajuato, Gto.-La menor de edad, Alondra Luna N\u00fa\u00f1ez regres\u00f3 con sus padres despu\u00e9s de que elementos de la Interpol se la llevaron de Guanajuato a Estados Unidos porque en un juicio civil la menor fue reclamada como hija de Dorotea Garc\u00eda Macedo.","og_url":"https:\/\/kuali.com.mx\/web\/2015\/04\/23\/regresan-a-alondra-luna-con-sus-padres\/","og_site_name":"Kuali","article_publisher":"https:\/\/kuali.com.mx\/web\/wp-content\/uploads\/2018\/04\/cropped-kuali_logo-1-1.png","article_published_time":"2015-04-23T02:32:38+00:00","article_modified_time":"2015-04-23T15:39:19+00:00","og_image":[{"width":1752,"height":1437,"url":"https:\/\/kuali.com.mx\/web\/wp-content\/uploads\/2015\/04\/Alondra-gober.jpg","type":"image\/jpeg"}],"author":"Kuali Staff","twitter_card":"summary_large_image","twitter_creator":"@kuali_noticias","twitter_site":"@kuali_noticias","twitter_misc":{"Escrito por":"Kuali Staff","Tiempo de lectura":"3 minutos"},"schema":{"@context":"https:\/\/schema.org","@graph":[{"@type":"Article","@id":"https:\/\/kuali.com.mx\/web\/2015\/04\/23\/regresan-a-alondra-luna-con-sus-padres\/#article","isPartOf":{"@id":"https:\/\/kuali.com.mx\/web\/2015\/04\/23\/regresan-a-alondra-luna-con-sus-padres\/"},"author":{"name":"Kuali Staff","@id":"https:\/\/kuali.com.mx\/web\/#\/schema\/person\/6f89ffa8ecba9dae50662357923c5289"},"headline":"REGRESA ALONDRA LUNA CON SUS PADRES","datePublished":"2015-04-23T02:32:38+00:00","dateModified":"2015-04-23T15:39:19+00:00","mainEntityOfPage":{"@id":"https:\/\/kuali.com.mx\/web\/2015\/04\/23\/regresan-a-alondra-luna-con-sus-padres\/"},"wordCount":678,"commentCount":0,"image":{"@id":"https:\/\/kuali.com.mx\/web\/2015\/04\/23\/regresan-a-alondra-luna-con-sus-padres\/#primaryimage"},"thumbnailUrl":"https:\/\/kuali.com.mx\/web\/wp-content\/uploads\/2015\/04\/Alondra-gober.jpg","articleSection":["Derechos Humanos","Principal"],"inLanguage":"es","potentialAction":[{"@type":"CommentAction","name":"Comment","target":["https:\/\/kuali.com.mx\/web\/2015\/04\/23\/regresan-a-alondra-luna-con-sus-padres\/#respond"]}]},{"@type":"WebPage","@id":"https:\/\/kuali.com.mx\/web\/2015\/04\/23\/regresan-a-alondra-luna-con-sus-padres\/","url":"https:\/\/kuali.com.mx\/web\/2015\/04\/23\/regresan-a-alondra-luna-con-sus-padres\/","name":"REGRESA ALONDRA LUNA CON SUS PADRES - Kuali","isPartOf":{"@id":"https:\/\/kuali.com.mx\/web\/#website"},"primaryImageOfPage":{"@id":"https:\/\/kuali.com.mx\/web\/2015\/04\/23\/regresan-a-alondra-luna-con-sus-padres\/#primaryimage"},"image":{"@id":"https:\/\/kuali.com.mx\/web\/2015\/04\/23\/regresan-a-alondra-luna-con-sus-padres\/#primaryimage"},"thumbnailUrl":"https:\/\/kuali.com.mx\/web\/wp-content\/uploads\/2015\/04\/Alondra-gober.jpg","datePublished":"2015-04-23T02:32:38+00:00","dateModified":"2015-04-23T15:39:19+00:00","author":{"@id":"https:\/\/kuali.com.mx\/web\/#\/schema\/person\/6f89ffa8ecba9dae50662357923c5289"},"breadcrumb":{"@id":"https:\/\/kuali.com.mx\/web\/2015\/04\/23\/regresan-a-alondra-luna-con-sus-padres\/#breadcrumb"},"inLanguage":"es","potentialAction":[{"@type":"ReadAction","target":["https:\/\/kuali.com.mx\/web\/2015\/04\/23\/regresan-a-alondra-luna-con-sus-padres\/"]}]},{"@type":"ImageObject","inLanguage":"es","@id":"https:\/\/kuali.com.mx\/web\/2015\/04\/23\/regresan-a-alondra-luna-con-sus-padres\/#primaryimage","url":"https:\/\/kuali.com.mx\/web\/wp-content\/uploads\/2015\/04\/Alondra-gober.jpg","contentUrl":"https:\/\/kuali.com.mx\/web\/wp-content\/uploads\/2015\/04\/Alondra-gober.jpg","width":1752,"height":1437},{"@type":"BreadcrumbList","@id":"https:\/\/kuali.com.mx\/web\/2015\/04\/23\/regresan-a-alondra-luna-con-sus-padres\/#breadcrumb","itemListElement":[{"@type":"ListItem","position":1,"name":"Inicio","item":"https:\/\/kuali.com.mx\/web\/"},{"@type":"ListItem","position":2,"name":"REGRESA ALONDRA LUNA CON SUS PADRES"}]},{"@type":"WebSite","@id":"https:\/\/kuali.com.mx\/web\/#website","url":"https:\/\/kuali.com.mx\/web\/","name":"Kuali","description":"","potentialAction":[{"@type":"SearchAction","target":{"@type":"EntryPoint","urlTemplate":"https:\/\/kuali.com.mx\/web\/?s={search_term_string}"},"query-input":{"@type":"PropertyValueSpecification","valueRequired":true,"valueName":"search_term_string"}}],"inLanguage":"es"},{"@type":"Person","@id":"https:\/\/kuali.com.mx\/web\/#\/schema\/person\/6f89ffa8ecba9dae50662357923c5289","name":"Kuali Staff","image":{"@type":"ImageObject","inLanguage":"es","@id":"https:\/\/secure.gravatar.com\/avatar\/f917ad82e5ab71227a733c78b6e60715476f69ee6be59feee4eb5d9920c89e0f?s=96&d=mm&r=g","url":"https:\/\/secure.gravatar.com\/avatar\/f917ad82e5ab71227a733c78b6e60715476f69ee6be59feee4eb5d9920c89e0f?s=96&d=mm&r=g","contentUrl":"https:\/\/secure.gravatar.com\/avatar\/f917ad82e5ab71227a733c78b6e60715476f69ee6be59feee4eb5d9920c89e0f?s=96&d=mm&r=g","caption":"Kuali Staff"},"url":"https:\/\/kuali.com.mx\/web\/author\/lagarto\/"}]}},"_links":{"self":[{"href":"https:\/\/kuali.com.mx\/web\/wp-json\/wp\/v2\/posts\/2532","targetHints":{"allow":["GET"]}}],"collection":[{"href":"https:\/\/kuali.com.mx\/web\/wp-json\/wp\/v2\/posts"}],"about":[{"href":"https:\/\/kuali.com.mx\/web\/wp-json\/wp\/v2\/types\/post"}],"author":[{"embeddable":true,"href":"https:\/\/kuali.com.mx\/web\/wp-json\/wp\/v2\/users\/2"}],"replies":[{"embeddable":true,"href":"https:\/\/kuali.com.mx\/web\/wp-json\/wp\/v2\/comments?post=2532"}],"version-history":[{"count":2,"href":"https:\/\/kuali.com.mx\/web\/wp-json\/wp\/v2\/posts\/2532\/revisions"}],"predecessor-version":[{"id":2556,"href":"https:\/\/kuali.com.mx\/web\/wp-json\/wp\/v2\/posts\/2532\/revisions\/2556"}],"wp:featuredmedia":[{"embeddable":true,"href":"https:\/\/kuali.com.mx\/web\/wp-json\/wp\/v2\/media\/2533"}],"wp:attachment":[{"href":"https:\/\/kuali.com.mx\/web\/wp-json\/wp\/v2\/media?parent=2532"}],"wp:term":[{"taxonomy":"category","embeddable":true,"href":"https:\/\/kuali.com.mx\/web\/wp-json\/wp\/v2\/categories?post=2532"},{"taxonomy":"post_tag","embeddable":true,"href":"https:\/\/kuali.com.mx\/web\/wp-json\/wp\/v2\/tags?post=2532"}],"curies":[{"name":"wp","href":"https:\/\/api.w.org\/{rel}","templated":true}]}}