{"id":203026,"date":"2026-04-26T17:48:00","date_gmt":"2026-04-26T23:48:00","guid":{"rendered":"https:\/\/kuali.com.mx\/web\/?p=203026"},"modified":"2026-04-27T07:11:00","modified_gmt":"2026-04-27T13:11:00","slug":"crece-violencia-y-criminalidad-en-silao-millan","status":"publish","type":"post","link":"https:\/\/kuali.com.mx\/web\/2026\/04\/26\/crece-violencia-y-criminalidad-en-silao-millan\/","title":{"rendered":"CRECE VIOLENCIA Y CRIMINALIDAD EN SILAO: MILL\u00c1N"},"content":{"rendered":"\n<p><strong><em>Alicia Arias\/Guanajuato, Gto. -\u00a0<\/em><\/strong>El diputado local Ernesto Mill\u00e1n Soberanes denunci\u00f3 que los \u00edndices de violencia y criminalidad en el municipio de Silao van en aumento y present\u00f3 un punto de acuerdo para que la secretar\u00eda de seguridad estatal fortalezca su presencia en el municipio.<\/p>\n\n\n\n<p>Durante los a\u00f1os 2024 y 2025, a acuerdo con datos del Secretariado Ejecutivo del Sistema Nacional de Seguridad P\u00fablica (SESNSSP), Silao presenta un deterioro sostenido en varios indicadores de violencia y criminalidad, asegur\u00f3 el legislador del partido Movimiento Regeneraci\u00f3n Nacional (Morena).<\/p>\n\n\n\n<p>Destac\u00f3 que, el narcomenudeo mantiene cifras similares entre 2024 y 2025, lo que refleja una falta de contenci\u00f3n efectiva, pues, en 2024 se abrieron 245 carpetas de investigaci\u00f3n por ese delito y 242 en el 2025.<\/p>\n\n\n\n<p>Afirm\u00f3 que, en el primer trimestre del a\u00f1o 2026 la situaci\u00f3n no ha mejorado. Tan solo en lo que va del a\u00f1o ya se presentaron mil 53 delitos y el robo a negocio con violencia increment\u00f3 en un 160 por ciento en comparaci\u00f3n con el mismo periodo del 2025.<\/p>\n\n\n\n<p>Critic\u00f3 la ausencia de coordinaci\u00f3n entre autoridades estatales, municipales y la Guardia Nacional -GN-, al asegurar que no existe una estrategia conjunta en el municipio de Silao.<\/p>\n\n\n\n<p>Para atender dicha problem\u00e1tica Ernesto Mill\u00e1n present\u00f3 este jueves ante el Congreso del Estado de Guanajuato una propuesta de exhorto, dirigido a la Secretar\u00eda de Seguridad P\u00fablica del Estado de Guanajuato para fortalecer la coordinaci\u00f3n con el gobierno federal y el gobierno municipal de Silao en materia de seguridad.<\/p>\n\n\n\n<p><strong>Cuestiona contrataci\u00f3n de Rub\u00e9n Omar Jaramillo, despedido por agresiones a mujeres en Irapuato<\/strong><\/p>\n\n\n\n<p>El legislador morenista cuestion\u00f3 que la alcaldesa panista de Silao haya contratado a Rub\u00e9n Omar Jaramillo Mariscal como titular de la Secretar\u00edade Seguridad Ciudadana, quien fue despedido tcomo responsable de la seguridad en Silao en el a\u00f1o de 2022 por la golpiza que propinaron polic\u00edas a su cargo a mujeres manifestantes.<\/p>\n\n\n\n<p>Ernesto Mill\u00e1n dijo que la seguridad p\u00fablica debe ser tratada como una responsabilidad central del gobierno, y no como un espacio para intereses pol\u00edticos. <\/p>\n\n\n\n<figure class=\"wp-block-embed is-type-wp-embed is-provider-kuali wp-block-embed-kuali\"><div class=\"wp-block-embed__wrapper\">\n<blockquote class=\"wp-embedded-content\" data-secret=\"tID02iJ26j\"><a href=\"https:\/\/kuali.com.mx\/web\/2022\/05\/10\/despiden-al-director-de-la-policia-de-irapuato\/\">DESPIDEN AL DIRECTOR DE LA POLIC\u00cdA DE IRAPUATO<\/a><\/blockquote><iframe loading=\"lazy\" class=\"wp-embedded-content\" sandbox=\"allow-scripts\" security=\"restricted\" style=\"position: absolute; visibility: hidden;\" title=\"&#8220;DESPIDEN AL DIRECTOR DE LA POLIC\u00cdA DE IRAPUATO&#8221; &#8212; Kuali\" src=\"https:\/\/kuali.com.mx\/web\/2022\/05\/10\/despiden-al-director-de-la-policia-de-irapuato\/embed\/#?secret=05u6wVSLa0#?secret=tID02iJ26j\" data-secret=\"tID02iJ26j\" width=\"600\" height=\"338\" frameborder=\"0\" marginwidth=\"0\" marginheight=\"0\" scrolling=\"no\"><\/iframe>\n<\/div><\/figure>\n\n\n\n<p> Se\u00f1al\u00f3 que resulta inadmisible y constituye un insulto directo a la ciudadan\u00eda el nombramiento de Rub\u00e9n Omar Jaramillo Mariscal, ya que fue p\u00fablico que ese funcionario fue separado de su cargo tras la represi\u00f3n contra mujeres y el fracaso en las t\u00e1cticas de contenci\u00f3n delictiva.<\/p>\n\n\n\n<p>Mencion\u00f3 que la seguridad de las familias de Silao es vulnerable y la misma no puede quedar en manos de quien tiene antecedentes de uso excesivo de la fuerza y falta de resultados.<\/p>\n\n\n\n<figure class=\"wp-block-embed is-type-wp-embed is-provider-kuali wp-block-embed-kuali\"><div class=\"wp-block-embed__wrapper\">\n<blockquote class=\"wp-embedded-content\" data-secret=\"Pz0g3817do\"><a href=\"https:\/\/kuali.com.mx\/web\/2022\/10\/02\/nos-golpearon-brutalmente-victima-pide-disculpas-lorena-alfaro\/\">&#8220;NOS GOLPEARON BRUTALMENTE&#8221;: V\u00cdCTIMA; PIDE DISCULPAS LORENA ALFARO<\/a><\/blockquote><iframe loading=\"lazy\" class=\"wp-embedded-content\" sandbox=\"allow-scripts\" security=\"restricted\" style=\"position: absolute; visibility: hidden;\" title=\"&#8220;&#8220;NOS GOLPEARON BRUTALMENTE&#8221;: V\u00cdCTIMA; PIDE DISCULPAS LORENA ALFARO&#8221; &#8212; Kuali\" src=\"https:\/\/kuali.com.mx\/web\/2022\/10\/02\/nos-golpearon-brutalmente-victima-pide-disculpas-lorena-alfaro\/embed\/#?secret=3Eyk9HV9Mn#?secret=Pz0g3817do\" data-secret=\"Pz0g3817do\" width=\"600\" height=\"338\" frameborder=\"0\" marginwidth=\"0\" marginheight=\"0\" scrolling=\"no\"><\/iframe>\n<\/div><\/figure>\n\n\n\n<p>Finalmente, mencion\u00f3 que recientemente le pregunt\u00f3 p\u00fablicamente al secretario de Seguridad, Juan Mauro Gonz\u00e1lez, sobre la estrategia conjunta entre los tres \u00f3rdenes de gobierno en materia de seguridad en Silao y no pudo contestar ya que no existe una labor conjunta entre la Guardia Nacional, la Secretar\u00eda de Seguridad Estatal y el municipio de Silao, porque en otros municipios han bajado los niveles delictivos y en Silao aumentan.<\/p>\n\n\n\n<p>Por ello, hizo un llamado urgente a establecer mesas de trabajo entre los tres niveles de gobierno e implementar una estrategia integral que permita reducir la incidencia delictiva en Silao.<\/p>\n\n\n\n<p>El punto de acuerdo se turn\u00f3 a la Comisi\u00f3n de Seguridad P\u00fablica para su estudio y dictamen.<\/p>\n","protected":false},"excerpt":{"rendered":"Alicia Arias\/Guanajuato, Gto. -\u00a0El diputado local Ernesto Mill\u00e1n Soberanes denunci\u00f3 que los \u00edndices de violencia y criminalidad en el municipio de Silao van en aumento y present\u00f3 un punto de acuerdo para que la secretar\u00eda de seguridad estatal fortalezca su presencia en el municipio. Durante los a\u00f1os 2024 y 2025, a acuerdo con datos del [&hellip;]","protected":false},"author":2,"featured_media":198209,"comment_status":"open","ping_status":"open","sticky":false,"template":"","format":"standard","meta":{"_seopress_robots_primary_cat":"none","_seopress_titles_title":"","_seopress_titles_desc":"","_seopress_robots_index":"","_monsterinsights_skip_tracking":false,"_monsterinsights_sitenote_active":false,"_monsterinsights_sitenote_note":"","_monsterinsights_sitenote_category":0,"footnotes":""},"categories":[3],"tags":[4616,5777,101,437,798,6279,12,138],"class_list":["post-203026","post","type-post","status-publish","format-standard","has-post-thumbnail","hentry","category-politica","tag-criminalidad","tag-ernesto-millan-soberanes","tag-inseguridad","tag-morena","tag-poder-legislativo","tag-ruben-omar-jaramillo-mariscal","tag-silao","tag-violencia"],"yoast_head":"<!-- This site is optimized with the Yoast SEO plugin v27.4 - https:\/\/yoast.com\/product\/yoast-seo-wordpress\/ -->\n<title>CRECE VIOLENCIA Y CRIMINALIDAD EN SILAO: MILL\u00c1N - Kuali<\/title>\n<meta name=\"robots\" content=\"index, follow, max-snippet:-1, max-image-preview:large, max-video-preview:-1\" \/>\n<link rel=\"canonical\" href=\"https:\/\/kuali.com.mx\/web\/2026\/04\/26\/crece-violencia-y-criminalidad-en-silao-millan\/\" \/>\n<meta property=\"og:locale\" content=\"es_MX\" \/>\n<meta property=\"og:type\" content=\"article\" \/>\n<meta property=\"og:title\" content=\"CRECE VIOLENCIA Y CRIMINALIDAD EN SILAO: MILL\u00c1N - Kuali\" \/>\n<meta property=\"og:description\" content=\"Alicia Arias\/Guanajuato, Gto. -\u00a0El diputado local Ernesto Mill\u00e1n Soberanes denunci\u00f3 que los \u00edndices de violencia y criminalidad en el municipio de Silao van en aumento y present\u00f3 un punto de acuerdo para que la secretar\u00eda de seguridad estatal fortalezca su presencia en el municipio. Durante los a\u00f1os 2024 y 2025, a acuerdo con datos del [&hellip;]\" \/>\n<meta property=\"og:url\" content=\"https:\/\/kuali.com.mx\/web\/2026\/04\/26\/crece-violencia-y-criminalidad-en-silao-millan\/\" \/>\n<meta property=\"og:site_name\" content=\"Kuali\" \/>\n<meta property=\"article:publisher\" content=\"https:\/\/kuali.com.mx\/web\/wp-content\/uploads\/2018\/04\/cropped-kuali_logo-1-1.png\" \/>\n<meta property=\"article:published_time\" content=\"2026-04-26T23:48:00+00:00\" \/>\n<meta property=\"article:modified_time\" content=\"2026-04-27T13:11:00+00:00\" \/>\n<meta property=\"og:image\" content=\"https:\/\/kuali.com.mx\/web\/wp-content\/uploads\/2026\/03\/Silao-1.jpeg\" \/>\n\t<meta property=\"og:image:width\" content=\"1875\" \/>\n\t<meta property=\"og:image:height\" content=\"750\" \/>\n\t<meta property=\"og:image:type\" content=\"image\/jpeg\" \/>\n<meta name=\"author\" content=\"Kuali Staff\" \/>\n<meta name=\"twitter:card\" content=\"summary_large_image\" \/>\n<meta name=\"twitter:creator\" content=\"@kuali_noticias\" \/>\n<meta name=\"twitter:site\" content=\"@kuali_noticias\" \/>\n<meta name=\"twitter:label1\" content=\"Escrito por\" \/>\n\t<meta name=\"twitter:data1\" content=\"Kuali Staff\" \/>\n\t<meta name=\"twitter:label2\" content=\"Tiempo de lectura\" \/>\n\t<meta name=\"twitter:data2\" content=\"3 minutos\" \/>\n<script type=\"application\/ld+json\" class=\"yoast-schema-graph\">{\"@context\":\"https:\\\/\\\/schema.org\",\"@graph\":[{\"@type\":\"Article\",\"@id\":\"https:\\\/\\\/kuali.com.mx\\\/web\\\/2026\\\/04\\\/26\\\/crece-violencia-y-criminalidad-en-silao-millan\\\/#article\",\"isPartOf\":{\"@id\":\"https:\\\/\\\/kuali.com.mx\\\/web\\\/2026\\\/04\\\/26\\\/crece-violencia-y-criminalidad-en-silao-millan\\\/\"},\"author\":{\"name\":\"Kuali Staff\",\"@id\":\"https:\\\/\\\/kuali.com.mx\\\/web\\\/#\\\/schema\\\/person\\\/6f89ffa8ecba9dae50662357923c5289\"},\"headline\":\"CRECE VIOLENCIA Y CRIMINALIDAD EN SILAO: MILL\u00c1N\",\"datePublished\":\"2026-04-26T23:48:00+00:00\",\"dateModified\":\"2026-04-27T13:11:00+00:00\",\"mainEntityOfPage\":{\"@id\":\"https:\\\/\\\/kuali.com.mx\\\/web\\\/2026\\\/04\\\/26\\\/crece-violencia-y-criminalidad-en-silao-millan\\\/\"},\"wordCount\":574,\"commentCount\":0,\"image\":{\"@id\":\"https:\\\/\\\/kuali.com.mx\\\/web\\\/2026\\\/04\\\/26\\\/crece-violencia-y-criminalidad-en-silao-millan\\\/#primaryimage\"},\"thumbnailUrl\":\"https:\\\/\\\/kuali.com.mx\\\/web\\\/wp-content\\\/uploads\\\/2026\\\/03\\\/Silao-1.jpeg\",\"keywords\":[\"Criminalidad\",\"Ernesto Mill\u00e1n Soberanes\",\"Inseguridad\",\"Morena\",\"Poder legislativo\",\"Rub\u00e9n Omar Jaramillo Mariscal\",\"Silao\",\"Violencia\"],\"articleSection\":[\"Pol\u00edtica\"],\"inLanguage\":\"es\",\"potentialAction\":[{\"@type\":\"CommentAction\",\"name\":\"Comment\",\"target\":[\"https:\\\/\\\/kuali.com.mx\\\/web\\\/2026\\\/04\\\/26\\\/crece-violencia-y-criminalidad-en-silao-millan\\\/#respond\"]}]},{\"@type\":\"WebPage\",\"@id\":\"https:\\\/\\\/kuali.com.mx\\\/web\\\/2026\\\/04\\\/26\\\/crece-violencia-y-criminalidad-en-silao-millan\\\/\",\"url\":\"https:\\\/\\\/kuali.com.mx\\\/web\\\/2026\\\/04\\\/26\\\/crece-violencia-y-criminalidad-en-silao-millan\\\/\",\"name\":\"CRECE VIOLENCIA Y CRIMINALIDAD EN SILAO: MILL\u00c1N - Kuali\",\"isPartOf\":{\"@id\":\"https:\\\/\\\/kuali.com.mx\\\/web\\\/#website\"},\"primaryImageOfPage\":{\"@id\":\"https:\\\/\\\/kuali.com.mx\\\/web\\\/2026\\\/04\\\/26\\\/crece-violencia-y-criminalidad-en-silao-millan\\\/#primaryimage\"},\"image\":{\"@id\":\"https:\\\/\\\/kuali.com.mx\\\/web\\\/2026\\\/04\\\/26\\\/crece-violencia-y-criminalidad-en-silao-millan\\\/#primaryimage\"},\"thumbnailUrl\":\"https:\\\/\\\/kuali.com.mx\\\/web\\\/wp-content\\\/uploads\\\/2026\\\/03\\\/Silao-1.jpeg\",\"datePublished\":\"2026-04-26T23:48:00+00:00\",\"dateModified\":\"2026-04-27T13:11:00+00:00\",\"author\":{\"@id\":\"https:\\\/\\\/kuali.com.mx\\\/web\\\/#\\\/schema\\\/person\\\/6f89ffa8ecba9dae50662357923c5289\"},\"breadcrumb\":{\"@id\":\"https:\\\/\\\/kuali.com.mx\\\/web\\\/2026\\\/04\\\/26\\\/crece-violencia-y-criminalidad-en-silao-millan\\\/#breadcrumb\"},\"inLanguage\":\"es\",\"potentialAction\":[{\"@type\":\"ReadAction\",\"target\":[\"https:\\\/\\\/kuali.com.mx\\\/web\\\/2026\\\/04\\\/26\\\/crece-violencia-y-criminalidad-en-silao-millan\\\/\"]}]},{\"@type\":\"ImageObject\",\"inLanguage\":\"es\",\"@id\":\"https:\\\/\\\/kuali.com.mx\\\/web\\\/2026\\\/04\\\/26\\\/crece-violencia-y-criminalidad-en-silao-millan\\\/#primaryimage\",\"url\":\"https:\\\/\\\/kuali.com.mx\\\/web\\\/wp-content\\\/uploads\\\/2026\\\/03\\\/Silao-1.jpeg\",\"contentUrl\":\"https:\\\/\\\/kuali.com.mx\\\/web\\\/wp-content\\\/uploads\\\/2026\\\/03\\\/Silao-1.jpeg\",\"width\":1875,\"height\":750},{\"@type\":\"BreadcrumbList\",\"@id\":\"https:\\\/\\\/kuali.com.mx\\\/web\\\/2026\\\/04\\\/26\\\/crece-violencia-y-criminalidad-en-silao-millan\\\/#breadcrumb\",\"itemListElement\":[{\"@type\":\"ListItem\",\"position\":1,\"name\":\"Inicio\",\"item\":\"https:\\\/\\\/kuali.com.mx\\\/web\\\/\"},{\"@type\":\"ListItem\",\"position\":2,\"name\":\"CRECE VIOLENCIA Y CRIMINALIDAD EN SILAO: MILL\u00c1N\"}]},{\"@type\":\"WebSite\",\"@id\":\"https:\\\/\\\/kuali.com.mx\\\/web\\\/#website\",\"url\":\"https:\\\/\\\/kuali.com.mx\\\/web\\\/\",\"name\":\"Kuali\",\"description\":\"\",\"potentialAction\":[{\"@type\":\"SearchAction\",\"target\":{\"@type\":\"EntryPoint\",\"urlTemplate\":\"https:\\\/\\\/kuali.com.mx\\\/web\\\/?s={search_term_string}\"},\"query-input\":{\"@type\":\"PropertyValueSpecification\",\"valueRequired\":true,\"valueName\":\"search_term_string\"}}],\"inLanguage\":\"es\"},{\"@type\":\"Person\",\"@id\":\"https:\\\/\\\/kuali.com.mx\\\/web\\\/#\\\/schema\\\/person\\\/6f89ffa8ecba9dae50662357923c5289\",\"name\":\"Kuali Staff\",\"image\":{\"@type\":\"ImageObject\",\"inLanguage\":\"es\",\"@id\":\"https:\\\/\\\/secure.gravatar.com\\\/avatar\\\/f917ad82e5ab71227a733c78b6e60715476f69ee6be59feee4eb5d9920c89e0f?s=96&d=mm&r=g\",\"url\":\"https:\\\/\\\/secure.gravatar.com\\\/avatar\\\/f917ad82e5ab71227a733c78b6e60715476f69ee6be59feee4eb5d9920c89e0f?s=96&d=mm&r=g\",\"contentUrl\":\"https:\\\/\\\/secure.gravatar.com\\\/avatar\\\/f917ad82e5ab71227a733c78b6e60715476f69ee6be59feee4eb5d9920c89e0f?s=96&d=mm&r=g\",\"caption\":\"Kuali Staff\"},\"url\":\"https:\\\/\\\/kuali.com.mx\\\/web\\\/author\\\/lagarto\\\/\"}]}<\/script>\n<!-- \/ Yoast SEO plugin. -->","yoast_head_json":{"title":"CRECE VIOLENCIA Y CRIMINALIDAD EN SILAO: MILL\u00c1N - Kuali","robots":{"index":"index","follow":"follow","max-snippet":"max-snippet:-1","max-image-preview":"max-image-preview:large","max-video-preview":"max-video-preview:-1"},"canonical":"https:\/\/kuali.com.mx\/web\/2026\/04\/26\/crece-violencia-y-criminalidad-en-silao-millan\/","og_locale":"es_MX","og_type":"article","og_title":"CRECE VIOLENCIA Y CRIMINALIDAD EN SILAO: MILL\u00c1N - Kuali","og_description":"Alicia Arias\/Guanajuato, Gto. -\u00a0El diputado local Ernesto Mill\u00e1n Soberanes denunci\u00f3 que los \u00edndices de violencia y criminalidad en el municipio de Silao van en aumento y present\u00f3 un punto de acuerdo para que la secretar\u00eda de seguridad estatal fortalezca su presencia en el municipio. Durante los a\u00f1os 2024 y 2025, a acuerdo con datos del [&hellip;]","og_url":"https:\/\/kuali.com.mx\/web\/2026\/04\/26\/crece-violencia-y-criminalidad-en-silao-millan\/","og_site_name":"Kuali","article_publisher":"https:\/\/kuali.com.mx\/web\/wp-content\/uploads\/2018\/04\/cropped-kuali_logo-1-1.png","article_published_time":"2026-04-26T23:48:00+00:00","article_modified_time":"2026-04-27T13:11:00+00:00","og_image":[{"width":1875,"height":750,"url":"https:\/\/kuali.com.mx\/web\/wp-content\/uploads\/2026\/03\/Silao-1.jpeg","type":"image\/jpeg"}],"author":"Kuali Staff","twitter_card":"summary_large_image","twitter_creator":"@kuali_noticias","twitter_site":"@kuali_noticias","twitter_misc":{"Escrito por":"Kuali Staff","Tiempo de lectura":"3 minutos"},"schema":{"@context":"https:\/\/schema.org","@graph":[{"@type":"Article","@id":"https:\/\/kuali.com.mx\/web\/2026\/04\/26\/crece-violencia-y-criminalidad-en-silao-millan\/#article","isPartOf":{"@id":"https:\/\/kuali.com.mx\/web\/2026\/04\/26\/crece-violencia-y-criminalidad-en-silao-millan\/"},"author":{"name":"Kuali Staff","@id":"https:\/\/kuali.com.mx\/web\/#\/schema\/person\/6f89ffa8ecba9dae50662357923c5289"},"headline":"CRECE VIOLENCIA Y CRIMINALIDAD EN SILAO: MILL\u00c1N","datePublished":"2026-04-26T23:48:00+00:00","dateModified":"2026-04-27T13:11:00+00:00","mainEntityOfPage":{"@id":"https:\/\/kuali.com.mx\/web\/2026\/04\/26\/crece-violencia-y-criminalidad-en-silao-millan\/"},"wordCount":574,"commentCount":0,"image":{"@id":"https:\/\/kuali.com.mx\/web\/2026\/04\/26\/crece-violencia-y-criminalidad-en-silao-millan\/#primaryimage"},"thumbnailUrl":"https:\/\/kuali.com.mx\/web\/wp-content\/uploads\/2026\/03\/Silao-1.jpeg","keywords":["Criminalidad","Ernesto Mill\u00e1n Soberanes","Inseguridad","Morena","Poder legislativo","Rub\u00e9n Omar Jaramillo Mariscal","Silao","Violencia"],"articleSection":["Pol\u00edtica"],"inLanguage":"es","potentialAction":[{"@type":"CommentAction","name":"Comment","target":["https:\/\/kuali.com.mx\/web\/2026\/04\/26\/crece-violencia-y-criminalidad-en-silao-millan\/#respond"]}]},{"@type":"WebPage","@id":"https:\/\/kuali.com.mx\/web\/2026\/04\/26\/crece-violencia-y-criminalidad-en-silao-millan\/","url":"https:\/\/kuali.com.mx\/web\/2026\/04\/26\/crece-violencia-y-criminalidad-en-silao-millan\/","name":"CRECE VIOLENCIA Y CRIMINALIDAD EN SILAO: MILL\u00c1N - Kuali","isPartOf":{"@id":"https:\/\/kuali.com.mx\/web\/#website"},"primaryImageOfPage":{"@id":"https:\/\/kuali.com.mx\/web\/2026\/04\/26\/crece-violencia-y-criminalidad-en-silao-millan\/#primaryimage"},"image":{"@id":"https:\/\/kuali.com.mx\/web\/2026\/04\/26\/crece-violencia-y-criminalidad-en-silao-millan\/#primaryimage"},"thumbnailUrl":"https:\/\/kuali.com.mx\/web\/wp-content\/uploads\/2026\/03\/Silao-1.jpeg","datePublished":"2026-04-26T23:48:00+00:00","dateModified":"2026-04-27T13:11:00+00:00","author":{"@id":"https:\/\/kuali.com.mx\/web\/#\/schema\/person\/6f89ffa8ecba9dae50662357923c5289"},"breadcrumb":{"@id":"https:\/\/kuali.com.mx\/web\/2026\/04\/26\/crece-violencia-y-criminalidad-en-silao-millan\/#breadcrumb"},"inLanguage":"es","potentialAction":[{"@type":"ReadAction","target":["https:\/\/kuali.com.mx\/web\/2026\/04\/26\/crece-violencia-y-criminalidad-en-silao-millan\/"]}]},{"@type":"ImageObject","inLanguage":"es","@id":"https:\/\/kuali.com.mx\/web\/2026\/04\/26\/crece-violencia-y-criminalidad-en-silao-millan\/#primaryimage","url":"https:\/\/kuali.com.mx\/web\/wp-content\/uploads\/2026\/03\/Silao-1.jpeg","contentUrl":"https:\/\/kuali.com.mx\/web\/wp-content\/uploads\/2026\/03\/Silao-1.jpeg","width":1875,"height":750},{"@type":"BreadcrumbList","@id":"https:\/\/kuali.com.mx\/web\/2026\/04\/26\/crece-violencia-y-criminalidad-en-silao-millan\/#breadcrumb","itemListElement":[{"@type":"ListItem","position":1,"name":"Inicio","item":"https:\/\/kuali.com.mx\/web\/"},{"@type":"ListItem","position":2,"name":"CRECE VIOLENCIA Y CRIMINALIDAD EN SILAO: MILL\u00c1N"}]},{"@type":"WebSite","@id":"https:\/\/kuali.com.mx\/web\/#website","url":"https:\/\/kuali.com.mx\/web\/","name":"Kuali","description":"","potentialAction":[{"@type":"SearchAction","target":{"@type":"EntryPoint","urlTemplate":"https:\/\/kuali.com.mx\/web\/?s={search_term_string}"},"query-input":{"@type":"PropertyValueSpecification","valueRequired":true,"valueName":"search_term_string"}}],"inLanguage":"es"},{"@type":"Person","@id":"https:\/\/kuali.com.mx\/web\/#\/schema\/person\/6f89ffa8ecba9dae50662357923c5289","name":"Kuali Staff","image":{"@type":"ImageObject","inLanguage":"es","@id":"https:\/\/secure.gravatar.com\/avatar\/f917ad82e5ab71227a733c78b6e60715476f69ee6be59feee4eb5d9920c89e0f?s=96&d=mm&r=g","url":"https:\/\/secure.gravatar.com\/avatar\/f917ad82e5ab71227a733c78b6e60715476f69ee6be59feee4eb5d9920c89e0f?s=96&d=mm&r=g","contentUrl":"https:\/\/secure.gravatar.com\/avatar\/f917ad82e5ab71227a733c78b6e60715476f69ee6be59feee4eb5d9920c89e0f?s=96&d=mm&r=g","caption":"Kuali Staff"},"url":"https:\/\/kuali.com.mx\/web\/author\/lagarto\/"}]}},"_links":{"self":[{"href":"https:\/\/kuali.com.mx\/web\/wp-json\/wp\/v2\/posts\/203026","targetHints":{"allow":["GET"]}}],"collection":[{"href":"https:\/\/kuali.com.mx\/web\/wp-json\/wp\/v2\/posts"}],"about":[{"href":"https:\/\/kuali.com.mx\/web\/wp-json\/wp\/v2\/types\/post"}],"author":[{"embeddable":true,"href":"https:\/\/kuali.com.mx\/web\/wp-json\/wp\/v2\/users\/2"}],"replies":[{"embeddable":true,"href":"https:\/\/kuali.com.mx\/web\/wp-json\/wp\/v2\/comments?post=203026"}],"version-history":[{"count":2,"href":"https:\/\/kuali.com.mx\/web\/wp-json\/wp\/v2\/posts\/203026\/revisions"}],"predecessor-version":[{"id":203037,"href":"https:\/\/kuali.com.mx\/web\/wp-json\/wp\/v2\/posts\/203026\/revisions\/203037"}],"wp:featuredmedia":[{"embeddable":true,"href":"https:\/\/kuali.com.mx\/web\/wp-json\/wp\/v2\/media\/198209"}],"wp:attachment":[{"href":"https:\/\/kuali.com.mx\/web\/wp-json\/wp\/v2\/media?parent=203026"}],"wp:term":[{"taxonomy":"category","embeddable":true,"href":"https:\/\/kuali.com.mx\/web\/wp-json\/wp\/v2\/categories?post=203026"},{"taxonomy":"post_tag","embeddable":true,"href":"https:\/\/kuali.com.mx\/web\/wp-json\/wp\/v2\/tags?post=203026"}],"curies":[{"name":"wp","href":"https:\/\/api.w.org\/{rel}","templated":true}]}}