{"id":203019,"date":"2026-04-26T08:37:00","date_gmt":"2026-04-26T14:37:00","guid":{"rendered":"https:\/\/kuali.com.mx\/web\/?p=203019"},"modified":"2026-04-26T19:37:44","modified_gmt":"2026-04-27T01:37:44","slug":"policias-y-bomberos-celebran-a-infancias-en-silao","status":"publish","type":"post","link":"https:\/\/kuali.com.mx\/web\/2026\/04\/26\/policias-y-bomberos-celebran-a-infancias-en-silao\/","title":{"rendered":"POLIC\u00cdAS Y BOMBEROS CELEBRAN A INFANCIAS EN SILAO"},"content":{"rendered":"\n<p>Kuali\/Silao de la Victoria, Gto. Polic\u00edas, bomberos y rescatistas convivieron con cerca de mil infantes, en el marco de los festejos por el D\u00eda de la Ni\u00f1a y del Ni\u00f1o en el municipio de Silao.<\/p>\n\n\n\n<p>La colonia Sope\u00f1a fue sede de la Feria de Seguridad, que forma parte del Festival de la Alegr\u00eda con el que el gobierno municipal festeja a las infancias con diversas actividades que comenzaron el pasado 11 de abril y concluyen este domingo. <\/p>\n\n\n\n<figure class=\"wp-block-image size-large\"><img loading=\"lazy\" decoding=\"async\" width=\"817\" height=\"1024\" src=\"https:\/\/kuali.com.mx\/web\/wp-content\/uploads\/2026\/04\/Dia-del-nino-Silao-2-817x1024.jpg\" alt=\"\" class=\"wp-image-203023\" srcset=\"https:\/\/kuali.com.mx\/web\/wp-content\/uploads\/2026\/04\/Dia-del-nino-Silao-2-817x1024.jpg 817w, https:\/\/kuali.com.mx\/web\/wp-content\/uploads\/2026\/04\/Dia-del-nino-Silao-2-239x300.jpg 239w, https:\/\/kuali.com.mx\/web\/wp-content\/uploads\/2026\/04\/Dia-del-nino-Silao-2-768x963.jpg 768w, https:\/\/kuali.com.mx\/web\/wp-content\/uploads\/2026\/04\/Dia-del-nino-Silao-2-1225x1536.jpg 1225w, https:\/\/kuali.com.mx\/web\/wp-content\/uploads\/2026\/04\/Dia-del-nino-Silao-2-93x116.jpg 93w, https:\/\/kuali.com.mx\/web\/wp-content\/uploads\/2026\/04\/Dia-del-nino-Silao-2.jpg 1276w\" sizes=\"auto, (max-width: 817px) 100vw, 817px\" \/><figcaption class=\"wp-element-caption\">Cerca de mil infantes disfrutaro de la Feria de Seguridad en la colonia Sope\u00f1a, de Silao. FOTO: CORFTES\u00cdA.<\/figcaption><\/figure>\n\n\n\n<p>A la feria realizada en Sope\u00f1a este s\u00e1nbado, acudieron vecinos de colonias y fraccionamientos cercanos, quoienes disfrutaron del evento en familia.<\/p>\n\n\n\n<p>La Secretar\u00eda de Seguridad Ciudadana, a trav\u00e9s de las \u00e1reas de Prevenci\u00f3n Social y Proximidad, fueron los encargados de llevar alegr\u00eda mediante juegos y actividades l\u00fadicas. Estuvieron apoyados la por elementos de la Guardia Nacional, Procuradur\u00eda Auxiliar de Atenci\u00f3n a Ni\u00f1as, Ni\u00f1os y Adolescentes, tr\u00e1nsito, Cruz Roja, Bomberos, Protecci\u00f3n Civil e Instituto de la Mujer.<\/p>\n\n\n\n<p>Como parte del programa se presentaron el payaso Spaguetti y el rapero Alex Migthy, y se instalaron diferentes m\u00f3dulos para la aplicaci\u00f3n de la segunda consulta infantil, en la que opinan acerca del entorno. Tambi\u00e9n hubo presencia de la Cruz Roja, bomberos, protecci\u00f3n civil y otras instituciones participantes. <\/p>\n\n\n\n<figure class=\"wp-block-image size-large\"><img loading=\"lazy\" decoding=\"async\" width=\"1024\" height=\"768\" src=\"https:\/\/kuali.com.mx\/web\/wp-content\/uploads\/2026\/04\/Dia-del-nino-Silao-3-1024x768.jpg\" alt=\"\" class=\"wp-image-203024\" srcset=\"https:\/\/kuali.com.mx\/web\/wp-content\/uploads\/2026\/04\/Dia-del-nino-Silao-3-1024x768.jpg 1024w, https:\/\/kuali.com.mx\/web\/wp-content\/uploads\/2026\/04\/Dia-del-nino-Silao-3-300x225.jpg 300w, https:\/\/kuali.com.mx\/web\/wp-content\/uploads\/2026\/04\/Dia-del-nino-Silao-3-768x576.jpg 768w, https:\/\/kuali.com.mx\/web\/wp-content\/uploads\/2026\/04\/Dia-del-nino-Silao-3-1536x1152.jpg 1536w, https:\/\/kuali.com.mx\/web\/wp-content\/uploads\/2026\/04\/Dia-del-nino-Silao-3-155x116.jpg 155w, https:\/\/kuali.com.mx\/web\/wp-content\/uploads\/2026\/04\/Dia-del-nino-Silao-3.jpg 1600w\" sizes=\"auto, (max-width: 1024px) 100vw, 1024px\" \/><figcaption class=\"wp-element-caption\">Bomberos, tr\u00e1nsitos, polic\u00edas y militares mostraron c\u00f3mo trabajan a ni\u00f1as y ni\u00f1os en Silao. FOTO: CORTES\u00cdA.<\/figcaption><\/figure>\n\n\n\n<p>Una de las actividades consisti\u00f3 en conocer e interactuar con elementos de la Guardia Nacional, polic\u00eda, tr\u00e1nsito, bomberos y rescatistas, quienes platicaron acerca de las funciones que realizan para proteger a las familias. <\/p>\n\n\n\n<p>Se colocaron inflables y se repartieron regalos que hicieron un d\u00eda diferente para las infancias de Silao.<\/p>\n\n\n\n<figure class=\"wp-block-embed is-type-wp-embed is-provider-kuali wp-block-embed-kuali\"><div class=\"wp-block-embed__wrapper\">\n<blockquote class=\"wp-embedded-content\" data-secret=\"cghAIsF3Gx\"><a href=\"https:\/\/kuali.com.mx\/web\/2026\/04\/08\/festejaran-a-infantes-con-festival-de-la-alegria\/\">FESTEJAR\u00c1N A INFANTES CON FESTIVAL DE LA ALEGR\u00cdA<\/a><\/blockquote><iframe loading=\"lazy\" class=\"wp-embedded-content\" sandbox=\"allow-scripts\" security=\"restricted\" style=\"position: absolute; visibility: hidden;\" title=\"&#8220;FESTEJAR\u00c1N A INFANTES CON FESTIVAL DE LA ALEGR\u00cdA&#8221; &#8212; Kuali\" src=\"https:\/\/kuali.com.mx\/web\/2026\/04\/08\/festejaran-a-infantes-con-festival-de-la-alegria\/embed\/#?secret=dfdwkUHGUH#?secret=cghAIsF3Gx\" data-secret=\"cghAIsF3Gx\" width=\"600\" height=\"338\" frameborder=\"0\" marginwidth=\"0\" marginheight=\"0\" scrolling=\"no\"><\/iframe>\n<\/div><\/figure>\n","protected":false},"excerpt":{"rendered":"Kuali\/Silao de la Victoria, Gto. Polic\u00edas, bomberos y rescatistas convivieron con cerca de mil infantes, en el marco de los festejos por el D\u00eda de la Ni\u00f1a y del Ni\u00f1o en el municipio de Silao. La colonia Sope\u00f1a fue sede de la Feria de Seguridad, que forma parte del Festival de la Alegr\u00eda con el [&hellip;]","protected":false},"author":2,"featured_media":203022,"comment_status":"open","ping_status":"open","sticky":false,"template":"","format":"standard","meta":{"_seopress_robots_primary_cat":"none","_seopress_titles_title":"","_seopress_titles_desc":"","_seopress_robots_index":"","_monsterinsights_skip_tracking":false,"_monsterinsights_sitenote_active":false,"_monsterinsights_sitenote_note":"","_monsterinsights_sitenote_category":0,"footnotes":""},"categories":[3],"tags":[5086,2329,6678,1639,236,12],"class_list":["post-203019","post","type-post","status-publish","format-standard","has-post-thumbnail","hentry","category-politica","tag-dia-del-nino","tag-festejos","tag-indancias","tag-infancias","tag-ninez","tag-silao"],"yoast_head":"<!-- This site is optimized with the Yoast SEO plugin v27.4 - https:\/\/yoast.com\/product\/yoast-seo-wordpress\/ -->\n<title>POLIC\u00cdAS Y BOMBEROS CELEBRAN A INFANCIAS EN SILAO - Kuali<\/title>\n<meta name=\"robots\" content=\"index, follow, max-snippet:-1, max-image-preview:large, max-video-preview:-1\" \/>\n<link rel=\"canonical\" href=\"https:\/\/kuali.com.mx\/web\/2026\/04\/26\/policias-y-bomberos-celebran-a-infancias-en-silao\/\" \/>\n<meta property=\"og:locale\" content=\"es_MX\" \/>\n<meta property=\"og:type\" content=\"article\" \/>\n<meta property=\"og:title\" content=\"POLIC\u00cdAS Y BOMBEROS CELEBRAN A INFANCIAS EN SILAO - Kuali\" \/>\n<meta property=\"og:description\" content=\"Kuali\/Silao de la Victoria, Gto. Polic\u00edas, bomberos y rescatistas convivieron con cerca de mil infantes, en el marco de los festejos por el D\u00eda de la Ni\u00f1a y del Ni\u00f1o en el municipio de Silao. La colonia Sope\u00f1a fue sede de la Feria de Seguridad, que forma parte del Festival de la Alegr\u00eda con el [&hellip;]\" \/>\n<meta property=\"og:url\" content=\"https:\/\/kuali.com.mx\/web\/2026\/04\/26\/policias-y-bomberos-celebran-a-infancias-en-silao\/\" \/>\n<meta property=\"og:site_name\" content=\"Kuali\" \/>\n<meta property=\"article:publisher\" content=\"https:\/\/kuali.com.mx\/web\/wp-content\/uploads\/2018\/04\/cropped-kuali_logo-1-1.png\" \/>\n<meta property=\"article:published_time\" content=\"2026-04-26T14:37:00+00:00\" \/>\n<meta property=\"article:modified_time\" content=\"2026-04-27T01:37:44+00:00\" \/>\n<meta property=\"og:image\" content=\"https:\/\/kuali.com.mx\/web\/wp-content\/uploads\/2026\/04\/Dia-del-nino-Silao-1.jpg\" \/>\n\t<meta property=\"og:image:width\" content=\"1700\" \/>\n\t<meta property=\"og:image:height\" content=\"750\" \/>\n\t<meta property=\"og:image:type\" content=\"image\/jpeg\" \/>\n<meta name=\"author\" content=\"Kuali Staff\" \/>\n<meta name=\"twitter:card\" content=\"summary_large_image\" \/>\n<meta name=\"twitter:creator\" content=\"@kuali_noticias\" \/>\n<meta name=\"twitter:site\" content=\"@kuali_noticias\" \/>\n<meta name=\"twitter:label1\" content=\"Escrito por\" \/>\n\t<meta name=\"twitter:data1\" content=\"Kuali Staff\" \/>\n\t<meta name=\"twitter:label2\" content=\"Tiempo de lectura\" \/>\n\t<meta name=\"twitter:data2\" content=\"2 minutos\" \/>\n<script type=\"application\/ld+json\" class=\"yoast-schema-graph\">{\"@context\":\"https:\\\/\\\/schema.org\",\"@graph\":[{\"@type\":\"Article\",\"@id\":\"https:\\\/\\\/kuali.com.mx\\\/web\\\/2026\\\/04\\\/26\\\/policias-y-bomberos-celebran-a-infancias-en-silao\\\/#article\",\"isPartOf\":{\"@id\":\"https:\\\/\\\/kuali.com.mx\\\/web\\\/2026\\\/04\\\/26\\\/policias-y-bomberos-celebran-a-infancias-en-silao\\\/\"},\"author\":{\"name\":\"Kuali Staff\",\"@id\":\"https:\\\/\\\/kuali.com.mx\\\/web\\\/#\\\/schema\\\/person\\\/6f89ffa8ecba9dae50662357923c5289\"},\"headline\":\"POLIC\u00cdAS Y BOMBEROS CELEBRAN A INFANCIAS EN SILAO\",\"datePublished\":\"2026-04-26T14:37:00+00:00\",\"dateModified\":\"2026-04-27T01:37:44+00:00\",\"mainEntityOfPage\":{\"@id\":\"https:\\\/\\\/kuali.com.mx\\\/web\\\/2026\\\/04\\\/26\\\/policias-y-bomberos-celebran-a-infancias-en-silao\\\/\"},\"wordCount\":334,\"commentCount\":0,\"image\":{\"@id\":\"https:\\\/\\\/kuali.com.mx\\\/web\\\/2026\\\/04\\\/26\\\/policias-y-bomberos-celebran-a-infancias-en-silao\\\/#primaryimage\"},\"thumbnailUrl\":\"https:\\\/\\\/kuali.com.mx\\\/web\\\/wp-content\\\/uploads\\\/2026\\\/04\\\/Dia-del-nino-Silao-1.jpg\",\"keywords\":[\"D\u00eda del Ni\u00f1o\",\"Festejos\",\"Indancias\",\"Infancias\",\"Ni\u00f1ez\",\"Silao\"],\"articleSection\":[\"Pol\u00edtica\"],\"inLanguage\":\"es\",\"potentialAction\":[{\"@type\":\"CommentAction\",\"name\":\"Comment\",\"target\":[\"https:\\\/\\\/kuali.com.mx\\\/web\\\/2026\\\/04\\\/26\\\/policias-y-bomberos-celebran-a-infancias-en-silao\\\/#respond\"]}]},{\"@type\":\"WebPage\",\"@id\":\"https:\\\/\\\/kuali.com.mx\\\/web\\\/2026\\\/04\\\/26\\\/policias-y-bomberos-celebran-a-infancias-en-silao\\\/\",\"url\":\"https:\\\/\\\/kuali.com.mx\\\/web\\\/2026\\\/04\\\/26\\\/policias-y-bomberos-celebran-a-infancias-en-silao\\\/\",\"name\":\"POLIC\u00cdAS Y BOMBEROS CELEBRAN A INFANCIAS EN SILAO - Kuali\",\"isPartOf\":{\"@id\":\"https:\\\/\\\/kuali.com.mx\\\/web\\\/#website\"},\"primaryImageOfPage\":{\"@id\":\"https:\\\/\\\/kuali.com.mx\\\/web\\\/2026\\\/04\\\/26\\\/policias-y-bomberos-celebran-a-infancias-en-silao\\\/#primaryimage\"},\"image\":{\"@id\":\"https:\\\/\\\/kuali.com.mx\\\/web\\\/2026\\\/04\\\/26\\\/policias-y-bomberos-celebran-a-infancias-en-silao\\\/#primaryimage\"},\"thumbnailUrl\":\"https:\\\/\\\/kuali.com.mx\\\/web\\\/wp-content\\\/uploads\\\/2026\\\/04\\\/Dia-del-nino-Silao-1.jpg\",\"datePublished\":\"2026-04-26T14:37:00+00:00\",\"dateModified\":\"2026-04-27T01:37:44+00:00\",\"author\":{\"@id\":\"https:\\\/\\\/kuali.com.mx\\\/web\\\/#\\\/schema\\\/person\\\/6f89ffa8ecba9dae50662357923c5289\"},\"breadcrumb\":{\"@id\":\"https:\\\/\\\/kuali.com.mx\\\/web\\\/2026\\\/04\\\/26\\\/policias-y-bomberos-celebran-a-infancias-en-silao\\\/#breadcrumb\"},\"inLanguage\":\"es\",\"potentialAction\":[{\"@type\":\"ReadAction\",\"target\":[\"https:\\\/\\\/kuali.com.mx\\\/web\\\/2026\\\/04\\\/26\\\/policias-y-bomberos-celebran-a-infancias-en-silao\\\/\"]}]},{\"@type\":\"ImageObject\",\"inLanguage\":\"es\",\"@id\":\"https:\\\/\\\/kuali.com.mx\\\/web\\\/2026\\\/04\\\/26\\\/policias-y-bomberos-celebran-a-infancias-en-silao\\\/#primaryimage\",\"url\":\"https:\\\/\\\/kuali.com.mx\\\/web\\\/wp-content\\\/uploads\\\/2026\\\/04\\\/Dia-del-nino-Silao-1.jpg\",\"contentUrl\":\"https:\\\/\\\/kuali.com.mx\\\/web\\\/wp-content\\\/uploads\\\/2026\\\/04\\\/Dia-del-nino-Silao-1.jpg\",\"width\":1700,\"height\":750},{\"@type\":\"BreadcrumbList\",\"@id\":\"https:\\\/\\\/kuali.com.mx\\\/web\\\/2026\\\/04\\\/26\\\/policias-y-bomberos-celebran-a-infancias-en-silao\\\/#breadcrumb\",\"itemListElement\":[{\"@type\":\"ListItem\",\"position\":1,\"name\":\"Inicio\",\"item\":\"https:\\\/\\\/kuali.com.mx\\\/web\\\/\"},{\"@type\":\"ListItem\",\"position\":2,\"name\":\"POLIC\u00cdAS Y BOMBEROS CELEBRAN A INFANCIAS EN SILAO\"}]},{\"@type\":\"WebSite\",\"@id\":\"https:\\\/\\\/kuali.com.mx\\\/web\\\/#website\",\"url\":\"https:\\\/\\\/kuali.com.mx\\\/web\\\/\",\"name\":\"Kuali\",\"description\":\"\",\"potentialAction\":[{\"@type\":\"SearchAction\",\"target\":{\"@type\":\"EntryPoint\",\"urlTemplate\":\"https:\\\/\\\/kuali.com.mx\\\/web\\\/?s={search_term_string}\"},\"query-input\":{\"@type\":\"PropertyValueSpecification\",\"valueRequired\":true,\"valueName\":\"search_term_string\"}}],\"inLanguage\":\"es\"},{\"@type\":\"Person\",\"@id\":\"https:\\\/\\\/kuali.com.mx\\\/web\\\/#\\\/schema\\\/person\\\/6f89ffa8ecba9dae50662357923c5289\",\"name\":\"Kuali Staff\",\"image\":{\"@type\":\"ImageObject\",\"inLanguage\":\"es\",\"@id\":\"https:\\\/\\\/secure.gravatar.com\\\/avatar\\\/f917ad82e5ab71227a733c78b6e60715476f69ee6be59feee4eb5d9920c89e0f?s=96&d=mm&r=g\",\"url\":\"https:\\\/\\\/secure.gravatar.com\\\/avatar\\\/f917ad82e5ab71227a733c78b6e60715476f69ee6be59feee4eb5d9920c89e0f?s=96&d=mm&r=g\",\"contentUrl\":\"https:\\\/\\\/secure.gravatar.com\\\/avatar\\\/f917ad82e5ab71227a733c78b6e60715476f69ee6be59feee4eb5d9920c89e0f?s=96&d=mm&r=g\",\"caption\":\"Kuali Staff\"},\"url\":\"https:\\\/\\\/kuali.com.mx\\\/web\\\/author\\\/lagarto\\\/\"}]}<\/script>\n<!-- \/ Yoast SEO plugin. -->","yoast_head_json":{"title":"POLIC\u00cdAS Y BOMBEROS CELEBRAN A INFANCIAS EN SILAO - Kuali","robots":{"index":"index","follow":"follow","max-snippet":"max-snippet:-1","max-image-preview":"max-image-preview:large","max-video-preview":"max-video-preview:-1"},"canonical":"https:\/\/kuali.com.mx\/web\/2026\/04\/26\/policias-y-bomberos-celebran-a-infancias-en-silao\/","og_locale":"es_MX","og_type":"article","og_title":"POLIC\u00cdAS Y BOMBEROS CELEBRAN A INFANCIAS EN SILAO - Kuali","og_description":"Kuali\/Silao de la Victoria, Gto. Polic\u00edas, bomberos y rescatistas convivieron con cerca de mil infantes, en el marco de los festejos por el D\u00eda de la Ni\u00f1a y del Ni\u00f1o en el municipio de Silao. La colonia Sope\u00f1a fue sede de la Feria de Seguridad, que forma parte del Festival de la Alegr\u00eda con el [&hellip;]","og_url":"https:\/\/kuali.com.mx\/web\/2026\/04\/26\/policias-y-bomberos-celebran-a-infancias-en-silao\/","og_site_name":"Kuali","article_publisher":"https:\/\/kuali.com.mx\/web\/wp-content\/uploads\/2018\/04\/cropped-kuali_logo-1-1.png","article_published_time":"2026-04-26T14:37:00+00:00","article_modified_time":"2026-04-27T01:37:44+00:00","og_image":[{"width":1700,"height":750,"url":"https:\/\/kuali.com.mx\/web\/wp-content\/uploads\/2026\/04\/Dia-del-nino-Silao-1.jpg","type":"image\/jpeg"}],"author":"Kuali Staff","twitter_card":"summary_large_image","twitter_creator":"@kuali_noticias","twitter_site":"@kuali_noticias","twitter_misc":{"Escrito por":"Kuali Staff","Tiempo de lectura":"2 minutos"},"schema":{"@context":"https:\/\/schema.org","@graph":[{"@type":"Article","@id":"https:\/\/kuali.com.mx\/web\/2026\/04\/26\/policias-y-bomberos-celebran-a-infancias-en-silao\/#article","isPartOf":{"@id":"https:\/\/kuali.com.mx\/web\/2026\/04\/26\/policias-y-bomberos-celebran-a-infancias-en-silao\/"},"author":{"name":"Kuali Staff","@id":"https:\/\/kuali.com.mx\/web\/#\/schema\/person\/6f89ffa8ecba9dae50662357923c5289"},"headline":"POLIC\u00cdAS Y BOMBEROS CELEBRAN A INFANCIAS EN SILAO","datePublished":"2026-04-26T14:37:00+00:00","dateModified":"2026-04-27T01:37:44+00:00","mainEntityOfPage":{"@id":"https:\/\/kuali.com.mx\/web\/2026\/04\/26\/policias-y-bomberos-celebran-a-infancias-en-silao\/"},"wordCount":334,"commentCount":0,"image":{"@id":"https:\/\/kuali.com.mx\/web\/2026\/04\/26\/policias-y-bomberos-celebran-a-infancias-en-silao\/#primaryimage"},"thumbnailUrl":"https:\/\/kuali.com.mx\/web\/wp-content\/uploads\/2026\/04\/Dia-del-nino-Silao-1.jpg","keywords":["D\u00eda del Ni\u00f1o","Festejos","Indancias","Infancias","Ni\u00f1ez","Silao"],"articleSection":["Pol\u00edtica"],"inLanguage":"es","potentialAction":[{"@type":"CommentAction","name":"Comment","target":["https:\/\/kuali.com.mx\/web\/2026\/04\/26\/policias-y-bomberos-celebran-a-infancias-en-silao\/#respond"]}]},{"@type":"WebPage","@id":"https:\/\/kuali.com.mx\/web\/2026\/04\/26\/policias-y-bomberos-celebran-a-infancias-en-silao\/","url":"https:\/\/kuali.com.mx\/web\/2026\/04\/26\/policias-y-bomberos-celebran-a-infancias-en-silao\/","name":"POLIC\u00cdAS Y BOMBEROS CELEBRAN A INFANCIAS EN SILAO - Kuali","isPartOf":{"@id":"https:\/\/kuali.com.mx\/web\/#website"},"primaryImageOfPage":{"@id":"https:\/\/kuali.com.mx\/web\/2026\/04\/26\/policias-y-bomberos-celebran-a-infancias-en-silao\/#primaryimage"},"image":{"@id":"https:\/\/kuali.com.mx\/web\/2026\/04\/26\/policias-y-bomberos-celebran-a-infancias-en-silao\/#primaryimage"},"thumbnailUrl":"https:\/\/kuali.com.mx\/web\/wp-content\/uploads\/2026\/04\/Dia-del-nino-Silao-1.jpg","datePublished":"2026-04-26T14:37:00+00:00","dateModified":"2026-04-27T01:37:44+00:00","author":{"@id":"https:\/\/kuali.com.mx\/web\/#\/schema\/person\/6f89ffa8ecba9dae50662357923c5289"},"breadcrumb":{"@id":"https:\/\/kuali.com.mx\/web\/2026\/04\/26\/policias-y-bomberos-celebran-a-infancias-en-silao\/#breadcrumb"},"inLanguage":"es","potentialAction":[{"@type":"ReadAction","target":["https:\/\/kuali.com.mx\/web\/2026\/04\/26\/policias-y-bomberos-celebran-a-infancias-en-silao\/"]}]},{"@type":"ImageObject","inLanguage":"es","@id":"https:\/\/kuali.com.mx\/web\/2026\/04\/26\/policias-y-bomberos-celebran-a-infancias-en-silao\/#primaryimage","url":"https:\/\/kuali.com.mx\/web\/wp-content\/uploads\/2026\/04\/Dia-del-nino-Silao-1.jpg","contentUrl":"https:\/\/kuali.com.mx\/web\/wp-content\/uploads\/2026\/04\/Dia-del-nino-Silao-1.jpg","width":1700,"height":750},{"@type":"BreadcrumbList","@id":"https:\/\/kuali.com.mx\/web\/2026\/04\/26\/policias-y-bomberos-celebran-a-infancias-en-silao\/#breadcrumb","itemListElement":[{"@type":"ListItem","position":1,"name":"Inicio","item":"https:\/\/kuali.com.mx\/web\/"},{"@type":"ListItem","position":2,"name":"POLIC\u00cdAS Y BOMBEROS CELEBRAN A INFANCIAS EN SILAO"}]},{"@type":"WebSite","@id":"https:\/\/kuali.com.mx\/web\/#website","url":"https:\/\/kuali.com.mx\/web\/","name":"Kuali","description":"","potentialAction":[{"@type":"SearchAction","target":{"@type":"EntryPoint","urlTemplate":"https:\/\/kuali.com.mx\/web\/?s={search_term_string}"},"query-input":{"@type":"PropertyValueSpecification","valueRequired":true,"valueName":"search_term_string"}}],"inLanguage":"es"},{"@type":"Person","@id":"https:\/\/kuali.com.mx\/web\/#\/schema\/person\/6f89ffa8ecba9dae50662357923c5289","name":"Kuali Staff","image":{"@type":"ImageObject","inLanguage":"es","@id":"https:\/\/secure.gravatar.com\/avatar\/f917ad82e5ab71227a733c78b6e60715476f69ee6be59feee4eb5d9920c89e0f?s=96&d=mm&r=g","url":"https:\/\/secure.gravatar.com\/avatar\/f917ad82e5ab71227a733c78b6e60715476f69ee6be59feee4eb5d9920c89e0f?s=96&d=mm&r=g","contentUrl":"https:\/\/secure.gravatar.com\/avatar\/f917ad82e5ab71227a733c78b6e60715476f69ee6be59feee4eb5d9920c89e0f?s=96&d=mm&r=g","caption":"Kuali Staff"},"url":"https:\/\/kuali.com.mx\/web\/author\/lagarto\/"}]}},"_links":{"self":[{"href":"https:\/\/kuali.com.mx\/web\/wp-json\/wp\/v2\/posts\/203019","targetHints":{"allow":["GET"]}}],"collection":[{"href":"https:\/\/kuali.com.mx\/web\/wp-json\/wp\/v2\/posts"}],"about":[{"href":"https:\/\/kuali.com.mx\/web\/wp-json\/wp\/v2\/types\/post"}],"author":[{"embeddable":true,"href":"https:\/\/kuali.com.mx\/web\/wp-json\/wp\/v2\/users\/2"}],"replies":[{"embeddable":true,"href":"https:\/\/kuali.com.mx\/web\/wp-json\/wp\/v2\/comments?post=203019"}],"version-history":[{"count":1,"href":"https:\/\/kuali.com.mx\/web\/wp-json\/wp\/v2\/posts\/203019\/revisions"}],"predecessor-version":[{"id":203025,"href":"https:\/\/kuali.com.mx\/web\/wp-json\/wp\/v2\/posts\/203019\/revisions\/203025"}],"wp:featuredmedia":[{"embeddable":true,"href":"https:\/\/kuali.com.mx\/web\/wp-json\/wp\/v2\/media\/203022"}],"wp:attachment":[{"href":"https:\/\/kuali.com.mx\/web\/wp-json\/wp\/v2\/media?parent=203019"}],"wp:term":[{"taxonomy":"category","embeddable":true,"href":"https:\/\/kuali.com.mx\/web\/wp-json\/wp\/v2\/categories?post=203019"},{"taxonomy":"post_tag","embeddable":true,"href":"https:\/\/kuali.com.mx\/web\/wp-json\/wp\/v2\/tags?post=203019"}],"curies":[{"name":"wp","href":"https:\/\/api.w.org\/{rel}","templated":true}]}}