{"id":203009,"date":"2026-04-26T10:00:54","date_gmt":"2026-04-26T16:00:54","guid":{"rendered":"https:\/\/kuali.com.mx\/web\/?p=203009"},"modified":"2026-04-26T19:41:16","modified_gmt":"2026-04-27T01:41:16","slug":"telmex-cambiara-cobre-por-fibra-optica-en-purisima","status":"publish","type":"post","link":"https:\/\/kuali.com.mx\/web\/2026\/04\/26\/telmex-cambiara-cobre-por-fibra-optica-en-purisima\/","title":{"rendered":"TELMEX CAMBIAR\u00c1 COBRE POR FIBRA \u00d3PTICA EN PUR\u00cdSIMA"},"content":{"rendered":"\n<p><strong>Kuali\/Pur\u00edsima del Rinc\u00f3n, Gto.-<\/strong>\u00a0Tel\u00e9fonos de M\u00e9xico -Telmex- sustituir\u00e1 el cableado de cobre por fibra \u00f3ptica en zonas urbanas y rurales del municipio de Pur\u00edsima del Rinc\u00f3n.<\/p>\n\n\n\n<p>Los trabajos comienzan esta semana y concluir\u00e1n en dos meses, con lo que se espera una mejor\u00eda en la comunicaci\u00f3n y cobertura, ya que el servicio de internet se ofrecer\u00e1 mediante fibra \u00f3ptica y quedar\u00e1 totalmente fuera el cobre, anunci\u00f3 el presidente municipal, Roberto Garc\u00eda Urbano.<\/p>\n\n\n\n<p>El alcalde sostuvo una reuni\u00f3n la tarde del jueves pasado en la que se acordaron los trabajos. Asistieron C\u00e9sar Javier Garc\u00eda Garc\u00eda, coordinador Comercial de Telmex Guanajuato; Ang\u00e9lica Landa V\u00e1zquez, encargada de la Gerencia Integral de \u00c1rea Le\u00f3n; y \u00a0Rub\u00e9n Estrada Cisneros, Jefe de \u00c1rea - San Francisco- Pur\u00edsima y Manuel Doblado; Rogelio Ayala, director de Obras P\u00fablicas Municipales; y Juan CArlos Mart\u00ednez Torres, de la Direcci\u00f3n de Tr\u00e1nsito Municipal.<\/p>\n\n\n\n<p>Roberto Garc\u00eda y C\u00e9sar Garc\u00eda destacaron que la instalaci\u00f3n de fibra \u00f3ptica es gracias a las gestiones del senador de la rep\u00fablica, el exgobernador del estado, Miguel M\u00e1rquez M\u00e1rquez, quien vive en vive en este municipio.<\/p>\n\n\n\n<p>\"Queremos cerrar la brecha digital como parte de la ciudad educadora que somos y fomentar el desarrollo social\", expres\u00f3 Roberto Garc\u00eda al recordar la digitalizaci\u00f3n del servicio de Telmex en Pur\u00edsima comenz\u00f3 en el a\u00f1o 2014 en el centro de la ciudad, \"y es conveniente que terminemos de hacer subterr\u00e1neo el servicio de cableado de telefon\u00eda e internet, entonces se retirar\u00e1n los postes y habr\u00e1 fibra \u00f3ptica de alta velocidad\", indic\u00f3.<\/p>\n\n\n\n<p>Por lo tanto, en pr\u00f3ximas fechas se firmar\u00e1 un acuerdo estrat\u00e9gico, para que Telmex aproveche la infraestructura que ya tiene Pur\u00edsima en el centro de la ciudad para llevar la fibra \u00f3ptica a m\u00e1s colonias y comunidades rurales.<\/p>\n\n\n\n<p>Las comunidades de Jalpa de C\u00e1novas, San Andr\u00e9s de Jalpa, El Tecolote, Ca\u00f1ada de Negros, Palenque y San Jer\u00f3nimo ya cuentan con fibra \u00f3ptica.<\/p>\n\n\n\n<p>El proceso de despliegue t\u00e9cnico iniciar\u00e1 pr\u00f3ximamente en la colonia Las Huertas y en las calles P\u00e9rez Maga\u00f1a, Faisanes, P\u00edpila, Guerrero, Pl\u00e1cido Domingo, Emiliano Zapata, Francisco I. Madero, Hidalgo, Allende, Hermenegildo Bustos, Matamoros; as\u00ed como las comunidades \u00a0El Pedernal, San \u00c1ngel y Guadalupe de Jalpa.<\/p>\n\n\n\n<p><\/p>\n","protected":false},"excerpt":{"rendered":"Kuali\/Pur\u00edsima del Rinc\u00f3n, Gto.-\u00a0Tel\u00e9fonos de M\u00e9xico -Telmex- sustituir\u00e1 el cableado de cobre por fibra \u00f3ptica en zonas urbanas y rurales del municipio de Pur\u00edsima del Rinc\u00f3n. Los trabajos comienzan esta semana y concluir\u00e1n en dos meses, con lo que se espera una mejor\u00eda en la comunicaci\u00f3n y cobertura, ya que el servicio de internet se [&hellip;]","protected":false},"author":2,"featured_media":203012,"comment_status":"open","ping_status":"open","sticky":false,"template":"","format":"standard","meta":{"_seopress_robots_primary_cat":"none","_seopress_titles_title":"","_seopress_titles_desc":"","_seopress_robots_index":"","_monsterinsights_skip_tracking":false,"_monsterinsights_sitenote_active":false,"_monsterinsights_sitenote_note":"","_monsterinsights_sitenote_category":0,"footnotes":""},"categories":[3],"tags":[6676,6675,276,1115,6674,285],"class_list":["post-203009","post","type-post","status-publish","format-standard","has-post-thumbnail","hentry","category-politica","tag-digitalizacion","tag-fibra-optica","tag-internet","tag-purisima-del-rincon","tag-tecologia","tag-telmex"],"yoast_head":"<!-- This site is optimized with the Yoast SEO plugin v27.4 - https:\/\/yoast.com\/product\/yoast-seo-wordpress\/ -->\n<title>TELMEX CAMBIAR\u00c1 COBRE POR FIBRA \u00d3PTICA EN PUR\u00cdSIMA - Kuali<\/title>\n<meta name=\"robots\" content=\"index, follow, max-snippet:-1, max-image-preview:large, max-video-preview:-1\" \/>\n<link rel=\"canonical\" href=\"https:\/\/kuali.com.mx\/web\/2026\/04\/26\/telmex-cambiara-cobre-por-fibra-optica-en-purisima\/\" \/>\n<meta property=\"og:locale\" content=\"es_MX\" \/>\n<meta property=\"og:type\" content=\"article\" \/>\n<meta property=\"og:title\" content=\"TELMEX CAMBIAR\u00c1 COBRE POR FIBRA \u00d3PTICA EN PUR\u00cdSIMA - Kuali\" \/>\n<meta property=\"og:description\" content=\"Kuali\/Pur\u00edsima del Rinc\u00f3n, Gto.-\u00a0Tel\u00e9fonos de M\u00e9xico -Telmex- sustituir\u00e1 el cableado de cobre por fibra \u00f3ptica en zonas urbanas y rurales del municipio de Pur\u00edsima del Rinc\u00f3n. Los trabajos comienzan esta semana y concluir\u00e1n en dos meses, con lo que se espera una mejor\u00eda en la comunicaci\u00f3n y cobertura, ya que el servicio de internet se [&hellip;]\" \/>\n<meta property=\"og:url\" content=\"https:\/\/kuali.com.mx\/web\/2026\/04\/26\/telmex-cambiara-cobre-por-fibra-optica-en-purisima\/\" \/>\n<meta property=\"og:site_name\" content=\"Kuali\" \/>\n<meta property=\"article:publisher\" content=\"https:\/\/kuali.com.mx\/web\/wp-content\/uploads\/2018\/04\/cropped-kuali_logo-1-1.png\" \/>\n<meta property=\"article:published_time\" content=\"2026-04-26T16:00:54+00:00\" \/>\n<meta property=\"article:modified_time\" content=\"2026-04-27T01:41:16+00:00\" \/>\n<meta property=\"og:image\" content=\"https:\/\/kuali.com.mx\/web\/wp-content\/uploads\/2026\/04\/Roberto-Garcia-y-gerente-de-Telmex.jpg\" \/>\n\t<meta property=\"og:image:width\" content=\"1700\" \/>\n\t<meta property=\"og:image:height\" content=\"750\" \/>\n\t<meta property=\"og:image:type\" content=\"image\/jpeg\" \/>\n<meta name=\"author\" content=\"Kuali Staff\" \/>\n<meta name=\"twitter:card\" content=\"summary_large_image\" \/>\n<meta name=\"twitter:creator\" content=\"@kuali_noticias\" \/>\n<meta name=\"twitter:site\" content=\"@kuali_noticias\" \/>\n<meta name=\"twitter:label1\" content=\"Escrito por\" \/>\n\t<meta name=\"twitter:data1\" content=\"Kuali Staff\" \/>\n\t<meta name=\"twitter:label2\" content=\"Tiempo de lectura\" \/>\n\t<meta name=\"twitter:data2\" content=\"2 minutos\" \/>\n<script type=\"application\/ld+json\" class=\"yoast-schema-graph\">{\"@context\":\"https:\\\/\\\/schema.org\",\"@graph\":[{\"@type\":\"Article\",\"@id\":\"https:\\\/\\\/kuali.com.mx\\\/web\\\/2026\\\/04\\\/26\\\/telmex-cambiara-cobre-por-fibra-optica-en-purisima\\\/#article\",\"isPartOf\":{\"@id\":\"https:\\\/\\\/kuali.com.mx\\\/web\\\/2026\\\/04\\\/26\\\/telmex-cambiara-cobre-por-fibra-optica-en-purisima\\\/\"},\"author\":{\"name\":\"Kuali Staff\",\"@id\":\"https:\\\/\\\/kuali.com.mx\\\/web\\\/#\\\/schema\\\/person\\\/6f89ffa8ecba9dae50662357923c5289\"},\"headline\":\"TELMEX CAMBIAR\u00c1 COBRE POR FIBRA \u00d3PTICA EN PUR\u00cdSIMA\",\"datePublished\":\"2026-04-26T16:00:54+00:00\",\"dateModified\":\"2026-04-27T01:41:16+00:00\",\"mainEntityOfPage\":{\"@id\":\"https:\\\/\\\/kuali.com.mx\\\/web\\\/2026\\\/04\\\/26\\\/telmex-cambiara-cobre-por-fibra-optica-en-purisima\\\/\"},\"wordCount\":418,\"commentCount\":0,\"image\":{\"@id\":\"https:\\\/\\\/kuali.com.mx\\\/web\\\/2026\\\/04\\\/26\\\/telmex-cambiara-cobre-por-fibra-optica-en-purisima\\\/#primaryimage\"},\"thumbnailUrl\":\"https:\\\/\\\/kuali.com.mx\\\/web\\\/wp-content\\\/uploads\\\/2026\\\/04\\\/Roberto-Garcia-y-gerente-de-Telmex.jpg\",\"keywords\":[\"Digitalizaci\u00f3n\",\"Fibra \u00f3ptica\",\"Internet\",\"Pur\u00edsima del Rinc\u00f3n\",\"Tecolog\u00eda\",\"Telmex\"],\"articleSection\":[\"Pol\u00edtica\"],\"inLanguage\":\"es\",\"potentialAction\":[{\"@type\":\"CommentAction\",\"name\":\"Comment\",\"target\":[\"https:\\\/\\\/kuali.com.mx\\\/web\\\/2026\\\/04\\\/26\\\/telmex-cambiara-cobre-por-fibra-optica-en-purisima\\\/#respond\"]}]},{\"@type\":\"WebPage\",\"@id\":\"https:\\\/\\\/kuali.com.mx\\\/web\\\/2026\\\/04\\\/26\\\/telmex-cambiara-cobre-por-fibra-optica-en-purisima\\\/\",\"url\":\"https:\\\/\\\/kuali.com.mx\\\/web\\\/2026\\\/04\\\/26\\\/telmex-cambiara-cobre-por-fibra-optica-en-purisima\\\/\",\"name\":\"TELMEX CAMBIAR\u00c1 COBRE POR FIBRA \u00d3PTICA EN PUR\u00cdSIMA - Kuali\",\"isPartOf\":{\"@id\":\"https:\\\/\\\/kuali.com.mx\\\/web\\\/#website\"},\"primaryImageOfPage\":{\"@id\":\"https:\\\/\\\/kuali.com.mx\\\/web\\\/2026\\\/04\\\/26\\\/telmex-cambiara-cobre-por-fibra-optica-en-purisima\\\/#primaryimage\"},\"image\":{\"@id\":\"https:\\\/\\\/kuali.com.mx\\\/web\\\/2026\\\/04\\\/26\\\/telmex-cambiara-cobre-por-fibra-optica-en-purisima\\\/#primaryimage\"},\"thumbnailUrl\":\"https:\\\/\\\/kuali.com.mx\\\/web\\\/wp-content\\\/uploads\\\/2026\\\/04\\\/Roberto-Garcia-y-gerente-de-Telmex.jpg\",\"datePublished\":\"2026-04-26T16:00:54+00:00\",\"dateModified\":\"2026-04-27T01:41:16+00:00\",\"author\":{\"@id\":\"https:\\\/\\\/kuali.com.mx\\\/web\\\/#\\\/schema\\\/person\\\/6f89ffa8ecba9dae50662357923c5289\"},\"breadcrumb\":{\"@id\":\"https:\\\/\\\/kuali.com.mx\\\/web\\\/2026\\\/04\\\/26\\\/telmex-cambiara-cobre-por-fibra-optica-en-purisima\\\/#breadcrumb\"},\"inLanguage\":\"es\",\"potentialAction\":[{\"@type\":\"ReadAction\",\"target\":[\"https:\\\/\\\/kuali.com.mx\\\/web\\\/2026\\\/04\\\/26\\\/telmex-cambiara-cobre-por-fibra-optica-en-purisima\\\/\"]}]},{\"@type\":\"ImageObject\",\"inLanguage\":\"es\",\"@id\":\"https:\\\/\\\/kuali.com.mx\\\/web\\\/2026\\\/04\\\/26\\\/telmex-cambiara-cobre-por-fibra-optica-en-purisima\\\/#primaryimage\",\"url\":\"https:\\\/\\\/kuali.com.mx\\\/web\\\/wp-content\\\/uploads\\\/2026\\\/04\\\/Roberto-Garcia-y-gerente-de-Telmex.jpg\",\"contentUrl\":\"https:\\\/\\\/kuali.com.mx\\\/web\\\/wp-content\\\/uploads\\\/2026\\\/04\\\/Roberto-Garcia-y-gerente-de-Telmex.jpg\",\"width\":1700,\"height\":750},{\"@type\":\"BreadcrumbList\",\"@id\":\"https:\\\/\\\/kuali.com.mx\\\/web\\\/2026\\\/04\\\/26\\\/telmex-cambiara-cobre-por-fibra-optica-en-purisima\\\/#breadcrumb\",\"itemListElement\":[{\"@type\":\"ListItem\",\"position\":1,\"name\":\"Inicio\",\"item\":\"https:\\\/\\\/kuali.com.mx\\\/web\\\/\"},{\"@type\":\"ListItem\",\"position\":2,\"name\":\"TELMEX CAMBIAR\u00c1 COBRE POR FIBRA \u00d3PTICA EN PUR\u00cdSIMA\"}]},{\"@type\":\"WebSite\",\"@id\":\"https:\\\/\\\/kuali.com.mx\\\/web\\\/#website\",\"url\":\"https:\\\/\\\/kuali.com.mx\\\/web\\\/\",\"name\":\"Kuali\",\"description\":\"\",\"potentialAction\":[{\"@type\":\"SearchAction\",\"target\":{\"@type\":\"EntryPoint\",\"urlTemplate\":\"https:\\\/\\\/kuali.com.mx\\\/web\\\/?s={search_term_string}\"},\"query-input\":{\"@type\":\"PropertyValueSpecification\",\"valueRequired\":true,\"valueName\":\"search_term_string\"}}],\"inLanguage\":\"es\"},{\"@type\":\"Person\",\"@id\":\"https:\\\/\\\/kuali.com.mx\\\/web\\\/#\\\/schema\\\/person\\\/6f89ffa8ecba9dae50662357923c5289\",\"name\":\"Kuali Staff\",\"image\":{\"@type\":\"ImageObject\",\"inLanguage\":\"es\",\"@id\":\"https:\\\/\\\/secure.gravatar.com\\\/avatar\\\/f917ad82e5ab71227a733c78b6e60715476f69ee6be59feee4eb5d9920c89e0f?s=96&d=mm&r=g\",\"url\":\"https:\\\/\\\/secure.gravatar.com\\\/avatar\\\/f917ad82e5ab71227a733c78b6e60715476f69ee6be59feee4eb5d9920c89e0f?s=96&d=mm&r=g\",\"contentUrl\":\"https:\\\/\\\/secure.gravatar.com\\\/avatar\\\/f917ad82e5ab71227a733c78b6e60715476f69ee6be59feee4eb5d9920c89e0f?s=96&d=mm&r=g\",\"caption\":\"Kuali Staff\"},\"url\":\"https:\\\/\\\/kuali.com.mx\\\/web\\\/author\\\/lagarto\\\/\"}]}<\/script>\n<!-- \/ Yoast SEO plugin. -->","yoast_head_json":{"title":"TELMEX CAMBIAR\u00c1 COBRE POR FIBRA \u00d3PTICA EN PUR\u00cdSIMA - Kuali","robots":{"index":"index","follow":"follow","max-snippet":"max-snippet:-1","max-image-preview":"max-image-preview:large","max-video-preview":"max-video-preview:-1"},"canonical":"https:\/\/kuali.com.mx\/web\/2026\/04\/26\/telmex-cambiara-cobre-por-fibra-optica-en-purisima\/","og_locale":"es_MX","og_type":"article","og_title":"TELMEX CAMBIAR\u00c1 COBRE POR FIBRA \u00d3PTICA EN PUR\u00cdSIMA - Kuali","og_description":"Kuali\/Pur\u00edsima del Rinc\u00f3n, Gto.-\u00a0Tel\u00e9fonos de M\u00e9xico -Telmex- sustituir\u00e1 el cableado de cobre por fibra \u00f3ptica en zonas urbanas y rurales del municipio de Pur\u00edsima del Rinc\u00f3n. Los trabajos comienzan esta semana y concluir\u00e1n en dos meses, con lo que se espera una mejor\u00eda en la comunicaci\u00f3n y cobertura, ya que el servicio de internet se [&hellip;]","og_url":"https:\/\/kuali.com.mx\/web\/2026\/04\/26\/telmex-cambiara-cobre-por-fibra-optica-en-purisima\/","og_site_name":"Kuali","article_publisher":"https:\/\/kuali.com.mx\/web\/wp-content\/uploads\/2018\/04\/cropped-kuali_logo-1-1.png","article_published_time":"2026-04-26T16:00:54+00:00","article_modified_time":"2026-04-27T01:41:16+00:00","og_image":[{"width":1700,"height":750,"url":"https:\/\/kuali.com.mx\/web\/wp-content\/uploads\/2026\/04\/Roberto-Garcia-y-gerente-de-Telmex.jpg","type":"image\/jpeg"}],"author":"Kuali Staff","twitter_card":"summary_large_image","twitter_creator":"@kuali_noticias","twitter_site":"@kuali_noticias","twitter_misc":{"Escrito por":"Kuali Staff","Tiempo de lectura":"2 minutos"},"schema":{"@context":"https:\/\/schema.org","@graph":[{"@type":"Article","@id":"https:\/\/kuali.com.mx\/web\/2026\/04\/26\/telmex-cambiara-cobre-por-fibra-optica-en-purisima\/#article","isPartOf":{"@id":"https:\/\/kuali.com.mx\/web\/2026\/04\/26\/telmex-cambiara-cobre-por-fibra-optica-en-purisima\/"},"author":{"name":"Kuali Staff","@id":"https:\/\/kuali.com.mx\/web\/#\/schema\/person\/6f89ffa8ecba9dae50662357923c5289"},"headline":"TELMEX CAMBIAR\u00c1 COBRE POR FIBRA \u00d3PTICA EN PUR\u00cdSIMA","datePublished":"2026-04-26T16:00:54+00:00","dateModified":"2026-04-27T01:41:16+00:00","mainEntityOfPage":{"@id":"https:\/\/kuali.com.mx\/web\/2026\/04\/26\/telmex-cambiara-cobre-por-fibra-optica-en-purisima\/"},"wordCount":418,"commentCount":0,"image":{"@id":"https:\/\/kuali.com.mx\/web\/2026\/04\/26\/telmex-cambiara-cobre-por-fibra-optica-en-purisima\/#primaryimage"},"thumbnailUrl":"https:\/\/kuali.com.mx\/web\/wp-content\/uploads\/2026\/04\/Roberto-Garcia-y-gerente-de-Telmex.jpg","keywords":["Digitalizaci\u00f3n","Fibra \u00f3ptica","Internet","Pur\u00edsima del Rinc\u00f3n","Tecolog\u00eda","Telmex"],"articleSection":["Pol\u00edtica"],"inLanguage":"es","potentialAction":[{"@type":"CommentAction","name":"Comment","target":["https:\/\/kuali.com.mx\/web\/2026\/04\/26\/telmex-cambiara-cobre-por-fibra-optica-en-purisima\/#respond"]}]},{"@type":"WebPage","@id":"https:\/\/kuali.com.mx\/web\/2026\/04\/26\/telmex-cambiara-cobre-por-fibra-optica-en-purisima\/","url":"https:\/\/kuali.com.mx\/web\/2026\/04\/26\/telmex-cambiara-cobre-por-fibra-optica-en-purisima\/","name":"TELMEX CAMBIAR\u00c1 COBRE POR FIBRA \u00d3PTICA EN PUR\u00cdSIMA - Kuali","isPartOf":{"@id":"https:\/\/kuali.com.mx\/web\/#website"},"primaryImageOfPage":{"@id":"https:\/\/kuali.com.mx\/web\/2026\/04\/26\/telmex-cambiara-cobre-por-fibra-optica-en-purisima\/#primaryimage"},"image":{"@id":"https:\/\/kuali.com.mx\/web\/2026\/04\/26\/telmex-cambiara-cobre-por-fibra-optica-en-purisima\/#primaryimage"},"thumbnailUrl":"https:\/\/kuali.com.mx\/web\/wp-content\/uploads\/2026\/04\/Roberto-Garcia-y-gerente-de-Telmex.jpg","datePublished":"2026-04-26T16:00:54+00:00","dateModified":"2026-04-27T01:41:16+00:00","author":{"@id":"https:\/\/kuali.com.mx\/web\/#\/schema\/person\/6f89ffa8ecba9dae50662357923c5289"},"breadcrumb":{"@id":"https:\/\/kuali.com.mx\/web\/2026\/04\/26\/telmex-cambiara-cobre-por-fibra-optica-en-purisima\/#breadcrumb"},"inLanguage":"es","potentialAction":[{"@type":"ReadAction","target":["https:\/\/kuali.com.mx\/web\/2026\/04\/26\/telmex-cambiara-cobre-por-fibra-optica-en-purisima\/"]}]},{"@type":"ImageObject","inLanguage":"es","@id":"https:\/\/kuali.com.mx\/web\/2026\/04\/26\/telmex-cambiara-cobre-por-fibra-optica-en-purisima\/#primaryimage","url":"https:\/\/kuali.com.mx\/web\/wp-content\/uploads\/2026\/04\/Roberto-Garcia-y-gerente-de-Telmex.jpg","contentUrl":"https:\/\/kuali.com.mx\/web\/wp-content\/uploads\/2026\/04\/Roberto-Garcia-y-gerente-de-Telmex.jpg","width":1700,"height":750},{"@type":"BreadcrumbList","@id":"https:\/\/kuali.com.mx\/web\/2026\/04\/26\/telmex-cambiara-cobre-por-fibra-optica-en-purisima\/#breadcrumb","itemListElement":[{"@type":"ListItem","position":1,"name":"Inicio","item":"https:\/\/kuali.com.mx\/web\/"},{"@type":"ListItem","position":2,"name":"TELMEX CAMBIAR\u00c1 COBRE POR FIBRA \u00d3PTICA EN PUR\u00cdSIMA"}]},{"@type":"WebSite","@id":"https:\/\/kuali.com.mx\/web\/#website","url":"https:\/\/kuali.com.mx\/web\/","name":"Kuali","description":"","potentialAction":[{"@type":"SearchAction","target":{"@type":"EntryPoint","urlTemplate":"https:\/\/kuali.com.mx\/web\/?s={search_term_string}"},"query-input":{"@type":"PropertyValueSpecification","valueRequired":true,"valueName":"search_term_string"}}],"inLanguage":"es"},{"@type":"Person","@id":"https:\/\/kuali.com.mx\/web\/#\/schema\/person\/6f89ffa8ecba9dae50662357923c5289","name":"Kuali Staff","image":{"@type":"ImageObject","inLanguage":"es","@id":"https:\/\/secure.gravatar.com\/avatar\/f917ad82e5ab71227a733c78b6e60715476f69ee6be59feee4eb5d9920c89e0f?s=96&d=mm&r=g","url":"https:\/\/secure.gravatar.com\/avatar\/f917ad82e5ab71227a733c78b6e60715476f69ee6be59feee4eb5d9920c89e0f?s=96&d=mm&r=g","contentUrl":"https:\/\/secure.gravatar.com\/avatar\/f917ad82e5ab71227a733c78b6e60715476f69ee6be59feee4eb5d9920c89e0f?s=96&d=mm&r=g","caption":"Kuali Staff"},"url":"https:\/\/kuali.com.mx\/web\/author\/lagarto\/"}]}},"_links":{"self":[{"href":"https:\/\/kuali.com.mx\/web\/wp-json\/wp\/v2\/posts\/203009","targetHints":{"allow":["GET"]}}],"collection":[{"href":"https:\/\/kuali.com.mx\/web\/wp-json\/wp\/v2\/posts"}],"about":[{"href":"https:\/\/kuali.com.mx\/web\/wp-json\/wp\/v2\/types\/post"}],"author":[{"embeddable":true,"href":"https:\/\/kuali.com.mx\/web\/wp-json\/wp\/v2\/users\/2"}],"replies":[{"embeddable":true,"href":"https:\/\/kuali.com.mx\/web\/wp-json\/wp\/v2\/comments?post=203009"}],"version-history":[{"count":1,"href":"https:\/\/kuali.com.mx\/web\/wp-json\/wp\/v2\/posts\/203009\/revisions"}],"predecessor-version":[{"id":203013,"href":"https:\/\/kuali.com.mx\/web\/wp-json\/wp\/v2\/posts\/203009\/revisions\/203013"}],"wp:featuredmedia":[{"embeddable":true,"href":"https:\/\/kuali.com.mx\/web\/wp-json\/wp\/v2\/media\/203012"}],"wp:attachment":[{"href":"https:\/\/kuali.com.mx\/web\/wp-json\/wp\/v2\/media?parent=203009"}],"wp:term":[{"taxonomy":"category","embeddable":true,"href":"https:\/\/kuali.com.mx\/web\/wp-json\/wp\/v2\/categories?post=203009"},{"taxonomy":"post_tag","embeddable":true,"href":"https:\/\/kuali.com.mx\/web\/wp-json\/wp\/v2\/tags?post=203009"}],"curies":[{"name":"wp","href":"https:\/\/api.w.org\/{rel}","templated":true}]}}