{"id":202999,"date":"2026-04-26T17:38:54","date_gmt":"2026-04-26T23:38:54","guid":{"rendered":"https:\/\/kuali.com.mx\/web\/?p=202999"},"modified":"2026-04-26T19:42:15","modified_gmt":"2026-04-27T01:42:15","slug":"dia-del-nino-en-mexico-dejara-derrama-economica-de-73-mdp","status":"publish","type":"post","link":"https:\/\/kuali.com.mx\/web\/2026\/04\/26\/dia-del-nino-en-mexico-dejara-derrama-economica-de-73-mdp\/","title":{"rendered":"D\u00cdA DEL NI\u00d1O EN M\u00c9XICO DEJAR\u00c1 DERRAMA ECON\u00d3MICA DE 73 MDP"},"content":{"rendered":"\n<p>Kuali\/Ciudad de M\u00e9xico.-  El D\u00eda del Ni\u00f1o impulsar\u00e1 a 3.6 millones de negocios y dejar\u00e1 una derrama econ\u00f3mica a nivel nacional de 37 mil 500 millones de pesos (MDP), inform\u00f3 la Confederaci\u00f3n de C\u00e1maras Nacionales de Comercio, Servicios y Turismo -Comncanaco Servytur.<\/p>\n\n\n\n<p>La Confederaci\u00f3n estima un crecimiento de cinco por ciento respecto a 2025. Juguetes, restaurantes, entretenimiento, ropa, electr\u00f3nicos, alimentos y comercio local estar\u00e1n entre los giros m\u00e1s beneficiados.<\/p>\n\n\n\n<p>Esta celebraci\u00f3n beneficiar\u00e1 a 3.6 millones de unidades econ\u00f3micas del sector comercio, servicios y turismo, principalmente en giros como juguetes, electr\u00f3nicos, dulces, chocolates, ropa, alimentos y bebidas, restaurantes, cines, parques, experiencias familiares y comercio en general. <\/p>\n\n\n\n<p>\"El D\u00eda de la Ni\u00f1a y el Ni\u00f1o es una celebraci\u00f3n familiar, pero tambi\u00e9n una fecha clave para la econom\u00eda local. Cada regalo, cada comida, cada salida al cine, al parque o al restaurante fortalece a los negocios que todos los d\u00edas levantan la cortina en M\u00e9xico\u201d, se\u00f1al\u00f3 Octavio de la Torre, presidente de Concanaco Servytur M\u00e9xico. <\/p>\n\n\n\n<p>El organismo empresarial destac\u00f3 que el impacto de esta fecha se distribuye en miles de comunidades, colonias, mercados, plazas comerciales, corredores tur\u00edsticos y centros de consumo, donde los negocios familiares encuentran una oportunidad para incrementar ventas, atraer clientes y mantener empleos. <\/p>\n\n\n\n<p>En M\u00e9xico existen 6.1 millones de empresas y negocios familiares, que representan 99.8 por ciento del total de unidades econ\u00f3micas del pa\u00eds, por lo que fechas de alto consumo familiar como el D\u00eda de la Ni\u00f1a y el Ni\u00f1o son estrat\u00e9gicas para fortalecer el mercado interno y el comercio formal. <\/p>\n\n\n\n<p>Adem\u00e1s, el pa\u00eds cuenta con m\u00e1s de 38.8 millones de hogares, lo que dimensiona el potencial econ\u00f3mico de una celebraci\u00f3n que involucra decisiones de compra vinculadas con regalos, alimentos, experiencias, entretenimiento, convivencia y servicios familiares. <\/p>\n\n\n\n<p>De acuerdo con datos oficiales, en M\u00e9xico residen m\u00e1s de 36.1 millones de ni\u00f1as, ni\u00f1os y adolescentes de 0 a 17 a\u00f1os de edad, quienes representan el 28 por ciento de la poblaci\u00f3n total, lo que confirma la relevancia social y econ\u00f3mica de esta fecha para millones de familias. <\/p>\n\n\n\n<p>\u201cCuando una familia compra en un negocio formal, local o familiar, no solo adquiere un producto: protege empleos, fortalece la econom\u00eda de su comunidad y permite que m\u00e1s empresas mexicanas sigan creciendo. Ese es el verdadero impacto del comercio en M\u00e9xico\u201d, agreg\u00f3 Octavio de la Torre. <\/p>\n\n\n\n<p>La confederaci\u00f3n llam\u00f3 a las familias a privilegiar el consumo en establecimientos formales, seguros y de confianza, donde sus compras contribuyen directamente a la econom\u00eda local y a la permanencia de millones de negocios. <\/p>\n","protected":false},"excerpt":{"rendered":"Kuali\/Ciudad de M\u00e9xico.- El D\u00eda del Ni\u00f1o impulsar\u00e1 a 3.6 millones de negocios y dejar\u00e1 una derrama econ\u00f3mica a nivel nacional de 37 mil 500 millones de pesos (MDP), inform\u00f3 la Confederaci\u00f3n de C\u00e1maras Nacionales de Comercio, Servicios y Turismo -Comncanaco Servytur. La Confederaci\u00f3n estima un crecimiento de cinco por ciento respecto a 2025. Juguetes, [&hellip;]","protected":false},"author":2,"featured_media":120907,"comment_status":"open","ping_status":"open","sticky":false,"template":"","format":"standard","meta":{"_seopress_robots_primary_cat":"none","_seopress_titles_title":"","_seopress_titles_desc":"","_seopress_robots_index":"","_monsterinsights_skip_tracking":false,"_monsterinsights_sitenote_active":false,"_monsterinsights_sitenote_note":"","_monsterinsights_sitenote_category":0,"footnotes":""},"categories":[3,69],"tags":[261,4910,5601,6672,207,367],"class_list":["post-202999","post","type-post","status-publish","format-standard","has-post-thumbnail","hentry","category-politica","category-slider","tag-comercio","tag-concanaco","tag-consumo","tag-dia-de-la-nina-y-el-nino","tag-economia","tag-ventas"],"yoast_head":"<!-- This site is optimized with the Yoast SEO plugin v27.4 - https:\/\/yoast.com\/product\/yoast-seo-wordpress\/ -->\n<title>D\u00cdA DEL NI\u00d1O EN M\u00c9XICO DEJAR\u00c1 DERRAMA ECON\u00d3MICA DE 73 MDP - Kuali<\/title>\n<meta name=\"robots\" content=\"index, follow, max-snippet:-1, max-image-preview:large, max-video-preview:-1\" \/>\n<link rel=\"canonical\" href=\"https:\/\/kuali.com.mx\/web\/2026\/04\/26\/dia-del-nino-en-mexico-dejara-derrama-economica-de-73-mdp\/\" \/>\n<meta property=\"og:locale\" content=\"es_MX\" \/>\n<meta property=\"og:type\" content=\"article\" \/>\n<meta property=\"og:title\" content=\"D\u00cdA DEL NI\u00d1O EN M\u00c9XICO DEJAR\u00c1 DERRAMA ECON\u00d3MICA DE 73 MDP - Kuali\" \/>\n<meta property=\"og:description\" content=\"Kuali\/Ciudad de M\u00e9xico.- El D\u00eda del Ni\u00f1o impulsar\u00e1 a 3.6 millones de negocios y dejar\u00e1 una derrama econ\u00f3mica a nivel nacional de 37 mil 500 millones de pesos (MDP), inform\u00f3 la Confederaci\u00f3n de C\u00e1maras Nacionales de Comercio, Servicios y Turismo -Comncanaco Servytur. La Confederaci\u00f3n estima un crecimiento de cinco por ciento respecto a 2025. Juguetes, [&hellip;]\" \/>\n<meta property=\"og:url\" content=\"https:\/\/kuali.com.mx\/web\/2026\/04\/26\/dia-del-nino-en-mexico-dejara-derrama-economica-de-73-mdp\/\" \/>\n<meta property=\"og:site_name\" content=\"Kuali\" \/>\n<meta property=\"article:publisher\" content=\"https:\/\/kuali.com.mx\/web\/wp-content\/uploads\/2018\/04\/cropped-kuali_logo-1-1.png\" \/>\n<meta property=\"article:published_time\" content=\"2026-04-26T23:38:54+00:00\" \/>\n<meta property=\"article:modified_time\" content=\"2026-04-27T01:42:15+00:00\" \/>\n<meta property=\"og:image\" content=\"https:\/\/kuali.com.mx\/web\/wp-content\/uploads\/2023\/06\/Infantes_Purisima.gif\" \/>\n\t<meta property=\"og:image:width\" content=\"1800\" \/>\n\t<meta property=\"og:image:height\" content=\"750\" \/>\n\t<meta property=\"og:image:type\" content=\"image\/gif\" \/>\n<meta name=\"author\" content=\"Kuali Staff\" \/>\n<meta name=\"twitter:card\" content=\"summary_large_image\" \/>\n<meta name=\"twitter:creator\" content=\"@kuali_noticias\" \/>\n<meta name=\"twitter:site\" content=\"@kuali_noticias\" \/>\n<meta name=\"twitter:label1\" content=\"Escrito por\" \/>\n\t<meta name=\"twitter:data1\" content=\"Kuali Staff\" \/>\n\t<meta name=\"twitter:label2\" content=\"Tiempo de lectura\" \/>\n\t<meta name=\"twitter:data2\" content=\"2 minutos\" \/>\n<script type=\"application\/ld+json\" class=\"yoast-schema-graph\">{\"@context\":\"https:\\\/\\\/schema.org\",\"@graph\":[{\"@type\":\"Article\",\"@id\":\"https:\\\/\\\/kuali.com.mx\\\/web\\\/2026\\\/04\\\/26\\\/dia-del-nino-en-mexico-dejara-derrama-economica-de-73-mdp\\\/#article\",\"isPartOf\":{\"@id\":\"https:\\\/\\\/kuali.com.mx\\\/web\\\/2026\\\/04\\\/26\\\/dia-del-nino-en-mexico-dejara-derrama-economica-de-73-mdp\\\/\"},\"author\":{\"name\":\"Kuali Staff\",\"@id\":\"https:\\\/\\\/kuali.com.mx\\\/web\\\/#\\\/schema\\\/person\\\/6f89ffa8ecba9dae50662357923c5289\"},\"headline\":\"D\u00cdA DEL NI\u00d1O EN M\u00c9XICO DEJAR\u00c1 DERRAMA ECON\u00d3MICA DE 73 MDP\",\"datePublished\":\"2026-04-26T23:38:54+00:00\",\"dateModified\":\"2026-04-27T01:42:15+00:00\",\"mainEntityOfPage\":{\"@id\":\"https:\\\/\\\/kuali.com.mx\\\/web\\\/2026\\\/04\\\/26\\\/dia-del-nino-en-mexico-dejara-derrama-economica-de-73-mdp\\\/\"},\"wordCount\":469,\"commentCount\":0,\"image\":{\"@id\":\"https:\\\/\\\/kuali.com.mx\\\/web\\\/2026\\\/04\\\/26\\\/dia-del-nino-en-mexico-dejara-derrama-economica-de-73-mdp\\\/#primaryimage\"},\"thumbnailUrl\":\"https:\\\/\\\/kuali.com.mx\\\/web\\\/wp-content\\\/uploads\\\/2023\\\/06\\\/Infantes_Purisima.gif\",\"keywords\":[\"Comercio\",\"Concanaco\",\"Consumo\",\"D\u00eda de la ni\u00f1a y el ni\u00f1o\",\"Econom\u00eda\",\"Ventas\"],\"articleSection\":[\"Pol\u00edtica\",\"slider\"],\"inLanguage\":\"es\",\"potentialAction\":[{\"@type\":\"CommentAction\",\"name\":\"Comment\",\"target\":[\"https:\\\/\\\/kuali.com.mx\\\/web\\\/2026\\\/04\\\/26\\\/dia-del-nino-en-mexico-dejara-derrama-economica-de-73-mdp\\\/#respond\"]}]},{\"@type\":\"WebPage\",\"@id\":\"https:\\\/\\\/kuali.com.mx\\\/web\\\/2026\\\/04\\\/26\\\/dia-del-nino-en-mexico-dejara-derrama-economica-de-73-mdp\\\/\",\"url\":\"https:\\\/\\\/kuali.com.mx\\\/web\\\/2026\\\/04\\\/26\\\/dia-del-nino-en-mexico-dejara-derrama-economica-de-73-mdp\\\/\",\"name\":\"D\u00cdA DEL NI\u00d1O EN M\u00c9XICO DEJAR\u00c1 DERRAMA ECON\u00d3MICA DE 73 MDP - Kuali\",\"isPartOf\":{\"@id\":\"https:\\\/\\\/kuali.com.mx\\\/web\\\/#website\"},\"primaryImageOfPage\":{\"@id\":\"https:\\\/\\\/kuali.com.mx\\\/web\\\/2026\\\/04\\\/26\\\/dia-del-nino-en-mexico-dejara-derrama-economica-de-73-mdp\\\/#primaryimage\"},\"image\":{\"@id\":\"https:\\\/\\\/kuali.com.mx\\\/web\\\/2026\\\/04\\\/26\\\/dia-del-nino-en-mexico-dejara-derrama-economica-de-73-mdp\\\/#primaryimage\"},\"thumbnailUrl\":\"https:\\\/\\\/kuali.com.mx\\\/web\\\/wp-content\\\/uploads\\\/2023\\\/06\\\/Infantes_Purisima.gif\",\"datePublished\":\"2026-04-26T23:38:54+00:00\",\"dateModified\":\"2026-04-27T01:42:15+00:00\",\"author\":{\"@id\":\"https:\\\/\\\/kuali.com.mx\\\/web\\\/#\\\/schema\\\/person\\\/6f89ffa8ecba9dae50662357923c5289\"},\"breadcrumb\":{\"@id\":\"https:\\\/\\\/kuali.com.mx\\\/web\\\/2026\\\/04\\\/26\\\/dia-del-nino-en-mexico-dejara-derrama-economica-de-73-mdp\\\/#breadcrumb\"},\"inLanguage\":\"es\",\"potentialAction\":[{\"@type\":\"ReadAction\",\"target\":[\"https:\\\/\\\/kuali.com.mx\\\/web\\\/2026\\\/04\\\/26\\\/dia-del-nino-en-mexico-dejara-derrama-economica-de-73-mdp\\\/\"]}]},{\"@type\":\"ImageObject\",\"inLanguage\":\"es\",\"@id\":\"https:\\\/\\\/kuali.com.mx\\\/web\\\/2026\\\/04\\\/26\\\/dia-del-nino-en-mexico-dejara-derrama-economica-de-73-mdp\\\/#primaryimage\",\"url\":\"https:\\\/\\\/kuali.com.mx\\\/web\\\/wp-content\\\/uploads\\\/2023\\\/06\\\/Infantes_Purisima.gif\",\"contentUrl\":\"https:\\\/\\\/kuali.com.mx\\\/web\\\/wp-content\\\/uploads\\\/2023\\\/06\\\/Infantes_Purisima.gif\",\"width\":1800,\"height\":750},{\"@type\":\"BreadcrumbList\",\"@id\":\"https:\\\/\\\/kuali.com.mx\\\/web\\\/2026\\\/04\\\/26\\\/dia-del-nino-en-mexico-dejara-derrama-economica-de-73-mdp\\\/#breadcrumb\",\"itemListElement\":[{\"@type\":\"ListItem\",\"position\":1,\"name\":\"Inicio\",\"item\":\"https:\\\/\\\/kuali.com.mx\\\/web\\\/\"},{\"@type\":\"ListItem\",\"position\":2,\"name\":\"D\u00cdA DEL NI\u00d1O EN M\u00c9XICO DEJAR\u00c1 DERRAMA ECON\u00d3MICA DE 73 MDP\"}]},{\"@type\":\"WebSite\",\"@id\":\"https:\\\/\\\/kuali.com.mx\\\/web\\\/#website\",\"url\":\"https:\\\/\\\/kuali.com.mx\\\/web\\\/\",\"name\":\"Kuali\",\"description\":\"\",\"potentialAction\":[{\"@type\":\"SearchAction\",\"target\":{\"@type\":\"EntryPoint\",\"urlTemplate\":\"https:\\\/\\\/kuali.com.mx\\\/web\\\/?s={search_term_string}\"},\"query-input\":{\"@type\":\"PropertyValueSpecification\",\"valueRequired\":true,\"valueName\":\"search_term_string\"}}],\"inLanguage\":\"es\"},{\"@type\":\"Person\",\"@id\":\"https:\\\/\\\/kuali.com.mx\\\/web\\\/#\\\/schema\\\/person\\\/6f89ffa8ecba9dae50662357923c5289\",\"name\":\"Kuali Staff\",\"image\":{\"@type\":\"ImageObject\",\"inLanguage\":\"es\",\"@id\":\"https:\\\/\\\/secure.gravatar.com\\\/avatar\\\/f917ad82e5ab71227a733c78b6e60715476f69ee6be59feee4eb5d9920c89e0f?s=96&d=mm&r=g\",\"url\":\"https:\\\/\\\/secure.gravatar.com\\\/avatar\\\/f917ad82e5ab71227a733c78b6e60715476f69ee6be59feee4eb5d9920c89e0f?s=96&d=mm&r=g\",\"contentUrl\":\"https:\\\/\\\/secure.gravatar.com\\\/avatar\\\/f917ad82e5ab71227a733c78b6e60715476f69ee6be59feee4eb5d9920c89e0f?s=96&d=mm&r=g\",\"caption\":\"Kuali Staff\"},\"url\":\"https:\\\/\\\/kuali.com.mx\\\/web\\\/author\\\/lagarto\\\/\"}]}<\/script>\n<!-- \/ Yoast SEO plugin. -->","yoast_head_json":{"title":"D\u00cdA DEL NI\u00d1O EN M\u00c9XICO DEJAR\u00c1 DERRAMA ECON\u00d3MICA DE 73 MDP - Kuali","robots":{"index":"index","follow":"follow","max-snippet":"max-snippet:-1","max-image-preview":"max-image-preview:large","max-video-preview":"max-video-preview:-1"},"canonical":"https:\/\/kuali.com.mx\/web\/2026\/04\/26\/dia-del-nino-en-mexico-dejara-derrama-economica-de-73-mdp\/","og_locale":"es_MX","og_type":"article","og_title":"D\u00cdA DEL NI\u00d1O EN M\u00c9XICO DEJAR\u00c1 DERRAMA ECON\u00d3MICA DE 73 MDP - Kuali","og_description":"Kuali\/Ciudad de M\u00e9xico.- El D\u00eda del Ni\u00f1o impulsar\u00e1 a 3.6 millones de negocios y dejar\u00e1 una derrama econ\u00f3mica a nivel nacional de 37 mil 500 millones de pesos (MDP), inform\u00f3 la Confederaci\u00f3n de C\u00e1maras Nacionales de Comercio, Servicios y Turismo -Comncanaco Servytur. La Confederaci\u00f3n estima un crecimiento de cinco por ciento respecto a 2025. Juguetes, [&hellip;]","og_url":"https:\/\/kuali.com.mx\/web\/2026\/04\/26\/dia-del-nino-en-mexico-dejara-derrama-economica-de-73-mdp\/","og_site_name":"Kuali","article_publisher":"https:\/\/kuali.com.mx\/web\/wp-content\/uploads\/2018\/04\/cropped-kuali_logo-1-1.png","article_published_time":"2026-04-26T23:38:54+00:00","article_modified_time":"2026-04-27T01:42:15+00:00","og_image":[{"width":1800,"height":750,"url":"https:\/\/kuali.com.mx\/web\/wp-content\/uploads\/2023\/06\/Infantes_Purisima.gif","type":"image\/gif"}],"author":"Kuali Staff","twitter_card":"summary_large_image","twitter_creator":"@kuali_noticias","twitter_site":"@kuali_noticias","twitter_misc":{"Escrito por":"Kuali Staff","Tiempo de lectura":"2 minutos"},"schema":{"@context":"https:\/\/schema.org","@graph":[{"@type":"Article","@id":"https:\/\/kuali.com.mx\/web\/2026\/04\/26\/dia-del-nino-en-mexico-dejara-derrama-economica-de-73-mdp\/#article","isPartOf":{"@id":"https:\/\/kuali.com.mx\/web\/2026\/04\/26\/dia-del-nino-en-mexico-dejara-derrama-economica-de-73-mdp\/"},"author":{"name":"Kuali Staff","@id":"https:\/\/kuali.com.mx\/web\/#\/schema\/person\/6f89ffa8ecba9dae50662357923c5289"},"headline":"D\u00cdA DEL NI\u00d1O EN M\u00c9XICO DEJAR\u00c1 DERRAMA ECON\u00d3MICA DE 73 MDP","datePublished":"2026-04-26T23:38:54+00:00","dateModified":"2026-04-27T01:42:15+00:00","mainEntityOfPage":{"@id":"https:\/\/kuali.com.mx\/web\/2026\/04\/26\/dia-del-nino-en-mexico-dejara-derrama-economica-de-73-mdp\/"},"wordCount":469,"commentCount":0,"image":{"@id":"https:\/\/kuali.com.mx\/web\/2026\/04\/26\/dia-del-nino-en-mexico-dejara-derrama-economica-de-73-mdp\/#primaryimage"},"thumbnailUrl":"https:\/\/kuali.com.mx\/web\/wp-content\/uploads\/2023\/06\/Infantes_Purisima.gif","keywords":["Comercio","Concanaco","Consumo","D\u00eda de la ni\u00f1a y el ni\u00f1o","Econom\u00eda","Ventas"],"articleSection":["Pol\u00edtica","slider"],"inLanguage":"es","potentialAction":[{"@type":"CommentAction","name":"Comment","target":["https:\/\/kuali.com.mx\/web\/2026\/04\/26\/dia-del-nino-en-mexico-dejara-derrama-economica-de-73-mdp\/#respond"]}]},{"@type":"WebPage","@id":"https:\/\/kuali.com.mx\/web\/2026\/04\/26\/dia-del-nino-en-mexico-dejara-derrama-economica-de-73-mdp\/","url":"https:\/\/kuali.com.mx\/web\/2026\/04\/26\/dia-del-nino-en-mexico-dejara-derrama-economica-de-73-mdp\/","name":"D\u00cdA DEL NI\u00d1O EN M\u00c9XICO DEJAR\u00c1 DERRAMA ECON\u00d3MICA DE 73 MDP - Kuali","isPartOf":{"@id":"https:\/\/kuali.com.mx\/web\/#website"},"primaryImageOfPage":{"@id":"https:\/\/kuali.com.mx\/web\/2026\/04\/26\/dia-del-nino-en-mexico-dejara-derrama-economica-de-73-mdp\/#primaryimage"},"image":{"@id":"https:\/\/kuali.com.mx\/web\/2026\/04\/26\/dia-del-nino-en-mexico-dejara-derrama-economica-de-73-mdp\/#primaryimage"},"thumbnailUrl":"https:\/\/kuali.com.mx\/web\/wp-content\/uploads\/2023\/06\/Infantes_Purisima.gif","datePublished":"2026-04-26T23:38:54+00:00","dateModified":"2026-04-27T01:42:15+00:00","author":{"@id":"https:\/\/kuali.com.mx\/web\/#\/schema\/person\/6f89ffa8ecba9dae50662357923c5289"},"breadcrumb":{"@id":"https:\/\/kuali.com.mx\/web\/2026\/04\/26\/dia-del-nino-en-mexico-dejara-derrama-economica-de-73-mdp\/#breadcrumb"},"inLanguage":"es","potentialAction":[{"@type":"ReadAction","target":["https:\/\/kuali.com.mx\/web\/2026\/04\/26\/dia-del-nino-en-mexico-dejara-derrama-economica-de-73-mdp\/"]}]},{"@type":"ImageObject","inLanguage":"es","@id":"https:\/\/kuali.com.mx\/web\/2026\/04\/26\/dia-del-nino-en-mexico-dejara-derrama-economica-de-73-mdp\/#primaryimage","url":"https:\/\/kuali.com.mx\/web\/wp-content\/uploads\/2023\/06\/Infantes_Purisima.gif","contentUrl":"https:\/\/kuali.com.mx\/web\/wp-content\/uploads\/2023\/06\/Infantes_Purisima.gif","width":1800,"height":750},{"@type":"BreadcrumbList","@id":"https:\/\/kuali.com.mx\/web\/2026\/04\/26\/dia-del-nino-en-mexico-dejara-derrama-economica-de-73-mdp\/#breadcrumb","itemListElement":[{"@type":"ListItem","position":1,"name":"Inicio","item":"https:\/\/kuali.com.mx\/web\/"},{"@type":"ListItem","position":2,"name":"D\u00cdA DEL NI\u00d1O EN M\u00c9XICO DEJAR\u00c1 DERRAMA ECON\u00d3MICA DE 73 MDP"}]},{"@type":"WebSite","@id":"https:\/\/kuali.com.mx\/web\/#website","url":"https:\/\/kuali.com.mx\/web\/","name":"Kuali","description":"","potentialAction":[{"@type":"SearchAction","target":{"@type":"EntryPoint","urlTemplate":"https:\/\/kuali.com.mx\/web\/?s={search_term_string}"},"query-input":{"@type":"PropertyValueSpecification","valueRequired":true,"valueName":"search_term_string"}}],"inLanguage":"es"},{"@type":"Person","@id":"https:\/\/kuali.com.mx\/web\/#\/schema\/person\/6f89ffa8ecba9dae50662357923c5289","name":"Kuali Staff","image":{"@type":"ImageObject","inLanguage":"es","@id":"https:\/\/secure.gravatar.com\/avatar\/f917ad82e5ab71227a733c78b6e60715476f69ee6be59feee4eb5d9920c89e0f?s=96&d=mm&r=g","url":"https:\/\/secure.gravatar.com\/avatar\/f917ad82e5ab71227a733c78b6e60715476f69ee6be59feee4eb5d9920c89e0f?s=96&d=mm&r=g","contentUrl":"https:\/\/secure.gravatar.com\/avatar\/f917ad82e5ab71227a733c78b6e60715476f69ee6be59feee4eb5d9920c89e0f?s=96&d=mm&r=g","caption":"Kuali Staff"},"url":"https:\/\/kuali.com.mx\/web\/author\/lagarto\/"}]}},"_links":{"self":[{"href":"https:\/\/kuali.com.mx\/web\/wp-json\/wp\/v2\/posts\/202999","targetHints":{"allow":["GET"]}}],"collection":[{"href":"https:\/\/kuali.com.mx\/web\/wp-json\/wp\/v2\/posts"}],"about":[{"href":"https:\/\/kuali.com.mx\/web\/wp-json\/wp\/v2\/types\/post"}],"author":[{"embeddable":true,"href":"https:\/\/kuali.com.mx\/web\/wp-json\/wp\/v2\/users\/2"}],"replies":[{"embeddable":true,"href":"https:\/\/kuali.com.mx\/web\/wp-json\/wp\/v2\/comments?post=202999"}],"version-history":[{"count":1,"href":"https:\/\/kuali.com.mx\/web\/wp-json\/wp\/v2\/posts\/202999\/revisions"}],"predecessor-version":[{"id":203002,"href":"https:\/\/kuali.com.mx\/web\/wp-json\/wp\/v2\/posts\/202999\/revisions\/203002"}],"wp:featuredmedia":[{"embeddable":true,"href":"https:\/\/kuali.com.mx\/web\/wp-json\/wp\/v2\/media\/120907"}],"wp:attachment":[{"href":"https:\/\/kuali.com.mx\/web\/wp-json\/wp\/v2\/media?parent=202999"}],"wp:term":[{"taxonomy":"category","embeddable":true,"href":"https:\/\/kuali.com.mx\/web\/wp-json\/wp\/v2\/categories?post=202999"},{"taxonomy":"post_tag","embeddable":true,"href":"https:\/\/kuali.com.mx\/web\/wp-json\/wp\/v2\/tags?post=202999"}],"curies":[{"name":"wp","href":"https:\/\/api.w.org\/{rel}","templated":true}]}}