{"id":202968,"date":"2026-04-26T08:48:47","date_gmt":"2026-04-26T14:48:47","guid":{"rendered":"https:\/\/kuali.com.mx\/web\/?p=202968"},"modified":"2026-04-26T08:48:50","modified_gmt":"2026-04-26T14:48:50","slug":"irapuato-se-viste-de-fe-para-celebrar-a-su-patrona","status":"publish","type":"post","link":"https:\/\/kuali.com.mx\/web\/2026\/04\/26\/irapuato-se-viste-de-fe-para-celebrar-a-su-patrona\/","title":{"rendered":"IRAPUATO SE VISTE DE FE PARA CELEBRAR A SU PATRONA"},"content":{"rendered":"\n<p><em><strong>Victoria Vega Moreno\/Irapuato, Gto<\/strong><\/em>.-Cada 30 de abril, mientras en muchos lugares se festeja el D\u00eda del Ni\u00f1o, en Irapuato miles de fieles tambi\u00e9n viven una de las celebraciones religiosas m\u00e1s importantes del a\u00f1o: la festividad de la Virgen de la Soledad, patrona de la ciudad y de la di\u00f3cesis.<\/p>\n\n\n\n<p>La devoci\u00f3n a Nuestra Se\u00f1ora de la Soledad forma parte de la identidad irapuatense desde hace m\u00e1s de dos siglos. La tradici\u00f3n se remonta a 1811, cuando durante un ataque insurgente encabezado por Albino Garc\u00eda, una bala de ca\u00f1\u00f3n perfor\u00f3 la b\u00f3veda central del templo donde se celebraba misa, sin causar v\u00edctimas entre los presentes. Aquel hecho fue considerado milagroso y fortaleci\u00f3 la fe del pueblo en la imagen mariana. A partir de entonces, se consolid\u00f3 su patronazgo y el 30 de abril qued\u00f3 establecido como su d\u00eda festivo.&nbsp;<\/p>\n\n\n\n<p>Los festejos comienzan desde la v\u00edspera, cuando la imagen es bajada de su nicho para acercarla a los fieles. Una de las tradiciones m\u00e1s significativas consiste en que los devotos pasan bajo su manto como s\u00edmbolo de protecci\u00f3n, consuelo y bendici\u00f3n. Esta pr\u00e1ctica re\u00fane a cientos de personas que acuden al Santuario Diocesano de Nuestra Se\u00f1ora de la Soledad movidos por la fe y la esperanza.&nbsp;<\/p>\n\n\n\n<p>El 30 de abril se celebra la misa solemne principal, encabezada por autoridades eclesi\u00e1sticas, adem\u00e1s de peregrinaciones, rezos, cantos y una verbena popular en distintos puntos del centro hist\u00f3rico. Tambi\u00e9n se instalan kermeses, antojitos, m\u00fasica y actividades tradicionales que convierten la jornada en una verdadera fiesta para la ciudad.&nbsp;<\/p>\n\n\n\n<p>M\u00e1s que una festividad religiosa, la celebraci\u00f3n de la Virgen de la Soledad representa un s\u00edmbolo de identidad para Irapuato. Es la fecha en que la ciudad reafirma su historia, su tradici\u00f3n y la profunda fe de generaciones enteras que siguen encontrando en su patrona consuelo y protecci\u00f3n.<\/p>\n\n\n\n<figure class=\"wp-block-image size-large\"><img loading=\"lazy\" decoding=\"async\" width=\"1024\" height=\"683\" src=\"https:\/\/kuali.com.mx\/web\/wp-content\/uploads\/2026\/04\/patrona-2-1024x683.jpg\" alt=\"\" class=\"wp-image-202972\" srcset=\"https:\/\/kuali.com.mx\/web\/wp-content\/uploads\/2026\/04\/patrona-2-1024x683.jpg 1024w, https:\/\/kuali.com.mx\/web\/wp-content\/uploads\/2026\/04\/patrona-2-300x200.jpg 300w, https:\/\/kuali.com.mx\/web\/wp-content\/uploads\/2026\/04\/patrona-2-768x512.jpg 768w, https:\/\/kuali.com.mx\/web\/wp-content\/uploads\/2026\/04\/patrona-2-1536x1024.jpg 1536w, https:\/\/kuali.com.mx\/web\/wp-content\/uploads\/2026\/04\/patrona-2-174x116.jpg 174w, https:\/\/kuali.com.mx\/web\/wp-content\/uploads\/2026\/04\/patrona-2.jpg 1750w\" sizes=\"auto, (max-width: 1024px) 100vw, 1024px\" \/><\/figure>\n","protected":false},"excerpt":{"rendered":"Victoria Vega Moreno\/Irapuato, Gto.-Cada 30 de abril, mientras en muchos lugares se festeja el D\u00eda del Ni\u00f1o, en Irapuato miles de fieles tambi\u00e9n viven una de las celebraciones religiosas m\u00e1s importantes del a\u00f1o: la festividad de la Virgen de la Soledad, patrona de la ciudad y de la di\u00f3cesis. La devoci\u00f3n a Nuestra Se\u00f1ora de [&hellip;]","protected":false},"author":2,"featured_media":202971,"comment_status":"open","ping_status":"open","sticky":false,"template":"","format":"standard","meta":{"_seopress_robots_primary_cat":"none","_seopress_titles_title":"","_seopress_titles_desc":"","_seopress_robots_index":"","_monsterinsights_skip_tracking":false,"_monsterinsights_sitenote_active":false,"_monsterinsights_sitenote_note":"","_monsterinsights_sitenote_category":0,"footnotes":""},"categories":[8],"tags":[],"class_list":["post-202968","post","type-post","status-publish","format-standard","has-post-thumbnail","hentry","category-espectaculos"],"yoast_head":"<!-- This site is optimized with the Yoast SEO plugin v27.4 - https:\/\/yoast.com\/product\/yoast-seo-wordpress\/ -->\n<title>IRAPUATO SE VISTE DE FE PARA CELEBRAR A SU PATRONA - Kuali<\/title>\n<meta name=\"robots\" content=\"index, follow, max-snippet:-1, max-image-preview:large, max-video-preview:-1\" \/>\n<link rel=\"canonical\" href=\"https:\/\/kuali.com.mx\/web\/2026\/04\/26\/irapuato-se-viste-de-fe-para-celebrar-a-su-patrona\/\" \/>\n<meta property=\"og:locale\" content=\"es_MX\" \/>\n<meta property=\"og:type\" content=\"article\" \/>\n<meta property=\"og:title\" content=\"IRAPUATO SE VISTE DE FE PARA CELEBRAR A SU PATRONA - Kuali\" \/>\n<meta property=\"og:description\" content=\"Victoria Vega Moreno\/Irapuato, Gto.-Cada 30 de abril, mientras en muchos lugares se festeja el D\u00eda del Ni\u00f1o, en Irapuato miles de fieles tambi\u00e9n viven una de las celebraciones religiosas m\u00e1s importantes del a\u00f1o: la festividad de la Virgen de la Soledad, patrona de la ciudad y de la di\u00f3cesis. La devoci\u00f3n a Nuestra Se\u00f1ora de [&hellip;]\" \/>\n<meta property=\"og:url\" content=\"https:\/\/kuali.com.mx\/web\/2026\/04\/26\/irapuato-se-viste-de-fe-para-celebrar-a-su-patrona\/\" \/>\n<meta property=\"og:site_name\" content=\"Kuali\" \/>\n<meta property=\"article:publisher\" content=\"https:\/\/kuali.com.mx\/web\/wp-content\/uploads\/2018\/04\/cropped-kuali_logo-1-1.png\" \/>\n<meta property=\"article:published_time\" content=\"2026-04-26T14:48:47+00:00\" \/>\n<meta property=\"article:modified_time\" content=\"2026-04-26T14:48:50+00:00\" \/>\n<meta property=\"og:image\" content=\"https:\/\/kuali.com.mx\/web\/wp-content\/uploads\/2026\/04\/la-patrona-1.jpg\" \/>\n\t<meta property=\"og:image:width\" content=\"1750\" \/>\n\t<meta property=\"og:image:height\" content=\"857\" \/>\n\t<meta property=\"og:image:type\" content=\"image\/jpeg\" \/>\n<meta name=\"author\" content=\"Kuali Staff\" \/>\n<meta name=\"twitter:card\" content=\"summary_large_image\" \/>\n<meta name=\"twitter:creator\" content=\"@kuali_noticias\" \/>\n<meta name=\"twitter:site\" content=\"@kuali_noticias\" \/>\n<meta name=\"twitter:label1\" content=\"Escrito por\" \/>\n\t<meta name=\"twitter:data1\" content=\"Kuali Staff\" \/>\n\t<meta name=\"twitter:label2\" content=\"Tiempo de lectura\" \/>\n\t<meta name=\"twitter:data2\" content=\"2 minutos\" \/>\n<script type=\"application\/ld+json\" class=\"yoast-schema-graph\">{\"@context\":\"https:\\\/\\\/schema.org\",\"@graph\":[{\"@type\":\"Article\",\"@id\":\"https:\\\/\\\/kuali.com.mx\\\/web\\\/2026\\\/04\\\/26\\\/irapuato-se-viste-de-fe-para-celebrar-a-su-patrona\\\/#article\",\"isPartOf\":{\"@id\":\"https:\\\/\\\/kuali.com.mx\\\/web\\\/2026\\\/04\\\/26\\\/irapuato-se-viste-de-fe-para-celebrar-a-su-patrona\\\/\"},\"author\":{\"name\":\"Kuali Staff\",\"@id\":\"https:\\\/\\\/kuali.com.mx\\\/web\\\/#\\\/schema\\\/person\\\/6f89ffa8ecba9dae50662357923c5289\"},\"headline\":\"IRAPUATO SE VISTE DE FE PARA CELEBRAR A SU PATRONA\",\"datePublished\":\"2026-04-26T14:48:47+00:00\",\"dateModified\":\"2026-04-26T14:48:50+00:00\",\"mainEntityOfPage\":{\"@id\":\"https:\\\/\\\/kuali.com.mx\\\/web\\\/2026\\\/04\\\/26\\\/irapuato-se-viste-de-fe-para-celebrar-a-su-patrona\\\/\"},\"wordCount\":345,\"commentCount\":0,\"image\":{\"@id\":\"https:\\\/\\\/kuali.com.mx\\\/web\\\/2026\\\/04\\\/26\\\/irapuato-se-viste-de-fe-para-celebrar-a-su-patrona\\\/#primaryimage\"},\"thumbnailUrl\":\"https:\\\/\\\/kuali.com.mx\\\/web\\\/wp-content\\\/uploads\\\/2026\\\/04\\\/la-patrona-1.jpg\",\"articleSection\":[\"Cultura\"],\"inLanguage\":\"es\",\"potentialAction\":[{\"@type\":\"CommentAction\",\"name\":\"Comment\",\"target\":[\"https:\\\/\\\/kuali.com.mx\\\/web\\\/2026\\\/04\\\/26\\\/irapuato-se-viste-de-fe-para-celebrar-a-su-patrona\\\/#respond\"]}]},{\"@type\":\"WebPage\",\"@id\":\"https:\\\/\\\/kuali.com.mx\\\/web\\\/2026\\\/04\\\/26\\\/irapuato-se-viste-de-fe-para-celebrar-a-su-patrona\\\/\",\"url\":\"https:\\\/\\\/kuali.com.mx\\\/web\\\/2026\\\/04\\\/26\\\/irapuato-se-viste-de-fe-para-celebrar-a-su-patrona\\\/\",\"name\":\"IRAPUATO SE VISTE DE FE PARA CELEBRAR A SU PATRONA - Kuali\",\"isPartOf\":{\"@id\":\"https:\\\/\\\/kuali.com.mx\\\/web\\\/#website\"},\"primaryImageOfPage\":{\"@id\":\"https:\\\/\\\/kuali.com.mx\\\/web\\\/2026\\\/04\\\/26\\\/irapuato-se-viste-de-fe-para-celebrar-a-su-patrona\\\/#primaryimage\"},\"image\":{\"@id\":\"https:\\\/\\\/kuali.com.mx\\\/web\\\/2026\\\/04\\\/26\\\/irapuato-se-viste-de-fe-para-celebrar-a-su-patrona\\\/#primaryimage\"},\"thumbnailUrl\":\"https:\\\/\\\/kuali.com.mx\\\/web\\\/wp-content\\\/uploads\\\/2026\\\/04\\\/la-patrona-1.jpg\",\"datePublished\":\"2026-04-26T14:48:47+00:00\",\"dateModified\":\"2026-04-26T14:48:50+00:00\",\"author\":{\"@id\":\"https:\\\/\\\/kuali.com.mx\\\/web\\\/#\\\/schema\\\/person\\\/6f89ffa8ecba9dae50662357923c5289\"},\"breadcrumb\":{\"@id\":\"https:\\\/\\\/kuali.com.mx\\\/web\\\/2026\\\/04\\\/26\\\/irapuato-se-viste-de-fe-para-celebrar-a-su-patrona\\\/#breadcrumb\"},\"inLanguage\":\"es\",\"potentialAction\":[{\"@type\":\"ReadAction\",\"target\":[\"https:\\\/\\\/kuali.com.mx\\\/web\\\/2026\\\/04\\\/26\\\/irapuato-se-viste-de-fe-para-celebrar-a-su-patrona\\\/\"]}]},{\"@type\":\"ImageObject\",\"inLanguage\":\"es\",\"@id\":\"https:\\\/\\\/kuali.com.mx\\\/web\\\/2026\\\/04\\\/26\\\/irapuato-se-viste-de-fe-para-celebrar-a-su-patrona\\\/#primaryimage\",\"url\":\"https:\\\/\\\/kuali.com.mx\\\/web\\\/wp-content\\\/uploads\\\/2026\\\/04\\\/la-patrona-1.jpg\",\"contentUrl\":\"https:\\\/\\\/kuali.com.mx\\\/web\\\/wp-content\\\/uploads\\\/2026\\\/04\\\/la-patrona-1.jpg\",\"width\":1750,\"height\":857},{\"@type\":\"BreadcrumbList\",\"@id\":\"https:\\\/\\\/kuali.com.mx\\\/web\\\/2026\\\/04\\\/26\\\/irapuato-se-viste-de-fe-para-celebrar-a-su-patrona\\\/#breadcrumb\",\"itemListElement\":[{\"@type\":\"ListItem\",\"position\":1,\"name\":\"Inicio\",\"item\":\"https:\\\/\\\/kuali.com.mx\\\/web\\\/\"},{\"@type\":\"ListItem\",\"position\":2,\"name\":\"IRAPUATO SE VISTE DE FE PARA CELEBRAR A SU PATRONA\"}]},{\"@type\":\"WebSite\",\"@id\":\"https:\\\/\\\/kuali.com.mx\\\/web\\\/#website\",\"url\":\"https:\\\/\\\/kuali.com.mx\\\/web\\\/\",\"name\":\"Kuali\",\"description\":\"\",\"potentialAction\":[{\"@type\":\"SearchAction\",\"target\":{\"@type\":\"EntryPoint\",\"urlTemplate\":\"https:\\\/\\\/kuali.com.mx\\\/web\\\/?s={search_term_string}\"},\"query-input\":{\"@type\":\"PropertyValueSpecification\",\"valueRequired\":true,\"valueName\":\"search_term_string\"}}],\"inLanguage\":\"es\"},{\"@type\":\"Person\",\"@id\":\"https:\\\/\\\/kuali.com.mx\\\/web\\\/#\\\/schema\\\/person\\\/6f89ffa8ecba9dae50662357923c5289\",\"name\":\"Kuali Staff\",\"image\":{\"@type\":\"ImageObject\",\"inLanguage\":\"es\",\"@id\":\"https:\\\/\\\/secure.gravatar.com\\\/avatar\\\/f917ad82e5ab71227a733c78b6e60715476f69ee6be59feee4eb5d9920c89e0f?s=96&d=mm&r=g\",\"url\":\"https:\\\/\\\/secure.gravatar.com\\\/avatar\\\/f917ad82e5ab71227a733c78b6e60715476f69ee6be59feee4eb5d9920c89e0f?s=96&d=mm&r=g\",\"contentUrl\":\"https:\\\/\\\/secure.gravatar.com\\\/avatar\\\/f917ad82e5ab71227a733c78b6e60715476f69ee6be59feee4eb5d9920c89e0f?s=96&d=mm&r=g\",\"caption\":\"Kuali Staff\"},\"url\":\"https:\\\/\\\/kuali.com.mx\\\/web\\\/author\\\/lagarto\\\/\"}]}<\/script>\n<!-- \/ Yoast SEO plugin. -->","yoast_head_json":{"title":"IRAPUATO SE VISTE DE FE PARA CELEBRAR A SU PATRONA - Kuali","robots":{"index":"index","follow":"follow","max-snippet":"max-snippet:-1","max-image-preview":"max-image-preview:large","max-video-preview":"max-video-preview:-1"},"canonical":"https:\/\/kuali.com.mx\/web\/2026\/04\/26\/irapuato-se-viste-de-fe-para-celebrar-a-su-patrona\/","og_locale":"es_MX","og_type":"article","og_title":"IRAPUATO SE VISTE DE FE PARA CELEBRAR A SU PATRONA - Kuali","og_description":"Victoria Vega Moreno\/Irapuato, Gto.-Cada 30 de abril, mientras en muchos lugares se festeja el D\u00eda del Ni\u00f1o, en Irapuato miles de fieles tambi\u00e9n viven una de las celebraciones religiosas m\u00e1s importantes del a\u00f1o: la festividad de la Virgen de la Soledad, patrona de la ciudad y de la di\u00f3cesis. La devoci\u00f3n a Nuestra Se\u00f1ora de [&hellip;]","og_url":"https:\/\/kuali.com.mx\/web\/2026\/04\/26\/irapuato-se-viste-de-fe-para-celebrar-a-su-patrona\/","og_site_name":"Kuali","article_publisher":"https:\/\/kuali.com.mx\/web\/wp-content\/uploads\/2018\/04\/cropped-kuali_logo-1-1.png","article_published_time":"2026-04-26T14:48:47+00:00","article_modified_time":"2026-04-26T14:48:50+00:00","og_image":[{"width":1750,"height":857,"url":"https:\/\/kuali.com.mx\/web\/wp-content\/uploads\/2026\/04\/la-patrona-1.jpg","type":"image\/jpeg"}],"author":"Kuali Staff","twitter_card":"summary_large_image","twitter_creator":"@kuali_noticias","twitter_site":"@kuali_noticias","twitter_misc":{"Escrito por":"Kuali Staff","Tiempo de lectura":"2 minutos"},"schema":{"@context":"https:\/\/schema.org","@graph":[{"@type":"Article","@id":"https:\/\/kuali.com.mx\/web\/2026\/04\/26\/irapuato-se-viste-de-fe-para-celebrar-a-su-patrona\/#article","isPartOf":{"@id":"https:\/\/kuali.com.mx\/web\/2026\/04\/26\/irapuato-se-viste-de-fe-para-celebrar-a-su-patrona\/"},"author":{"name":"Kuali Staff","@id":"https:\/\/kuali.com.mx\/web\/#\/schema\/person\/6f89ffa8ecba9dae50662357923c5289"},"headline":"IRAPUATO SE VISTE DE FE PARA CELEBRAR A SU PATRONA","datePublished":"2026-04-26T14:48:47+00:00","dateModified":"2026-04-26T14:48:50+00:00","mainEntityOfPage":{"@id":"https:\/\/kuali.com.mx\/web\/2026\/04\/26\/irapuato-se-viste-de-fe-para-celebrar-a-su-patrona\/"},"wordCount":345,"commentCount":0,"image":{"@id":"https:\/\/kuali.com.mx\/web\/2026\/04\/26\/irapuato-se-viste-de-fe-para-celebrar-a-su-patrona\/#primaryimage"},"thumbnailUrl":"https:\/\/kuali.com.mx\/web\/wp-content\/uploads\/2026\/04\/la-patrona-1.jpg","articleSection":["Cultura"],"inLanguage":"es","potentialAction":[{"@type":"CommentAction","name":"Comment","target":["https:\/\/kuali.com.mx\/web\/2026\/04\/26\/irapuato-se-viste-de-fe-para-celebrar-a-su-patrona\/#respond"]}]},{"@type":"WebPage","@id":"https:\/\/kuali.com.mx\/web\/2026\/04\/26\/irapuato-se-viste-de-fe-para-celebrar-a-su-patrona\/","url":"https:\/\/kuali.com.mx\/web\/2026\/04\/26\/irapuato-se-viste-de-fe-para-celebrar-a-su-patrona\/","name":"IRAPUATO SE VISTE DE FE PARA CELEBRAR A SU PATRONA - Kuali","isPartOf":{"@id":"https:\/\/kuali.com.mx\/web\/#website"},"primaryImageOfPage":{"@id":"https:\/\/kuali.com.mx\/web\/2026\/04\/26\/irapuato-se-viste-de-fe-para-celebrar-a-su-patrona\/#primaryimage"},"image":{"@id":"https:\/\/kuali.com.mx\/web\/2026\/04\/26\/irapuato-se-viste-de-fe-para-celebrar-a-su-patrona\/#primaryimage"},"thumbnailUrl":"https:\/\/kuali.com.mx\/web\/wp-content\/uploads\/2026\/04\/la-patrona-1.jpg","datePublished":"2026-04-26T14:48:47+00:00","dateModified":"2026-04-26T14:48:50+00:00","author":{"@id":"https:\/\/kuali.com.mx\/web\/#\/schema\/person\/6f89ffa8ecba9dae50662357923c5289"},"breadcrumb":{"@id":"https:\/\/kuali.com.mx\/web\/2026\/04\/26\/irapuato-se-viste-de-fe-para-celebrar-a-su-patrona\/#breadcrumb"},"inLanguage":"es","potentialAction":[{"@type":"ReadAction","target":["https:\/\/kuali.com.mx\/web\/2026\/04\/26\/irapuato-se-viste-de-fe-para-celebrar-a-su-patrona\/"]}]},{"@type":"ImageObject","inLanguage":"es","@id":"https:\/\/kuali.com.mx\/web\/2026\/04\/26\/irapuato-se-viste-de-fe-para-celebrar-a-su-patrona\/#primaryimage","url":"https:\/\/kuali.com.mx\/web\/wp-content\/uploads\/2026\/04\/la-patrona-1.jpg","contentUrl":"https:\/\/kuali.com.mx\/web\/wp-content\/uploads\/2026\/04\/la-patrona-1.jpg","width":1750,"height":857},{"@type":"BreadcrumbList","@id":"https:\/\/kuali.com.mx\/web\/2026\/04\/26\/irapuato-se-viste-de-fe-para-celebrar-a-su-patrona\/#breadcrumb","itemListElement":[{"@type":"ListItem","position":1,"name":"Inicio","item":"https:\/\/kuali.com.mx\/web\/"},{"@type":"ListItem","position":2,"name":"IRAPUATO SE VISTE DE FE PARA CELEBRAR A SU PATRONA"}]},{"@type":"WebSite","@id":"https:\/\/kuali.com.mx\/web\/#website","url":"https:\/\/kuali.com.mx\/web\/","name":"Kuali","description":"","potentialAction":[{"@type":"SearchAction","target":{"@type":"EntryPoint","urlTemplate":"https:\/\/kuali.com.mx\/web\/?s={search_term_string}"},"query-input":{"@type":"PropertyValueSpecification","valueRequired":true,"valueName":"search_term_string"}}],"inLanguage":"es"},{"@type":"Person","@id":"https:\/\/kuali.com.mx\/web\/#\/schema\/person\/6f89ffa8ecba9dae50662357923c5289","name":"Kuali Staff","image":{"@type":"ImageObject","inLanguage":"es","@id":"https:\/\/secure.gravatar.com\/avatar\/f917ad82e5ab71227a733c78b6e60715476f69ee6be59feee4eb5d9920c89e0f?s=96&d=mm&r=g","url":"https:\/\/secure.gravatar.com\/avatar\/f917ad82e5ab71227a733c78b6e60715476f69ee6be59feee4eb5d9920c89e0f?s=96&d=mm&r=g","contentUrl":"https:\/\/secure.gravatar.com\/avatar\/f917ad82e5ab71227a733c78b6e60715476f69ee6be59feee4eb5d9920c89e0f?s=96&d=mm&r=g","caption":"Kuali Staff"},"url":"https:\/\/kuali.com.mx\/web\/author\/lagarto\/"}]}},"_links":{"self":[{"href":"https:\/\/kuali.com.mx\/web\/wp-json\/wp\/v2\/posts\/202968","targetHints":{"allow":["GET"]}}],"collection":[{"href":"https:\/\/kuali.com.mx\/web\/wp-json\/wp\/v2\/posts"}],"about":[{"href":"https:\/\/kuali.com.mx\/web\/wp-json\/wp\/v2\/types\/post"}],"author":[{"embeddable":true,"href":"https:\/\/kuali.com.mx\/web\/wp-json\/wp\/v2\/users\/2"}],"replies":[{"embeddable":true,"href":"https:\/\/kuali.com.mx\/web\/wp-json\/wp\/v2\/comments?post=202968"}],"version-history":[{"count":1,"href":"https:\/\/kuali.com.mx\/web\/wp-json\/wp\/v2\/posts\/202968\/revisions"}],"predecessor-version":[{"id":202973,"href":"https:\/\/kuali.com.mx\/web\/wp-json\/wp\/v2\/posts\/202968\/revisions\/202973"}],"wp:featuredmedia":[{"embeddable":true,"href":"https:\/\/kuali.com.mx\/web\/wp-json\/wp\/v2\/media\/202971"}],"wp:attachment":[{"href":"https:\/\/kuali.com.mx\/web\/wp-json\/wp\/v2\/media?parent=202968"}],"wp:term":[{"taxonomy":"category","embeddable":true,"href":"https:\/\/kuali.com.mx\/web\/wp-json\/wp\/v2\/categories?post=202968"},{"taxonomy":"post_tag","embeddable":true,"href":"https:\/\/kuali.com.mx\/web\/wp-json\/wp\/v2\/tags?post=202968"}],"curies":[{"name":"wp","href":"https:\/\/api.w.org\/{rel}","templated":true}]}}