{"id":202866,"date":"2026-04-25T09:54:50","date_gmt":"2026-04-25T15:54:50","guid":{"rendered":"https:\/\/kuali.com.mx\/web\/?p=202866"},"modified":"2026-04-25T09:54:54","modified_gmt":"2026-04-25T15:54:54","slug":"el-mexicano-gonzalo-celorio-recibio-el-cervantes-2025","status":"publish","type":"post","link":"https:\/\/kuali.com.mx\/web\/2026\/04\/25\/el-mexicano-gonzalo-celorio-recibio-el-cervantes-2025\/","title":{"rendered":"EL MEXICANO GONZALO CELORIO RECIBI\u00d3 EL CERVANTES 2025 \u00a0"},"content":{"rendered":"\n<p><em><strong>ENCUENTRO CON GOROSITO\u2026<\/strong><\/em><\/p>\n\n\n\n<p>Gonzalo Celorio (25 de marzo,1948. Ciudad de M\u00e9xico), de 78 a\u00f1os, ha recibido en una hermosa ceremonia en el Paraninfo de la Universidad de Alcal\u00e1 de Henares en Madrid, ante los Reyes del Reino de Espa\u00f1a, Felipe y Letizia, el Premio Cervantes 2025.<\/p>\n\n\n\n<p>El jurado que le concedi\u00f3 el galard\u00f3n m\u00e1s importante de las letras en lengua espa\u00f1ola, dijo: \u201cEn sus libros resuenan la iron\u00eda, la ternura y la erudici\u00f3n, trazando un mapa emocional que ha influido en distintas generaciones. Representa la figura del escritor integral: creador, maestro y lector. Constructor de un legado invaluable que honra la lengua espa\u00f1ola y la mantiene viva en su forma m\u00e1s alta; la de la palabra que piensa, siente y perdura\u201d<\/p>\n\n\n\n<p>Su Majestad, el Rey Felipe VI, destac\u00f3 en su discurso la hermandad entre Espa\u00f1a y M\u00e9xico y que Gonzalo Celorio encarna en su vida y su obra: \u201cla expresi\u00f3n viva de ese fecundo encuentro\u201d de las tradiciones literarias espa\u00f1ola y mexicana\u201d, dos pa\u00edses entrelazados por la \u201clengua y la cultura\u201d. \u201cGonzalo Celorio encarna, tanto en su vida como en su obra, la expresi\u00f3n viva de ese fecundo encuentro entre ambas tradiciones\u201d.<\/p>\n\n\n\n<p>Agradeci\u00f3 el Rey a Gonzalo Celorio, por representar en su obra y en su vida: \u201cese di\u00e1logo fecundo entre tradici\u00f3n y creaci\u00f3n, entre memoria y porvenir, entre M\u00e9xico y Espa\u00f1a\u201d. \u201cPor enriquecer, en definitiva nuestra lengua y nuestro patrimonio literario\u201d, sostuvo el monarca. El Rey tambi\u00e9n expres\u00f3 su satisfacci\u00f3n por la valoraci\u00f3n que hizo Celorio a la \u201caportaci\u00f3n a la cultura mexicana de los intelectuales espa\u00f1oles en exilio\u201d.<\/p>\n\n\n\n<p>Gonzalo Celorio comparti\u00f3 sobre su formaci\u00f3n en la Universidad Nacional Aut\u00f3noma de M\u00e9xico (UNAM): \u201cMi maestro fue el exilio espa\u00f1ol\u201d.<\/p>\n\n\n\n<p>El discurso del escritor mexicano estuvo dedicado al sentido del humor del autor del Quijote de la Mancha y afirm\u00f3 Celorio, que la nacionalidad mexicana no puede \u201cdisociarse\u201d de la historia y la cultura espa\u00f1olas.<\/p>\n\n\n\n<p>Dijo el galardonado: \u201cHe dedicado toda mi vida a la palabra. Como escritor que habla m\u00e1s de lo que lee que de lo que vive. Como profesor que no ha tenido mayor placer que contagiar el entusiasmo de la literatura. Y como editor que ha tenido el privilegio de convertir un manuscrito en un libro vivo\u201d.<\/p>\n\n\n\n<p>Continu\u00f3: \u201cEn alguna p\u00e1gina de Rayuela, &nbsp;Julio Cort\u00e1zar dice que el sentido del&nbsp; humor ha cavado m\u00e1s t\u00faneles en la tierra que todas las l\u00e1grimas que se han derramado sobre ella. A trav\u00e9s de \u00e9l, en buena medida derivado del discurso par\u00f3dico que recorre el Quijote, Cervantes&nbsp; desvela la esencia de la condici\u00f3n humana, que se debate permanentemente entre el ideal inalcanzable y la cruda realidad, monda y lironda\u201d, se\u00f1al\u00f3 Celorio.<\/p>\n\n\n\n<p>Sobre la libertad extern\u00f3: \u201cEs natural el fervor con que Cervantes valora la libertad despu\u00e9s de haber permanecido en cautiverio m\u00e1s de cinco a\u00f1os en Argel y de haber sufrido varios encarcelamientos posteriores. Y lo es a tal grado que la libertad tiene predominio aun sobre la justicia, de la que su propia experiencia le hace recelar\u201d.<\/p>\n\n\n\n<p>Comparti\u00f3 que: \u201csiempre hab\u00eda querido contar la historia de mis ancestros para conocer mis or\u00edgenes y conocerme a m\u00ed mismo, porque nadie sabe bien qui\u00e9n es si no sabe de d\u00f3nde viene\u201d, afirm\u00f3 el director de la Academia Mexicana de la Lengua desde el a\u00f1o 2019.<\/p>\n\n\n\n<p>Justamente, defendi\u00f3 Celorio el papel del castellano en Latinoam\u00e9rica: \u201cSin la lengua espa\u00f1ola ni M\u00e9xico, ni ning\u00fan otro pa\u00eds hispanoamericano hubiera podido configurar su nacionalidad\u201d.<\/p>\n\n\n\n<p>Gonzalo Celorio afirm\u00f3 que \u201cla nacionalidad mexicana no puede disociarse de la historia y la cultura espa\u00f1olas\u201d y que \u201cM\u00e9xico es parte sustancial de lo que Carlos Fuentes denomin\u00f3 felizmente \u201cel territorio de la Mancha\u201d.<\/p>\n\n\n\n<p>\u201cLa Tuna\u201d, tradici\u00f3n universitaria espa\u00f1ola, &nbsp;con siglos de historia cuyos integrantes, estudiantes que cantan y tocan sus instrumentos, adem\u00e1s, visten la indumentaria antigua de la universidad; rodearon afectivamente al escritor mexicano Gonzalo Celorio y le entonaron: \u201dAy Jalisco\u201d en el patio de la madrile\u00f1a Universidad de Alcal\u00e1 de Henares, siendo un hermoso colof\u00f3n al acto solemne de la entrega del Premio Cervantes 2025, en una ceremonia que sin lugar a dudas herman\u00f3 m\u00e1s a M\u00e9xico y Espa\u00f1a.<\/p>\n\n\n\n<p>&nbsp; &nbsp;&nbsp;&nbsp;&nbsp;&nbsp;&nbsp;\u00a1Hasta el pr\u00f3ximo encuentro\u2026!<\/p>\n\n\n\n<p><em><strong>\u00a0\u00a0\u00a0\u00a0\u00a0\u00a0\u00a0\u00a0\u00a0\u00a0\u00a0\u00a0\u00a0\u00a0\u00a0\u00a0\u00a0\u00a0\u00a0\u00a0\u00a0\u00a0\u00a0\u00a0\u00a0\u00a0\u00a0\u00a0\u00a0\u00a0\u00a0\u00a0\u00a0\u00a0\u00a0\u00a0\u00a0\u00a0\u00a0\u00a0\u00a0\u00a0\u00a0\u00a0\u00a0\u00a0\u00a0\u00a0\u00a0\u00a0\u00a0\u00a0\u00a0\u00a0\u00a0\u00a0\u00a0 Dr.(c).Washington Daniel Gorosito P\u00e9rez<\/strong><\/em><\/p>\n","protected":false},"excerpt":{"rendered":"ENCUENTRO CON GOROSITO\u2026 Gonzalo Celorio (25 de marzo,1948. Ciudad de M\u00e9xico), de 78 a\u00f1os, ha recibido en una hermosa ceremonia en el Paraninfo de la Universidad de Alcal\u00e1 de Henares en Madrid, ante los Reyes del Reino de Espa\u00f1a, Felipe y Letizia, el Premio Cervantes 2025. El jurado que le concedi\u00f3 el galard\u00f3n m\u00e1s importante [&hellip;]","protected":false},"author":2,"featured_media":202869,"comment_status":"open","ping_status":"open","sticky":false,"template":"","format":"standard","meta":{"_seopress_robots_primary_cat":"none","_seopress_titles_title":"","_seopress_titles_desc":"","_seopress_robots_index":"","_monsterinsights_skip_tracking":false,"_monsterinsights_sitenote_active":false,"_monsterinsights_sitenote_note":"","_monsterinsights_sitenote_category":0,"footnotes":""},"categories":[8],"tags":[],"class_list":["post-202866","post","type-post","status-publish","format-standard","has-post-thumbnail","hentry","category-espectaculos"],"yoast_head":"<!-- This site is optimized with the Yoast SEO plugin v27.4 - https:\/\/yoast.com\/product\/yoast-seo-wordpress\/ -->\n<title>EL MEXICANO GONZALO CELORIO RECIBI\u00d3 EL CERVANTES 2025 \u00a0 - Kuali<\/title>\n<meta name=\"robots\" content=\"index, follow, max-snippet:-1, max-image-preview:large, max-video-preview:-1\" \/>\n<link rel=\"canonical\" href=\"https:\/\/kuali.com.mx\/web\/2026\/04\/25\/el-mexicano-gonzalo-celorio-recibio-el-cervantes-2025\/\" \/>\n<meta property=\"og:locale\" content=\"es_MX\" \/>\n<meta property=\"og:type\" content=\"article\" \/>\n<meta property=\"og:title\" content=\"EL MEXICANO GONZALO CELORIO RECIBI\u00d3 EL CERVANTES 2025 \u00a0 - Kuali\" \/>\n<meta property=\"og:description\" content=\"ENCUENTRO CON GOROSITO\u2026 Gonzalo Celorio (25 de marzo,1948. Ciudad de M\u00e9xico), de 78 a\u00f1os, ha recibido en una hermosa ceremonia en el Paraninfo de la Universidad de Alcal\u00e1 de Henares en Madrid, ante los Reyes del Reino de Espa\u00f1a, Felipe y Letizia, el Premio Cervantes 2025. El jurado que le concedi\u00f3 el galard\u00f3n m\u00e1s importante [&hellip;]\" \/>\n<meta property=\"og:url\" content=\"https:\/\/kuali.com.mx\/web\/2026\/04\/25\/el-mexicano-gonzalo-celorio-recibio-el-cervantes-2025\/\" \/>\n<meta property=\"og:site_name\" content=\"Kuali\" \/>\n<meta property=\"article:publisher\" content=\"https:\/\/kuali.com.mx\/web\/wp-content\/uploads\/2018\/04\/cropped-kuali_logo-1-1.png\" \/>\n<meta property=\"article:published_time\" content=\"2026-04-25T15:54:50+00:00\" \/>\n<meta property=\"article:modified_time\" content=\"2026-04-25T15:54:54+00:00\" \/>\n<meta property=\"og:image\" content=\"https:\/\/kuali.com.mx\/web\/wp-content\/uploads\/2026\/04\/cervantes.png\" \/>\n\t<meta property=\"og:image:width\" content=\"1750\" \/>\n\t<meta property=\"og:image:height\" content=\"1124\" \/>\n\t<meta property=\"og:image:type\" content=\"image\/png\" \/>\n<meta name=\"author\" content=\"Kuali Staff\" \/>\n<meta name=\"twitter:card\" content=\"summary_large_image\" \/>\n<meta name=\"twitter:creator\" content=\"@kuali_noticias\" \/>\n<meta name=\"twitter:site\" content=\"@kuali_noticias\" \/>\n<meta name=\"twitter:label1\" content=\"Escrito por\" \/>\n\t<meta name=\"twitter:data1\" content=\"Kuali Staff\" \/>\n\t<meta name=\"twitter:label2\" content=\"Tiempo de lectura\" \/>\n\t<meta name=\"twitter:data2\" content=\"4 minutos\" \/>\n<script type=\"application\/ld+json\" class=\"yoast-schema-graph\">{\"@context\":\"https:\\\/\\\/schema.org\",\"@graph\":[{\"@type\":\"Article\",\"@id\":\"https:\\\/\\\/kuali.com.mx\\\/web\\\/2026\\\/04\\\/25\\\/el-mexicano-gonzalo-celorio-recibio-el-cervantes-2025\\\/#article\",\"isPartOf\":{\"@id\":\"https:\\\/\\\/kuali.com.mx\\\/web\\\/2026\\\/04\\\/25\\\/el-mexicano-gonzalo-celorio-recibio-el-cervantes-2025\\\/\"},\"author\":{\"name\":\"Kuali Staff\",\"@id\":\"https:\\\/\\\/kuali.com.mx\\\/web\\\/#\\\/schema\\\/person\\\/6f89ffa8ecba9dae50662357923c5289\"},\"headline\":\"EL MEXICANO GONZALO CELORIO RECIBI\u00d3 EL CERVANTES 2025 \u00a0\",\"datePublished\":\"2026-04-25T15:54:50+00:00\",\"dateModified\":\"2026-04-25T15:54:54+00:00\",\"mainEntityOfPage\":{\"@id\":\"https:\\\/\\\/kuali.com.mx\\\/web\\\/2026\\\/04\\\/25\\\/el-mexicano-gonzalo-celorio-recibio-el-cervantes-2025\\\/\"},\"wordCount\":771,\"commentCount\":0,\"image\":{\"@id\":\"https:\\\/\\\/kuali.com.mx\\\/web\\\/2026\\\/04\\\/25\\\/el-mexicano-gonzalo-celorio-recibio-el-cervantes-2025\\\/#primaryimage\"},\"thumbnailUrl\":\"https:\\\/\\\/kuali.com.mx\\\/web\\\/wp-content\\\/uploads\\\/2026\\\/04\\\/cervantes.png\",\"articleSection\":[\"Cultura\"],\"inLanguage\":\"es\",\"potentialAction\":[{\"@type\":\"CommentAction\",\"name\":\"Comment\",\"target\":[\"https:\\\/\\\/kuali.com.mx\\\/web\\\/2026\\\/04\\\/25\\\/el-mexicano-gonzalo-celorio-recibio-el-cervantes-2025\\\/#respond\"]}]},{\"@type\":\"WebPage\",\"@id\":\"https:\\\/\\\/kuali.com.mx\\\/web\\\/2026\\\/04\\\/25\\\/el-mexicano-gonzalo-celorio-recibio-el-cervantes-2025\\\/\",\"url\":\"https:\\\/\\\/kuali.com.mx\\\/web\\\/2026\\\/04\\\/25\\\/el-mexicano-gonzalo-celorio-recibio-el-cervantes-2025\\\/\",\"name\":\"EL MEXICANO GONZALO CELORIO RECIBI\u00d3 EL CERVANTES 2025 \u00a0 - Kuali\",\"isPartOf\":{\"@id\":\"https:\\\/\\\/kuali.com.mx\\\/web\\\/#website\"},\"primaryImageOfPage\":{\"@id\":\"https:\\\/\\\/kuali.com.mx\\\/web\\\/2026\\\/04\\\/25\\\/el-mexicano-gonzalo-celorio-recibio-el-cervantes-2025\\\/#primaryimage\"},\"image\":{\"@id\":\"https:\\\/\\\/kuali.com.mx\\\/web\\\/2026\\\/04\\\/25\\\/el-mexicano-gonzalo-celorio-recibio-el-cervantes-2025\\\/#primaryimage\"},\"thumbnailUrl\":\"https:\\\/\\\/kuali.com.mx\\\/web\\\/wp-content\\\/uploads\\\/2026\\\/04\\\/cervantes.png\",\"datePublished\":\"2026-04-25T15:54:50+00:00\",\"dateModified\":\"2026-04-25T15:54:54+00:00\",\"author\":{\"@id\":\"https:\\\/\\\/kuali.com.mx\\\/web\\\/#\\\/schema\\\/person\\\/6f89ffa8ecba9dae50662357923c5289\"},\"breadcrumb\":{\"@id\":\"https:\\\/\\\/kuali.com.mx\\\/web\\\/2026\\\/04\\\/25\\\/el-mexicano-gonzalo-celorio-recibio-el-cervantes-2025\\\/#breadcrumb\"},\"inLanguage\":\"es\",\"potentialAction\":[{\"@type\":\"ReadAction\",\"target\":[\"https:\\\/\\\/kuali.com.mx\\\/web\\\/2026\\\/04\\\/25\\\/el-mexicano-gonzalo-celorio-recibio-el-cervantes-2025\\\/\"]}]},{\"@type\":\"ImageObject\",\"inLanguage\":\"es\",\"@id\":\"https:\\\/\\\/kuali.com.mx\\\/web\\\/2026\\\/04\\\/25\\\/el-mexicano-gonzalo-celorio-recibio-el-cervantes-2025\\\/#primaryimage\",\"url\":\"https:\\\/\\\/kuali.com.mx\\\/web\\\/wp-content\\\/uploads\\\/2026\\\/04\\\/cervantes.png\",\"contentUrl\":\"https:\\\/\\\/kuali.com.mx\\\/web\\\/wp-content\\\/uploads\\\/2026\\\/04\\\/cervantes.png\",\"width\":1750,\"height\":1124},{\"@type\":\"BreadcrumbList\",\"@id\":\"https:\\\/\\\/kuali.com.mx\\\/web\\\/2026\\\/04\\\/25\\\/el-mexicano-gonzalo-celorio-recibio-el-cervantes-2025\\\/#breadcrumb\",\"itemListElement\":[{\"@type\":\"ListItem\",\"position\":1,\"name\":\"Inicio\",\"item\":\"https:\\\/\\\/kuali.com.mx\\\/web\\\/\"},{\"@type\":\"ListItem\",\"position\":2,\"name\":\"EL MEXICANO GONZALO CELORIO RECIBI\u00d3 EL CERVANTES 2025 \u00a0\"}]},{\"@type\":\"WebSite\",\"@id\":\"https:\\\/\\\/kuali.com.mx\\\/web\\\/#website\",\"url\":\"https:\\\/\\\/kuali.com.mx\\\/web\\\/\",\"name\":\"Kuali\",\"description\":\"\",\"potentialAction\":[{\"@type\":\"SearchAction\",\"target\":{\"@type\":\"EntryPoint\",\"urlTemplate\":\"https:\\\/\\\/kuali.com.mx\\\/web\\\/?s={search_term_string}\"},\"query-input\":{\"@type\":\"PropertyValueSpecification\",\"valueRequired\":true,\"valueName\":\"search_term_string\"}}],\"inLanguage\":\"es\"},{\"@type\":\"Person\",\"@id\":\"https:\\\/\\\/kuali.com.mx\\\/web\\\/#\\\/schema\\\/person\\\/6f89ffa8ecba9dae50662357923c5289\",\"name\":\"Kuali Staff\",\"image\":{\"@type\":\"ImageObject\",\"inLanguage\":\"es\",\"@id\":\"https:\\\/\\\/secure.gravatar.com\\\/avatar\\\/f917ad82e5ab71227a733c78b6e60715476f69ee6be59feee4eb5d9920c89e0f?s=96&d=mm&r=g\",\"url\":\"https:\\\/\\\/secure.gravatar.com\\\/avatar\\\/f917ad82e5ab71227a733c78b6e60715476f69ee6be59feee4eb5d9920c89e0f?s=96&d=mm&r=g\",\"contentUrl\":\"https:\\\/\\\/secure.gravatar.com\\\/avatar\\\/f917ad82e5ab71227a733c78b6e60715476f69ee6be59feee4eb5d9920c89e0f?s=96&d=mm&r=g\",\"caption\":\"Kuali Staff\"},\"url\":\"https:\\\/\\\/kuali.com.mx\\\/web\\\/author\\\/lagarto\\\/\"}]}<\/script>\n<!-- \/ Yoast SEO plugin. -->","yoast_head_json":{"title":"EL MEXICANO GONZALO CELORIO RECIBI\u00d3 EL CERVANTES 2025 \u00a0 - Kuali","robots":{"index":"index","follow":"follow","max-snippet":"max-snippet:-1","max-image-preview":"max-image-preview:large","max-video-preview":"max-video-preview:-1"},"canonical":"https:\/\/kuali.com.mx\/web\/2026\/04\/25\/el-mexicano-gonzalo-celorio-recibio-el-cervantes-2025\/","og_locale":"es_MX","og_type":"article","og_title":"EL MEXICANO GONZALO CELORIO RECIBI\u00d3 EL CERVANTES 2025 \u00a0 - Kuali","og_description":"ENCUENTRO CON GOROSITO\u2026 Gonzalo Celorio (25 de marzo,1948. Ciudad de M\u00e9xico), de 78 a\u00f1os, ha recibido en una hermosa ceremonia en el Paraninfo de la Universidad de Alcal\u00e1 de Henares en Madrid, ante los Reyes del Reino de Espa\u00f1a, Felipe y Letizia, el Premio Cervantes 2025. El jurado que le concedi\u00f3 el galard\u00f3n m\u00e1s importante [&hellip;]","og_url":"https:\/\/kuali.com.mx\/web\/2026\/04\/25\/el-mexicano-gonzalo-celorio-recibio-el-cervantes-2025\/","og_site_name":"Kuali","article_publisher":"https:\/\/kuali.com.mx\/web\/wp-content\/uploads\/2018\/04\/cropped-kuali_logo-1-1.png","article_published_time":"2026-04-25T15:54:50+00:00","article_modified_time":"2026-04-25T15:54:54+00:00","og_image":[{"width":1750,"height":1124,"url":"https:\/\/kuali.com.mx\/web\/wp-content\/uploads\/2026\/04\/cervantes.png","type":"image\/png"}],"author":"Kuali Staff","twitter_card":"summary_large_image","twitter_creator":"@kuali_noticias","twitter_site":"@kuali_noticias","twitter_misc":{"Escrito por":"Kuali Staff","Tiempo de lectura":"4 minutos"},"schema":{"@context":"https:\/\/schema.org","@graph":[{"@type":"Article","@id":"https:\/\/kuali.com.mx\/web\/2026\/04\/25\/el-mexicano-gonzalo-celorio-recibio-el-cervantes-2025\/#article","isPartOf":{"@id":"https:\/\/kuali.com.mx\/web\/2026\/04\/25\/el-mexicano-gonzalo-celorio-recibio-el-cervantes-2025\/"},"author":{"name":"Kuali Staff","@id":"https:\/\/kuali.com.mx\/web\/#\/schema\/person\/6f89ffa8ecba9dae50662357923c5289"},"headline":"EL MEXICANO GONZALO CELORIO RECIBI\u00d3 EL CERVANTES 2025 \u00a0","datePublished":"2026-04-25T15:54:50+00:00","dateModified":"2026-04-25T15:54:54+00:00","mainEntityOfPage":{"@id":"https:\/\/kuali.com.mx\/web\/2026\/04\/25\/el-mexicano-gonzalo-celorio-recibio-el-cervantes-2025\/"},"wordCount":771,"commentCount":0,"image":{"@id":"https:\/\/kuali.com.mx\/web\/2026\/04\/25\/el-mexicano-gonzalo-celorio-recibio-el-cervantes-2025\/#primaryimage"},"thumbnailUrl":"https:\/\/kuali.com.mx\/web\/wp-content\/uploads\/2026\/04\/cervantes.png","articleSection":["Cultura"],"inLanguage":"es","potentialAction":[{"@type":"CommentAction","name":"Comment","target":["https:\/\/kuali.com.mx\/web\/2026\/04\/25\/el-mexicano-gonzalo-celorio-recibio-el-cervantes-2025\/#respond"]}]},{"@type":"WebPage","@id":"https:\/\/kuali.com.mx\/web\/2026\/04\/25\/el-mexicano-gonzalo-celorio-recibio-el-cervantes-2025\/","url":"https:\/\/kuali.com.mx\/web\/2026\/04\/25\/el-mexicano-gonzalo-celorio-recibio-el-cervantes-2025\/","name":"EL MEXICANO GONZALO CELORIO RECIBI\u00d3 EL CERVANTES 2025 \u00a0 - Kuali","isPartOf":{"@id":"https:\/\/kuali.com.mx\/web\/#website"},"primaryImageOfPage":{"@id":"https:\/\/kuali.com.mx\/web\/2026\/04\/25\/el-mexicano-gonzalo-celorio-recibio-el-cervantes-2025\/#primaryimage"},"image":{"@id":"https:\/\/kuali.com.mx\/web\/2026\/04\/25\/el-mexicano-gonzalo-celorio-recibio-el-cervantes-2025\/#primaryimage"},"thumbnailUrl":"https:\/\/kuali.com.mx\/web\/wp-content\/uploads\/2026\/04\/cervantes.png","datePublished":"2026-04-25T15:54:50+00:00","dateModified":"2026-04-25T15:54:54+00:00","author":{"@id":"https:\/\/kuali.com.mx\/web\/#\/schema\/person\/6f89ffa8ecba9dae50662357923c5289"},"breadcrumb":{"@id":"https:\/\/kuali.com.mx\/web\/2026\/04\/25\/el-mexicano-gonzalo-celorio-recibio-el-cervantes-2025\/#breadcrumb"},"inLanguage":"es","potentialAction":[{"@type":"ReadAction","target":["https:\/\/kuali.com.mx\/web\/2026\/04\/25\/el-mexicano-gonzalo-celorio-recibio-el-cervantes-2025\/"]}]},{"@type":"ImageObject","inLanguage":"es","@id":"https:\/\/kuali.com.mx\/web\/2026\/04\/25\/el-mexicano-gonzalo-celorio-recibio-el-cervantes-2025\/#primaryimage","url":"https:\/\/kuali.com.mx\/web\/wp-content\/uploads\/2026\/04\/cervantes.png","contentUrl":"https:\/\/kuali.com.mx\/web\/wp-content\/uploads\/2026\/04\/cervantes.png","width":1750,"height":1124},{"@type":"BreadcrumbList","@id":"https:\/\/kuali.com.mx\/web\/2026\/04\/25\/el-mexicano-gonzalo-celorio-recibio-el-cervantes-2025\/#breadcrumb","itemListElement":[{"@type":"ListItem","position":1,"name":"Inicio","item":"https:\/\/kuali.com.mx\/web\/"},{"@type":"ListItem","position":2,"name":"EL MEXICANO GONZALO CELORIO RECIBI\u00d3 EL CERVANTES 2025 \u00a0"}]},{"@type":"WebSite","@id":"https:\/\/kuali.com.mx\/web\/#website","url":"https:\/\/kuali.com.mx\/web\/","name":"Kuali","description":"","potentialAction":[{"@type":"SearchAction","target":{"@type":"EntryPoint","urlTemplate":"https:\/\/kuali.com.mx\/web\/?s={search_term_string}"},"query-input":{"@type":"PropertyValueSpecification","valueRequired":true,"valueName":"search_term_string"}}],"inLanguage":"es"},{"@type":"Person","@id":"https:\/\/kuali.com.mx\/web\/#\/schema\/person\/6f89ffa8ecba9dae50662357923c5289","name":"Kuali Staff","image":{"@type":"ImageObject","inLanguage":"es","@id":"https:\/\/secure.gravatar.com\/avatar\/f917ad82e5ab71227a733c78b6e60715476f69ee6be59feee4eb5d9920c89e0f?s=96&d=mm&r=g","url":"https:\/\/secure.gravatar.com\/avatar\/f917ad82e5ab71227a733c78b6e60715476f69ee6be59feee4eb5d9920c89e0f?s=96&d=mm&r=g","contentUrl":"https:\/\/secure.gravatar.com\/avatar\/f917ad82e5ab71227a733c78b6e60715476f69ee6be59feee4eb5d9920c89e0f?s=96&d=mm&r=g","caption":"Kuali Staff"},"url":"https:\/\/kuali.com.mx\/web\/author\/lagarto\/"}]}},"_links":{"self":[{"href":"https:\/\/kuali.com.mx\/web\/wp-json\/wp\/v2\/posts\/202866","targetHints":{"allow":["GET"]}}],"collection":[{"href":"https:\/\/kuali.com.mx\/web\/wp-json\/wp\/v2\/posts"}],"about":[{"href":"https:\/\/kuali.com.mx\/web\/wp-json\/wp\/v2\/types\/post"}],"author":[{"embeddable":true,"href":"https:\/\/kuali.com.mx\/web\/wp-json\/wp\/v2\/users\/2"}],"replies":[{"embeddable":true,"href":"https:\/\/kuali.com.mx\/web\/wp-json\/wp\/v2\/comments?post=202866"}],"version-history":[{"count":1,"href":"https:\/\/kuali.com.mx\/web\/wp-json\/wp\/v2\/posts\/202866\/revisions"}],"predecessor-version":[{"id":202870,"href":"https:\/\/kuali.com.mx\/web\/wp-json\/wp\/v2\/posts\/202866\/revisions\/202870"}],"wp:featuredmedia":[{"embeddable":true,"href":"https:\/\/kuali.com.mx\/web\/wp-json\/wp\/v2\/media\/202869"}],"wp:attachment":[{"href":"https:\/\/kuali.com.mx\/web\/wp-json\/wp\/v2\/media?parent=202866"}],"wp:term":[{"taxonomy":"category","embeddable":true,"href":"https:\/\/kuali.com.mx\/web\/wp-json\/wp\/v2\/categories?post=202866"},{"taxonomy":"post_tag","embeddable":true,"href":"https:\/\/kuali.com.mx\/web\/wp-json\/wp\/v2\/tags?post=202866"}],"curies":[{"name":"wp","href":"https:\/\/api.w.org\/{rel}","templated":true}]}}