{"id":202854,"date":"2026-04-25T09:33:03","date_gmt":"2026-04-25T15:33:03","guid":{"rendered":"https:\/\/kuali.com.mx\/web\/?p=202854"},"modified":"2026-04-25T09:33:47","modified_gmt":"2026-04-25T15:33:47","slug":"reconocen-a-estudiantes-normalistas-por-su-compromiso-social","status":"publish","type":"post","link":"https:\/\/kuali.com.mx\/web\/2026\/04\/25\/reconocen-a-estudiantes-normalistas-por-su-compromiso-social\/","title":{"rendered":"RECONOCEN A ESTUDIANTES NORMALISTAS POR SU COMPROMISO SOCIAL"},"content":{"rendered":"\n<p><em><strong>Kuali\/Irapuato, Gto<\/strong><\/em>.-El Gobierno Municipal, a trav\u00e9s de la Direcci\u00f3n General de Educaci\u00f3n, llev\u00f3 a cabo la entrega de reconocimientos a estudiantes de la Escuela Normal Oficial de Irapuato, quienes participaron activamente en el programa \u201cTu Segundo Round\u201d durante 2025, destacando por su servicio y compromiso con la ni\u00f1ez del municipio.<\/p>\n\n\n\n<p>El programa \u2018Tu Segundo Round\u2019 se implement\u00f3 en siete escuelas de educaci\u00f3n b\u00e1sica, beneficiando a 270 estudiantes que presentaban rezago escolar debido a bajo rendimiento acad\u00e9mico. Su objetivo es brindar apoyo acad\u00e9mico personalizado que permita a las y los alumnos regularizar su situaci\u00f3n, recuperar su trayectoria educativa y disminuir la deserci\u00f3n escolar.<\/p>\n\n\n\n<p>En el evento tambi\u00e9n se dio el arranque oficial del programa para el ejercicio 2026, en el que participar\u00e1n 40 alumnas y alumnos de la Escuela Normal Oficial de Irapuato, quienes continuar\u00e1n fortaleciendo este modelo de acompa\u00f1amiento educativo en beneficio de m\u00e1s estudiantes.<\/p>\n\n\n\n<figure class=\"wp-block-image size-large\"><img loading=\"lazy\" decoding=\"async\" width=\"1024\" height=\"520\" src=\"https:\/\/kuali.com.mx\/web\/wp-content\/uploads\/2026\/04\/LORE-2-1024x520.jpg\" alt=\"\" class=\"wp-image-202858\" srcset=\"https:\/\/kuali.com.mx\/web\/wp-content\/uploads\/2026\/04\/LORE-2-1024x520.jpg 1024w, https:\/\/kuali.com.mx\/web\/wp-content\/uploads\/2026\/04\/LORE-2-300x152.jpg 300w, https:\/\/kuali.com.mx\/web\/wp-content\/uploads\/2026\/04\/LORE-2-768x390.jpg 768w, https:\/\/kuali.com.mx\/web\/wp-content\/uploads\/2026\/04\/LORE-2-1536x779.jpg 1536w, https:\/\/kuali.com.mx\/web\/wp-content\/uploads\/2026\/04\/LORE-2-228x116.jpg 228w, https:\/\/kuali.com.mx\/web\/wp-content\/uploads\/2026\/04\/LORE-2.jpg 1750w\" sizes=\"auto, (max-width: 1024px) 100vw, 1024px\" \/><\/figure>\n\n\n\n<p><br>El evento cont\u00f3 con la presencia de autoridades municipales y educativas, entre ellas el director de la ENOI, Alejandro Trejo \u00c1vila, quien en su mensaje agradeci\u00f3 la colaboraci\u00f3n del Gobierno Municipal en el desarrollo de los docentes quien reconoci\u00f3 la labor de los j\u00f3venes que participaron en este programa.<\/p>\n\n\n\n<p>Al respecto M\u00f3nica Ram\u00edrez, alumna de la ENOI y participante de este evento agradeci\u00f3 a la presidenta por el apoyo y confiar en ella y sus compa\u00f1eros y mencion\u00f3 la huella personal de haber contribuido a apoyar a ni\u00f1as y ni\u00f1os que lo necesitan.<\/p>\n\n\n\n<p>Durante el evento, la presidenta municipal, Lorena Alfaro Garc\u00eda, destac\u00f3 la importancia de generar oportunidades educativas que permitan a las y los estudiantes continuar con su formaci\u00f3n acad\u00e9mica y alcanzar sus metas.<\/p>\n\n\n\n<p>\u201cSon ni\u00f1os y ni\u00f1as que hoy permanecen en la escuela, porque buscamos que no haya deserci\u00f3n escolar. Y ese es el objetivo que estamos cumpliendo con este programa. Con esto, apoyamos a construir una comunidad m\u00e1s fuerte. La suma de todos estos esfuerzos, los que hacen ustedes y muchos otros esfuerzos que hacemos como gobierno o que hacemos como sociedad son lo que nos van a llevar a poder tener un verdadero fortalecimiento comunitario\", expres\u00f3. El evento cont\u00f3 con la presencia de autoridades municipales y educativas, as\u00ed como integrantes del Ayuntamiento y funcionarios municipales<\/p>\n","protected":false},"excerpt":{"rendered":"Kuali\/Irapuato, Gto.-El Gobierno Municipal, a trav\u00e9s de la Direcci\u00f3n General de Educaci\u00f3n, llev\u00f3 a cabo la entrega de reconocimientos a estudiantes de la Escuela Normal Oficial de Irapuato, quienes participaron activamente en el programa \u201cTu Segundo Round\u201d durante 2025, destacando por su servicio y compromiso con la ni\u00f1ez del municipio. El programa \u2018Tu Segundo Round\u2019 [&hellip;]","protected":false},"author":2,"featured_media":202857,"comment_status":"open","ping_status":"open","sticky":false,"template":"","format":"standard","meta":{"_seopress_robots_primary_cat":"none","_seopress_titles_title":"","_seopress_titles_desc":"","_seopress_robots_index":"","_monsterinsights_skip_tracking":false,"_monsterinsights_sitenote_active":false,"_monsterinsights_sitenote_note":"","_monsterinsights_sitenote_category":0,"footnotes":""},"categories":[4],"tags":[],"class_list":["post-202854","post","type-post","status-publish","format-standard","has-post-thumbnail","hentry","category-educacion"],"yoast_head":"<!-- This site is optimized with the Yoast SEO plugin v27.4 - https:\/\/yoast.com\/product\/yoast-seo-wordpress\/ -->\n<title>RECONOCEN A ESTUDIANTES NORMALISTAS POR SU COMPROMISO SOCIAL - Kuali<\/title>\n<meta name=\"robots\" content=\"index, follow, max-snippet:-1, max-image-preview:large, max-video-preview:-1\" \/>\n<link rel=\"canonical\" href=\"https:\/\/kuali.com.mx\/web\/2026\/04\/25\/reconocen-a-estudiantes-normalistas-por-su-compromiso-social\/\" \/>\n<meta property=\"og:locale\" content=\"es_MX\" \/>\n<meta property=\"og:type\" content=\"article\" \/>\n<meta property=\"og:title\" content=\"RECONOCEN A ESTUDIANTES NORMALISTAS POR SU COMPROMISO SOCIAL - Kuali\" \/>\n<meta property=\"og:description\" content=\"Kuali\/Irapuato, Gto.-El Gobierno Municipal, a trav\u00e9s de la Direcci\u00f3n General de Educaci\u00f3n, llev\u00f3 a cabo la entrega de reconocimientos a estudiantes de la Escuela Normal Oficial de Irapuato, quienes participaron activamente en el programa \u201cTu Segundo Round\u201d durante 2025, destacando por su servicio y compromiso con la ni\u00f1ez del municipio. El programa \u2018Tu Segundo Round\u2019 [&hellip;]\" \/>\n<meta property=\"og:url\" content=\"https:\/\/kuali.com.mx\/web\/2026\/04\/25\/reconocen-a-estudiantes-normalistas-por-su-compromiso-social\/\" \/>\n<meta property=\"og:site_name\" content=\"Kuali\" \/>\n<meta property=\"article:publisher\" content=\"https:\/\/kuali.com.mx\/web\/wp-content\/uploads\/2018\/04\/cropped-kuali_logo-1-1.png\" \/>\n<meta property=\"article:published_time\" content=\"2026-04-25T15:33:03+00:00\" \/>\n<meta property=\"article:modified_time\" content=\"2026-04-25T15:33:47+00:00\" \/>\n<meta property=\"og:image\" content=\"https:\/\/kuali.com.mx\/web\/wp-content\/uploads\/2026\/04\/LORE-1.jpg\" \/>\n\t<meta property=\"og:image:width\" content=\"1750\" \/>\n\t<meta property=\"og:image:height\" content=\"849\" \/>\n\t<meta property=\"og:image:type\" content=\"image\/jpeg\" \/>\n<meta name=\"author\" content=\"Kuali Staff\" \/>\n<meta name=\"twitter:card\" content=\"summary_large_image\" \/>\n<meta name=\"twitter:creator\" content=\"@kuali_noticias\" \/>\n<meta name=\"twitter:site\" content=\"@kuali_noticias\" \/>\n<meta name=\"twitter:label1\" content=\"Escrito por\" \/>\n\t<meta name=\"twitter:data1\" content=\"Kuali Staff\" \/>\n\t<meta name=\"twitter:label2\" content=\"Tiempo de lectura\" \/>\n\t<meta name=\"twitter:data2\" content=\"2 minutos\" \/>\n<script type=\"application\/ld+json\" class=\"yoast-schema-graph\">{\"@context\":\"https:\\\/\\\/schema.org\",\"@graph\":[{\"@type\":\"Article\",\"@id\":\"https:\\\/\\\/kuali.com.mx\\\/web\\\/2026\\\/04\\\/25\\\/reconocen-a-estudiantes-normalistas-por-su-compromiso-social\\\/#article\",\"isPartOf\":{\"@id\":\"https:\\\/\\\/kuali.com.mx\\\/web\\\/2026\\\/04\\\/25\\\/reconocen-a-estudiantes-normalistas-por-su-compromiso-social\\\/\"},\"author\":{\"name\":\"Kuali Staff\",\"@id\":\"https:\\\/\\\/kuali.com.mx\\\/web\\\/#\\\/schema\\\/person\\\/6f89ffa8ecba9dae50662357923c5289\"},\"headline\":\"RECONOCEN A ESTUDIANTES NORMALISTAS POR SU COMPROMISO SOCIAL\",\"datePublished\":\"2026-04-25T15:33:03+00:00\",\"dateModified\":\"2026-04-25T15:33:47+00:00\",\"mainEntityOfPage\":{\"@id\":\"https:\\\/\\\/kuali.com.mx\\\/web\\\/2026\\\/04\\\/25\\\/reconocen-a-estudiantes-normalistas-por-su-compromiso-social\\\/\"},\"wordCount\":399,\"commentCount\":0,\"image\":{\"@id\":\"https:\\\/\\\/kuali.com.mx\\\/web\\\/2026\\\/04\\\/25\\\/reconocen-a-estudiantes-normalistas-por-su-compromiso-social\\\/#primaryimage\"},\"thumbnailUrl\":\"https:\\\/\\\/kuali.com.mx\\\/web\\\/wp-content\\\/uploads\\\/2026\\\/04\\\/LORE-1.jpg\",\"articleSection\":[\"Educaci\u00f3n\"],\"inLanguage\":\"es\",\"potentialAction\":[{\"@type\":\"CommentAction\",\"name\":\"Comment\",\"target\":[\"https:\\\/\\\/kuali.com.mx\\\/web\\\/2026\\\/04\\\/25\\\/reconocen-a-estudiantes-normalistas-por-su-compromiso-social\\\/#respond\"]}]},{\"@type\":\"WebPage\",\"@id\":\"https:\\\/\\\/kuali.com.mx\\\/web\\\/2026\\\/04\\\/25\\\/reconocen-a-estudiantes-normalistas-por-su-compromiso-social\\\/\",\"url\":\"https:\\\/\\\/kuali.com.mx\\\/web\\\/2026\\\/04\\\/25\\\/reconocen-a-estudiantes-normalistas-por-su-compromiso-social\\\/\",\"name\":\"RECONOCEN A ESTUDIANTES NORMALISTAS POR SU COMPROMISO SOCIAL - Kuali\",\"isPartOf\":{\"@id\":\"https:\\\/\\\/kuali.com.mx\\\/web\\\/#website\"},\"primaryImageOfPage\":{\"@id\":\"https:\\\/\\\/kuali.com.mx\\\/web\\\/2026\\\/04\\\/25\\\/reconocen-a-estudiantes-normalistas-por-su-compromiso-social\\\/#primaryimage\"},\"image\":{\"@id\":\"https:\\\/\\\/kuali.com.mx\\\/web\\\/2026\\\/04\\\/25\\\/reconocen-a-estudiantes-normalistas-por-su-compromiso-social\\\/#primaryimage\"},\"thumbnailUrl\":\"https:\\\/\\\/kuali.com.mx\\\/web\\\/wp-content\\\/uploads\\\/2026\\\/04\\\/LORE-1.jpg\",\"datePublished\":\"2026-04-25T15:33:03+00:00\",\"dateModified\":\"2026-04-25T15:33:47+00:00\",\"author\":{\"@id\":\"https:\\\/\\\/kuali.com.mx\\\/web\\\/#\\\/schema\\\/person\\\/6f89ffa8ecba9dae50662357923c5289\"},\"breadcrumb\":{\"@id\":\"https:\\\/\\\/kuali.com.mx\\\/web\\\/2026\\\/04\\\/25\\\/reconocen-a-estudiantes-normalistas-por-su-compromiso-social\\\/#breadcrumb\"},\"inLanguage\":\"es\",\"potentialAction\":[{\"@type\":\"ReadAction\",\"target\":[\"https:\\\/\\\/kuali.com.mx\\\/web\\\/2026\\\/04\\\/25\\\/reconocen-a-estudiantes-normalistas-por-su-compromiso-social\\\/\"]}]},{\"@type\":\"ImageObject\",\"inLanguage\":\"es\",\"@id\":\"https:\\\/\\\/kuali.com.mx\\\/web\\\/2026\\\/04\\\/25\\\/reconocen-a-estudiantes-normalistas-por-su-compromiso-social\\\/#primaryimage\",\"url\":\"https:\\\/\\\/kuali.com.mx\\\/web\\\/wp-content\\\/uploads\\\/2026\\\/04\\\/LORE-1.jpg\",\"contentUrl\":\"https:\\\/\\\/kuali.com.mx\\\/web\\\/wp-content\\\/uploads\\\/2026\\\/04\\\/LORE-1.jpg\",\"width\":1750,\"height\":849},{\"@type\":\"BreadcrumbList\",\"@id\":\"https:\\\/\\\/kuali.com.mx\\\/web\\\/2026\\\/04\\\/25\\\/reconocen-a-estudiantes-normalistas-por-su-compromiso-social\\\/#breadcrumb\",\"itemListElement\":[{\"@type\":\"ListItem\",\"position\":1,\"name\":\"Inicio\",\"item\":\"https:\\\/\\\/kuali.com.mx\\\/web\\\/\"},{\"@type\":\"ListItem\",\"position\":2,\"name\":\"RECONOCEN A ESTUDIANTES NORMALISTAS POR SU COMPROMISO SOCIAL\"}]},{\"@type\":\"WebSite\",\"@id\":\"https:\\\/\\\/kuali.com.mx\\\/web\\\/#website\",\"url\":\"https:\\\/\\\/kuali.com.mx\\\/web\\\/\",\"name\":\"Kuali\",\"description\":\"\",\"potentialAction\":[{\"@type\":\"SearchAction\",\"target\":{\"@type\":\"EntryPoint\",\"urlTemplate\":\"https:\\\/\\\/kuali.com.mx\\\/web\\\/?s={search_term_string}\"},\"query-input\":{\"@type\":\"PropertyValueSpecification\",\"valueRequired\":true,\"valueName\":\"search_term_string\"}}],\"inLanguage\":\"es\"},{\"@type\":\"Person\",\"@id\":\"https:\\\/\\\/kuali.com.mx\\\/web\\\/#\\\/schema\\\/person\\\/6f89ffa8ecba9dae50662357923c5289\",\"name\":\"Kuali Staff\",\"image\":{\"@type\":\"ImageObject\",\"inLanguage\":\"es\",\"@id\":\"https:\\\/\\\/secure.gravatar.com\\\/avatar\\\/f917ad82e5ab71227a733c78b6e60715476f69ee6be59feee4eb5d9920c89e0f?s=96&d=mm&r=g\",\"url\":\"https:\\\/\\\/secure.gravatar.com\\\/avatar\\\/f917ad82e5ab71227a733c78b6e60715476f69ee6be59feee4eb5d9920c89e0f?s=96&d=mm&r=g\",\"contentUrl\":\"https:\\\/\\\/secure.gravatar.com\\\/avatar\\\/f917ad82e5ab71227a733c78b6e60715476f69ee6be59feee4eb5d9920c89e0f?s=96&d=mm&r=g\",\"caption\":\"Kuali Staff\"},\"url\":\"https:\\\/\\\/kuali.com.mx\\\/web\\\/author\\\/lagarto\\\/\"}]}<\/script>\n<!-- \/ Yoast SEO plugin. -->","yoast_head_json":{"title":"RECONOCEN A ESTUDIANTES NORMALISTAS POR SU COMPROMISO SOCIAL - Kuali","robots":{"index":"index","follow":"follow","max-snippet":"max-snippet:-1","max-image-preview":"max-image-preview:large","max-video-preview":"max-video-preview:-1"},"canonical":"https:\/\/kuali.com.mx\/web\/2026\/04\/25\/reconocen-a-estudiantes-normalistas-por-su-compromiso-social\/","og_locale":"es_MX","og_type":"article","og_title":"RECONOCEN A ESTUDIANTES NORMALISTAS POR SU COMPROMISO SOCIAL - Kuali","og_description":"Kuali\/Irapuato, Gto.-El Gobierno Municipal, a trav\u00e9s de la Direcci\u00f3n General de Educaci\u00f3n, llev\u00f3 a cabo la entrega de reconocimientos a estudiantes de la Escuela Normal Oficial de Irapuato, quienes participaron activamente en el programa \u201cTu Segundo Round\u201d durante 2025, destacando por su servicio y compromiso con la ni\u00f1ez del municipio. El programa \u2018Tu Segundo Round\u2019 [&hellip;]","og_url":"https:\/\/kuali.com.mx\/web\/2026\/04\/25\/reconocen-a-estudiantes-normalistas-por-su-compromiso-social\/","og_site_name":"Kuali","article_publisher":"https:\/\/kuali.com.mx\/web\/wp-content\/uploads\/2018\/04\/cropped-kuali_logo-1-1.png","article_published_time":"2026-04-25T15:33:03+00:00","article_modified_time":"2026-04-25T15:33:47+00:00","og_image":[{"width":1750,"height":849,"url":"https:\/\/kuali.com.mx\/web\/wp-content\/uploads\/2026\/04\/LORE-1.jpg","type":"image\/jpeg"}],"author":"Kuali Staff","twitter_card":"summary_large_image","twitter_creator":"@kuali_noticias","twitter_site":"@kuali_noticias","twitter_misc":{"Escrito por":"Kuali Staff","Tiempo de lectura":"2 minutos"},"schema":{"@context":"https:\/\/schema.org","@graph":[{"@type":"Article","@id":"https:\/\/kuali.com.mx\/web\/2026\/04\/25\/reconocen-a-estudiantes-normalistas-por-su-compromiso-social\/#article","isPartOf":{"@id":"https:\/\/kuali.com.mx\/web\/2026\/04\/25\/reconocen-a-estudiantes-normalistas-por-su-compromiso-social\/"},"author":{"name":"Kuali Staff","@id":"https:\/\/kuali.com.mx\/web\/#\/schema\/person\/6f89ffa8ecba9dae50662357923c5289"},"headline":"RECONOCEN A ESTUDIANTES NORMALISTAS POR SU COMPROMISO SOCIAL","datePublished":"2026-04-25T15:33:03+00:00","dateModified":"2026-04-25T15:33:47+00:00","mainEntityOfPage":{"@id":"https:\/\/kuali.com.mx\/web\/2026\/04\/25\/reconocen-a-estudiantes-normalistas-por-su-compromiso-social\/"},"wordCount":399,"commentCount":0,"image":{"@id":"https:\/\/kuali.com.mx\/web\/2026\/04\/25\/reconocen-a-estudiantes-normalistas-por-su-compromiso-social\/#primaryimage"},"thumbnailUrl":"https:\/\/kuali.com.mx\/web\/wp-content\/uploads\/2026\/04\/LORE-1.jpg","articleSection":["Educaci\u00f3n"],"inLanguage":"es","potentialAction":[{"@type":"CommentAction","name":"Comment","target":["https:\/\/kuali.com.mx\/web\/2026\/04\/25\/reconocen-a-estudiantes-normalistas-por-su-compromiso-social\/#respond"]}]},{"@type":"WebPage","@id":"https:\/\/kuali.com.mx\/web\/2026\/04\/25\/reconocen-a-estudiantes-normalistas-por-su-compromiso-social\/","url":"https:\/\/kuali.com.mx\/web\/2026\/04\/25\/reconocen-a-estudiantes-normalistas-por-su-compromiso-social\/","name":"RECONOCEN A ESTUDIANTES NORMALISTAS POR SU COMPROMISO SOCIAL - Kuali","isPartOf":{"@id":"https:\/\/kuali.com.mx\/web\/#website"},"primaryImageOfPage":{"@id":"https:\/\/kuali.com.mx\/web\/2026\/04\/25\/reconocen-a-estudiantes-normalistas-por-su-compromiso-social\/#primaryimage"},"image":{"@id":"https:\/\/kuali.com.mx\/web\/2026\/04\/25\/reconocen-a-estudiantes-normalistas-por-su-compromiso-social\/#primaryimage"},"thumbnailUrl":"https:\/\/kuali.com.mx\/web\/wp-content\/uploads\/2026\/04\/LORE-1.jpg","datePublished":"2026-04-25T15:33:03+00:00","dateModified":"2026-04-25T15:33:47+00:00","author":{"@id":"https:\/\/kuali.com.mx\/web\/#\/schema\/person\/6f89ffa8ecba9dae50662357923c5289"},"breadcrumb":{"@id":"https:\/\/kuali.com.mx\/web\/2026\/04\/25\/reconocen-a-estudiantes-normalistas-por-su-compromiso-social\/#breadcrumb"},"inLanguage":"es","potentialAction":[{"@type":"ReadAction","target":["https:\/\/kuali.com.mx\/web\/2026\/04\/25\/reconocen-a-estudiantes-normalistas-por-su-compromiso-social\/"]}]},{"@type":"ImageObject","inLanguage":"es","@id":"https:\/\/kuali.com.mx\/web\/2026\/04\/25\/reconocen-a-estudiantes-normalistas-por-su-compromiso-social\/#primaryimage","url":"https:\/\/kuali.com.mx\/web\/wp-content\/uploads\/2026\/04\/LORE-1.jpg","contentUrl":"https:\/\/kuali.com.mx\/web\/wp-content\/uploads\/2026\/04\/LORE-1.jpg","width":1750,"height":849},{"@type":"BreadcrumbList","@id":"https:\/\/kuali.com.mx\/web\/2026\/04\/25\/reconocen-a-estudiantes-normalistas-por-su-compromiso-social\/#breadcrumb","itemListElement":[{"@type":"ListItem","position":1,"name":"Inicio","item":"https:\/\/kuali.com.mx\/web\/"},{"@type":"ListItem","position":2,"name":"RECONOCEN A ESTUDIANTES NORMALISTAS POR SU COMPROMISO SOCIAL"}]},{"@type":"WebSite","@id":"https:\/\/kuali.com.mx\/web\/#website","url":"https:\/\/kuali.com.mx\/web\/","name":"Kuali","description":"","potentialAction":[{"@type":"SearchAction","target":{"@type":"EntryPoint","urlTemplate":"https:\/\/kuali.com.mx\/web\/?s={search_term_string}"},"query-input":{"@type":"PropertyValueSpecification","valueRequired":true,"valueName":"search_term_string"}}],"inLanguage":"es"},{"@type":"Person","@id":"https:\/\/kuali.com.mx\/web\/#\/schema\/person\/6f89ffa8ecba9dae50662357923c5289","name":"Kuali Staff","image":{"@type":"ImageObject","inLanguage":"es","@id":"https:\/\/secure.gravatar.com\/avatar\/f917ad82e5ab71227a733c78b6e60715476f69ee6be59feee4eb5d9920c89e0f?s=96&d=mm&r=g","url":"https:\/\/secure.gravatar.com\/avatar\/f917ad82e5ab71227a733c78b6e60715476f69ee6be59feee4eb5d9920c89e0f?s=96&d=mm&r=g","contentUrl":"https:\/\/secure.gravatar.com\/avatar\/f917ad82e5ab71227a733c78b6e60715476f69ee6be59feee4eb5d9920c89e0f?s=96&d=mm&r=g","caption":"Kuali Staff"},"url":"https:\/\/kuali.com.mx\/web\/author\/lagarto\/"}]}},"_links":{"self":[{"href":"https:\/\/kuali.com.mx\/web\/wp-json\/wp\/v2\/posts\/202854","targetHints":{"allow":["GET"]}}],"collection":[{"href":"https:\/\/kuali.com.mx\/web\/wp-json\/wp\/v2\/posts"}],"about":[{"href":"https:\/\/kuali.com.mx\/web\/wp-json\/wp\/v2\/types\/post"}],"author":[{"embeddable":true,"href":"https:\/\/kuali.com.mx\/web\/wp-json\/wp\/v2\/users\/2"}],"replies":[{"embeddable":true,"href":"https:\/\/kuali.com.mx\/web\/wp-json\/wp\/v2\/comments?post=202854"}],"version-history":[{"count":1,"href":"https:\/\/kuali.com.mx\/web\/wp-json\/wp\/v2\/posts\/202854\/revisions"}],"predecessor-version":[{"id":202859,"href":"https:\/\/kuali.com.mx\/web\/wp-json\/wp\/v2\/posts\/202854\/revisions\/202859"}],"wp:featuredmedia":[{"embeddable":true,"href":"https:\/\/kuali.com.mx\/web\/wp-json\/wp\/v2\/media\/202857"}],"wp:attachment":[{"href":"https:\/\/kuali.com.mx\/web\/wp-json\/wp\/v2\/media?parent=202854"}],"wp:term":[{"taxonomy":"category","embeddable":true,"href":"https:\/\/kuali.com.mx\/web\/wp-json\/wp\/v2\/categories?post=202854"},{"taxonomy":"post_tag","embeddable":true,"href":"https:\/\/kuali.com.mx\/web\/wp-json\/wp\/v2\/tags?post=202854"}],"curies":[{"name":"wp","href":"https:\/\/api.w.org\/{rel}","templated":true}]}}