{"id":202813,"date":"2026-04-24T11:44:57","date_gmt":"2026-04-24T17:44:57","guid":{"rendered":"https:\/\/kuali.com.mx\/web\/?p=202813"},"modified":"2026-04-24T20:37:23","modified_gmt":"2026-04-25T02:37:23","slug":"sapal-tratara-aguas-negras-con-nanotecnologia","status":"publish","type":"post","link":"https:\/\/kuali.com.mx\/web\/2026\/04\/24\/sapal-tratara-aguas-negras-con-nanotecnologia\/","title":{"rendered":"SAPAL TRATAR\u00c1 AGUAS NEGRAS CON  NANOTECNOLOG\u00cdA"},"content":{"rendered":"\n<p>Milagros Tadeo\/Le\u00f3n, Gto.- El presidente del Consejo del Sistema de Agua Potable y Alcantarillado de Le\u00f3n (SAPAL), Jos\u00e9 Antonio Morf\u00edn Villalpando, inform\u00f3 que el organismo se encuentra muy cerca de obtener las autorizaciones necesarias para iniciar la aplicaci\u00f3n de nanotecnolog\u00eda en el tratamiento de aguas residuales del municipio.<\/p>\n\n\n\n<p>Morf\u00edn Villalpando destac\u00f3 que ya se realizaron pruebas piloto en la planta tratadora de Las Joyas, donde se aplic\u00f3 nanotecnolog\u00eda a un flujo de hasta 60 litros por segundo.<\/p>\n\n\n\n<p>Explic\u00f3 que el proceso m\u00e1s robusto de limpieza se implementar\u00e1 en la planta municipal, una vez que se cuente con el aval de la Comisi\u00f3n Nacional del Agua (CONAGUA).<\/p>\n\n\n\n<p>\u201cAhorita todos los permisos, pruebas e investigaciones se hicieron en la planta de Las Joyas. Nos han dicho que estamos muy cerca de tener las autorizaciones. Lo dem\u00e1s que estaba al 80 por ciento hoy anda al 90, pero lo m\u00e1s importante es que ya al cien estamos trabajando\u201d, puntualiz\u00f3.<\/p>\n\n\n\n<p>El presidente del Consejo del SAPAL asegur\u00f3 que el proyecto representa un avance significativo en la modernizaci\u00f3n del sistema de tratamiento de aguas residuales de Le\u00f3n y confi\u00f3 en que la autorizaci\u00f3n oficial permitir\u00e1 escalar la tecnolog\u00eda para beneficio de la ciudad.<\/p>\n\n\n\n<p><\/p>\n","protected":false},"excerpt":{"rendered":"Milagros Tadeo\/Le\u00f3n, Gto.- El presidente del Consejo del Sistema de Agua Potable y Alcantarillado de Le\u00f3n (SAPAL), Jos\u00e9 Antonio Morf\u00edn Villalpando, inform\u00f3 que el organismo se encuentra muy cerca de obtener las autorizaciones necesarias para iniciar la aplicaci\u00f3n de nanotecnolog\u00eda en el tratamiento de aguas residuales del municipio. Morf\u00edn Villalpando destac\u00f3 que ya se realizaron [&hellip;]","protected":false},"author":2,"featured_media":120750,"comment_status":"open","ping_status":"open","sticky":false,"template":"","format":"standard","meta":{"_seopress_robots_primary_cat":"none","_seopress_titles_title":"","_seopress_titles_desc":"","_seopress_robots_index":"","_monsterinsights_skip_tracking":false,"_monsterinsights_sitenote_active":false,"_monsterinsights_sitenote_note":"","_monsterinsights_sitenote_category":0,"footnotes":""},"categories":[17],"tags":[6648,1862,129],"class_list":["post-202813","post","type-post","status-publish","format-standard","has-post-thumbnail","hentry","category-ecologia","tag-agua-negras","tag-nanotecnologia","tag-sapal"],"yoast_head":"<!-- This site is optimized with the Yoast SEO plugin v27.4 - https:\/\/yoast.com\/product\/yoast-seo-wordpress\/ -->\n<title>SAPAL TRATAR\u00c1 AGUAS NEGRAS CON NANOTECNOLOG\u00cdA - Kuali<\/title>\n<meta name=\"robots\" content=\"index, follow, max-snippet:-1, max-image-preview:large, max-video-preview:-1\" \/>\n<link rel=\"canonical\" href=\"https:\/\/kuali.com.mx\/web\/2026\/04\/24\/sapal-tratara-aguas-negras-con-nanotecnologia\/\" \/>\n<meta property=\"og:locale\" content=\"es_MX\" \/>\n<meta property=\"og:type\" content=\"article\" \/>\n<meta property=\"og:title\" content=\"SAPAL TRATAR\u00c1 AGUAS NEGRAS CON NANOTECNOLOG\u00cdA - Kuali\" \/>\n<meta property=\"og:description\" content=\"Milagros Tadeo\/Le\u00f3n, Gto.- El presidente del Consejo del Sistema de Agua Potable y Alcantarillado de Le\u00f3n (SAPAL), Jos\u00e9 Antonio Morf\u00edn Villalpando, inform\u00f3 que el organismo se encuentra muy cerca de obtener las autorizaciones necesarias para iniciar la aplicaci\u00f3n de nanotecnolog\u00eda en el tratamiento de aguas residuales del municipio. Morf\u00edn Villalpando destac\u00f3 que ya se realizaron [&hellip;]\" \/>\n<meta property=\"og:url\" content=\"https:\/\/kuali.com.mx\/web\/2026\/04\/24\/sapal-tratara-aguas-negras-con-nanotecnologia\/\" \/>\n<meta property=\"og:site_name\" content=\"Kuali\" \/>\n<meta property=\"article:publisher\" content=\"https:\/\/kuali.com.mx\/web\/wp-content\/uploads\/2018\/04\/cropped-kuali_logo-1-1.png\" \/>\n<meta property=\"article:published_time\" content=\"2026-04-24T17:44:57+00:00\" \/>\n<meta property=\"article:modified_time\" content=\"2026-04-25T02:37:23+00:00\" \/>\n<meta property=\"og:image\" content=\"https:\/\/kuali.com.mx\/web\/wp-content\/uploads\/2023\/06\/Presenta-SAPAL-proyecto-nanotecnologia-2.gif\" \/>\n\t<meta property=\"og:image:width\" content=\"1800\" \/>\n\t<meta property=\"og:image:height\" content=\"750\" \/>\n\t<meta property=\"og:image:type\" content=\"image\/gif\" \/>\n<meta name=\"author\" content=\"Kuali Staff\" \/>\n<meta name=\"twitter:card\" content=\"summary_large_image\" \/>\n<meta name=\"twitter:creator\" content=\"@kuali_noticias\" \/>\n<meta name=\"twitter:site\" content=\"@kuali_noticias\" \/>\n<meta name=\"twitter:label1\" content=\"Escrito por\" \/>\n\t<meta name=\"twitter:data1\" content=\"Kuali Staff\" \/>\n\t<meta name=\"twitter:label2\" content=\"Tiempo de lectura\" \/>\n\t<meta name=\"twitter:data2\" content=\"1 minuto\" \/>\n<script type=\"application\/ld+json\" class=\"yoast-schema-graph\">{\"@context\":\"https:\\\/\\\/schema.org\",\"@graph\":[{\"@type\":\"Article\",\"@id\":\"https:\\\/\\\/kuali.com.mx\\\/web\\\/2026\\\/04\\\/24\\\/sapal-tratara-aguas-negras-con-nanotecnologia\\\/#article\",\"isPartOf\":{\"@id\":\"https:\\\/\\\/kuali.com.mx\\\/web\\\/2026\\\/04\\\/24\\\/sapal-tratara-aguas-negras-con-nanotecnologia\\\/\"},\"author\":{\"name\":\"Kuali Staff\",\"@id\":\"https:\\\/\\\/kuali.com.mx\\\/web\\\/#\\\/schema\\\/person\\\/6f89ffa8ecba9dae50662357923c5289\"},\"headline\":\"SAPAL TRATAR\u00c1 AGUAS NEGRAS CON NANOTECNOLOG\u00cdA\",\"datePublished\":\"2026-04-24T17:44:57+00:00\",\"dateModified\":\"2026-04-25T02:37:23+00:00\",\"mainEntityOfPage\":{\"@id\":\"https:\\\/\\\/kuali.com.mx\\\/web\\\/2026\\\/04\\\/24\\\/sapal-tratara-aguas-negras-con-nanotecnologia\\\/\"},\"wordCount\":219,\"commentCount\":0,\"image\":{\"@id\":\"https:\\\/\\\/kuali.com.mx\\\/web\\\/2026\\\/04\\\/24\\\/sapal-tratara-aguas-negras-con-nanotecnologia\\\/#primaryimage\"},\"thumbnailUrl\":\"https:\\\/\\\/kuali.com.mx\\\/web\\\/wp-content\\\/uploads\\\/2023\\\/06\\\/Presenta-SAPAL-proyecto-nanotecnologia-2.gif\",\"keywords\":[\"Agua negras\",\"Nanotecnolog\u00eda\",\"SAPAL\"],\"articleSection\":[\"Ecolog\u00eda\"],\"inLanguage\":\"es\",\"potentialAction\":[{\"@type\":\"CommentAction\",\"name\":\"Comment\",\"target\":[\"https:\\\/\\\/kuali.com.mx\\\/web\\\/2026\\\/04\\\/24\\\/sapal-tratara-aguas-negras-con-nanotecnologia\\\/#respond\"]}]},{\"@type\":\"WebPage\",\"@id\":\"https:\\\/\\\/kuali.com.mx\\\/web\\\/2026\\\/04\\\/24\\\/sapal-tratara-aguas-negras-con-nanotecnologia\\\/\",\"url\":\"https:\\\/\\\/kuali.com.mx\\\/web\\\/2026\\\/04\\\/24\\\/sapal-tratara-aguas-negras-con-nanotecnologia\\\/\",\"name\":\"SAPAL TRATAR\u00c1 AGUAS NEGRAS CON NANOTECNOLOG\u00cdA - Kuali\",\"isPartOf\":{\"@id\":\"https:\\\/\\\/kuali.com.mx\\\/web\\\/#website\"},\"primaryImageOfPage\":{\"@id\":\"https:\\\/\\\/kuali.com.mx\\\/web\\\/2026\\\/04\\\/24\\\/sapal-tratara-aguas-negras-con-nanotecnologia\\\/#primaryimage\"},\"image\":{\"@id\":\"https:\\\/\\\/kuali.com.mx\\\/web\\\/2026\\\/04\\\/24\\\/sapal-tratara-aguas-negras-con-nanotecnologia\\\/#primaryimage\"},\"thumbnailUrl\":\"https:\\\/\\\/kuali.com.mx\\\/web\\\/wp-content\\\/uploads\\\/2023\\\/06\\\/Presenta-SAPAL-proyecto-nanotecnologia-2.gif\",\"datePublished\":\"2026-04-24T17:44:57+00:00\",\"dateModified\":\"2026-04-25T02:37:23+00:00\",\"author\":{\"@id\":\"https:\\\/\\\/kuali.com.mx\\\/web\\\/#\\\/schema\\\/person\\\/6f89ffa8ecba9dae50662357923c5289\"},\"breadcrumb\":{\"@id\":\"https:\\\/\\\/kuali.com.mx\\\/web\\\/2026\\\/04\\\/24\\\/sapal-tratara-aguas-negras-con-nanotecnologia\\\/#breadcrumb\"},\"inLanguage\":\"es\",\"potentialAction\":[{\"@type\":\"ReadAction\",\"target\":[\"https:\\\/\\\/kuali.com.mx\\\/web\\\/2026\\\/04\\\/24\\\/sapal-tratara-aguas-negras-con-nanotecnologia\\\/\"]}]},{\"@type\":\"ImageObject\",\"inLanguage\":\"es\",\"@id\":\"https:\\\/\\\/kuali.com.mx\\\/web\\\/2026\\\/04\\\/24\\\/sapal-tratara-aguas-negras-con-nanotecnologia\\\/#primaryimage\",\"url\":\"https:\\\/\\\/kuali.com.mx\\\/web\\\/wp-content\\\/uploads\\\/2023\\\/06\\\/Presenta-SAPAL-proyecto-nanotecnologia-2.gif\",\"contentUrl\":\"https:\\\/\\\/kuali.com.mx\\\/web\\\/wp-content\\\/uploads\\\/2023\\\/06\\\/Presenta-SAPAL-proyecto-nanotecnologia-2.gif\",\"width\":1800,\"height\":750},{\"@type\":\"BreadcrumbList\",\"@id\":\"https:\\\/\\\/kuali.com.mx\\\/web\\\/2026\\\/04\\\/24\\\/sapal-tratara-aguas-negras-con-nanotecnologia\\\/#breadcrumb\",\"itemListElement\":[{\"@type\":\"ListItem\",\"position\":1,\"name\":\"Inicio\",\"item\":\"https:\\\/\\\/kuali.com.mx\\\/web\\\/\"},{\"@type\":\"ListItem\",\"position\":2,\"name\":\"SAPAL TRATAR\u00c1 AGUAS NEGRAS CON NANOTECNOLOG\u00cdA\"}]},{\"@type\":\"WebSite\",\"@id\":\"https:\\\/\\\/kuali.com.mx\\\/web\\\/#website\",\"url\":\"https:\\\/\\\/kuali.com.mx\\\/web\\\/\",\"name\":\"Kuali\",\"description\":\"\",\"potentialAction\":[{\"@type\":\"SearchAction\",\"target\":{\"@type\":\"EntryPoint\",\"urlTemplate\":\"https:\\\/\\\/kuali.com.mx\\\/web\\\/?s={search_term_string}\"},\"query-input\":{\"@type\":\"PropertyValueSpecification\",\"valueRequired\":true,\"valueName\":\"search_term_string\"}}],\"inLanguage\":\"es\"},{\"@type\":\"Person\",\"@id\":\"https:\\\/\\\/kuali.com.mx\\\/web\\\/#\\\/schema\\\/person\\\/6f89ffa8ecba9dae50662357923c5289\",\"name\":\"Kuali Staff\",\"image\":{\"@type\":\"ImageObject\",\"inLanguage\":\"es\",\"@id\":\"https:\\\/\\\/secure.gravatar.com\\\/avatar\\\/f917ad82e5ab71227a733c78b6e60715476f69ee6be59feee4eb5d9920c89e0f?s=96&d=mm&r=g\",\"url\":\"https:\\\/\\\/secure.gravatar.com\\\/avatar\\\/f917ad82e5ab71227a733c78b6e60715476f69ee6be59feee4eb5d9920c89e0f?s=96&d=mm&r=g\",\"contentUrl\":\"https:\\\/\\\/secure.gravatar.com\\\/avatar\\\/f917ad82e5ab71227a733c78b6e60715476f69ee6be59feee4eb5d9920c89e0f?s=96&d=mm&r=g\",\"caption\":\"Kuali Staff\"},\"url\":\"https:\\\/\\\/kuali.com.mx\\\/web\\\/author\\\/lagarto\\\/\"}]}<\/script>\n<!-- \/ Yoast SEO plugin. -->","yoast_head_json":{"title":"SAPAL TRATAR\u00c1 AGUAS NEGRAS CON NANOTECNOLOG\u00cdA - Kuali","robots":{"index":"index","follow":"follow","max-snippet":"max-snippet:-1","max-image-preview":"max-image-preview:large","max-video-preview":"max-video-preview:-1"},"canonical":"https:\/\/kuali.com.mx\/web\/2026\/04\/24\/sapal-tratara-aguas-negras-con-nanotecnologia\/","og_locale":"es_MX","og_type":"article","og_title":"SAPAL TRATAR\u00c1 AGUAS NEGRAS CON NANOTECNOLOG\u00cdA - Kuali","og_description":"Milagros Tadeo\/Le\u00f3n, Gto.- El presidente del Consejo del Sistema de Agua Potable y Alcantarillado de Le\u00f3n (SAPAL), Jos\u00e9 Antonio Morf\u00edn Villalpando, inform\u00f3 que el organismo se encuentra muy cerca de obtener las autorizaciones necesarias para iniciar la aplicaci\u00f3n de nanotecnolog\u00eda en el tratamiento de aguas residuales del municipio. Morf\u00edn Villalpando destac\u00f3 que ya se realizaron [&hellip;]","og_url":"https:\/\/kuali.com.mx\/web\/2026\/04\/24\/sapal-tratara-aguas-negras-con-nanotecnologia\/","og_site_name":"Kuali","article_publisher":"https:\/\/kuali.com.mx\/web\/wp-content\/uploads\/2018\/04\/cropped-kuali_logo-1-1.png","article_published_time":"2026-04-24T17:44:57+00:00","article_modified_time":"2026-04-25T02:37:23+00:00","og_image":[{"width":1800,"height":750,"url":"https:\/\/kuali.com.mx\/web\/wp-content\/uploads\/2023\/06\/Presenta-SAPAL-proyecto-nanotecnologia-2.gif","type":"image\/gif"}],"author":"Kuali Staff","twitter_card":"summary_large_image","twitter_creator":"@kuali_noticias","twitter_site":"@kuali_noticias","twitter_misc":{"Escrito por":"Kuali Staff","Tiempo de lectura":"1 minuto"},"schema":{"@context":"https:\/\/schema.org","@graph":[{"@type":"Article","@id":"https:\/\/kuali.com.mx\/web\/2026\/04\/24\/sapal-tratara-aguas-negras-con-nanotecnologia\/#article","isPartOf":{"@id":"https:\/\/kuali.com.mx\/web\/2026\/04\/24\/sapal-tratara-aguas-negras-con-nanotecnologia\/"},"author":{"name":"Kuali Staff","@id":"https:\/\/kuali.com.mx\/web\/#\/schema\/person\/6f89ffa8ecba9dae50662357923c5289"},"headline":"SAPAL TRATAR\u00c1 AGUAS NEGRAS CON NANOTECNOLOG\u00cdA","datePublished":"2026-04-24T17:44:57+00:00","dateModified":"2026-04-25T02:37:23+00:00","mainEntityOfPage":{"@id":"https:\/\/kuali.com.mx\/web\/2026\/04\/24\/sapal-tratara-aguas-negras-con-nanotecnologia\/"},"wordCount":219,"commentCount":0,"image":{"@id":"https:\/\/kuali.com.mx\/web\/2026\/04\/24\/sapal-tratara-aguas-negras-con-nanotecnologia\/#primaryimage"},"thumbnailUrl":"https:\/\/kuali.com.mx\/web\/wp-content\/uploads\/2023\/06\/Presenta-SAPAL-proyecto-nanotecnologia-2.gif","keywords":["Agua negras","Nanotecnolog\u00eda","SAPAL"],"articleSection":["Ecolog\u00eda"],"inLanguage":"es","potentialAction":[{"@type":"CommentAction","name":"Comment","target":["https:\/\/kuali.com.mx\/web\/2026\/04\/24\/sapal-tratara-aguas-negras-con-nanotecnologia\/#respond"]}]},{"@type":"WebPage","@id":"https:\/\/kuali.com.mx\/web\/2026\/04\/24\/sapal-tratara-aguas-negras-con-nanotecnologia\/","url":"https:\/\/kuali.com.mx\/web\/2026\/04\/24\/sapal-tratara-aguas-negras-con-nanotecnologia\/","name":"SAPAL TRATAR\u00c1 AGUAS NEGRAS CON NANOTECNOLOG\u00cdA - Kuali","isPartOf":{"@id":"https:\/\/kuali.com.mx\/web\/#website"},"primaryImageOfPage":{"@id":"https:\/\/kuali.com.mx\/web\/2026\/04\/24\/sapal-tratara-aguas-negras-con-nanotecnologia\/#primaryimage"},"image":{"@id":"https:\/\/kuali.com.mx\/web\/2026\/04\/24\/sapal-tratara-aguas-negras-con-nanotecnologia\/#primaryimage"},"thumbnailUrl":"https:\/\/kuali.com.mx\/web\/wp-content\/uploads\/2023\/06\/Presenta-SAPAL-proyecto-nanotecnologia-2.gif","datePublished":"2026-04-24T17:44:57+00:00","dateModified":"2026-04-25T02:37:23+00:00","author":{"@id":"https:\/\/kuali.com.mx\/web\/#\/schema\/person\/6f89ffa8ecba9dae50662357923c5289"},"breadcrumb":{"@id":"https:\/\/kuali.com.mx\/web\/2026\/04\/24\/sapal-tratara-aguas-negras-con-nanotecnologia\/#breadcrumb"},"inLanguage":"es","potentialAction":[{"@type":"ReadAction","target":["https:\/\/kuali.com.mx\/web\/2026\/04\/24\/sapal-tratara-aguas-negras-con-nanotecnologia\/"]}]},{"@type":"ImageObject","inLanguage":"es","@id":"https:\/\/kuali.com.mx\/web\/2026\/04\/24\/sapal-tratara-aguas-negras-con-nanotecnologia\/#primaryimage","url":"https:\/\/kuali.com.mx\/web\/wp-content\/uploads\/2023\/06\/Presenta-SAPAL-proyecto-nanotecnologia-2.gif","contentUrl":"https:\/\/kuali.com.mx\/web\/wp-content\/uploads\/2023\/06\/Presenta-SAPAL-proyecto-nanotecnologia-2.gif","width":1800,"height":750},{"@type":"BreadcrumbList","@id":"https:\/\/kuali.com.mx\/web\/2026\/04\/24\/sapal-tratara-aguas-negras-con-nanotecnologia\/#breadcrumb","itemListElement":[{"@type":"ListItem","position":1,"name":"Inicio","item":"https:\/\/kuali.com.mx\/web\/"},{"@type":"ListItem","position":2,"name":"SAPAL TRATAR\u00c1 AGUAS NEGRAS CON NANOTECNOLOG\u00cdA"}]},{"@type":"WebSite","@id":"https:\/\/kuali.com.mx\/web\/#website","url":"https:\/\/kuali.com.mx\/web\/","name":"Kuali","description":"","potentialAction":[{"@type":"SearchAction","target":{"@type":"EntryPoint","urlTemplate":"https:\/\/kuali.com.mx\/web\/?s={search_term_string}"},"query-input":{"@type":"PropertyValueSpecification","valueRequired":true,"valueName":"search_term_string"}}],"inLanguage":"es"},{"@type":"Person","@id":"https:\/\/kuali.com.mx\/web\/#\/schema\/person\/6f89ffa8ecba9dae50662357923c5289","name":"Kuali Staff","image":{"@type":"ImageObject","inLanguage":"es","@id":"https:\/\/secure.gravatar.com\/avatar\/f917ad82e5ab71227a733c78b6e60715476f69ee6be59feee4eb5d9920c89e0f?s=96&d=mm&r=g","url":"https:\/\/secure.gravatar.com\/avatar\/f917ad82e5ab71227a733c78b6e60715476f69ee6be59feee4eb5d9920c89e0f?s=96&d=mm&r=g","contentUrl":"https:\/\/secure.gravatar.com\/avatar\/f917ad82e5ab71227a733c78b6e60715476f69ee6be59feee4eb5d9920c89e0f?s=96&d=mm&r=g","caption":"Kuali Staff"},"url":"https:\/\/kuali.com.mx\/web\/author\/lagarto\/"}]}},"_links":{"self":[{"href":"https:\/\/kuali.com.mx\/web\/wp-json\/wp\/v2\/posts\/202813","targetHints":{"allow":["GET"]}}],"collection":[{"href":"https:\/\/kuali.com.mx\/web\/wp-json\/wp\/v2\/posts"}],"about":[{"href":"https:\/\/kuali.com.mx\/web\/wp-json\/wp\/v2\/types\/post"}],"author":[{"embeddable":true,"href":"https:\/\/kuali.com.mx\/web\/wp-json\/wp\/v2\/users\/2"}],"replies":[{"embeddable":true,"href":"https:\/\/kuali.com.mx\/web\/wp-json\/wp\/v2\/comments?post=202813"}],"version-history":[{"count":2,"href":"https:\/\/kuali.com.mx\/web\/wp-json\/wp\/v2\/posts\/202813\/revisions"}],"predecessor-version":[{"id":202817,"href":"https:\/\/kuali.com.mx\/web\/wp-json\/wp\/v2\/posts\/202813\/revisions\/202817"}],"wp:featuredmedia":[{"embeddable":true,"href":"https:\/\/kuali.com.mx\/web\/wp-json\/wp\/v2\/media\/120750"}],"wp:attachment":[{"href":"https:\/\/kuali.com.mx\/web\/wp-json\/wp\/v2\/media?parent=202813"}],"wp:term":[{"taxonomy":"category","embeddable":true,"href":"https:\/\/kuali.com.mx\/web\/wp-json\/wp\/v2\/categories?post=202813"},{"taxonomy":"post_tag","embeddable":true,"href":"https:\/\/kuali.com.mx\/web\/wp-json\/wp\/v2\/tags?post=202813"}],"curies":[{"name":"wp","href":"https:\/\/api.w.org\/{rel}","templated":true}]}}