{"id":202808,"date":"2026-04-24T16:55:16","date_gmt":"2026-04-24T22:55:16","guid":{"rendered":"https:\/\/kuali.com.mx\/web\/?p=202808"},"modified":"2026-04-24T16:55:19","modified_gmt":"2026-04-24T22:55:19","slug":"roban-vehiculos-con-violencia-en-carreteras-de-guanajuato","status":"publish","type":"post","link":"https:\/\/kuali.com.mx\/web\/2026\/04\/24\/roban-vehiculos-con-violencia-en-carreteras-de-guanajuato\/","title":{"rendered":"ROBAN VEH\u00cdCULOS CON VIOLENCIA EN CARRETERAS DE GUANAJUATO"},"content":{"rendered":"\n<p><strong>Milagros Tadeo\/Le\u00f3n, Gto.-<\/strong>\u00a0El presidente de la Asociaci\u00f3n Mexicana de Distribuidores de Automotores (AMDA), Arturo Gonz\u00e1lez Palomino, alert\u00f3 que en los \u00faltimos 45 d\u00edas se han registrado 15 robos de veh\u00edculos en traslado en carreteras de Guanajuato, con hechos violentos contra los choferes.<\/p>\n\n\n\n<p>Gonz\u00e1lez Palomino detall\u00f3 que los incidentes se han concentrado en tramos como San Miguel\u2013Quer\u00e9taro, San Miguel\u2013Dolores, Silao\u2013Irapuato, Salamanca\u2013Morelia y Abasolo\u2013Irapuato\u2013La Piedad, donde los transportistas han sido golpeados e incluso privados de la libertad.<\/p>\n\n\n\n<p>\u201cSe est\u00e1n llevando a los ch\u00f3feres, los golpean y luego los sueltan, hay violencia. Tuvimos un caso, hace muchos meses, donde nos pidieron dinero para soltar al ch\u00f3fer, en estos hemos tenido 4 eventos ya m\u00e1s fuertes, en estos 50 d\u00edas\u201d, declar\u00f3.<\/p>\n\n\n\n<p>Precis\u00f3 que al menos cuatro de los robos se han cometido con extrema violencia, ya que los delincuentes despojan a los ch\u00f3feres de las unidades y los agreden f\u00edsicamente.<\/p>\n\n\n\n<p>Reconoci\u00f3 que han buscado acercamiento con autoridades de seguridad y la Fiscal\u00eda, y subray\u00f3 que gracias a la gesti\u00f3n del secretario de Gobierno, Jorge Jim\u00e9nez Lona, el pr\u00f3ximo lunes se celebrar\u00e1 una reuni\u00f3n con integrantes de la AMDA para abordar de manera puntual la problem\u00e1tica de la seguridad en las carreteras.<\/p>\n\n\n\n<figure class=\"wp-block-image size-large\"><img loading=\"lazy\" decoding=\"async\" width=\"1024\" height=\"452\" src=\"https:\/\/kuali.com.mx\/web\/wp-content\/uploads\/2026\/04\/Presidente-de-AMDA-1024x452.jpg\" alt=\"\" class=\"wp-image-202811\" srcset=\"https:\/\/kuali.com.mx\/web\/wp-content\/uploads\/2026\/04\/Presidente-de-AMDA-1024x452.jpg 1024w, https:\/\/kuali.com.mx\/web\/wp-content\/uploads\/2026\/04\/Presidente-de-AMDA-300x132.jpg 300w, https:\/\/kuali.com.mx\/web\/wp-content\/uploads\/2026\/04\/Presidente-de-AMDA-768x339.jpg 768w, https:\/\/kuali.com.mx\/web\/wp-content\/uploads\/2026\/04\/Presidente-de-AMDA-1536x678.jpg 1536w, https:\/\/kuali.com.mx\/web\/wp-content\/uploads\/2026\/04\/Presidente-de-AMDA-228x101.jpg 228w, https:\/\/kuali.com.mx\/web\/wp-content\/uploads\/2026\/04\/Presidente-de-AMDA.jpg 1700w\" sizes=\"auto, (max-width: 1024px) 100vw, 1024px\" \/><figcaption class=\"wp-element-caption\">Arturo Gonz\u00e1lez Palomino, presidente de AMDA. <\/figcaption><\/figure>\n\n\n\n<p>\u201cLa reuni\u00f3n ser\u00e1 en Irapuato, creo que con la gente de Guardia Nacional y Caminos, vamos a conocerlos y quien nos ha ayudado con la coordinaci\u00f3n es el secretario de Gobierno, ya tenemos la cita a las 12 del d\u00eda. La verdad es que nunca se nos ha atendido mal, pero bueno tenemos reuniones el pr\u00f3ximo lunes, nunca han negado reuniones pero nos dicen que queda pendiente la fecha\u201d, dijo.<\/p>\n\n\n\n<p>Gonz\u00e1lez Palomino subray\u00f3 que la lentitud de la Fiscal\u00eda estatal ha generado una \u201ccifra negra\u201d de delitos, pues las denuncias no avanzan y los afectados deben dar seguimiento por cuenta propia.<\/p>\n\n\n\n<p>\u201cQueremos resultados ya, no podemos seguir viviendo sin paz y tranquilidad\u201d, exigi\u00f3.<\/p>\n","protected":false},"excerpt":{"rendered":"Milagros Tadeo\/Le\u00f3n, Gto.-\u00a0El presidente de la Asociaci\u00f3n Mexicana de Distribuidores de Automotores (AMDA), Arturo Gonz\u00e1lez Palomino, alert\u00f3 que en los \u00faltimos 45 d\u00edas se han registrado 15 robos de veh\u00edculos en traslado en carreteras de Guanajuato, con hechos violentos contra los choferes. Gonz\u00e1lez Palomino detall\u00f3 que los incidentes se han concentrado en tramos como San [&hellip;]","protected":false},"author":2,"featured_media":188832,"comment_status":"open","ping_status":"open","sticky":false,"template":"","format":"standard","meta":{"_seopress_robots_primary_cat":"none","_seopress_titles_title":"","_seopress_titles_desc":"","_seopress_robots_index":"","_monsterinsights_skip_tracking":false,"_monsterinsights_sitenote_active":false,"_monsterinsights_sitenote_note":"","_monsterinsights_sitenote_category":0,"footnotes":""},"categories":[3],"tags":[6236,6647,4041,9,1032,3870],"class_list":["post-202808","post","type-post","status-publish","format-standard","has-post-thumbnail","hentry","category-politica","tag-amda","tag-arturo-gonzalez-palomino","tag-carreteras","tag-guanajuato","tag-robos","tag-vehiculos"],"yoast_head":"<!-- This site is optimized with the Yoast SEO plugin v27.4 - https:\/\/yoast.com\/product\/yoast-seo-wordpress\/ -->\n<title>ROBAN VEH\u00cdCULOS CON VIOLENCIA EN CARRETERAS DE GUANAJUATO - Kuali<\/title>\n<meta name=\"robots\" content=\"index, follow, max-snippet:-1, max-image-preview:large, max-video-preview:-1\" \/>\n<link rel=\"canonical\" href=\"https:\/\/kuali.com.mx\/web\/2026\/04\/24\/roban-vehiculos-con-violencia-en-carreteras-de-guanajuato\/\" \/>\n<meta property=\"og:locale\" content=\"es_MX\" \/>\n<meta property=\"og:type\" content=\"article\" \/>\n<meta property=\"og:title\" content=\"ROBAN VEH\u00cdCULOS CON VIOLENCIA EN CARRETERAS DE GUANAJUATO - Kuali\" \/>\n<meta property=\"og:description\" content=\"Milagros Tadeo\/Le\u00f3n, Gto.-\u00a0El presidente de la Asociaci\u00f3n Mexicana de Distribuidores de Automotores (AMDA), Arturo Gonz\u00e1lez Palomino, alert\u00f3 que en los \u00faltimos 45 d\u00edas se han registrado 15 robos de veh\u00edculos en traslado en carreteras de Guanajuato, con hechos violentos contra los choferes. Gonz\u00e1lez Palomino detall\u00f3 que los incidentes se han concentrado en tramos como San [&hellip;]\" \/>\n<meta property=\"og:url\" content=\"https:\/\/kuali.com.mx\/web\/2026\/04\/24\/roban-vehiculos-con-violencia-en-carreteras-de-guanajuato\/\" \/>\n<meta property=\"og:site_name\" content=\"Kuali\" \/>\n<meta property=\"article:publisher\" content=\"https:\/\/kuali.com.mx\/web\/wp-content\/uploads\/2018\/04\/cropped-kuali_logo-1-1.png\" \/>\n<meta property=\"article:published_time\" content=\"2026-04-24T22:55:16+00:00\" \/>\n<meta property=\"article:modified_time\" content=\"2026-04-24T22:55:19+00:00\" \/>\n<meta property=\"og:image\" content=\"https:\/\/kuali.com.mx\/web\/wp-content\/uploads\/2025\/10\/Bloqueo-campesinos-carreteras.jpeg\" \/>\n\t<meta property=\"og:image:width\" content=\"1600\" \/>\n\t<meta property=\"og:image:height\" content=\"900\" \/>\n\t<meta property=\"og:image:type\" content=\"image\/jpeg\" \/>\n<meta name=\"author\" content=\"Kuali Staff\" \/>\n<meta name=\"twitter:card\" content=\"summary_large_image\" \/>\n<meta name=\"twitter:creator\" content=\"@kuali_noticias\" \/>\n<meta name=\"twitter:site\" content=\"@kuali_noticias\" \/>\n<meta name=\"twitter:label1\" content=\"Escrito por\" \/>\n\t<meta name=\"twitter:data1\" content=\"Kuali Staff\" \/>\n\t<meta name=\"twitter:label2\" content=\"Tiempo de lectura\" \/>\n\t<meta name=\"twitter:data2\" content=\"2 minutos\" \/>\n<script type=\"application\/ld+json\" class=\"yoast-schema-graph\">{\"@context\":\"https:\\\/\\\/schema.org\",\"@graph\":[{\"@type\":\"Article\",\"@id\":\"https:\\\/\\\/kuali.com.mx\\\/web\\\/2026\\\/04\\\/24\\\/roban-vehiculos-con-violencia-en-carreteras-de-guanajuato\\\/#article\",\"isPartOf\":{\"@id\":\"https:\\\/\\\/kuali.com.mx\\\/web\\\/2026\\\/04\\\/24\\\/roban-vehiculos-con-violencia-en-carreteras-de-guanajuato\\\/\"},\"author\":{\"name\":\"Kuali Staff\",\"@id\":\"https:\\\/\\\/kuali.com.mx\\\/web\\\/#\\\/schema\\\/person\\\/6f89ffa8ecba9dae50662357923c5289\"},\"headline\":\"ROBAN VEH\u00cdCULOS CON VIOLENCIA EN CARRETERAS DE GUANAJUATO\",\"datePublished\":\"2026-04-24T22:55:16+00:00\",\"dateModified\":\"2026-04-24T22:55:19+00:00\",\"mainEntityOfPage\":{\"@id\":\"https:\\\/\\\/kuali.com.mx\\\/web\\\/2026\\\/04\\\/24\\\/roban-vehiculos-con-violencia-en-carreteras-de-guanajuato\\\/\"},\"wordCount\":356,\"commentCount\":0,\"image\":{\"@id\":\"https:\\\/\\\/kuali.com.mx\\\/web\\\/2026\\\/04\\\/24\\\/roban-vehiculos-con-violencia-en-carreteras-de-guanajuato\\\/#primaryimage\"},\"thumbnailUrl\":\"https:\\\/\\\/kuali.com.mx\\\/web\\\/wp-content\\\/uploads\\\/2025\\\/10\\\/Bloqueo-campesinos-carreteras.jpeg\",\"keywords\":[\"AMDA\",\"Arturo Gonz\u00e1lez Palomino\",\"Carreteras\",\"Guanajuato\",\"Robos\",\"Veh\u00edculos\"],\"articleSection\":[\"Pol\u00edtica\"],\"inLanguage\":\"es\",\"potentialAction\":[{\"@type\":\"CommentAction\",\"name\":\"Comment\",\"target\":[\"https:\\\/\\\/kuali.com.mx\\\/web\\\/2026\\\/04\\\/24\\\/roban-vehiculos-con-violencia-en-carreteras-de-guanajuato\\\/#respond\"]}]},{\"@type\":\"WebPage\",\"@id\":\"https:\\\/\\\/kuali.com.mx\\\/web\\\/2026\\\/04\\\/24\\\/roban-vehiculos-con-violencia-en-carreteras-de-guanajuato\\\/\",\"url\":\"https:\\\/\\\/kuali.com.mx\\\/web\\\/2026\\\/04\\\/24\\\/roban-vehiculos-con-violencia-en-carreteras-de-guanajuato\\\/\",\"name\":\"ROBAN VEH\u00cdCULOS CON VIOLENCIA EN CARRETERAS DE GUANAJUATO - Kuali\",\"isPartOf\":{\"@id\":\"https:\\\/\\\/kuali.com.mx\\\/web\\\/#website\"},\"primaryImageOfPage\":{\"@id\":\"https:\\\/\\\/kuali.com.mx\\\/web\\\/2026\\\/04\\\/24\\\/roban-vehiculos-con-violencia-en-carreteras-de-guanajuato\\\/#primaryimage\"},\"image\":{\"@id\":\"https:\\\/\\\/kuali.com.mx\\\/web\\\/2026\\\/04\\\/24\\\/roban-vehiculos-con-violencia-en-carreteras-de-guanajuato\\\/#primaryimage\"},\"thumbnailUrl\":\"https:\\\/\\\/kuali.com.mx\\\/web\\\/wp-content\\\/uploads\\\/2025\\\/10\\\/Bloqueo-campesinos-carreteras.jpeg\",\"datePublished\":\"2026-04-24T22:55:16+00:00\",\"dateModified\":\"2026-04-24T22:55:19+00:00\",\"author\":{\"@id\":\"https:\\\/\\\/kuali.com.mx\\\/web\\\/#\\\/schema\\\/person\\\/6f89ffa8ecba9dae50662357923c5289\"},\"breadcrumb\":{\"@id\":\"https:\\\/\\\/kuali.com.mx\\\/web\\\/2026\\\/04\\\/24\\\/roban-vehiculos-con-violencia-en-carreteras-de-guanajuato\\\/#breadcrumb\"},\"inLanguage\":\"es\",\"potentialAction\":[{\"@type\":\"ReadAction\",\"target\":[\"https:\\\/\\\/kuali.com.mx\\\/web\\\/2026\\\/04\\\/24\\\/roban-vehiculos-con-violencia-en-carreteras-de-guanajuato\\\/\"]}]},{\"@type\":\"ImageObject\",\"inLanguage\":\"es\",\"@id\":\"https:\\\/\\\/kuali.com.mx\\\/web\\\/2026\\\/04\\\/24\\\/roban-vehiculos-con-violencia-en-carreteras-de-guanajuato\\\/#primaryimage\",\"url\":\"https:\\\/\\\/kuali.com.mx\\\/web\\\/wp-content\\\/uploads\\\/2025\\\/10\\\/Bloqueo-campesinos-carreteras.jpeg\",\"contentUrl\":\"https:\\\/\\\/kuali.com.mx\\\/web\\\/wp-content\\\/uploads\\\/2025\\\/10\\\/Bloqueo-campesinos-carreteras.jpeg\",\"width\":1600,\"height\":900},{\"@type\":\"BreadcrumbList\",\"@id\":\"https:\\\/\\\/kuali.com.mx\\\/web\\\/2026\\\/04\\\/24\\\/roban-vehiculos-con-violencia-en-carreteras-de-guanajuato\\\/#breadcrumb\",\"itemListElement\":[{\"@type\":\"ListItem\",\"position\":1,\"name\":\"Inicio\",\"item\":\"https:\\\/\\\/kuali.com.mx\\\/web\\\/\"},{\"@type\":\"ListItem\",\"position\":2,\"name\":\"ROBAN VEH\u00cdCULOS CON VIOLENCIA EN CARRETERAS DE GUANAJUATO\"}]},{\"@type\":\"WebSite\",\"@id\":\"https:\\\/\\\/kuali.com.mx\\\/web\\\/#website\",\"url\":\"https:\\\/\\\/kuali.com.mx\\\/web\\\/\",\"name\":\"Kuali\",\"description\":\"\",\"potentialAction\":[{\"@type\":\"SearchAction\",\"target\":{\"@type\":\"EntryPoint\",\"urlTemplate\":\"https:\\\/\\\/kuali.com.mx\\\/web\\\/?s={search_term_string}\"},\"query-input\":{\"@type\":\"PropertyValueSpecification\",\"valueRequired\":true,\"valueName\":\"search_term_string\"}}],\"inLanguage\":\"es\"},{\"@type\":\"Person\",\"@id\":\"https:\\\/\\\/kuali.com.mx\\\/web\\\/#\\\/schema\\\/person\\\/6f89ffa8ecba9dae50662357923c5289\",\"name\":\"Kuali Staff\",\"image\":{\"@type\":\"ImageObject\",\"inLanguage\":\"es\",\"@id\":\"https:\\\/\\\/secure.gravatar.com\\\/avatar\\\/f917ad82e5ab71227a733c78b6e60715476f69ee6be59feee4eb5d9920c89e0f?s=96&d=mm&r=g\",\"url\":\"https:\\\/\\\/secure.gravatar.com\\\/avatar\\\/f917ad82e5ab71227a733c78b6e60715476f69ee6be59feee4eb5d9920c89e0f?s=96&d=mm&r=g\",\"contentUrl\":\"https:\\\/\\\/secure.gravatar.com\\\/avatar\\\/f917ad82e5ab71227a733c78b6e60715476f69ee6be59feee4eb5d9920c89e0f?s=96&d=mm&r=g\",\"caption\":\"Kuali Staff\"},\"url\":\"https:\\\/\\\/kuali.com.mx\\\/web\\\/author\\\/lagarto\\\/\"}]}<\/script>\n<!-- \/ Yoast SEO plugin. -->","yoast_head_json":{"title":"ROBAN VEH\u00cdCULOS CON VIOLENCIA EN CARRETERAS DE GUANAJUATO - Kuali","robots":{"index":"index","follow":"follow","max-snippet":"max-snippet:-1","max-image-preview":"max-image-preview:large","max-video-preview":"max-video-preview:-1"},"canonical":"https:\/\/kuali.com.mx\/web\/2026\/04\/24\/roban-vehiculos-con-violencia-en-carreteras-de-guanajuato\/","og_locale":"es_MX","og_type":"article","og_title":"ROBAN VEH\u00cdCULOS CON VIOLENCIA EN CARRETERAS DE GUANAJUATO - Kuali","og_description":"Milagros Tadeo\/Le\u00f3n, Gto.-\u00a0El presidente de la Asociaci\u00f3n Mexicana de Distribuidores de Automotores (AMDA), Arturo Gonz\u00e1lez Palomino, alert\u00f3 que en los \u00faltimos 45 d\u00edas se han registrado 15 robos de veh\u00edculos en traslado en carreteras de Guanajuato, con hechos violentos contra los choferes. Gonz\u00e1lez Palomino detall\u00f3 que los incidentes se han concentrado en tramos como San [&hellip;]","og_url":"https:\/\/kuali.com.mx\/web\/2026\/04\/24\/roban-vehiculos-con-violencia-en-carreteras-de-guanajuato\/","og_site_name":"Kuali","article_publisher":"https:\/\/kuali.com.mx\/web\/wp-content\/uploads\/2018\/04\/cropped-kuali_logo-1-1.png","article_published_time":"2026-04-24T22:55:16+00:00","article_modified_time":"2026-04-24T22:55:19+00:00","og_image":[{"width":1600,"height":900,"url":"https:\/\/kuali.com.mx\/web\/wp-content\/uploads\/2025\/10\/Bloqueo-campesinos-carreteras.jpeg","type":"image\/jpeg"}],"author":"Kuali Staff","twitter_card":"summary_large_image","twitter_creator":"@kuali_noticias","twitter_site":"@kuali_noticias","twitter_misc":{"Escrito por":"Kuali Staff","Tiempo de lectura":"2 minutos"},"schema":{"@context":"https:\/\/schema.org","@graph":[{"@type":"Article","@id":"https:\/\/kuali.com.mx\/web\/2026\/04\/24\/roban-vehiculos-con-violencia-en-carreteras-de-guanajuato\/#article","isPartOf":{"@id":"https:\/\/kuali.com.mx\/web\/2026\/04\/24\/roban-vehiculos-con-violencia-en-carreteras-de-guanajuato\/"},"author":{"name":"Kuali Staff","@id":"https:\/\/kuali.com.mx\/web\/#\/schema\/person\/6f89ffa8ecba9dae50662357923c5289"},"headline":"ROBAN VEH\u00cdCULOS CON VIOLENCIA EN CARRETERAS DE GUANAJUATO","datePublished":"2026-04-24T22:55:16+00:00","dateModified":"2026-04-24T22:55:19+00:00","mainEntityOfPage":{"@id":"https:\/\/kuali.com.mx\/web\/2026\/04\/24\/roban-vehiculos-con-violencia-en-carreteras-de-guanajuato\/"},"wordCount":356,"commentCount":0,"image":{"@id":"https:\/\/kuali.com.mx\/web\/2026\/04\/24\/roban-vehiculos-con-violencia-en-carreteras-de-guanajuato\/#primaryimage"},"thumbnailUrl":"https:\/\/kuali.com.mx\/web\/wp-content\/uploads\/2025\/10\/Bloqueo-campesinos-carreteras.jpeg","keywords":["AMDA","Arturo Gonz\u00e1lez Palomino","Carreteras","Guanajuato","Robos","Veh\u00edculos"],"articleSection":["Pol\u00edtica"],"inLanguage":"es","potentialAction":[{"@type":"CommentAction","name":"Comment","target":["https:\/\/kuali.com.mx\/web\/2026\/04\/24\/roban-vehiculos-con-violencia-en-carreteras-de-guanajuato\/#respond"]}]},{"@type":"WebPage","@id":"https:\/\/kuali.com.mx\/web\/2026\/04\/24\/roban-vehiculos-con-violencia-en-carreteras-de-guanajuato\/","url":"https:\/\/kuali.com.mx\/web\/2026\/04\/24\/roban-vehiculos-con-violencia-en-carreteras-de-guanajuato\/","name":"ROBAN VEH\u00cdCULOS CON VIOLENCIA EN CARRETERAS DE GUANAJUATO - Kuali","isPartOf":{"@id":"https:\/\/kuali.com.mx\/web\/#website"},"primaryImageOfPage":{"@id":"https:\/\/kuali.com.mx\/web\/2026\/04\/24\/roban-vehiculos-con-violencia-en-carreteras-de-guanajuato\/#primaryimage"},"image":{"@id":"https:\/\/kuali.com.mx\/web\/2026\/04\/24\/roban-vehiculos-con-violencia-en-carreteras-de-guanajuato\/#primaryimage"},"thumbnailUrl":"https:\/\/kuali.com.mx\/web\/wp-content\/uploads\/2025\/10\/Bloqueo-campesinos-carreteras.jpeg","datePublished":"2026-04-24T22:55:16+00:00","dateModified":"2026-04-24T22:55:19+00:00","author":{"@id":"https:\/\/kuali.com.mx\/web\/#\/schema\/person\/6f89ffa8ecba9dae50662357923c5289"},"breadcrumb":{"@id":"https:\/\/kuali.com.mx\/web\/2026\/04\/24\/roban-vehiculos-con-violencia-en-carreteras-de-guanajuato\/#breadcrumb"},"inLanguage":"es","potentialAction":[{"@type":"ReadAction","target":["https:\/\/kuali.com.mx\/web\/2026\/04\/24\/roban-vehiculos-con-violencia-en-carreteras-de-guanajuato\/"]}]},{"@type":"ImageObject","inLanguage":"es","@id":"https:\/\/kuali.com.mx\/web\/2026\/04\/24\/roban-vehiculos-con-violencia-en-carreteras-de-guanajuato\/#primaryimage","url":"https:\/\/kuali.com.mx\/web\/wp-content\/uploads\/2025\/10\/Bloqueo-campesinos-carreteras.jpeg","contentUrl":"https:\/\/kuali.com.mx\/web\/wp-content\/uploads\/2025\/10\/Bloqueo-campesinos-carreteras.jpeg","width":1600,"height":900},{"@type":"BreadcrumbList","@id":"https:\/\/kuali.com.mx\/web\/2026\/04\/24\/roban-vehiculos-con-violencia-en-carreteras-de-guanajuato\/#breadcrumb","itemListElement":[{"@type":"ListItem","position":1,"name":"Inicio","item":"https:\/\/kuali.com.mx\/web\/"},{"@type":"ListItem","position":2,"name":"ROBAN VEH\u00cdCULOS CON VIOLENCIA EN CARRETERAS DE GUANAJUATO"}]},{"@type":"WebSite","@id":"https:\/\/kuali.com.mx\/web\/#website","url":"https:\/\/kuali.com.mx\/web\/","name":"Kuali","description":"","potentialAction":[{"@type":"SearchAction","target":{"@type":"EntryPoint","urlTemplate":"https:\/\/kuali.com.mx\/web\/?s={search_term_string}"},"query-input":{"@type":"PropertyValueSpecification","valueRequired":true,"valueName":"search_term_string"}}],"inLanguage":"es"},{"@type":"Person","@id":"https:\/\/kuali.com.mx\/web\/#\/schema\/person\/6f89ffa8ecba9dae50662357923c5289","name":"Kuali Staff","image":{"@type":"ImageObject","inLanguage":"es","@id":"https:\/\/secure.gravatar.com\/avatar\/f917ad82e5ab71227a733c78b6e60715476f69ee6be59feee4eb5d9920c89e0f?s=96&d=mm&r=g","url":"https:\/\/secure.gravatar.com\/avatar\/f917ad82e5ab71227a733c78b6e60715476f69ee6be59feee4eb5d9920c89e0f?s=96&d=mm&r=g","contentUrl":"https:\/\/secure.gravatar.com\/avatar\/f917ad82e5ab71227a733c78b6e60715476f69ee6be59feee4eb5d9920c89e0f?s=96&d=mm&r=g","caption":"Kuali Staff"},"url":"https:\/\/kuali.com.mx\/web\/author\/lagarto\/"}]}},"_links":{"self":[{"href":"https:\/\/kuali.com.mx\/web\/wp-json\/wp\/v2\/posts\/202808","targetHints":{"allow":["GET"]}}],"collection":[{"href":"https:\/\/kuali.com.mx\/web\/wp-json\/wp\/v2\/posts"}],"about":[{"href":"https:\/\/kuali.com.mx\/web\/wp-json\/wp\/v2\/types\/post"}],"author":[{"embeddable":true,"href":"https:\/\/kuali.com.mx\/web\/wp-json\/wp\/v2\/users\/2"}],"replies":[{"embeddable":true,"href":"https:\/\/kuali.com.mx\/web\/wp-json\/wp\/v2\/comments?post=202808"}],"version-history":[{"count":1,"href":"https:\/\/kuali.com.mx\/web\/wp-json\/wp\/v2\/posts\/202808\/revisions"}],"predecessor-version":[{"id":202812,"href":"https:\/\/kuali.com.mx\/web\/wp-json\/wp\/v2\/posts\/202808\/revisions\/202812"}],"wp:featuredmedia":[{"embeddable":true,"href":"https:\/\/kuali.com.mx\/web\/wp-json\/wp\/v2\/media\/188832"}],"wp:attachment":[{"href":"https:\/\/kuali.com.mx\/web\/wp-json\/wp\/v2\/media?parent=202808"}],"wp:term":[{"taxonomy":"category","embeddable":true,"href":"https:\/\/kuali.com.mx\/web\/wp-json\/wp\/v2\/categories?post=202808"},{"taxonomy":"post_tag","embeddable":true,"href":"https:\/\/kuali.com.mx\/web\/wp-json\/wp\/v2\/tags?post=202808"}],"curies":[{"name":"wp","href":"https:\/\/api.w.org\/{rel}","templated":true}]}}