{"id":202738,"date":"2026-04-23T18:29:22","date_gmt":"2026-04-24T00:29:22","guid":{"rendered":"https:\/\/kuali.com.mx\/web\/?p=202738"},"modified":"2026-04-23T23:18:37","modified_gmt":"2026-04-24T05:18:37","slug":"arrestan-a-hombre-por-amenazar-con-arma-en-via-publica","status":"publish","type":"post","link":"https:\/\/kuali.com.mx\/web\/2026\/04\/23\/arrestan-a-hombre-por-amenazar-con-arma-en-via-publica\/","title":{"rendered":"ARRESTAN A HOMBRE POR AMENAZAR CON ARMA EN V\u00cdA P\u00daBLICA"},"content":{"rendered":"\n<p>Kuali\/Le\u00f3n, Gto.- La Polic\u00eda de Le\u00f3n logr\u00f3 detener a un hombre que amenzaba con arma de fuego a una persona que transitaba por el Distribuidor Vial Juan Pablo II.<\/p>\n\n\n\n<p>A trav\u00e9s del n\u00famero de emergencias 9-1-1 se inform\u00f3 que un hombre, a bordo de un veh\u00edculo Chevrolet Aveo en color blanco, amenaz\u00f3 con un arma de fuego a un ciudadano que circulaba por la avenida citada.<\/p>\n\n\n\n<p>\"Con la informaci\u00f3n proporcionada, se despleg\u00f3 un operativo de b\u00fasqueda en la zona y, con apoyo de las c\u00e1maras de videovigilancia, se logr\u00f3 ubicar un veh\u00edculo que coincid\u00eda con las caracter\u00edsticas se\u00f1aladas sobre el bulevar Paseos de Jerez, a la altura de la colonia Fracciones de Jerez\", inform\u00f3 la polic\u00eda municipal en un comunicado de prensa.<\/p>\n\n\n\n<figure class=\"wp-block-image size-full\"><img loading=\"lazy\" decoding=\"async\" width=\"768\" height=\"652\" src=\"https:\/\/kuali.com.mx\/web\/wp-content\/uploads\/2026\/04\/Arma-pistola.jpg\" alt=\"\" class=\"wp-image-202742\" srcset=\"https:\/\/kuali.com.mx\/web\/wp-content\/uploads\/2026\/04\/Arma-pistola.jpg 768w, https:\/\/kuali.com.mx\/web\/wp-content\/uploads\/2026\/04\/Arma-pistola-300x255.jpg 300w, https:\/\/kuali.com.mx\/web\/wp-content\/uploads\/2026\/04\/Arma-pistola-137x116.jpg 137w\" sizes=\"auto, (max-width: 768px) 100vw, 768px\" \/><figcaption class=\"wp-element-caption\">Simitrio Baltazar tra\u00eda un arma de fuego corta tipo escuadra calibre .380 mm, un cargador y 24 cartuchos \u00fatiles. FOTO: CORTES\u00cdA.<\/figcaption><\/figure>\n\n\n\n<p>Cuando los elelementos le indicaron que detuviera la marcha, el conductor no hizo caso por lo que fue perseguido e interceptado en la calle Araucaria.<\/p>\n\n\n\n<p>Al realizar una revisi\u00f3n, se encontr\u00f3 adentro del veh\u00edculo un arma de fuego corta tipo escuadra calibre .380 mm, un cargador y 24 cartuchos \u00fatiles.<\/p>\n\n\n\n<p>El hombre que era amenazado lo reconoci\u00f3 plenamente como el responsable, por lo que Simitrio Baltazar \u201cN\u201d fue detenido.<\/p>\n\n\n\n<p>El arma asegurada y el implicado quedaron a disposici\u00f3n de la Fiscal\u00eda General de la Rep\u00fablica (FGR) para las investigaciones correspondientes.<\/p>\n","protected":false},"excerpt":{"rendered":"Kuali\/Le\u00f3n, Gto.- La Polic\u00eda de Le\u00f3n logr\u00f3 detener a un hombre que amenzaba con arma de fuego a una persona que transitaba por el Distribuidor Vial Juan Pablo II. A trav\u00e9s del n\u00famero de emergencias 9-1-1 se inform\u00f3 que un hombre, a bordo de un veh\u00edculo Chevrolet Aveo en color blanco, amenaz\u00f3 con un arma [&hellip;]","protected":false},"author":2,"featured_media":202741,"comment_status":"open","ping_status":"open","sticky":false,"template":"","format":"standard","meta":{"_seopress_robots_primary_cat":"none","_seopress_titles_title":"","_seopress_titles_desc":"","_seopress_robots_index":"","_monsterinsights_skip_tracking":false,"_monsterinsights_sitenote_active":false,"_monsterinsights_sitenote_note":"","_monsterinsights_sitenote_category":0,"footnotes":""},"categories":[3],"tags":[1611,3190,101,10,144],"class_list":["post-202738","post","type-post","status-publish","format-standard","has-post-thumbnail","hentry","category-politica","tag-amenazas","tag-armas-de-fuego","tag-inseguridad","tag-leon","tag-policia"],"yoast_head":"<!-- This site is optimized with the Yoast SEO plugin v27.4 - https:\/\/yoast.com\/product\/yoast-seo-wordpress\/ -->\n<title>ARRESTAN A HOMBRE POR AMENAZAR CON ARMA EN V\u00cdA P\u00daBLICA - Kuali<\/title>\n<meta name=\"robots\" content=\"index, follow, max-snippet:-1, max-image-preview:large, max-video-preview:-1\" \/>\n<link rel=\"canonical\" href=\"https:\/\/kuali.com.mx\/web\/2026\/04\/23\/arrestan-a-hombre-por-amenazar-con-arma-en-via-publica\/\" \/>\n<meta property=\"og:locale\" content=\"es_MX\" \/>\n<meta property=\"og:type\" content=\"article\" \/>\n<meta property=\"og:title\" content=\"ARRESTAN A HOMBRE POR AMENAZAR CON ARMA EN V\u00cdA P\u00daBLICA - Kuali\" \/>\n<meta property=\"og:description\" content=\"Kuali\/Le\u00f3n, Gto.- La Polic\u00eda de Le\u00f3n logr\u00f3 detener a un hombre que amenzaba con arma de fuego a una persona que transitaba por el Distribuidor Vial Juan Pablo II. A trav\u00e9s del n\u00famero de emergencias 9-1-1 se inform\u00f3 que un hombre, a bordo de un veh\u00edculo Chevrolet Aveo en color blanco, amenaz\u00f3 con un arma [&hellip;]\" \/>\n<meta property=\"og:url\" content=\"https:\/\/kuali.com.mx\/web\/2026\/04\/23\/arrestan-a-hombre-por-amenazar-con-arma-en-via-publica\/\" \/>\n<meta property=\"og:site_name\" content=\"Kuali\" \/>\n<meta property=\"article:publisher\" content=\"https:\/\/kuali.com.mx\/web\/wp-content\/uploads\/2018\/04\/cropped-kuali_logo-1-1.png\" \/>\n<meta property=\"article:published_time\" content=\"2026-04-24T00:29:22+00:00\" \/>\n<meta property=\"article:modified_time\" content=\"2026-04-24T05:18:37+00:00\" \/>\n<meta property=\"og:image\" content=\"https:\/\/kuali.com.mx\/web\/wp-content\/uploads\/2026\/04\/Detenido-armado.jpg\" \/>\n\t<meta property=\"og:image:width\" content=\"1700\" \/>\n\t<meta property=\"og:image:height\" content=\"750\" \/>\n\t<meta property=\"og:image:type\" content=\"image\/jpeg\" \/>\n<meta name=\"author\" content=\"Kuali Staff\" \/>\n<meta name=\"twitter:card\" content=\"summary_large_image\" \/>\n<meta name=\"twitter:creator\" content=\"@kuali_noticias\" \/>\n<meta name=\"twitter:site\" content=\"@kuali_noticias\" \/>\n<meta name=\"twitter:label1\" content=\"Escrito por\" \/>\n\t<meta name=\"twitter:data1\" content=\"Kuali Staff\" \/>\n\t<meta name=\"twitter:label2\" content=\"Tiempo de lectura\" \/>\n\t<meta name=\"twitter:data2\" content=\"1 minuto\" \/>\n<script type=\"application\/ld+json\" class=\"yoast-schema-graph\">{\"@context\":\"https:\\\/\\\/schema.org\",\"@graph\":[{\"@type\":\"Article\",\"@id\":\"https:\\\/\\\/kuali.com.mx\\\/web\\\/2026\\\/04\\\/23\\\/arrestan-a-hombre-por-amenazar-con-arma-en-via-publica\\\/#article\",\"isPartOf\":{\"@id\":\"https:\\\/\\\/kuali.com.mx\\\/web\\\/2026\\\/04\\\/23\\\/arrestan-a-hombre-por-amenazar-con-arma-en-via-publica\\\/\"},\"author\":{\"name\":\"Kuali Staff\",\"@id\":\"https:\\\/\\\/kuali.com.mx\\\/web\\\/#\\\/schema\\\/person\\\/6f89ffa8ecba9dae50662357923c5289\"},\"headline\":\"ARRESTAN A HOMBRE POR AMENAZAR CON ARMA EN V\u00cdA P\u00daBLICA\",\"datePublished\":\"2026-04-24T00:29:22+00:00\",\"dateModified\":\"2026-04-24T05:18:37+00:00\",\"mainEntityOfPage\":{\"@id\":\"https:\\\/\\\/kuali.com.mx\\\/web\\\/2026\\\/04\\\/23\\\/arrestan-a-hombre-por-amenazar-con-arma-en-via-publica\\\/\"},\"wordCount\":265,\"commentCount\":0,\"image\":{\"@id\":\"https:\\\/\\\/kuali.com.mx\\\/web\\\/2026\\\/04\\\/23\\\/arrestan-a-hombre-por-amenazar-con-arma-en-via-publica\\\/#primaryimage\"},\"thumbnailUrl\":\"https:\\\/\\\/kuali.com.mx\\\/web\\\/wp-content\\\/uploads\\\/2026\\\/04\\\/Detenido-armado.jpg\",\"keywords\":[\"Amenazas\",\"Armas de fuego\",\"Inseguridad\",\"Le\u00f3n\",\"Polic\u00eda\"],\"articleSection\":[\"Pol\u00edtica\"],\"inLanguage\":\"es\",\"potentialAction\":[{\"@type\":\"CommentAction\",\"name\":\"Comment\",\"target\":[\"https:\\\/\\\/kuali.com.mx\\\/web\\\/2026\\\/04\\\/23\\\/arrestan-a-hombre-por-amenazar-con-arma-en-via-publica\\\/#respond\"]}]},{\"@type\":\"WebPage\",\"@id\":\"https:\\\/\\\/kuali.com.mx\\\/web\\\/2026\\\/04\\\/23\\\/arrestan-a-hombre-por-amenazar-con-arma-en-via-publica\\\/\",\"url\":\"https:\\\/\\\/kuali.com.mx\\\/web\\\/2026\\\/04\\\/23\\\/arrestan-a-hombre-por-amenazar-con-arma-en-via-publica\\\/\",\"name\":\"ARRESTAN A HOMBRE POR AMENAZAR CON ARMA EN V\u00cdA P\u00daBLICA - Kuali\",\"isPartOf\":{\"@id\":\"https:\\\/\\\/kuali.com.mx\\\/web\\\/#website\"},\"primaryImageOfPage\":{\"@id\":\"https:\\\/\\\/kuali.com.mx\\\/web\\\/2026\\\/04\\\/23\\\/arrestan-a-hombre-por-amenazar-con-arma-en-via-publica\\\/#primaryimage\"},\"image\":{\"@id\":\"https:\\\/\\\/kuali.com.mx\\\/web\\\/2026\\\/04\\\/23\\\/arrestan-a-hombre-por-amenazar-con-arma-en-via-publica\\\/#primaryimage\"},\"thumbnailUrl\":\"https:\\\/\\\/kuali.com.mx\\\/web\\\/wp-content\\\/uploads\\\/2026\\\/04\\\/Detenido-armado.jpg\",\"datePublished\":\"2026-04-24T00:29:22+00:00\",\"dateModified\":\"2026-04-24T05:18:37+00:00\",\"author\":{\"@id\":\"https:\\\/\\\/kuali.com.mx\\\/web\\\/#\\\/schema\\\/person\\\/6f89ffa8ecba9dae50662357923c5289\"},\"breadcrumb\":{\"@id\":\"https:\\\/\\\/kuali.com.mx\\\/web\\\/2026\\\/04\\\/23\\\/arrestan-a-hombre-por-amenazar-con-arma-en-via-publica\\\/#breadcrumb\"},\"inLanguage\":\"es\",\"potentialAction\":[{\"@type\":\"ReadAction\",\"target\":[\"https:\\\/\\\/kuali.com.mx\\\/web\\\/2026\\\/04\\\/23\\\/arrestan-a-hombre-por-amenazar-con-arma-en-via-publica\\\/\"]}]},{\"@type\":\"ImageObject\",\"inLanguage\":\"es\",\"@id\":\"https:\\\/\\\/kuali.com.mx\\\/web\\\/2026\\\/04\\\/23\\\/arrestan-a-hombre-por-amenazar-con-arma-en-via-publica\\\/#primaryimage\",\"url\":\"https:\\\/\\\/kuali.com.mx\\\/web\\\/wp-content\\\/uploads\\\/2026\\\/04\\\/Detenido-armado.jpg\",\"contentUrl\":\"https:\\\/\\\/kuali.com.mx\\\/web\\\/wp-content\\\/uploads\\\/2026\\\/04\\\/Detenido-armado.jpg\",\"width\":1700,\"height\":750},{\"@type\":\"BreadcrumbList\",\"@id\":\"https:\\\/\\\/kuali.com.mx\\\/web\\\/2026\\\/04\\\/23\\\/arrestan-a-hombre-por-amenazar-con-arma-en-via-publica\\\/#breadcrumb\",\"itemListElement\":[{\"@type\":\"ListItem\",\"position\":1,\"name\":\"Inicio\",\"item\":\"https:\\\/\\\/kuali.com.mx\\\/web\\\/\"},{\"@type\":\"ListItem\",\"position\":2,\"name\":\"ARRESTAN A HOMBRE POR AMENAZAR CON ARMA EN V\u00cdA P\u00daBLICA\"}]},{\"@type\":\"WebSite\",\"@id\":\"https:\\\/\\\/kuali.com.mx\\\/web\\\/#website\",\"url\":\"https:\\\/\\\/kuali.com.mx\\\/web\\\/\",\"name\":\"Kuali\",\"description\":\"\",\"potentialAction\":[{\"@type\":\"SearchAction\",\"target\":{\"@type\":\"EntryPoint\",\"urlTemplate\":\"https:\\\/\\\/kuali.com.mx\\\/web\\\/?s={search_term_string}\"},\"query-input\":{\"@type\":\"PropertyValueSpecification\",\"valueRequired\":true,\"valueName\":\"search_term_string\"}}],\"inLanguage\":\"es\"},{\"@type\":\"Person\",\"@id\":\"https:\\\/\\\/kuali.com.mx\\\/web\\\/#\\\/schema\\\/person\\\/6f89ffa8ecba9dae50662357923c5289\",\"name\":\"Kuali Staff\",\"image\":{\"@type\":\"ImageObject\",\"inLanguage\":\"es\",\"@id\":\"https:\\\/\\\/secure.gravatar.com\\\/avatar\\\/f917ad82e5ab71227a733c78b6e60715476f69ee6be59feee4eb5d9920c89e0f?s=96&d=mm&r=g\",\"url\":\"https:\\\/\\\/secure.gravatar.com\\\/avatar\\\/f917ad82e5ab71227a733c78b6e60715476f69ee6be59feee4eb5d9920c89e0f?s=96&d=mm&r=g\",\"contentUrl\":\"https:\\\/\\\/secure.gravatar.com\\\/avatar\\\/f917ad82e5ab71227a733c78b6e60715476f69ee6be59feee4eb5d9920c89e0f?s=96&d=mm&r=g\",\"caption\":\"Kuali Staff\"},\"url\":\"https:\\\/\\\/kuali.com.mx\\\/web\\\/author\\\/lagarto\\\/\"}]}<\/script>\n<!-- \/ Yoast SEO plugin. -->","yoast_head_json":{"title":"ARRESTAN A HOMBRE POR AMENAZAR CON ARMA EN V\u00cdA P\u00daBLICA - Kuali","robots":{"index":"index","follow":"follow","max-snippet":"max-snippet:-1","max-image-preview":"max-image-preview:large","max-video-preview":"max-video-preview:-1"},"canonical":"https:\/\/kuali.com.mx\/web\/2026\/04\/23\/arrestan-a-hombre-por-amenazar-con-arma-en-via-publica\/","og_locale":"es_MX","og_type":"article","og_title":"ARRESTAN A HOMBRE POR AMENAZAR CON ARMA EN V\u00cdA P\u00daBLICA - Kuali","og_description":"Kuali\/Le\u00f3n, Gto.- La Polic\u00eda de Le\u00f3n logr\u00f3 detener a un hombre que amenzaba con arma de fuego a una persona que transitaba por el Distribuidor Vial Juan Pablo II. A trav\u00e9s del n\u00famero de emergencias 9-1-1 se inform\u00f3 que un hombre, a bordo de un veh\u00edculo Chevrolet Aveo en color blanco, amenaz\u00f3 con un arma [&hellip;]","og_url":"https:\/\/kuali.com.mx\/web\/2026\/04\/23\/arrestan-a-hombre-por-amenazar-con-arma-en-via-publica\/","og_site_name":"Kuali","article_publisher":"https:\/\/kuali.com.mx\/web\/wp-content\/uploads\/2018\/04\/cropped-kuali_logo-1-1.png","article_published_time":"2026-04-24T00:29:22+00:00","article_modified_time":"2026-04-24T05:18:37+00:00","og_image":[{"width":1700,"height":750,"url":"https:\/\/kuali.com.mx\/web\/wp-content\/uploads\/2026\/04\/Detenido-armado.jpg","type":"image\/jpeg"}],"author":"Kuali Staff","twitter_card":"summary_large_image","twitter_creator":"@kuali_noticias","twitter_site":"@kuali_noticias","twitter_misc":{"Escrito por":"Kuali Staff","Tiempo de lectura":"1 minuto"},"schema":{"@context":"https:\/\/schema.org","@graph":[{"@type":"Article","@id":"https:\/\/kuali.com.mx\/web\/2026\/04\/23\/arrestan-a-hombre-por-amenazar-con-arma-en-via-publica\/#article","isPartOf":{"@id":"https:\/\/kuali.com.mx\/web\/2026\/04\/23\/arrestan-a-hombre-por-amenazar-con-arma-en-via-publica\/"},"author":{"name":"Kuali Staff","@id":"https:\/\/kuali.com.mx\/web\/#\/schema\/person\/6f89ffa8ecba9dae50662357923c5289"},"headline":"ARRESTAN A HOMBRE POR AMENAZAR CON ARMA EN V\u00cdA P\u00daBLICA","datePublished":"2026-04-24T00:29:22+00:00","dateModified":"2026-04-24T05:18:37+00:00","mainEntityOfPage":{"@id":"https:\/\/kuali.com.mx\/web\/2026\/04\/23\/arrestan-a-hombre-por-amenazar-con-arma-en-via-publica\/"},"wordCount":265,"commentCount":0,"image":{"@id":"https:\/\/kuali.com.mx\/web\/2026\/04\/23\/arrestan-a-hombre-por-amenazar-con-arma-en-via-publica\/#primaryimage"},"thumbnailUrl":"https:\/\/kuali.com.mx\/web\/wp-content\/uploads\/2026\/04\/Detenido-armado.jpg","keywords":["Amenazas","Armas de fuego","Inseguridad","Le\u00f3n","Polic\u00eda"],"articleSection":["Pol\u00edtica"],"inLanguage":"es","potentialAction":[{"@type":"CommentAction","name":"Comment","target":["https:\/\/kuali.com.mx\/web\/2026\/04\/23\/arrestan-a-hombre-por-amenazar-con-arma-en-via-publica\/#respond"]}]},{"@type":"WebPage","@id":"https:\/\/kuali.com.mx\/web\/2026\/04\/23\/arrestan-a-hombre-por-amenazar-con-arma-en-via-publica\/","url":"https:\/\/kuali.com.mx\/web\/2026\/04\/23\/arrestan-a-hombre-por-amenazar-con-arma-en-via-publica\/","name":"ARRESTAN A HOMBRE POR AMENAZAR CON ARMA EN V\u00cdA P\u00daBLICA - Kuali","isPartOf":{"@id":"https:\/\/kuali.com.mx\/web\/#website"},"primaryImageOfPage":{"@id":"https:\/\/kuali.com.mx\/web\/2026\/04\/23\/arrestan-a-hombre-por-amenazar-con-arma-en-via-publica\/#primaryimage"},"image":{"@id":"https:\/\/kuali.com.mx\/web\/2026\/04\/23\/arrestan-a-hombre-por-amenazar-con-arma-en-via-publica\/#primaryimage"},"thumbnailUrl":"https:\/\/kuali.com.mx\/web\/wp-content\/uploads\/2026\/04\/Detenido-armado.jpg","datePublished":"2026-04-24T00:29:22+00:00","dateModified":"2026-04-24T05:18:37+00:00","author":{"@id":"https:\/\/kuali.com.mx\/web\/#\/schema\/person\/6f89ffa8ecba9dae50662357923c5289"},"breadcrumb":{"@id":"https:\/\/kuali.com.mx\/web\/2026\/04\/23\/arrestan-a-hombre-por-amenazar-con-arma-en-via-publica\/#breadcrumb"},"inLanguage":"es","potentialAction":[{"@type":"ReadAction","target":["https:\/\/kuali.com.mx\/web\/2026\/04\/23\/arrestan-a-hombre-por-amenazar-con-arma-en-via-publica\/"]}]},{"@type":"ImageObject","inLanguage":"es","@id":"https:\/\/kuali.com.mx\/web\/2026\/04\/23\/arrestan-a-hombre-por-amenazar-con-arma-en-via-publica\/#primaryimage","url":"https:\/\/kuali.com.mx\/web\/wp-content\/uploads\/2026\/04\/Detenido-armado.jpg","contentUrl":"https:\/\/kuali.com.mx\/web\/wp-content\/uploads\/2026\/04\/Detenido-armado.jpg","width":1700,"height":750},{"@type":"BreadcrumbList","@id":"https:\/\/kuali.com.mx\/web\/2026\/04\/23\/arrestan-a-hombre-por-amenazar-con-arma-en-via-publica\/#breadcrumb","itemListElement":[{"@type":"ListItem","position":1,"name":"Inicio","item":"https:\/\/kuali.com.mx\/web\/"},{"@type":"ListItem","position":2,"name":"ARRESTAN A HOMBRE POR AMENAZAR CON ARMA EN V\u00cdA P\u00daBLICA"}]},{"@type":"WebSite","@id":"https:\/\/kuali.com.mx\/web\/#website","url":"https:\/\/kuali.com.mx\/web\/","name":"Kuali","description":"","potentialAction":[{"@type":"SearchAction","target":{"@type":"EntryPoint","urlTemplate":"https:\/\/kuali.com.mx\/web\/?s={search_term_string}"},"query-input":{"@type":"PropertyValueSpecification","valueRequired":true,"valueName":"search_term_string"}}],"inLanguage":"es"},{"@type":"Person","@id":"https:\/\/kuali.com.mx\/web\/#\/schema\/person\/6f89ffa8ecba9dae50662357923c5289","name":"Kuali Staff","image":{"@type":"ImageObject","inLanguage":"es","@id":"https:\/\/secure.gravatar.com\/avatar\/f917ad82e5ab71227a733c78b6e60715476f69ee6be59feee4eb5d9920c89e0f?s=96&d=mm&r=g","url":"https:\/\/secure.gravatar.com\/avatar\/f917ad82e5ab71227a733c78b6e60715476f69ee6be59feee4eb5d9920c89e0f?s=96&d=mm&r=g","contentUrl":"https:\/\/secure.gravatar.com\/avatar\/f917ad82e5ab71227a733c78b6e60715476f69ee6be59feee4eb5d9920c89e0f?s=96&d=mm&r=g","caption":"Kuali Staff"},"url":"https:\/\/kuali.com.mx\/web\/author\/lagarto\/"}]}},"_links":{"self":[{"href":"https:\/\/kuali.com.mx\/web\/wp-json\/wp\/v2\/posts\/202738","targetHints":{"allow":["GET"]}}],"collection":[{"href":"https:\/\/kuali.com.mx\/web\/wp-json\/wp\/v2\/posts"}],"about":[{"href":"https:\/\/kuali.com.mx\/web\/wp-json\/wp\/v2\/types\/post"}],"author":[{"embeddable":true,"href":"https:\/\/kuali.com.mx\/web\/wp-json\/wp\/v2\/users\/2"}],"replies":[{"embeddable":true,"href":"https:\/\/kuali.com.mx\/web\/wp-json\/wp\/v2\/comments?post=202738"}],"version-history":[{"count":2,"href":"https:\/\/kuali.com.mx\/web\/wp-json\/wp\/v2\/posts\/202738\/revisions"}],"predecessor-version":[{"id":202758,"href":"https:\/\/kuali.com.mx\/web\/wp-json\/wp\/v2\/posts\/202738\/revisions\/202758"}],"wp:featuredmedia":[{"embeddable":true,"href":"https:\/\/kuali.com.mx\/web\/wp-json\/wp\/v2\/media\/202741"}],"wp:attachment":[{"href":"https:\/\/kuali.com.mx\/web\/wp-json\/wp\/v2\/media?parent=202738"}],"wp:term":[{"taxonomy":"category","embeddable":true,"href":"https:\/\/kuali.com.mx\/web\/wp-json\/wp\/v2\/categories?post=202738"},{"taxonomy":"post_tag","embeddable":true,"href":"https:\/\/kuali.com.mx\/web\/wp-json\/wp\/v2\/tags?post=202738"}],"curies":[{"name":"wp","href":"https:\/\/api.w.org\/{rel}","templated":true}]}}