{"id":202703,"date":"2026-04-23T18:30:56","date_gmt":"2026-04-24T00:30:56","guid":{"rendered":"https:\/\/kuali.com.mx\/web\/?p=202703"},"modified":"2026-04-23T23:17:56","modified_gmt":"2026-04-24T05:17:56","slug":"pasara-violador-13-anos-en-prision","status":"publish","type":"post","link":"https:\/\/kuali.com.mx\/web\/2026\/04\/23\/pasara-violador-13-anos-en-prision\/","title":{"rendered":"PASAR\u00c1 VIOLADOR 13 A\u00d1OS EN PRISI\u00d3N"},"content":{"rendered":"\n<p>Kuali\/Silao, Gto.- Cornelio \"N\" fue sentenciado a 13 a\u00f1os y cuatro meses de c\u00e1rcel por el delito de viilaci\u00f3n en agravio de una mujer.<\/p>\n\n\n\n<p>La Fiscal\u00eda General del Estado de Guanajuato (FGEG) obtuvo la sentencia condenatoria  a trav\u00e9s de un<br>procedimiento abreviado, en contra de CORNELIO \u201cN\u201d por su responsabilidad en el delito de violaci\u00f3n.<\/p>\n\n\n\n<p>Los hechos ocurrieron el 25 de diciembre del 2023, en una comunidad de la zona rural del municipio<br>de Silao. <\/p>\n\n\n\n<p>La Fiscal\u00eda Especializada en Investigaci\u00f3n de Delitos Cometidos en Contra de Mujeres por Razones de<br>G\u00e9nero, llev\u00f3 a cabo las diligencias correspondientes que permitieron acreditar la responsabilidad de CORNELIO \u201cN\u201d.<\/p>\n\n\n\n<p>Durante el proceso penal, el imputado acept\u00f3 su responsabilidad, lo que permiti\u00f3 la resoluci\u00f3n del caso mediante un procedimiento abreviado. En consecuencia, un Juez dict\u00f3 sentencia condenatoria, imponiendo, adem\u00e1s, una multa econ\u00f3mica y el pago por la reparaci\u00f3n del da\u00f1o en favor de la<br>v\u00edctima.<\/p>\n","protected":false},"excerpt":{"rendered":"Kuali\/Silao, Gto.- Cornelio \"N\" fue sentenciado a 13 a\u00f1os y cuatro meses de c\u00e1rcel por el delito de viilaci\u00f3n en agravio de una mujer. La Fiscal\u00eda General del Estado de Guanajuato (FGEG) obtuvo la sentencia condenatoria a trav\u00e9s de unprocedimiento abreviado, en contra de CORNELIO \u201cN\u201d por su responsabilidad en el delito de violaci\u00f3n. Los [&hellip;]","protected":false},"author":2,"featured_media":202706,"comment_status":"open","ping_status":"open","sticky":false,"template":"","format":"standard","meta":{"_seopress_robots_primary_cat":"none","_seopress_titles_title":"","_seopress_titles_desc":"","_seopress_robots_index":"","_monsterinsights_skip_tracking":false,"_monsterinsights_sitenote_active":false,"_monsterinsights_sitenote_note":"","_monsterinsights_sitenote_category":0,"footnotes":""},"categories":[3],"tags":[6640,30,6639],"class_list":["post-202703","post","type-post","status-publish","format-standard","has-post-thumbnail","hentry","category-politica","tag-cornelio-n","tag-delitos","tag-violadores"],"yoast_head":"<!-- This site is optimized with the Yoast SEO plugin v27.4 - https:\/\/yoast.com\/product\/yoast-seo-wordpress\/ -->\n<title>PASAR\u00c1 VIOLADOR 13 A\u00d1OS EN PRISI\u00d3N - Kuali<\/title>\n<meta name=\"robots\" content=\"index, follow, max-snippet:-1, max-image-preview:large, max-video-preview:-1\" \/>\n<link rel=\"canonical\" href=\"https:\/\/kuali.com.mx\/web\/2026\/04\/23\/pasara-violador-13-anos-en-prision\/\" \/>\n<meta property=\"og:locale\" content=\"es_MX\" \/>\n<meta property=\"og:type\" content=\"article\" \/>\n<meta property=\"og:title\" content=\"PASAR\u00c1 VIOLADOR 13 A\u00d1OS EN PRISI\u00d3N - Kuali\" \/>\n<meta property=\"og:description\" content=\"Kuali\/Silao, Gto.- Cornelio &quot;N&quot; fue sentenciado a 13 a\u00f1os y cuatro meses de c\u00e1rcel por el delito de viilaci\u00f3n en agravio de una mujer. La Fiscal\u00eda General del Estado de Guanajuato (FGEG) obtuvo la sentencia condenatoria a trav\u00e9s de unprocedimiento abreviado, en contra de CORNELIO \u201cN\u201d por su responsabilidad en el delito de violaci\u00f3n. Los [&hellip;]\" \/>\n<meta property=\"og:url\" content=\"https:\/\/kuali.com.mx\/web\/2026\/04\/23\/pasara-violador-13-anos-en-prision\/\" \/>\n<meta property=\"og:site_name\" content=\"Kuali\" \/>\n<meta property=\"article:publisher\" content=\"https:\/\/kuali.com.mx\/web\/wp-content\/uploads\/2018\/04\/cropped-kuali_logo-1-1.png\" \/>\n<meta property=\"article:published_time\" content=\"2026-04-24T00:30:56+00:00\" \/>\n<meta property=\"article:modified_time\" content=\"2026-04-24T05:17:56+00:00\" \/>\n<meta property=\"og:image\" content=\"https:\/\/kuali.com.mx\/web\/wp-content\/uploads\/2026\/04\/Cornelio-Violador-Silao-1.jpg\" \/>\n\t<meta property=\"og:image:width\" content=\"1700\" \/>\n\t<meta property=\"og:image:height\" content=\"750\" \/>\n\t<meta property=\"og:image:type\" content=\"image\/jpeg\" \/>\n<meta name=\"author\" content=\"Kuali Staff\" \/>\n<meta name=\"twitter:card\" content=\"summary_large_image\" \/>\n<meta name=\"twitter:creator\" content=\"@kuali_noticias\" \/>\n<meta name=\"twitter:site\" content=\"@kuali_noticias\" \/>\n<meta name=\"twitter:label1\" content=\"Escrito por\" \/>\n\t<meta name=\"twitter:data1\" content=\"Kuali Staff\" \/>\n\t<meta name=\"twitter:label2\" content=\"Tiempo de lectura\" \/>\n\t<meta name=\"twitter:data2\" content=\"1 minuto\" \/>\n<script type=\"application\/ld+json\" class=\"yoast-schema-graph\">{\"@context\":\"https:\\\/\\\/schema.org\",\"@graph\":[{\"@type\":\"Article\",\"@id\":\"https:\\\/\\\/kuali.com.mx\\\/web\\\/2026\\\/04\\\/23\\\/pasara-violador-13-anos-en-prision\\\/#article\",\"isPartOf\":{\"@id\":\"https:\\\/\\\/kuali.com.mx\\\/web\\\/2026\\\/04\\\/23\\\/pasara-violador-13-anos-en-prision\\\/\"},\"author\":{\"name\":\"Kuali Staff\",\"@id\":\"https:\\\/\\\/kuali.com.mx\\\/web\\\/#\\\/schema\\\/person\\\/6f89ffa8ecba9dae50662357923c5289\"},\"headline\":\"PASAR\u00c1 VIOLADOR 13 A\u00d1OS EN PRISI\u00d3N\",\"datePublished\":\"2026-04-24T00:30:56+00:00\",\"dateModified\":\"2026-04-24T05:17:56+00:00\",\"mainEntityOfPage\":{\"@id\":\"https:\\\/\\\/kuali.com.mx\\\/web\\\/2026\\\/04\\\/23\\\/pasara-violador-13-anos-en-prision\\\/\"},\"wordCount\":167,\"commentCount\":0,\"image\":{\"@id\":\"https:\\\/\\\/kuali.com.mx\\\/web\\\/2026\\\/04\\\/23\\\/pasara-violador-13-anos-en-prision\\\/#primaryimage\"},\"thumbnailUrl\":\"https:\\\/\\\/kuali.com.mx\\\/web\\\/wp-content\\\/uploads\\\/2026\\\/04\\\/Cornelio-Violador-Silao-1.jpg\",\"keywords\":[\"Cornelio \\\"N\\\"\",\"delitos\",\"Violadores\"],\"articleSection\":[\"Pol\u00edtica\"],\"inLanguage\":\"es\",\"potentialAction\":[{\"@type\":\"CommentAction\",\"name\":\"Comment\",\"target\":[\"https:\\\/\\\/kuali.com.mx\\\/web\\\/2026\\\/04\\\/23\\\/pasara-violador-13-anos-en-prision\\\/#respond\"]}]},{\"@type\":\"WebPage\",\"@id\":\"https:\\\/\\\/kuali.com.mx\\\/web\\\/2026\\\/04\\\/23\\\/pasara-violador-13-anos-en-prision\\\/\",\"url\":\"https:\\\/\\\/kuali.com.mx\\\/web\\\/2026\\\/04\\\/23\\\/pasara-violador-13-anos-en-prision\\\/\",\"name\":\"PASAR\u00c1 VIOLADOR 13 A\u00d1OS EN PRISI\u00d3N - Kuali\",\"isPartOf\":{\"@id\":\"https:\\\/\\\/kuali.com.mx\\\/web\\\/#website\"},\"primaryImageOfPage\":{\"@id\":\"https:\\\/\\\/kuali.com.mx\\\/web\\\/2026\\\/04\\\/23\\\/pasara-violador-13-anos-en-prision\\\/#primaryimage\"},\"image\":{\"@id\":\"https:\\\/\\\/kuali.com.mx\\\/web\\\/2026\\\/04\\\/23\\\/pasara-violador-13-anos-en-prision\\\/#primaryimage\"},\"thumbnailUrl\":\"https:\\\/\\\/kuali.com.mx\\\/web\\\/wp-content\\\/uploads\\\/2026\\\/04\\\/Cornelio-Violador-Silao-1.jpg\",\"datePublished\":\"2026-04-24T00:30:56+00:00\",\"dateModified\":\"2026-04-24T05:17:56+00:00\",\"author\":{\"@id\":\"https:\\\/\\\/kuali.com.mx\\\/web\\\/#\\\/schema\\\/person\\\/6f89ffa8ecba9dae50662357923c5289\"},\"breadcrumb\":{\"@id\":\"https:\\\/\\\/kuali.com.mx\\\/web\\\/2026\\\/04\\\/23\\\/pasara-violador-13-anos-en-prision\\\/#breadcrumb\"},\"inLanguage\":\"es\",\"potentialAction\":[{\"@type\":\"ReadAction\",\"target\":[\"https:\\\/\\\/kuali.com.mx\\\/web\\\/2026\\\/04\\\/23\\\/pasara-violador-13-anos-en-prision\\\/\"]}]},{\"@type\":\"ImageObject\",\"inLanguage\":\"es\",\"@id\":\"https:\\\/\\\/kuali.com.mx\\\/web\\\/2026\\\/04\\\/23\\\/pasara-violador-13-anos-en-prision\\\/#primaryimage\",\"url\":\"https:\\\/\\\/kuali.com.mx\\\/web\\\/wp-content\\\/uploads\\\/2026\\\/04\\\/Cornelio-Violador-Silao-1.jpg\",\"contentUrl\":\"https:\\\/\\\/kuali.com.mx\\\/web\\\/wp-content\\\/uploads\\\/2026\\\/04\\\/Cornelio-Violador-Silao-1.jpg\",\"width\":1700,\"height\":750},{\"@type\":\"BreadcrumbList\",\"@id\":\"https:\\\/\\\/kuali.com.mx\\\/web\\\/2026\\\/04\\\/23\\\/pasara-violador-13-anos-en-prision\\\/#breadcrumb\",\"itemListElement\":[{\"@type\":\"ListItem\",\"position\":1,\"name\":\"Inicio\",\"item\":\"https:\\\/\\\/kuali.com.mx\\\/web\\\/\"},{\"@type\":\"ListItem\",\"position\":2,\"name\":\"PASAR\u00c1 VIOLADOR 13 A\u00d1OS EN PRISI\u00d3N\"}]},{\"@type\":\"WebSite\",\"@id\":\"https:\\\/\\\/kuali.com.mx\\\/web\\\/#website\",\"url\":\"https:\\\/\\\/kuali.com.mx\\\/web\\\/\",\"name\":\"Kuali\",\"description\":\"\",\"potentialAction\":[{\"@type\":\"SearchAction\",\"target\":{\"@type\":\"EntryPoint\",\"urlTemplate\":\"https:\\\/\\\/kuali.com.mx\\\/web\\\/?s={search_term_string}\"},\"query-input\":{\"@type\":\"PropertyValueSpecification\",\"valueRequired\":true,\"valueName\":\"search_term_string\"}}],\"inLanguage\":\"es\"},{\"@type\":\"Person\",\"@id\":\"https:\\\/\\\/kuali.com.mx\\\/web\\\/#\\\/schema\\\/person\\\/6f89ffa8ecba9dae50662357923c5289\",\"name\":\"Kuali Staff\",\"image\":{\"@type\":\"ImageObject\",\"inLanguage\":\"es\",\"@id\":\"https:\\\/\\\/secure.gravatar.com\\\/avatar\\\/f917ad82e5ab71227a733c78b6e60715476f69ee6be59feee4eb5d9920c89e0f?s=96&d=mm&r=g\",\"url\":\"https:\\\/\\\/secure.gravatar.com\\\/avatar\\\/f917ad82e5ab71227a733c78b6e60715476f69ee6be59feee4eb5d9920c89e0f?s=96&d=mm&r=g\",\"contentUrl\":\"https:\\\/\\\/secure.gravatar.com\\\/avatar\\\/f917ad82e5ab71227a733c78b6e60715476f69ee6be59feee4eb5d9920c89e0f?s=96&d=mm&r=g\",\"caption\":\"Kuali Staff\"},\"url\":\"https:\\\/\\\/kuali.com.mx\\\/web\\\/author\\\/lagarto\\\/\"}]}<\/script>\n<!-- \/ Yoast SEO plugin. -->","yoast_head_json":{"title":"PASAR\u00c1 VIOLADOR 13 A\u00d1OS EN PRISI\u00d3N - Kuali","robots":{"index":"index","follow":"follow","max-snippet":"max-snippet:-1","max-image-preview":"max-image-preview:large","max-video-preview":"max-video-preview:-1"},"canonical":"https:\/\/kuali.com.mx\/web\/2026\/04\/23\/pasara-violador-13-anos-en-prision\/","og_locale":"es_MX","og_type":"article","og_title":"PASAR\u00c1 VIOLADOR 13 A\u00d1OS EN PRISI\u00d3N - Kuali","og_description":"Kuali\/Silao, Gto.- Cornelio \"N\" fue sentenciado a 13 a\u00f1os y cuatro meses de c\u00e1rcel por el delito de viilaci\u00f3n en agravio de una mujer. La Fiscal\u00eda General del Estado de Guanajuato (FGEG) obtuvo la sentencia condenatoria a trav\u00e9s de unprocedimiento abreviado, en contra de CORNELIO \u201cN\u201d por su responsabilidad en el delito de violaci\u00f3n. Los [&hellip;]","og_url":"https:\/\/kuali.com.mx\/web\/2026\/04\/23\/pasara-violador-13-anos-en-prision\/","og_site_name":"Kuali","article_publisher":"https:\/\/kuali.com.mx\/web\/wp-content\/uploads\/2018\/04\/cropped-kuali_logo-1-1.png","article_published_time":"2026-04-24T00:30:56+00:00","article_modified_time":"2026-04-24T05:17:56+00:00","og_image":[{"width":1700,"height":750,"url":"https:\/\/kuali.com.mx\/web\/wp-content\/uploads\/2026\/04\/Cornelio-Violador-Silao-1.jpg","type":"image\/jpeg"}],"author":"Kuali Staff","twitter_card":"summary_large_image","twitter_creator":"@kuali_noticias","twitter_site":"@kuali_noticias","twitter_misc":{"Escrito por":"Kuali Staff","Tiempo de lectura":"1 minuto"},"schema":{"@context":"https:\/\/schema.org","@graph":[{"@type":"Article","@id":"https:\/\/kuali.com.mx\/web\/2026\/04\/23\/pasara-violador-13-anos-en-prision\/#article","isPartOf":{"@id":"https:\/\/kuali.com.mx\/web\/2026\/04\/23\/pasara-violador-13-anos-en-prision\/"},"author":{"name":"Kuali Staff","@id":"https:\/\/kuali.com.mx\/web\/#\/schema\/person\/6f89ffa8ecba9dae50662357923c5289"},"headline":"PASAR\u00c1 VIOLADOR 13 A\u00d1OS EN PRISI\u00d3N","datePublished":"2026-04-24T00:30:56+00:00","dateModified":"2026-04-24T05:17:56+00:00","mainEntityOfPage":{"@id":"https:\/\/kuali.com.mx\/web\/2026\/04\/23\/pasara-violador-13-anos-en-prision\/"},"wordCount":167,"commentCount":0,"image":{"@id":"https:\/\/kuali.com.mx\/web\/2026\/04\/23\/pasara-violador-13-anos-en-prision\/#primaryimage"},"thumbnailUrl":"https:\/\/kuali.com.mx\/web\/wp-content\/uploads\/2026\/04\/Cornelio-Violador-Silao-1.jpg","keywords":["Cornelio \"N\"","delitos","Violadores"],"articleSection":["Pol\u00edtica"],"inLanguage":"es","potentialAction":[{"@type":"CommentAction","name":"Comment","target":["https:\/\/kuali.com.mx\/web\/2026\/04\/23\/pasara-violador-13-anos-en-prision\/#respond"]}]},{"@type":"WebPage","@id":"https:\/\/kuali.com.mx\/web\/2026\/04\/23\/pasara-violador-13-anos-en-prision\/","url":"https:\/\/kuali.com.mx\/web\/2026\/04\/23\/pasara-violador-13-anos-en-prision\/","name":"PASAR\u00c1 VIOLADOR 13 A\u00d1OS EN PRISI\u00d3N - Kuali","isPartOf":{"@id":"https:\/\/kuali.com.mx\/web\/#website"},"primaryImageOfPage":{"@id":"https:\/\/kuali.com.mx\/web\/2026\/04\/23\/pasara-violador-13-anos-en-prision\/#primaryimage"},"image":{"@id":"https:\/\/kuali.com.mx\/web\/2026\/04\/23\/pasara-violador-13-anos-en-prision\/#primaryimage"},"thumbnailUrl":"https:\/\/kuali.com.mx\/web\/wp-content\/uploads\/2026\/04\/Cornelio-Violador-Silao-1.jpg","datePublished":"2026-04-24T00:30:56+00:00","dateModified":"2026-04-24T05:17:56+00:00","author":{"@id":"https:\/\/kuali.com.mx\/web\/#\/schema\/person\/6f89ffa8ecba9dae50662357923c5289"},"breadcrumb":{"@id":"https:\/\/kuali.com.mx\/web\/2026\/04\/23\/pasara-violador-13-anos-en-prision\/#breadcrumb"},"inLanguage":"es","potentialAction":[{"@type":"ReadAction","target":["https:\/\/kuali.com.mx\/web\/2026\/04\/23\/pasara-violador-13-anos-en-prision\/"]}]},{"@type":"ImageObject","inLanguage":"es","@id":"https:\/\/kuali.com.mx\/web\/2026\/04\/23\/pasara-violador-13-anos-en-prision\/#primaryimage","url":"https:\/\/kuali.com.mx\/web\/wp-content\/uploads\/2026\/04\/Cornelio-Violador-Silao-1.jpg","contentUrl":"https:\/\/kuali.com.mx\/web\/wp-content\/uploads\/2026\/04\/Cornelio-Violador-Silao-1.jpg","width":1700,"height":750},{"@type":"BreadcrumbList","@id":"https:\/\/kuali.com.mx\/web\/2026\/04\/23\/pasara-violador-13-anos-en-prision\/#breadcrumb","itemListElement":[{"@type":"ListItem","position":1,"name":"Inicio","item":"https:\/\/kuali.com.mx\/web\/"},{"@type":"ListItem","position":2,"name":"PASAR\u00c1 VIOLADOR 13 A\u00d1OS EN PRISI\u00d3N"}]},{"@type":"WebSite","@id":"https:\/\/kuali.com.mx\/web\/#website","url":"https:\/\/kuali.com.mx\/web\/","name":"Kuali","description":"","potentialAction":[{"@type":"SearchAction","target":{"@type":"EntryPoint","urlTemplate":"https:\/\/kuali.com.mx\/web\/?s={search_term_string}"},"query-input":{"@type":"PropertyValueSpecification","valueRequired":true,"valueName":"search_term_string"}}],"inLanguage":"es"},{"@type":"Person","@id":"https:\/\/kuali.com.mx\/web\/#\/schema\/person\/6f89ffa8ecba9dae50662357923c5289","name":"Kuali Staff","image":{"@type":"ImageObject","inLanguage":"es","@id":"https:\/\/secure.gravatar.com\/avatar\/f917ad82e5ab71227a733c78b6e60715476f69ee6be59feee4eb5d9920c89e0f?s=96&d=mm&r=g","url":"https:\/\/secure.gravatar.com\/avatar\/f917ad82e5ab71227a733c78b6e60715476f69ee6be59feee4eb5d9920c89e0f?s=96&d=mm&r=g","contentUrl":"https:\/\/secure.gravatar.com\/avatar\/f917ad82e5ab71227a733c78b6e60715476f69ee6be59feee4eb5d9920c89e0f?s=96&d=mm&r=g","caption":"Kuali Staff"},"url":"https:\/\/kuali.com.mx\/web\/author\/lagarto\/"}]}},"_links":{"self":[{"href":"https:\/\/kuali.com.mx\/web\/wp-json\/wp\/v2\/posts\/202703","targetHints":{"allow":["GET"]}}],"collection":[{"href":"https:\/\/kuali.com.mx\/web\/wp-json\/wp\/v2\/posts"}],"about":[{"href":"https:\/\/kuali.com.mx\/web\/wp-json\/wp\/v2\/types\/post"}],"author":[{"embeddable":true,"href":"https:\/\/kuali.com.mx\/web\/wp-json\/wp\/v2\/users\/2"}],"replies":[{"embeddable":true,"href":"https:\/\/kuali.com.mx\/web\/wp-json\/wp\/v2\/comments?post=202703"}],"version-history":[{"count":2,"href":"https:\/\/kuali.com.mx\/web\/wp-json\/wp\/v2\/posts\/202703\/revisions"}],"predecessor-version":[{"id":202757,"href":"https:\/\/kuali.com.mx\/web\/wp-json\/wp\/v2\/posts\/202703\/revisions\/202757"}],"wp:featuredmedia":[{"embeddable":true,"href":"https:\/\/kuali.com.mx\/web\/wp-json\/wp\/v2\/media\/202706"}],"wp:attachment":[{"href":"https:\/\/kuali.com.mx\/web\/wp-json\/wp\/v2\/media?parent=202703"}],"wp:term":[{"taxonomy":"category","embeddable":true,"href":"https:\/\/kuali.com.mx\/web\/wp-json\/wp\/v2\/categories?post=202703"},{"taxonomy":"post_tag","embeddable":true,"href":"https:\/\/kuali.com.mx\/web\/wp-json\/wp\/v2\/tags?post=202703"}],"curies":[{"name":"wp","href":"https:\/\/api.w.org\/{rel}","templated":true}]}}