{"id":202691,"date":"2026-04-23T12:57:38","date_gmt":"2026-04-23T18:57:38","guid":{"rendered":"https:\/\/kuali.com.mx\/web\/?p=202691"},"modified":"2026-04-23T23:17:19","modified_gmt":"2026-04-24T05:17:19","slug":"encabeza-imss-guanajuato-primera-reunion-con-directivos","status":"publish","type":"post","link":"https:\/\/kuali.com.mx\/web\/2026\/04\/23\/encabeza-imss-guanajuato-primera-reunion-con-directivos\/","title":{"rendered":"ENCABEZA IMSS GUANAJUATO PRIMERA REUNI\u00d3N CON DIRECTIVOS"},"content":{"rendered":"\n<p>Milagros Tadeo\/Le\u00f3n, Gto.- El nuevo titular del IMSS en Guanajuato, Eusebio Rosales Partida, encabez\u00f3 la primera reuni\u00f3n de trabajo con la estructura directiva de la representaci\u00f3n estatal, donde llam\u00f3 a fortalecer la calidad, la calidez y la eficiencia operativa en beneficio de la derechohabiencia.<\/p>\n\n\n\n<p>El encuentro reuni\u00f3 a integrantes del Cuerpo de Gobierno, titulares de las cinco subdelegaciones, directores de hospitales y Unidades de Medicina Familiar, as\u00ed como responsables de guarder\u00edas y del Centro de Seguridad Social de Le\u00f3n.<\/p>\n\n\n\n<figure class=\"wp-block-image size-large\"><img loading=\"lazy\" decoding=\"async\" width=\"1024\" height=\"682\" src=\"https:\/\/kuali.com.mx\/web\/wp-content\/uploads\/2026\/04\/IMSS-reunion-1-1024x682.jpg\" alt=\"\" class=\"wp-image-202694\" srcset=\"https:\/\/kuali.com.mx\/web\/wp-content\/uploads\/2026\/04\/IMSS-reunion-1-1024x682.jpg 1024w, https:\/\/kuali.com.mx\/web\/wp-content\/uploads\/2026\/04\/IMSS-reunion-1-300x200.jpg 300w, https:\/\/kuali.com.mx\/web\/wp-content\/uploads\/2026\/04\/IMSS-reunion-1-768x512.jpg 768w, https:\/\/kuali.com.mx\/web\/wp-content\/uploads\/2026\/04\/IMSS-reunion-1-174x116.jpg 174w, https:\/\/kuali.com.mx\/web\/wp-content\/uploads\/2026\/04\/IMSS-reunion-1.jpg 1280w\" sizes=\"auto, (max-width: 1024px) 100vw, 1024px\" \/><figcaption class=\"wp-element-caption\">El nuevo titular del IMSS en Guanajuato, Eusebio Rosales Partida, llam\u00f3 a fortalecer la calidad, la calidez y la eficiencia operativa en beneficio de la derechohabiencia. FOTO: CORTES\u00cdA.<\/figcaption><\/figure>\n\n\n\n<p>Rosales Partida subray\u00f3 que su gesti\u00f3n se enfocar\u00e1 en la optimizaci\u00f3n de recursos y la mejora en la atenci\u00f3n m\u00e9dica, con acciones como agilizar la asignaci\u00f3n de citas, reforzar la limpieza en unidades y garantizar un trato digno a los usuarios.<\/p>\n\n\n\n<p>\u201cNuestro compromiso es con la seguridad y satisfacci\u00f3n de las y los derechohabientes. Trabajaremos de cerca en los procesos m\u00e9dicos y administrativos para asegurar que cada persona reciba atenci\u00f3n de calidad\u201d, afirm\u00f3.<\/p>\n\n\n\n<p>Se\u00f1al\u00f3 que el IMSS Guanajuato continuar\u00e1 fortaleciendo estrategias prioritarias para brindar bienestar social a la poblaci\u00f3n trabajadora y sus familias en toda la entidad.&nbsp;<\/p>\n\n\n\n<p><\/p>\n","protected":false},"excerpt":{"rendered":"Milagros Tadeo\/Le\u00f3n, Gto.- El nuevo titular del IMSS en Guanajuato, Eusebio Rosales Partida, encabez\u00f3 la primera reuni\u00f3n de trabajo con la estructura directiva de la representaci\u00f3n estatal, donde llam\u00f3 a fortalecer la calidad, la calidez y la eficiencia operativa en beneficio de la derechohabiencia. El encuentro reuni\u00f3 a integrantes del Cuerpo de Gobierno, titulares de [&hellip;]","protected":false},"author":2,"featured_media":202695,"comment_status":"open","ping_status":"open","sticky":false,"template":"","format":"standard","meta":{"_seopress_robots_primary_cat":"none","_seopress_titles_title":"","_seopress_titles_desc":"","_seopress_robots_index":"","_monsterinsights_skip_tracking":false,"_monsterinsights_sitenote_active":false,"_monsterinsights_sitenote_note":"","_monsterinsights_sitenote_category":0,"footnotes":""},"categories":[7],"tags":[9,407,78,409],"class_list":["post-202691","post","type-post","status-publish","format-standard","has-post-thumbnail","hentry","category-salud","tag-guanajuato","tag-imss","tag-salud","tag-seguro-social"],"yoast_head":"<!-- This site is optimized with the Yoast SEO plugin v27.4 - https:\/\/yoast.com\/product\/yoast-seo-wordpress\/ -->\n<title>ENCABEZA IMSS GUANAJUATO PRIMERA REUNI\u00d3N CON DIRECTIVOS - Kuali<\/title>\n<meta name=\"robots\" content=\"index, follow, max-snippet:-1, max-image-preview:large, max-video-preview:-1\" \/>\n<link rel=\"canonical\" href=\"https:\/\/kuali.com.mx\/web\/2026\/04\/23\/encabeza-imss-guanajuato-primera-reunion-con-directivos\/\" \/>\n<meta property=\"og:locale\" content=\"es_MX\" \/>\n<meta property=\"og:type\" content=\"article\" \/>\n<meta property=\"og:title\" content=\"ENCABEZA IMSS GUANAJUATO PRIMERA REUNI\u00d3N CON DIRECTIVOS - Kuali\" \/>\n<meta property=\"og:description\" content=\"Milagros Tadeo\/Le\u00f3n, Gto.- El nuevo titular del IMSS en Guanajuato, Eusebio Rosales Partida, encabez\u00f3 la primera reuni\u00f3n de trabajo con la estructura directiva de la representaci\u00f3n estatal, donde llam\u00f3 a fortalecer la calidad, la calidez y la eficiencia operativa en beneficio de la derechohabiencia. El encuentro reuni\u00f3 a integrantes del Cuerpo de Gobierno, titulares de [&hellip;]\" \/>\n<meta property=\"og:url\" content=\"https:\/\/kuali.com.mx\/web\/2026\/04\/23\/encabeza-imss-guanajuato-primera-reunion-con-directivos\/\" \/>\n<meta property=\"og:site_name\" content=\"Kuali\" \/>\n<meta property=\"article:publisher\" content=\"https:\/\/kuali.com.mx\/web\/wp-content\/uploads\/2018\/04\/cropped-kuali_logo-1-1.png\" \/>\n<meta property=\"article:published_time\" content=\"2026-04-23T18:57:38+00:00\" \/>\n<meta property=\"article:modified_time\" content=\"2026-04-24T05:17:19+00:00\" \/>\n<meta property=\"og:image\" content=\"https:\/\/kuali.com.mx\/web\/wp-content\/uploads\/2026\/04\/IMSS-reunion-2.jpg\" \/>\n\t<meta property=\"og:image:width\" content=\"1864\" \/>\n\t<meta property=\"og:image:height\" content=\"750\" \/>\n\t<meta property=\"og:image:type\" content=\"image\/jpeg\" \/>\n<meta name=\"author\" content=\"Kuali Staff\" \/>\n<meta name=\"twitter:card\" content=\"summary_large_image\" \/>\n<meta name=\"twitter:creator\" content=\"@kuali_noticias\" \/>\n<meta name=\"twitter:site\" content=\"@kuali_noticias\" \/>\n<meta name=\"twitter:label1\" content=\"Escrito por\" \/>\n\t<meta name=\"twitter:data1\" content=\"Kuali Staff\" \/>\n\t<meta name=\"twitter:label2\" content=\"Tiempo de lectura\" \/>\n\t<meta name=\"twitter:data2\" content=\"1 minuto\" \/>\n<script type=\"application\/ld+json\" class=\"yoast-schema-graph\">{\"@context\":\"https:\\\/\\\/schema.org\",\"@graph\":[{\"@type\":\"Article\",\"@id\":\"https:\\\/\\\/kuali.com.mx\\\/web\\\/2026\\\/04\\\/23\\\/encabeza-imss-guanajuato-primera-reunion-con-directivos\\\/#article\",\"isPartOf\":{\"@id\":\"https:\\\/\\\/kuali.com.mx\\\/web\\\/2026\\\/04\\\/23\\\/encabeza-imss-guanajuato-primera-reunion-con-directivos\\\/\"},\"author\":{\"name\":\"Kuali Staff\",\"@id\":\"https:\\\/\\\/kuali.com.mx\\\/web\\\/#\\\/schema\\\/person\\\/6f89ffa8ecba9dae50662357923c5289\"},\"headline\":\"ENCABEZA IMSS GUANAJUATO PRIMERA REUNI\u00d3N CON DIRECTIVOS\",\"datePublished\":\"2026-04-23T18:57:38+00:00\",\"dateModified\":\"2026-04-24T05:17:19+00:00\",\"mainEntityOfPage\":{\"@id\":\"https:\\\/\\\/kuali.com.mx\\\/web\\\/2026\\\/04\\\/23\\\/encabeza-imss-guanajuato-primera-reunion-con-directivos\\\/\"},\"wordCount\":231,\"commentCount\":0,\"image\":{\"@id\":\"https:\\\/\\\/kuali.com.mx\\\/web\\\/2026\\\/04\\\/23\\\/encabeza-imss-guanajuato-primera-reunion-con-directivos\\\/#primaryimage\"},\"thumbnailUrl\":\"https:\\\/\\\/kuali.com.mx\\\/web\\\/wp-content\\\/uploads\\\/2026\\\/04\\\/IMSS-reunion-2.jpg\",\"keywords\":[\"Guanajuato\",\"IMSS\",\"Salud\",\"Seguro Social\"],\"articleSection\":[\"Salud\"],\"inLanguage\":\"es\",\"potentialAction\":[{\"@type\":\"CommentAction\",\"name\":\"Comment\",\"target\":[\"https:\\\/\\\/kuali.com.mx\\\/web\\\/2026\\\/04\\\/23\\\/encabeza-imss-guanajuato-primera-reunion-con-directivos\\\/#respond\"]}]},{\"@type\":\"WebPage\",\"@id\":\"https:\\\/\\\/kuali.com.mx\\\/web\\\/2026\\\/04\\\/23\\\/encabeza-imss-guanajuato-primera-reunion-con-directivos\\\/\",\"url\":\"https:\\\/\\\/kuali.com.mx\\\/web\\\/2026\\\/04\\\/23\\\/encabeza-imss-guanajuato-primera-reunion-con-directivos\\\/\",\"name\":\"ENCABEZA IMSS GUANAJUATO PRIMERA REUNI\u00d3N CON DIRECTIVOS - Kuali\",\"isPartOf\":{\"@id\":\"https:\\\/\\\/kuali.com.mx\\\/web\\\/#website\"},\"primaryImageOfPage\":{\"@id\":\"https:\\\/\\\/kuali.com.mx\\\/web\\\/2026\\\/04\\\/23\\\/encabeza-imss-guanajuato-primera-reunion-con-directivos\\\/#primaryimage\"},\"image\":{\"@id\":\"https:\\\/\\\/kuali.com.mx\\\/web\\\/2026\\\/04\\\/23\\\/encabeza-imss-guanajuato-primera-reunion-con-directivos\\\/#primaryimage\"},\"thumbnailUrl\":\"https:\\\/\\\/kuali.com.mx\\\/web\\\/wp-content\\\/uploads\\\/2026\\\/04\\\/IMSS-reunion-2.jpg\",\"datePublished\":\"2026-04-23T18:57:38+00:00\",\"dateModified\":\"2026-04-24T05:17:19+00:00\",\"author\":{\"@id\":\"https:\\\/\\\/kuali.com.mx\\\/web\\\/#\\\/schema\\\/person\\\/6f89ffa8ecba9dae50662357923c5289\"},\"breadcrumb\":{\"@id\":\"https:\\\/\\\/kuali.com.mx\\\/web\\\/2026\\\/04\\\/23\\\/encabeza-imss-guanajuato-primera-reunion-con-directivos\\\/#breadcrumb\"},\"inLanguage\":\"es\",\"potentialAction\":[{\"@type\":\"ReadAction\",\"target\":[\"https:\\\/\\\/kuali.com.mx\\\/web\\\/2026\\\/04\\\/23\\\/encabeza-imss-guanajuato-primera-reunion-con-directivos\\\/\"]}]},{\"@type\":\"ImageObject\",\"inLanguage\":\"es\",\"@id\":\"https:\\\/\\\/kuali.com.mx\\\/web\\\/2026\\\/04\\\/23\\\/encabeza-imss-guanajuato-primera-reunion-con-directivos\\\/#primaryimage\",\"url\":\"https:\\\/\\\/kuali.com.mx\\\/web\\\/wp-content\\\/uploads\\\/2026\\\/04\\\/IMSS-reunion-2.jpg\",\"contentUrl\":\"https:\\\/\\\/kuali.com.mx\\\/web\\\/wp-content\\\/uploads\\\/2026\\\/04\\\/IMSS-reunion-2.jpg\",\"width\":1864,\"height\":750},{\"@type\":\"BreadcrumbList\",\"@id\":\"https:\\\/\\\/kuali.com.mx\\\/web\\\/2026\\\/04\\\/23\\\/encabeza-imss-guanajuato-primera-reunion-con-directivos\\\/#breadcrumb\",\"itemListElement\":[{\"@type\":\"ListItem\",\"position\":1,\"name\":\"Inicio\",\"item\":\"https:\\\/\\\/kuali.com.mx\\\/web\\\/\"},{\"@type\":\"ListItem\",\"position\":2,\"name\":\"ENCABEZA IMSS GUANAJUATO PRIMERA REUNI\u00d3N CON DIRECTIVOS\"}]},{\"@type\":\"WebSite\",\"@id\":\"https:\\\/\\\/kuali.com.mx\\\/web\\\/#website\",\"url\":\"https:\\\/\\\/kuali.com.mx\\\/web\\\/\",\"name\":\"Kuali\",\"description\":\"\",\"potentialAction\":[{\"@type\":\"SearchAction\",\"target\":{\"@type\":\"EntryPoint\",\"urlTemplate\":\"https:\\\/\\\/kuali.com.mx\\\/web\\\/?s={search_term_string}\"},\"query-input\":{\"@type\":\"PropertyValueSpecification\",\"valueRequired\":true,\"valueName\":\"search_term_string\"}}],\"inLanguage\":\"es\"},{\"@type\":\"Person\",\"@id\":\"https:\\\/\\\/kuali.com.mx\\\/web\\\/#\\\/schema\\\/person\\\/6f89ffa8ecba9dae50662357923c5289\",\"name\":\"Kuali Staff\",\"image\":{\"@type\":\"ImageObject\",\"inLanguage\":\"es\",\"@id\":\"https:\\\/\\\/secure.gravatar.com\\\/avatar\\\/f917ad82e5ab71227a733c78b6e60715476f69ee6be59feee4eb5d9920c89e0f?s=96&d=mm&r=g\",\"url\":\"https:\\\/\\\/secure.gravatar.com\\\/avatar\\\/f917ad82e5ab71227a733c78b6e60715476f69ee6be59feee4eb5d9920c89e0f?s=96&d=mm&r=g\",\"contentUrl\":\"https:\\\/\\\/secure.gravatar.com\\\/avatar\\\/f917ad82e5ab71227a733c78b6e60715476f69ee6be59feee4eb5d9920c89e0f?s=96&d=mm&r=g\",\"caption\":\"Kuali Staff\"},\"url\":\"https:\\\/\\\/kuali.com.mx\\\/web\\\/author\\\/lagarto\\\/\"}]}<\/script>\n<!-- \/ Yoast SEO plugin. -->","yoast_head_json":{"title":"ENCABEZA IMSS GUANAJUATO PRIMERA REUNI\u00d3N CON DIRECTIVOS - Kuali","robots":{"index":"index","follow":"follow","max-snippet":"max-snippet:-1","max-image-preview":"max-image-preview:large","max-video-preview":"max-video-preview:-1"},"canonical":"https:\/\/kuali.com.mx\/web\/2026\/04\/23\/encabeza-imss-guanajuato-primera-reunion-con-directivos\/","og_locale":"es_MX","og_type":"article","og_title":"ENCABEZA IMSS GUANAJUATO PRIMERA REUNI\u00d3N CON DIRECTIVOS - Kuali","og_description":"Milagros Tadeo\/Le\u00f3n, Gto.- El nuevo titular del IMSS en Guanajuato, Eusebio Rosales Partida, encabez\u00f3 la primera reuni\u00f3n de trabajo con la estructura directiva de la representaci\u00f3n estatal, donde llam\u00f3 a fortalecer la calidad, la calidez y la eficiencia operativa en beneficio de la derechohabiencia. El encuentro reuni\u00f3 a integrantes del Cuerpo de Gobierno, titulares de [&hellip;]","og_url":"https:\/\/kuali.com.mx\/web\/2026\/04\/23\/encabeza-imss-guanajuato-primera-reunion-con-directivos\/","og_site_name":"Kuali","article_publisher":"https:\/\/kuali.com.mx\/web\/wp-content\/uploads\/2018\/04\/cropped-kuali_logo-1-1.png","article_published_time":"2026-04-23T18:57:38+00:00","article_modified_time":"2026-04-24T05:17:19+00:00","og_image":[{"width":1864,"height":750,"url":"https:\/\/kuali.com.mx\/web\/wp-content\/uploads\/2026\/04\/IMSS-reunion-2.jpg","type":"image\/jpeg"}],"author":"Kuali Staff","twitter_card":"summary_large_image","twitter_creator":"@kuali_noticias","twitter_site":"@kuali_noticias","twitter_misc":{"Escrito por":"Kuali Staff","Tiempo de lectura":"1 minuto"},"schema":{"@context":"https:\/\/schema.org","@graph":[{"@type":"Article","@id":"https:\/\/kuali.com.mx\/web\/2026\/04\/23\/encabeza-imss-guanajuato-primera-reunion-con-directivos\/#article","isPartOf":{"@id":"https:\/\/kuali.com.mx\/web\/2026\/04\/23\/encabeza-imss-guanajuato-primera-reunion-con-directivos\/"},"author":{"name":"Kuali Staff","@id":"https:\/\/kuali.com.mx\/web\/#\/schema\/person\/6f89ffa8ecba9dae50662357923c5289"},"headline":"ENCABEZA IMSS GUANAJUATO PRIMERA REUNI\u00d3N CON DIRECTIVOS","datePublished":"2026-04-23T18:57:38+00:00","dateModified":"2026-04-24T05:17:19+00:00","mainEntityOfPage":{"@id":"https:\/\/kuali.com.mx\/web\/2026\/04\/23\/encabeza-imss-guanajuato-primera-reunion-con-directivos\/"},"wordCount":231,"commentCount":0,"image":{"@id":"https:\/\/kuali.com.mx\/web\/2026\/04\/23\/encabeza-imss-guanajuato-primera-reunion-con-directivos\/#primaryimage"},"thumbnailUrl":"https:\/\/kuali.com.mx\/web\/wp-content\/uploads\/2026\/04\/IMSS-reunion-2.jpg","keywords":["Guanajuato","IMSS","Salud","Seguro Social"],"articleSection":["Salud"],"inLanguage":"es","potentialAction":[{"@type":"CommentAction","name":"Comment","target":["https:\/\/kuali.com.mx\/web\/2026\/04\/23\/encabeza-imss-guanajuato-primera-reunion-con-directivos\/#respond"]}]},{"@type":"WebPage","@id":"https:\/\/kuali.com.mx\/web\/2026\/04\/23\/encabeza-imss-guanajuato-primera-reunion-con-directivos\/","url":"https:\/\/kuali.com.mx\/web\/2026\/04\/23\/encabeza-imss-guanajuato-primera-reunion-con-directivos\/","name":"ENCABEZA IMSS GUANAJUATO PRIMERA REUNI\u00d3N CON DIRECTIVOS - Kuali","isPartOf":{"@id":"https:\/\/kuali.com.mx\/web\/#website"},"primaryImageOfPage":{"@id":"https:\/\/kuali.com.mx\/web\/2026\/04\/23\/encabeza-imss-guanajuato-primera-reunion-con-directivos\/#primaryimage"},"image":{"@id":"https:\/\/kuali.com.mx\/web\/2026\/04\/23\/encabeza-imss-guanajuato-primera-reunion-con-directivos\/#primaryimage"},"thumbnailUrl":"https:\/\/kuali.com.mx\/web\/wp-content\/uploads\/2026\/04\/IMSS-reunion-2.jpg","datePublished":"2026-04-23T18:57:38+00:00","dateModified":"2026-04-24T05:17:19+00:00","author":{"@id":"https:\/\/kuali.com.mx\/web\/#\/schema\/person\/6f89ffa8ecba9dae50662357923c5289"},"breadcrumb":{"@id":"https:\/\/kuali.com.mx\/web\/2026\/04\/23\/encabeza-imss-guanajuato-primera-reunion-con-directivos\/#breadcrumb"},"inLanguage":"es","potentialAction":[{"@type":"ReadAction","target":["https:\/\/kuali.com.mx\/web\/2026\/04\/23\/encabeza-imss-guanajuato-primera-reunion-con-directivos\/"]}]},{"@type":"ImageObject","inLanguage":"es","@id":"https:\/\/kuali.com.mx\/web\/2026\/04\/23\/encabeza-imss-guanajuato-primera-reunion-con-directivos\/#primaryimage","url":"https:\/\/kuali.com.mx\/web\/wp-content\/uploads\/2026\/04\/IMSS-reunion-2.jpg","contentUrl":"https:\/\/kuali.com.mx\/web\/wp-content\/uploads\/2026\/04\/IMSS-reunion-2.jpg","width":1864,"height":750},{"@type":"BreadcrumbList","@id":"https:\/\/kuali.com.mx\/web\/2026\/04\/23\/encabeza-imss-guanajuato-primera-reunion-con-directivos\/#breadcrumb","itemListElement":[{"@type":"ListItem","position":1,"name":"Inicio","item":"https:\/\/kuali.com.mx\/web\/"},{"@type":"ListItem","position":2,"name":"ENCABEZA IMSS GUANAJUATO PRIMERA REUNI\u00d3N CON DIRECTIVOS"}]},{"@type":"WebSite","@id":"https:\/\/kuali.com.mx\/web\/#website","url":"https:\/\/kuali.com.mx\/web\/","name":"Kuali","description":"","potentialAction":[{"@type":"SearchAction","target":{"@type":"EntryPoint","urlTemplate":"https:\/\/kuali.com.mx\/web\/?s={search_term_string}"},"query-input":{"@type":"PropertyValueSpecification","valueRequired":true,"valueName":"search_term_string"}}],"inLanguage":"es"},{"@type":"Person","@id":"https:\/\/kuali.com.mx\/web\/#\/schema\/person\/6f89ffa8ecba9dae50662357923c5289","name":"Kuali Staff","image":{"@type":"ImageObject","inLanguage":"es","@id":"https:\/\/secure.gravatar.com\/avatar\/f917ad82e5ab71227a733c78b6e60715476f69ee6be59feee4eb5d9920c89e0f?s=96&d=mm&r=g","url":"https:\/\/secure.gravatar.com\/avatar\/f917ad82e5ab71227a733c78b6e60715476f69ee6be59feee4eb5d9920c89e0f?s=96&d=mm&r=g","contentUrl":"https:\/\/secure.gravatar.com\/avatar\/f917ad82e5ab71227a733c78b6e60715476f69ee6be59feee4eb5d9920c89e0f?s=96&d=mm&r=g","caption":"Kuali Staff"},"url":"https:\/\/kuali.com.mx\/web\/author\/lagarto\/"}]}},"_links":{"self":[{"href":"https:\/\/kuali.com.mx\/web\/wp-json\/wp\/v2\/posts\/202691","targetHints":{"allow":["GET"]}}],"collection":[{"href":"https:\/\/kuali.com.mx\/web\/wp-json\/wp\/v2\/posts"}],"about":[{"href":"https:\/\/kuali.com.mx\/web\/wp-json\/wp\/v2\/types\/post"}],"author":[{"embeddable":true,"href":"https:\/\/kuali.com.mx\/web\/wp-json\/wp\/v2\/users\/2"}],"replies":[{"embeddable":true,"href":"https:\/\/kuali.com.mx\/web\/wp-json\/wp\/v2\/comments?post=202691"}],"version-history":[{"count":2,"href":"https:\/\/kuali.com.mx\/web\/wp-json\/wp\/v2\/posts\/202691\/revisions"}],"predecessor-version":[{"id":202697,"href":"https:\/\/kuali.com.mx\/web\/wp-json\/wp\/v2\/posts\/202691\/revisions\/202697"}],"wp:featuredmedia":[{"embeddable":true,"href":"https:\/\/kuali.com.mx\/web\/wp-json\/wp\/v2\/media\/202695"}],"wp:attachment":[{"href":"https:\/\/kuali.com.mx\/web\/wp-json\/wp\/v2\/media?parent=202691"}],"wp:term":[{"taxonomy":"category","embeddable":true,"href":"https:\/\/kuali.com.mx\/web\/wp-json\/wp\/v2\/categories?post=202691"},{"taxonomy":"post_tag","embeddable":true,"href":"https:\/\/kuali.com.mx\/web\/wp-json\/wp\/v2\/tags?post=202691"}],"curies":[{"name":"wp","href":"https:\/\/api.w.org\/{rel}","templated":true}]}}