{"id":202682,"date":"2026-04-23T18:33:12","date_gmt":"2026-04-24T00:33:12","guid":{"rendered":"https:\/\/kuali.com.mx\/web\/?p=202682"},"modified":"2026-04-23T18:33:17","modified_gmt":"2026-04-24T00:33:17","slug":"clausuran-7-pozos-utilizados-como-fosas-clandestinas","status":"publish","type":"post","link":"https:\/\/kuali.com.mx\/web\/2026\/04\/23\/clausuran-7-pozos-utilizados-como-fosas-clandestinas\/","title":{"rendered":"CLAUSURAN 7 POZOS UTILIZADOS COMO FOSAS CLANDESTINAS"},"content":{"rendered":"\n<p><strong><em>Milagros Tadeo \/ Le\u00f3n, Gto.-\u00a0<\/em><\/strong>El secretario de Gobierno, Jorge Jim\u00e9nez Lona, inform\u00f3 que se han clausurado siete pozos que eran utilizados por el crimen organizado como fosas clandestinas en los municipios de Villagr\u00e1n, Juventino Rosas y Cort\u00e1zar.<\/p>\n\n\n\n<p>Detall\u00f3 que los \u00faltimos pozos sellados se encuentran en Villagr\u00e1n y Santa Cruz de Juventino Rosas, donde fueron extra\u00eddos varios cuerpos.<\/p>\n\n\n\n<p>\u201cSe trabaj\u00f3 en dos pozos; ayer se concluyeron los trabajos en un segundo pozo de la misma zona y dio positivo. En total son cinco pozos clausurados y, con los de ayer, ya suman siete. La Fiscal\u00eda ser\u00e1 quien informe sobre los hallazgos\u201d, se\u00f1al\u00f3.<\/p>\n\n\n\n<p>Jim\u00e9nez Lona agreg\u00f3 que s\u00ed es posible implementar acciones preventivas para evitar que los pozos sean utilizados para depositar cuerpos, aunque reconoci\u00f3 que se trata de un tema complejo que debe revisarse con la Comisi\u00f3n Nacional del Agua (CONAGUA) y con los propietarios.<\/p>\n\n\n\n<p>\u201cPues con CONAGUA y con los propietarios porque todos esos lugares tienen due\u00f1o y sabemos que es un tema complejo por la posible amenaza, pero sin lugar a dudas s\u00ed se puede hacer algo preventivo\u201d, dijo.<\/p>\n\n\n\n<p>Finalmente, resalt\u00f3 que son los pozos que est\u00e1n dentro de la zona Laja-Baj\u00edo los que m\u00e1s son utilizados por la delincuencia para esconder cuerpos.<\/p>\n","protected":false},"excerpt":{"rendered":"Milagros Tadeo \/ Le\u00f3n, Gto.-\u00a0El secretario de Gobierno, Jorge Jim\u00e9nez Lona, inform\u00f3 que se han clausurado siete pozos que eran utilizados por el crimen organizado como fosas clandestinas en los municipios de Villagr\u00e1n, Juventino Rosas y Cort\u00e1zar. Detall\u00f3 que los \u00faltimos pozos sellados se encuentran en Villagr\u00e1n y Santa Cruz de Juventino Rosas, donde fueron [&hellip;]","protected":false},"author":2,"featured_media":202685,"comment_status":"open","ping_status":"open","sticky":false,"template":"","format":"standard","meta":{"_seopress_robots_primary_cat":"none","_seopress_titles_title":"","_seopress_titles_desc":"","_seopress_robots_index":"","_monsterinsights_skip_tracking":false,"_monsterinsights_sitenote_active":false,"_monsterinsights_sitenote_note":"","_monsterinsights_sitenote_category":0,"footnotes":""},"categories":[3,69],"tags":[861,780,358,9,101,336,829],"class_list":["post-202682","post","type-post","status-publish","format-standard","has-post-thumbnail","hentry","category-politica","category-slider","tag-crimen-organizado","tag-delincuencia","tag-fosas-clandestinas","tag-guanajuato","tag-inseguridad","tag-personas-desaparecidas","tag-pozos"],"yoast_head":"<!-- This site is optimized with the Yoast SEO plugin v27.4 - https:\/\/yoast.com\/product\/yoast-seo-wordpress\/ -->\n<title>CLAUSURAN 7 POZOS UTILIZADOS COMO FOSAS CLANDESTINAS - Kuali<\/title>\n<meta name=\"robots\" content=\"index, follow, max-snippet:-1, max-image-preview:large, max-video-preview:-1\" \/>\n<link rel=\"canonical\" href=\"https:\/\/kuali.com.mx\/web\/2026\/04\/23\/clausuran-7-pozos-utilizados-como-fosas-clandestinas\/\" \/>\n<meta property=\"og:locale\" content=\"es_MX\" \/>\n<meta property=\"og:type\" content=\"article\" \/>\n<meta property=\"og:title\" content=\"CLAUSURAN 7 POZOS UTILIZADOS COMO FOSAS CLANDESTINAS - Kuali\" \/>\n<meta property=\"og:description\" content=\"Milagros Tadeo \/ Le\u00f3n, Gto.-\u00a0El secretario de Gobierno, Jorge Jim\u00e9nez Lona, inform\u00f3 que se han clausurado siete pozos que eran utilizados por el crimen organizado como fosas clandestinas en los municipios de Villagr\u00e1n, Juventino Rosas y Cort\u00e1zar. Detall\u00f3 que los \u00faltimos pozos sellados se encuentran en Villagr\u00e1n y Santa Cruz de Juventino Rosas, donde fueron [&hellip;]\" \/>\n<meta property=\"og:url\" content=\"https:\/\/kuali.com.mx\/web\/2026\/04\/23\/clausuran-7-pozos-utilizados-como-fosas-clandestinas\/\" \/>\n<meta property=\"og:site_name\" content=\"Kuali\" \/>\n<meta property=\"article:publisher\" content=\"https:\/\/kuali.com.mx\/web\/wp-content\/uploads\/2018\/04\/cropped-kuali_logo-1-1.png\" \/>\n<meta property=\"article:published_time\" content=\"2026-04-24T00:33:12+00:00\" \/>\n<meta property=\"article:modified_time\" content=\"2026-04-24T00:33:17+00:00\" \/>\n<meta property=\"og:image\" content=\"https:\/\/kuali.com.mx\/web\/wp-content\/uploads\/2026\/04\/Jorge-Lona.jpg\" \/>\n\t<meta property=\"og:image:width\" content=\"1700\" \/>\n\t<meta property=\"og:image:height\" content=\"750\" \/>\n\t<meta property=\"og:image:type\" content=\"image\/jpeg\" \/>\n<meta name=\"author\" content=\"Kuali Staff\" \/>\n<meta name=\"twitter:card\" content=\"summary_large_image\" \/>\n<meta name=\"twitter:creator\" content=\"@kuali_noticias\" \/>\n<meta name=\"twitter:site\" content=\"@kuali_noticias\" \/>\n<meta name=\"twitter:label1\" content=\"Escrito por\" \/>\n\t<meta name=\"twitter:data1\" content=\"Kuali Staff\" \/>\n\t<meta name=\"twitter:label2\" content=\"Tiempo de lectura\" \/>\n\t<meta name=\"twitter:data2\" content=\"1 minuto\" \/>\n<script type=\"application\/ld+json\" class=\"yoast-schema-graph\">{\"@context\":\"https:\\\/\\\/schema.org\",\"@graph\":[{\"@type\":\"Article\",\"@id\":\"https:\\\/\\\/kuali.com.mx\\\/web\\\/2026\\\/04\\\/23\\\/clausuran-7-pozos-utilizados-como-fosas-clandestinas\\\/#article\",\"isPartOf\":{\"@id\":\"https:\\\/\\\/kuali.com.mx\\\/web\\\/2026\\\/04\\\/23\\\/clausuran-7-pozos-utilizados-como-fosas-clandestinas\\\/\"},\"author\":{\"name\":\"Kuali Staff\",\"@id\":\"https:\\\/\\\/kuali.com.mx\\\/web\\\/#\\\/schema\\\/person\\\/6f89ffa8ecba9dae50662357923c5289\"},\"headline\":\"CLAUSURAN 7 POZOS UTILIZADOS COMO FOSAS CLANDESTINAS\",\"datePublished\":\"2026-04-24T00:33:12+00:00\",\"dateModified\":\"2026-04-24T00:33:17+00:00\",\"mainEntityOfPage\":{\"@id\":\"https:\\\/\\\/kuali.com.mx\\\/web\\\/2026\\\/04\\\/23\\\/clausuran-7-pozos-utilizados-como-fosas-clandestinas\\\/\"},\"wordCount\":226,\"commentCount\":0,\"image\":{\"@id\":\"https:\\\/\\\/kuali.com.mx\\\/web\\\/2026\\\/04\\\/23\\\/clausuran-7-pozos-utilizados-como-fosas-clandestinas\\\/#primaryimage\"},\"thumbnailUrl\":\"https:\\\/\\\/kuali.com.mx\\\/web\\\/wp-content\\\/uploads\\\/2026\\\/04\\\/Jorge-Lona.jpg\",\"keywords\":[\"Crimen organizado\",\"Delincuencia\",\"Fosas Clandestinas\",\"Guanajuato\",\"Inseguridad\",\"Personas desaparecidas\",\"Pozos\"],\"articleSection\":[\"Pol\u00edtica\",\"slider\"],\"inLanguage\":\"es\",\"potentialAction\":[{\"@type\":\"CommentAction\",\"name\":\"Comment\",\"target\":[\"https:\\\/\\\/kuali.com.mx\\\/web\\\/2026\\\/04\\\/23\\\/clausuran-7-pozos-utilizados-como-fosas-clandestinas\\\/#respond\"]}]},{\"@type\":\"WebPage\",\"@id\":\"https:\\\/\\\/kuali.com.mx\\\/web\\\/2026\\\/04\\\/23\\\/clausuran-7-pozos-utilizados-como-fosas-clandestinas\\\/\",\"url\":\"https:\\\/\\\/kuali.com.mx\\\/web\\\/2026\\\/04\\\/23\\\/clausuran-7-pozos-utilizados-como-fosas-clandestinas\\\/\",\"name\":\"CLAUSURAN 7 POZOS UTILIZADOS COMO FOSAS CLANDESTINAS - Kuali\",\"isPartOf\":{\"@id\":\"https:\\\/\\\/kuali.com.mx\\\/web\\\/#website\"},\"primaryImageOfPage\":{\"@id\":\"https:\\\/\\\/kuali.com.mx\\\/web\\\/2026\\\/04\\\/23\\\/clausuran-7-pozos-utilizados-como-fosas-clandestinas\\\/#primaryimage\"},\"image\":{\"@id\":\"https:\\\/\\\/kuali.com.mx\\\/web\\\/2026\\\/04\\\/23\\\/clausuran-7-pozos-utilizados-como-fosas-clandestinas\\\/#primaryimage\"},\"thumbnailUrl\":\"https:\\\/\\\/kuali.com.mx\\\/web\\\/wp-content\\\/uploads\\\/2026\\\/04\\\/Jorge-Lona.jpg\",\"datePublished\":\"2026-04-24T00:33:12+00:00\",\"dateModified\":\"2026-04-24T00:33:17+00:00\",\"author\":{\"@id\":\"https:\\\/\\\/kuali.com.mx\\\/web\\\/#\\\/schema\\\/person\\\/6f89ffa8ecba9dae50662357923c5289\"},\"breadcrumb\":{\"@id\":\"https:\\\/\\\/kuali.com.mx\\\/web\\\/2026\\\/04\\\/23\\\/clausuran-7-pozos-utilizados-como-fosas-clandestinas\\\/#breadcrumb\"},\"inLanguage\":\"es\",\"potentialAction\":[{\"@type\":\"ReadAction\",\"target\":[\"https:\\\/\\\/kuali.com.mx\\\/web\\\/2026\\\/04\\\/23\\\/clausuran-7-pozos-utilizados-como-fosas-clandestinas\\\/\"]}]},{\"@type\":\"ImageObject\",\"inLanguage\":\"es\",\"@id\":\"https:\\\/\\\/kuali.com.mx\\\/web\\\/2026\\\/04\\\/23\\\/clausuran-7-pozos-utilizados-como-fosas-clandestinas\\\/#primaryimage\",\"url\":\"https:\\\/\\\/kuali.com.mx\\\/web\\\/wp-content\\\/uploads\\\/2026\\\/04\\\/Jorge-Lona.jpg\",\"contentUrl\":\"https:\\\/\\\/kuali.com.mx\\\/web\\\/wp-content\\\/uploads\\\/2026\\\/04\\\/Jorge-Lona.jpg\",\"width\":1700,\"height\":750},{\"@type\":\"BreadcrumbList\",\"@id\":\"https:\\\/\\\/kuali.com.mx\\\/web\\\/2026\\\/04\\\/23\\\/clausuran-7-pozos-utilizados-como-fosas-clandestinas\\\/#breadcrumb\",\"itemListElement\":[{\"@type\":\"ListItem\",\"position\":1,\"name\":\"Inicio\",\"item\":\"https:\\\/\\\/kuali.com.mx\\\/web\\\/\"},{\"@type\":\"ListItem\",\"position\":2,\"name\":\"CLAUSURAN 7 POZOS UTILIZADOS COMO FOSAS CLANDESTINAS\"}]},{\"@type\":\"WebSite\",\"@id\":\"https:\\\/\\\/kuali.com.mx\\\/web\\\/#website\",\"url\":\"https:\\\/\\\/kuali.com.mx\\\/web\\\/\",\"name\":\"Kuali\",\"description\":\"\",\"potentialAction\":[{\"@type\":\"SearchAction\",\"target\":{\"@type\":\"EntryPoint\",\"urlTemplate\":\"https:\\\/\\\/kuali.com.mx\\\/web\\\/?s={search_term_string}\"},\"query-input\":{\"@type\":\"PropertyValueSpecification\",\"valueRequired\":true,\"valueName\":\"search_term_string\"}}],\"inLanguage\":\"es\"},{\"@type\":\"Person\",\"@id\":\"https:\\\/\\\/kuali.com.mx\\\/web\\\/#\\\/schema\\\/person\\\/6f89ffa8ecba9dae50662357923c5289\",\"name\":\"Kuali Staff\",\"image\":{\"@type\":\"ImageObject\",\"inLanguage\":\"es\",\"@id\":\"https:\\\/\\\/secure.gravatar.com\\\/avatar\\\/f917ad82e5ab71227a733c78b6e60715476f69ee6be59feee4eb5d9920c89e0f?s=96&d=mm&r=g\",\"url\":\"https:\\\/\\\/secure.gravatar.com\\\/avatar\\\/f917ad82e5ab71227a733c78b6e60715476f69ee6be59feee4eb5d9920c89e0f?s=96&d=mm&r=g\",\"contentUrl\":\"https:\\\/\\\/secure.gravatar.com\\\/avatar\\\/f917ad82e5ab71227a733c78b6e60715476f69ee6be59feee4eb5d9920c89e0f?s=96&d=mm&r=g\",\"caption\":\"Kuali Staff\"},\"url\":\"https:\\\/\\\/kuali.com.mx\\\/web\\\/author\\\/lagarto\\\/\"}]}<\/script>\n<!-- \/ Yoast SEO plugin. -->","yoast_head_json":{"title":"CLAUSURAN 7 POZOS UTILIZADOS COMO FOSAS CLANDESTINAS - Kuali","robots":{"index":"index","follow":"follow","max-snippet":"max-snippet:-1","max-image-preview":"max-image-preview:large","max-video-preview":"max-video-preview:-1"},"canonical":"https:\/\/kuali.com.mx\/web\/2026\/04\/23\/clausuran-7-pozos-utilizados-como-fosas-clandestinas\/","og_locale":"es_MX","og_type":"article","og_title":"CLAUSURAN 7 POZOS UTILIZADOS COMO FOSAS CLANDESTINAS - Kuali","og_description":"Milagros Tadeo \/ Le\u00f3n, Gto.-\u00a0El secretario de Gobierno, Jorge Jim\u00e9nez Lona, inform\u00f3 que se han clausurado siete pozos que eran utilizados por el crimen organizado como fosas clandestinas en los municipios de Villagr\u00e1n, Juventino Rosas y Cort\u00e1zar. Detall\u00f3 que los \u00faltimos pozos sellados se encuentran en Villagr\u00e1n y Santa Cruz de Juventino Rosas, donde fueron [&hellip;]","og_url":"https:\/\/kuali.com.mx\/web\/2026\/04\/23\/clausuran-7-pozos-utilizados-como-fosas-clandestinas\/","og_site_name":"Kuali","article_publisher":"https:\/\/kuali.com.mx\/web\/wp-content\/uploads\/2018\/04\/cropped-kuali_logo-1-1.png","article_published_time":"2026-04-24T00:33:12+00:00","article_modified_time":"2026-04-24T00:33:17+00:00","og_image":[{"width":1700,"height":750,"url":"https:\/\/kuali.com.mx\/web\/wp-content\/uploads\/2026\/04\/Jorge-Lona.jpg","type":"image\/jpeg"}],"author":"Kuali Staff","twitter_card":"summary_large_image","twitter_creator":"@kuali_noticias","twitter_site":"@kuali_noticias","twitter_misc":{"Escrito por":"Kuali Staff","Tiempo de lectura":"1 minuto"},"schema":{"@context":"https:\/\/schema.org","@graph":[{"@type":"Article","@id":"https:\/\/kuali.com.mx\/web\/2026\/04\/23\/clausuran-7-pozos-utilizados-como-fosas-clandestinas\/#article","isPartOf":{"@id":"https:\/\/kuali.com.mx\/web\/2026\/04\/23\/clausuran-7-pozos-utilizados-como-fosas-clandestinas\/"},"author":{"name":"Kuali Staff","@id":"https:\/\/kuali.com.mx\/web\/#\/schema\/person\/6f89ffa8ecba9dae50662357923c5289"},"headline":"CLAUSURAN 7 POZOS UTILIZADOS COMO FOSAS CLANDESTINAS","datePublished":"2026-04-24T00:33:12+00:00","dateModified":"2026-04-24T00:33:17+00:00","mainEntityOfPage":{"@id":"https:\/\/kuali.com.mx\/web\/2026\/04\/23\/clausuran-7-pozos-utilizados-como-fosas-clandestinas\/"},"wordCount":226,"commentCount":0,"image":{"@id":"https:\/\/kuali.com.mx\/web\/2026\/04\/23\/clausuran-7-pozos-utilizados-como-fosas-clandestinas\/#primaryimage"},"thumbnailUrl":"https:\/\/kuali.com.mx\/web\/wp-content\/uploads\/2026\/04\/Jorge-Lona.jpg","keywords":["Crimen organizado","Delincuencia","Fosas Clandestinas","Guanajuato","Inseguridad","Personas desaparecidas","Pozos"],"articleSection":["Pol\u00edtica","slider"],"inLanguage":"es","potentialAction":[{"@type":"CommentAction","name":"Comment","target":["https:\/\/kuali.com.mx\/web\/2026\/04\/23\/clausuran-7-pozos-utilizados-como-fosas-clandestinas\/#respond"]}]},{"@type":"WebPage","@id":"https:\/\/kuali.com.mx\/web\/2026\/04\/23\/clausuran-7-pozos-utilizados-como-fosas-clandestinas\/","url":"https:\/\/kuali.com.mx\/web\/2026\/04\/23\/clausuran-7-pozos-utilizados-como-fosas-clandestinas\/","name":"CLAUSURAN 7 POZOS UTILIZADOS COMO FOSAS CLANDESTINAS - Kuali","isPartOf":{"@id":"https:\/\/kuali.com.mx\/web\/#website"},"primaryImageOfPage":{"@id":"https:\/\/kuali.com.mx\/web\/2026\/04\/23\/clausuran-7-pozos-utilizados-como-fosas-clandestinas\/#primaryimage"},"image":{"@id":"https:\/\/kuali.com.mx\/web\/2026\/04\/23\/clausuran-7-pozos-utilizados-como-fosas-clandestinas\/#primaryimage"},"thumbnailUrl":"https:\/\/kuali.com.mx\/web\/wp-content\/uploads\/2026\/04\/Jorge-Lona.jpg","datePublished":"2026-04-24T00:33:12+00:00","dateModified":"2026-04-24T00:33:17+00:00","author":{"@id":"https:\/\/kuali.com.mx\/web\/#\/schema\/person\/6f89ffa8ecba9dae50662357923c5289"},"breadcrumb":{"@id":"https:\/\/kuali.com.mx\/web\/2026\/04\/23\/clausuran-7-pozos-utilizados-como-fosas-clandestinas\/#breadcrumb"},"inLanguage":"es","potentialAction":[{"@type":"ReadAction","target":["https:\/\/kuali.com.mx\/web\/2026\/04\/23\/clausuran-7-pozos-utilizados-como-fosas-clandestinas\/"]}]},{"@type":"ImageObject","inLanguage":"es","@id":"https:\/\/kuali.com.mx\/web\/2026\/04\/23\/clausuran-7-pozos-utilizados-como-fosas-clandestinas\/#primaryimage","url":"https:\/\/kuali.com.mx\/web\/wp-content\/uploads\/2026\/04\/Jorge-Lona.jpg","contentUrl":"https:\/\/kuali.com.mx\/web\/wp-content\/uploads\/2026\/04\/Jorge-Lona.jpg","width":1700,"height":750},{"@type":"BreadcrumbList","@id":"https:\/\/kuali.com.mx\/web\/2026\/04\/23\/clausuran-7-pozos-utilizados-como-fosas-clandestinas\/#breadcrumb","itemListElement":[{"@type":"ListItem","position":1,"name":"Inicio","item":"https:\/\/kuali.com.mx\/web\/"},{"@type":"ListItem","position":2,"name":"CLAUSURAN 7 POZOS UTILIZADOS COMO FOSAS CLANDESTINAS"}]},{"@type":"WebSite","@id":"https:\/\/kuali.com.mx\/web\/#website","url":"https:\/\/kuali.com.mx\/web\/","name":"Kuali","description":"","potentialAction":[{"@type":"SearchAction","target":{"@type":"EntryPoint","urlTemplate":"https:\/\/kuali.com.mx\/web\/?s={search_term_string}"},"query-input":{"@type":"PropertyValueSpecification","valueRequired":true,"valueName":"search_term_string"}}],"inLanguage":"es"},{"@type":"Person","@id":"https:\/\/kuali.com.mx\/web\/#\/schema\/person\/6f89ffa8ecba9dae50662357923c5289","name":"Kuali Staff","image":{"@type":"ImageObject","inLanguage":"es","@id":"https:\/\/secure.gravatar.com\/avatar\/f917ad82e5ab71227a733c78b6e60715476f69ee6be59feee4eb5d9920c89e0f?s=96&d=mm&r=g","url":"https:\/\/secure.gravatar.com\/avatar\/f917ad82e5ab71227a733c78b6e60715476f69ee6be59feee4eb5d9920c89e0f?s=96&d=mm&r=g","contentUrl":"https:\/\/secure.gravatar.com\/avatar\/f917ad82e5ab71227a733c78b6e60715476f69ee6be59feee4eb5d9920c89e0f?s=96&d=mm&r=g","caption":"Kuali Staff"},"url":"https:\/\/kuali.com.mx\/web\/author\/lagarto\/"}]}},"_links":{"self":[{"href":"https:\/\/kuali.com.mx\/web\/wp-json\/wp\/v2\/posts\/202682","targetHints":{"allow":["GET"]}}],"collection":[{"href":"https:\/\/kuali.com.mx\/web\/wp-json\/wp\/v2\/posts"}],"about":[{"href":"https:\/\/kuali.com.mx\/web\/wp-json\/wp\/v2\/types\/post"}],"author":[{"embeddable":true,"href":"https:\/\/kuali.com.mx\/web\/wp-json\/wp\/v2\/users\/2"}],"replies":[{"embeddable":true,"href":"https:\/\/kuali.com.mx\/web\/wp-json\/wp\/v2\/comments?post=202682"}],"version-history":[{"count":1,"href":"https:\/\/kuali.com.mx\/web\/wp-json\/wp\/v2\/posts\/202682\/revisions"}],"predecessor-version":[{"id":202686,"href":"https:\/\/kuali.com.mx\/web\/wp-json\/wp\/v2\/posts\/202682\/revisions\/202686"}],"wp:featuredmedia":[{"embeddable":true,"href":"https:\/\/kuali.com.mx\/web\/wp-json\/wp\/v2\/media\/202685"}],"wp:attachment":[{"href":"https:\/\/kuali.com.mx\/web\/wp-json\/wp\/v2\/media?parent=202682"}],"wp:term":[{"taxonomy":"category","embeddable":true,"href":"https:\/\/kuali.com.mx\/web\/wp-json\/wp\/v2\/categories?post=202682"},{"taxonomy":"post_tag","embeddable":true,"href":"https:\/\/kuali.com.mx\/web\/wp-json\/wp\/v2\/tags?post=202682"}],"curies":[{"name":"wp","href":"https:\/\/api.w.org\/{rel}","templated":true}]}}