{"id":202648,"date":"2026-04-23T08:10:38","date_gmt":"2026-04-23T14:10:38","guid":{"rendered":"https:\/\/kuali.com.mx\/web\/?p=202648"},"modified":"2026-04-23T08:10:41","modified_gmt":"2026-04-23T14:10:41","slug":"iran-afirma-mantener-sus-fuerzas-armadas-en-alerta-maxima","status":"publish","type":"post","link":"https:\/\/kuali.com.mx\/web\/2026\/04\/23\/iran-afirma-mantener-sus-fuerzas-armadas-en-alerta-maxima\/","title":{"rendered":"IR\u00c1N AFIRMA MANTENER SUS FUERZAS ARMADAS EN \u201cALERTA M\u00c1XIMA\u201d"},"content":{"rendered":"\n<p><em><strong>ENCUENTRO CON GOROSITO\u2026<\/strong><\/em><\/p>\n\n\n\n<p>&nbsp;La Rep\u00fablica Isl\u00e1mica de Ir\u00e1n, reafirma plena preparaci\u00f3n para defender su soberan\u00eda ante cualquier amenaza que se pueda presentar. Teher\u00e1n comunic\u00f3 que mantiene a sus fuerzas armadas en situaci\u00f3n de \u201calerta m\u00e1xima\u201d con el objetivo de la defensa de su soberan\u00eda y de agresiones externas que se pudieran presentar.<\/p>\n\n\n\n<p>En Teher\u00e1n, el portavoz de la canciller\u00eda iran\u00ed, Esmail Baghaei, subray\u00f3 que la fuerzas armadas est\u00e1n listas para la defensa decisiva de los intereses y la seguridad nacional. La postura anterior se plantea ante la posibilidad de una ofensiva estadounidense\u2013 israel\u00ed en el caso que fracase el \u201ccese el fuego\u201d para lograr un acuerdo de paz.<\/p>\n\n\n\n<p>Pese a los esfuerzos diplom\u00e1ticos de Pakist\u00e1n para mediar en el conflicto y lograr la paz para la convulsionada regi\u00f3n del Medio Oriente y el Golfo P\u00e9rsico, Teher\u00e1n comunic\u00f3 que su delegaci\u00f3n de negociadores no concurrir\u00e1 a Islamabad (capital de Pakist\u00e1n).<\/p>\n\n\n\n<p>El Primer Ministro paquistan\u00ed, Shehbaz Sharif, realiza grandes esfuerzos con el objetivo de lograr un acuerdo de paz integral, que ponga fin al conflicto.<\/p>\n\n\n\n<p>Seg\u00fan agencias de noticias iran\u00edes, actualmente no existen perspectivas de participaci\u00f3n iran\u00ed en las mesas de di\u00e1logo, porque se considera que la diplomacia se emplear\u00e1 y podr\u00e1 ser realmente efectiva s\u00f3lo cuando existan \u201ccondiciones adecuadas y racionales\u201d, anunci\u00f3 el Gobierno teocr\u00e1tico de la Rep\u00fablica Isl\u00e1mica de Ir\u00e1n.<\/p>\n\n\n\n<p>Esta decisi\u00f3n iran\u00ed surge posterior a la informaci\u00f3n que diera el presidente estadounidense, Donald Trump, sobre la extensi\u00f3n de un alto el fuego supeditada a una propuesta iran\u00ed.<\/p>\n\n\n\n<p>Recordemos que el alto el fuego temporal pactado entre Estados Unidos, Ir\u00e1n e Israel, cuya duraci\u00f3n es de dos semanas, expira oficialmente en la medianoche de hoy mi\u00e9rcoles 22 de abril del 2026.<\/p>\n\n\n\n<p>La decisi\u00f3n del no env\u00edo de los negociadores por parte del r\u00e9gimen de los ayatol\u00e1s, se debe a que Ir\u00e1n sostiene que acept\u00f3 un alto el fuego previo basado en un marco de 10 puntos propuesto por Teher\u00e1n, pero que se han registrado incumplimientos por medio de la contraparte, tras la aceptaci\u00f3n inicial.<\/p>\n\n\n\n<p>Mientras que el portavoz de la canciller\u00eda iran\u00ed, Ismael Baghaei, record\u00f3 que la Rep\u00fablica Isl\u00e1mica de Ir\u00e1n, no inici\u00f3 la guerra y que todas sus acciones gubernamentales se enmarcan en el derecho leg\u00edtimo a responder a las agresiones.<\/p>\n\n\n\n<p>La naci\u00f3n persa por otra parte, asegur\u00f3 que aprovechar\u00e1 todas las instancias legales para exigir responsabilidades a los agresores del territorio iran\u00ed.<\/p>\n\n\n\n<p>En este contexto, el presidente de Ir\u00e1n, Masoud Pezeshkian, afirmo que el Cuerpo de la Guardia Revolucionaria Isl\u00e1mica (CGRI) logr\u00f3 frustrar la conspiraci\u00f3n de sus enemigos, especialmente durante la reciente guerra impuesta por estados Unidos e Israel.<\/p>\n\n\n\n<p>Pezeshkian describi\u00f3 al Cuerpo de la Guardia Revolucionaria Isl\u00e1mica (CGRI)&nbsp; como una instituci\u00f3n surgida del pueblo iran\u00ed que ha sido decisiva en la defensa de la independencia y la seguridad nacional, adapt\u00e1ndose con \u00e9xito a la complejidad de las guerras h\u00edbridas, remarc\u00f3 el mandatario iran\u00ed.<\/p>\n\n\n\n<p>No obstante la Rep\u00fablica Isl\u00e1mica de Ir\u00e1n, enfatiz\u00f3 que sus fuerzas armadas permanecen vigilantes ante cualquier repetici\u00f3n de una ofensiva por parte de la coalici\u00f3n estadounidense- israel\u00ed, enfatizando el \u201ccompromiso iran\u00ed\u201d, con la defensa de la seguridad regional.<\/p>\n\n\n\n<p>&nbsp;&nbsp;&nbsp;&nbsp;&nbsp;&nbsp; \u00a1Hasta el pr\u00f3ximo encuentro\u2026!<\/p>\n\n\n\n<p>\u00a0\u00a0\u00a0\u00a0\u00a0\u00a0\u00a0\u00a0\u00a0\u00a0\u00a0\u00a0\u00a0\u00a0\u00a0\u00a0\u00a0\u00a0\u00a0\u00a0\u00a0\u00a0\u00a0\u00a0\u00a0\u00a0\u00a0\u00a0\u00a0\u00a0\u00a0\u00a0\u00a0\u00a0\u00a0\u00a0\u00a0\u00a0\u00a0\u00a0\u00a0\u00a0\u00a0\u00a0\u00a0\u00a0\u00a0\u00a0\u00a0\u00a0\u00a0\u00a0<em><strong>\u00a0\u00a0 Dr.(c).Washington Daniel Gorosito P\u00e9rez<\/strong><\/em><\/p>\n","protected":false},"excerpt":{"rendered":"ENCUENTRO CON GOROSITO\u2026 &nbsp;La Rep\u00fablica Isl\u00e1mica de Ir\u00e1n, reafirma plena preparaci\u00f3n para defender su soberan\u00eda ante cualquier amenaza que se pueda presentar. Teher\u00e1n comunic\u00f3 que mantiene a sus fuerzas armadas en situaci\u00f3n de \u201calerta m\u00e1xima\u201d con el objetivo de la defensa de su soberan\u00eda y de agresiones externas que se pudieran presentar. En Teher\u00e1n, el [&hellip;]","protected":false},"author":2,"featured_media":202651,"comment_status":"open","ping_status":"open","sticky":false,"template":"","format":"standard","meta":{"_seopress_robots_primary_cat":"none","_seopress_titles_title":"","_seopress_titles_desc":"","_seopress_robots_index":"","_monsterinsights_skip_tracking":false,"_monsterinsights_sitenote_active":false,"_monsterinsights_sitenote_note":"","_monsterinsights_sitenote_category":0,"footnotes":""},"categories":[3],"tags":[],"class_list":["post-202648","post","type-post","status-publish","format-standard","has-post-thumbnail","hentry","category-politica"],"yoast_head":"<!-- This site is optimized with the Yoast SEO plugin v27.4 - https:\/\/yoast.com\/product\/yoast-seo-wordpress\/ -->\n<title>IR\u00c1N AFIRMA MANTENER SUS FUERZAS ARMADAS EN \u201cALERTA M\u00c1XIMA\u201d - Kuali<\/title>\n<meta name=\"robots\" content=\"index, follow, max-snippet:-1, max-image-preview:large, max-video-preview:-1\" \/>\n<link rel=\"canonical\" href=\"https:\/\/kuali.com.mx\/web\/2026\/04\/23\/iran-afirma-mantener-sus-fuerzas-armadas-en-alerta-maxima\/\" \/>\n<meta property=\"og:locale\" content=\"es_MX\" \/>\n<meta property=\"og:type\" content=\"article\" \/>\n<meta property=\"og:title\" content=\"IR\u00c1N AFIRMA MANTENER SUS FUERZAS ARMADAS EN \u201cALERTA M\u00c1XIMA\u201d - Kuali\" \/>\n<meta property=\"og:description\" content=\"ENCUENTRO CON GOROSITO\u2026 &nbsp;La Rep\u00fablica Isl\u00e1mica de Ir\u00e1n, reafirma plena preparaci\u00f3n para defender su soberan\u00eda ante cualquier amenaza que se pueda presentar. Teher\u00e1n comunic\u00f3 que mantiene a sus fuerzas armadas en situaci\u00f3n de \u201calerta m\u00e1xima\u201d con el objetivo de la defensa de su soberan\u00eda y de agresiones externas que se pudieran presentar. En Teher\u00e1n, el [&hellip;]\" \/>\n<meta property=\"og:url\" content=\"https:\/\/kuali.com.mx\/web\/2026\/04\/23\/iran-afirma-mantener-sus-fuerzas-armadas-en-alerta-maxima\/\" \/>\n<meta property=\"og:site_name\" content=\"Kuali\" \/>\n<meta property=\"article:publisher\" content=\"https:\/\/kuali.com.mx\/web\/wp-content\/uploads\/2018\/04\/cropped-kuali_logo-1-1.png\" \/>\n<meta property=\"article:published_time\" content=\"2026-04-23T14:10:38+00:00\" \/>\n<meta property=\"article:modified_time\" content=\"2026-04-23T14:10:41+00:00\" \/>\n<meta property=\"og:image\" content=\"https:\/\/kuali.com.mx\/web\/wp-content\/uploads\/2026\/04\/guardia.jpg\" \/>\n\t<meta property=\"og:image:width\" content=\"1750\" \/>\n\t<meta property=\"og:image:height\" content=\"973\" \/>\n\t<meta property=\"og:image:type\" content=\"image\/jpeg\" \/>\n<meta name=\"author\" content=\"Kuali Staff\" \/>\n<meta name=\"twitter:card\" content=\"summary_large_image\" \/>\n<meta name=\"twitter:creator\" content=\"@kuali_noticias\" \/>\n<meta name=\"twitter:site\" content=\"@kuali_noticias\" \/>\n<meta name=\"twitter:label1\" content=\"Escrito por\" \/>\n\t<meta name=\"twitter:data1\" content=\"Kuali Staff\" \/>\n\t<meta name=\"twitter:label2\" content=\"Tiempo de lectura\" \/>\n\t<meta name=\"twitter:data2\" content=\"3 minutos\" \/>\n<script type=\"application\/ld+json\" class=\"yoast-schema-graph\">{\"@context\":\"https:\\\/\\\/schema.org\",\"@graph\":[{\"@type\":\"Article\",\"@id\":\"https:\\\/\\\/kuali.com.mx\\\/web\\\/2026\\\/04\\\/23\\\/iran-afirma-mantener-sus-fuerzas-armadas-en-alerta-maxima\\\/#article\",\"isPartOf\":{\"@id\":\"https:\\\/\\\/kuali.com.mx\\\/web\\\/2026\\\/04\\\/23\\\/iran-afirma-mantener-sus-fuerzas-armadas-en-alerta-maxima\\\/\"},\"author\":{\"name\":\"Kuali Staff\",\"@id\":\"https:\\\/\\\/kuali.com.mx\\\/web\\\/#\\\/schema\\\/person\\\/6f89ffa8ecba9dae50662357923c5289\"},\"headline\":\"IR\u00c1N AFIRMA MANTENER SUS FUERZAS ARMADAS EN \u201cALERTA M\u00c1XIMA\u201d\",\"datePublished\":\"2026-04-23T14:10:38+00:00\",\"dateModified\":\"2026-04-23T14:10:41+00:00\",\"mainEntityOfPage\":{\"@id\":\"https:\\\/\\\/kuali.com.mx\\\/web\\\/2026\\\/04\\\/23\\\/iran-afirma-mantener-sus-fuerzas-armadas-en-alerta-maxima\\\/\"},\"wordCount\":601,\"commentCount\":0,\"image\":{\"@id\":\"https:\\\/\\\/kuali.com.mx\\\/web\\\/2026\\\/04\\\/23\\\/iran-afirma-mantener-sus-fuerzas-armadas-en-alerta-maxima\\\/#primaryimage\"},\"thumbnailUrl\":\"https:\\\/\\\/kuali.com.mx\\\/web\\\/wp-content\\\/uploads\\\/2026\\\/04\\\/guardia.jpg\",\"articleSection\":[\"Pol\u00edtica\"],\"inLanguage\":\"es\",\"potentialAction\":[{\"@type\":\"CommentAction\",\"name\":\"Comment\",\"target\":[\"https:\\\/\\\/kuali.com.mx\\\/web\\\/2026\\\/04\\\/23\\\/iran-afirma-mantener-sus-fuerzas-armadas-en-alerta-maxima\\\/#respond\"]}]},{\"@type\":\"WebPage\",\"@id\":\"https:\\\/\\\/kuali.com.mx\\\/web\\\/2026\\\/04\\\/23\\\/iran-afirma-mantener-sus-fuerzas-armadas-en-alerta-maxima\\\/\",\"url\":\"https:\\\/\\\/kuali.com.mx\\\/web\\\/2026\\\/04\\\/23\\\/iran-afirma-mantener-sus-fuerzas-armadas-en-alerta-maxima\\\/\",\"name\":\"IR\u00c1N AFIRMA MANTENER SUS FUERZAS ARMADAS EN \u201cALERTA M\u00c1XIMA\u201d - Kuali\",\"isPartOf\":{\"@id\":\"https:\\\/\\\/kuali.com.mx\\\/web\\\/#website\"},\"primaryImageOfPage\":{\"@id\":\"https:\\\/\\\/kuali.com.mx\\\/web\\\/2026\\\/04\\\/23\\\/iran-afirma-mantener-sus-fuerzas-armadas-en-alerta-maxima\\\/#primaryimage\"},\"image\":{\"@id\":\"https:\\\/\\\/kuali.com.mx\\\/web\\\/2026\\\/04\\\/23\\\/iran-afirma-mantener-sus-fuerzas-armadas-en-alerta-maxima\\\/#primaryimage\"},\"thumbnailUrl\":\"https:\\\/\\\/kuali.com.mx\\\/web\\\/wp-content\\\/uploads\\\/2026\\\/04\\\/guardia.jpg\",\"datePublished\":\"2026-04-23T14:10:38+00:00\",\"dateModified\":\"2026-04-23T14:10:41+00:00\",\"author\":{\"@id\":\"https:\\\/\\\/kuali.com.mx\\\/web\\\/#\\\/schema\\\/person\\\/6f89ffa8ecba9dae50662357923c5289\"},\"breadcrumb\":{\"@id\":\"https:\\\/\\\/kuali.com.mx\\\/web\\\/2026\\\/04\\\/23\\\/iran-afirma-mantener-sus-fuerzas-armadas-en-alerta-maxima\\\/#breadcrumb\"},\"inLanguage\":\"es\",\"potentialAction\":[{\"@type\":\"ReadAction\",\"target\":[\"https:\\\/\\\/kuali.com.mx\\\/web\\\/2026\\\/04\\\/23\\\/iran-afirma-mantener-sus-fuerzas-armadas-en-alerta-maxima\\\/\"]}]},{\"@type\":\"ImageObject\",\"inLanguage\":\"es\",\"@id\":\"https:\\\/\\\/kuali.com.mx\\\/web\\\/2026\\\/04\\\/23\\\/iran-afirma-mantener-sus-fuerzas-armadas-en-alerta-maxima\\\/#primaryimage\",\"url\":\"https:\\\/\\\/kuali.com.mx\\\/web\\\/wp-content\\\/uploads\\\/2026\\\/04\\\/guardia.jpg\",\"contentUrl\":\"https:\\\/\\\/kuali.com.mx\\\/web\\\/wp-content\\\/uploads\\\/2026\\\/04\\\/guardia.jpg\",\"width\":1750,\"height\":973},{\"@type\":\"BreadcrumbList\",\"@id\":\"https:\\\/\\\/kuali.com.mx\\\/web\\\/2026\\\/04\\\/23\\\/iran-afirma-mantener-sus-fuerzas-armadas-en-alerta-maxima\\\/#breadcrumb\",\"itemListElement\":[{\"@type\":\"ListItem\",\"position\":1,\"name\":\"Inicio\",\"item\":\"https:\\\/\\\/kuali.com.mx\\\/web\\\/\"},{\"@type\":\"ListItem\",\"position\":2,\"name\":\"IR\u00c1N AFIRMA MANTENER SUS FUERZAS ARMADAS EN \u201cALERTA M\u00c1XIMA\u201d\"}]},{\"@type\":\"WebSite\",\"@id\":\"https:\\\/\\\/kuali.com.mx\\\/web\\\/#website\",\"url\":\"https:\\\/\\\/kuali.com.mx\\\/web\\\/\",\"name\":\"Kuali\",\"description\":\"\",\"potentialAction\":[{\"@type\":\"SearchAction\",\"target\":{\"@type\":\"EntryPoint\",\"urlTemplate\":\"https:\\\/\\\/kuali.com.mx\\\/web\\\/?s={search_term_string}\"},\"query-input\":{\"@type\":\"PropertyValueSpecification\",\"valueRequired\":true,\"valueName\":\"search_term_string\"}}],\"inLanguage\":\"es\"},{\"@type\":\"Person\",\"@id\":\"https:\\\/\\\/kuali.com.mx\\\/web\\\/#\\\/schema\\\/person\\\/6f89ffa8ecba9dae50662357923c5289\",\"name\":\"Kuali Staff\",\"image\":{\"@type\":\"ImageObject\",\"inLanguage\":\"es\",\"@id\":\"https:\\\/\\\/secure.gravatar.com\\\/avatar\\\/f917ad82e5ab71227a733c78b6e60715476f69ee6be59feee4eb5d9920c89e0f?s=96&d=mm&r=g\",\"url\":\"https:\\\/\\\/secure.gravatar.com\\\/avatar\\\/f917ad82e5ab71227a733c78b6e60715476f69ee6be59feee4eb5d9920c89e0f?s=96&d=mm&r=g\",\"contentUrl\":\"https:\\\/\\\/secure.gravatar.com\\\/avatar\\\/f917ad82e5ab71227a733c78b6e60715476f69ee6be59feee4eb5d9920c89e0f?s=96&d=mm&r=g\",\"caption\":\"Kuali Staff\"},\"url\":\"https:\\\/\\\/kuali.com.mx\\\/web\\\/author\\\/lagarto\\\/\"}]}<\/script>\n<!-- \/ Yoast SEO plugin. -->","yoast_head_json":{"title":"IR\u00c1N AFIRMA MANTENER SUS FUERZAS ARMADAS EN \u201cALERTA M\u00c1XIMA\u201d - Kuali","robots":{"index":"index","follow":"follow","max-snippet":"max-snippet:-1","max-image-preview":"max-image-preview:large","max-video-preview":"max-video-preview:-1"},"canonical":"https:\/\/kuali.com.mx\/web\/2026\/04\/23\/iran-afirma-mantener-sus-fuerzas-armadas-en-alerta-maxima\/","og_locale":"es_MX","og_type":"article","og_title":"IR\u00c1N AFIRMA MANTENER SUS FUERZAS ARMADAS EN \u201cALERTA M\u00c1XIMA\u201d - Kuali","og_description":"ENCUENTRO CON GOROSITO\u2026 &nbsp;La Rep\u00fablica Isl\u00e1mica de Ir\u00e1n, reafirma plena preparaci\u00f3n para defender su soberan\u00eda ante cualquier amenaza que se pueda presentar. Teher\u00e1n comunic\u00f3 que mantiene a sus fuerzas armadas en situaci\u00f3n de \u201calerta m\u00e1xima\u201d con el objetivo de la defensa de su soberan\u00eda y de agresiones externas que se pudieran presentar. En Teher\u00e1n, el [&hellip;]","og_url":"https:\/\/kuali.com.mx\/web\/2026\/04\/23\/iran-afirma-mantener-sus-fuerzas-armadas-en-alerta-maxima\/","og_site_name":"Kuali","article_publisher":"https:\/\/kuali.com.mx\/web\/wp-content\/uploads\/2018\/04\/cropped-kuali_logo-1-1.png","article_published_time":"2026-04-23T14:10:38+00:00","article_modified_time":"2026-04-23T14:10:41+00:00","og_image":[{"width":1750,"height":973,"url":"https:\/\/kuali.com.mx\/web\/wp-content\/uploads\/2026\/04\/guardia.jpg","type":"image\/jpeg"}],"author":"Kuali Staff","twitter_card":"summary_large_image","twitter_creator":"@kuali_noticias","twitter_site":"@kuali_noticias","twitter_misc":{"Escrito por":"Kuali Staff","Tiempo de lectura":"3 minutos"},"schema":{"@context":"https:\/\/schema.org","@graph":[{"@type":"Article","@id":"https:\/\/kuali.com.mx\/web\/2026\/04\/23\/iran-afirma-mantener-sus-fuerzas-armadas-en-alerta-maxima\/#article","isPartOf":{"@id":"https:\/\/kuali.com.mx\/web\/2026\/04\/23\/iran-afirma-mantener-sus-fuerzas-armadas-en-alerta-maxima\/"},"author":{"name":"Kuali Staff","@id":"https:\/\/kuali.com.mx\/web\/#\/schema\/person\/6f89ffa8ecba9dae50662357923c5289"},"headline":"IR\u00c1N AFIRMA MANTENER SUS FUERZAS ARMADAS EN \u201cALERTA M\u00c1XIMA\u201d","datePublished":"2026-04-23T14:10:38+00:00","dateModified":"2026-04-23T14:10:41+00:00","mainEntityOfPage":{"@id":"https:\/\/kuali.com.mx\/web\/2026\/04\/23\/iran-afirma-mantener-sus-fuerzas-armadas-en-alerta-maxima\/"},"wordCount":601,"commentCount":0,"image":{"@id":"https:\/\/kuali.com.mx\/web\/2026\/04\/23\/iran-afirma-mantener-sus-fuerzas-armadas-en-alerta-maxima\/#primaryimage"},"thumbnailUrl":"https:\/\/kuali.com.mx\/web\/wp-content\/uploads\/2026\/04\/guardia.jpg","articleSection":["Pol\u00edtica"],"inLanguage":"es","potentialAction":[{"@type":"CommentAction","name":"Comment","target":["https:\/\/kuali.com.mx\/web\/2026\/04\/23\/iran-afirma-mantener-sus-fuerzas-armadas-en-alerta-maxima\/#respond"]}]},{"@type":"WebPage","@id":"https:\/\/kuali.com.mx\/web\/2026\/04\/23\/iran-afirma-mantener-sus-fuerzas-armadas-en-alerta-maxima\/","url":"https:\/\/kuali.com.mx\/web\/2026\/04\/23\/iran-afirma-mantener-sus-fuerzas-armadas-en-alerta-maxima\/","name":"IR\u00c1N AFIRMA MANTENER SUS FUERZAS ARMADAS EN \u201cALERTA M\u00c1XIMA\u201d - Kuali","isPartOf":{"@id":"https:\/\/kuali.com.mx\/web\/#website"},"primaryImageOfPage":{"@id":"https:\/\/kuali.com.mx\/web\/2026\/04\/23\/iran-afirma-mantener-sus-fuerzas-armadas-en-alerta-maxima\/#primaryimage"},"image":{"@id":"https:\/\/kuali.com.mx\/web\/2026\/04\/23\/iran-afirma-mantener-sus-fuerzas-armadas-en-alerta-maxima\/#primaryimage"},"thumbnailUrl":"https:\/\/kuali.com.mx\/web\/wp-content\/uploads\/2026\/04\/guardia.jpg","datePublished":"2026-04-23T14:10:38+00:00","dateModified":"2026-04-23T14:10:41+00:00","author":{"@id":"https:\/\/kuali.com.mx\/web\/#\/schema\/person\/6f89ffa8ecba9dae50662357923c5289"},"breadcrumb":{"@id":"https:\/\/kuali.com.mx\/web\/2026\/04\/23\/iran-afirma-mantener-sus-fuerzas-armadas-en-alerta-maxima\/#breadcrumb"},"inLanguage":"es","potentialAction":[{"@type":"ReadAction","target":["https:\/\/kuali.com.mx\/web\/2026\/04\/23\/iran-afirma-mantener-sus-fuerzas-armadas-en-alerta-maxima\/"]}]},{"@type":"ImageObject","inLanguage":"es","@id":"https:\/\/kuali.com.mx\/web\/2026\/04\/23\/iran-afirma-mantener-sus-fuerzas-armadas-en-alerta-maxima\/#primaryimage","url":"https:\/\/kuali.com.mx\/web\/wp-content\/uploads\/2026\/04\/guardia.jpg","contentUrl":"https:\/\/kuali.com.mx\/web\/wp-content\/uploads\/2026\/04\/guardia.jpg","width":1750,"height":973},{"@type":"BreadcrumbList","@id":"https:\/\/kuali.com.mx\/web\/2026\/04\/23\/iran-afirma-mantener-sus-fuerzas-armadas-en-alerta-maxima\/#breadcrumb","itemListElement":[{"@type":"ListItem","position":1,"name":"Inicio","item":"https:\/\/kuali.com.mx\/web\/"},{"@type":"ListItem","position":2,"name":"IR\u00c1N AFIRMA MANTENER SUS FUERZAS ARMADAS EN \u201cALERTA M\u00c1XIMA\u201d"}]},{"@type":"WebSite","@id":"https:\/\/kuali.com.mx\/web\/#website","url":"https:\/\/kuali.com.mx\/web\/","name":"Kuali","description":"","potentialAction":[{"@type":"SearchAction","target":{"@type":"EntryPoint","urlTemplate":"https:\/\/kuali.com.mx\/web\/?s={search_term_string}"},"query-input":{"@type":"PropertyValueSpecification","valueRequired":true,"valueName":"search_term_string"}}],"inLanguage":"es"},{"@type":"Person","@id":"https:\/\/kuali.com.mx\/web\/#\/schema\/person\/6f89ffa8ecba9dae50662357923c5289","name":"Kuali Staff","image":{"@type":"ImageObject","inLanguage":"es","@id":"https:\/\/secure.gravatar.com\/avatar\/f917ad82e5ab71227a733c78b6e60715476f69ee6be59feee4eb5d9920c89e0f?s=96&d=mm&r=g","url":"https:\/\/secure.gravatar.com\/avatar\/f917ad82e5ab71227a733c78b6e60715476f69ee6be59feee4eb5d9920c89e0f?s=96&d=mm&r=g","contentUrl":"https:\/\/secure.gravatar.com\/avatar\/f917ad82e5ab71227a733c78b6e60715476f69ee6be59feee4eb5d9920c89e0f?s=96&d=mm&r=g","caption":"Kuali Staff"},"url":"https:\/\/kuali.com.mx\/web\/author\/lagarto\/"}]}},"_links":{"self":[{"href":"https:\/\/kuali.com.mx\/web\/wp-json\/wp\/v2\/posts\/202648","targetHints":{"allow":["GET"]}}],"collection":[{"href":"https:\/\/kuali.com.mx\/web\/wp-json\/wp\/v2\/posts"}],"about":[{"href":"https:\/\/kuali.com.mx\/web\/wp-json\/wp\/v2\/types\/post"}],"author":[{"embeddable":true,"href":"https:\/\/kuali.com.mx\/web\/wp-json\/wp\/v2\/users\/2"}],"replies":[{"embeddable":true,"href":"https:\/\/kuali.com.mx\/web\/wp-json\/wp\/v2\/comments?post=202648"}],"version-history":[{"count":1,"href":"https:\/\/kuali.com.mx\/web\/wp-json\/wp\/v2\/posts\/202648\/revisions"}],"predecessor-version":[{"id":202652,"href":"https:\/\/kuali.com.mx\/web\/wp-json\/wp\/v2\/posts\/202648\/revisions\/202652"}],"wp:featuredmedia":[{"embeddable":true,"href":"https:\/\/kuali.com.mx\/web\/wp-json\/wp\/v2\/media\/202651"}],"wp:attachment":[{"href":"https:\/\/kuali.com.mx\/web\/wp-json\/wp\/v2\/media?parent=202648"}],"wp:term":[{"taxonomy":"category","embeddable":true,"href":"https:\/\/kuali.com.mx\/web\/wp-json\/wp\/v2\/categories?post=202648"},{"taxonomy":"post_tag","embeddable":true,"href":"https:\/\/kuali.com.mx\/web\/wp-json\/wp\/v2\/tags?post=202648"}],"curies":[{"name":"wp","href":"https:\/\/api.w.org\/{rel}","templated":true}]}}