{"id":202579,"date":"2026-04-22T17:42:35","date_gmt":"2026-04-22T23:42:35","guid":{"rendered":"https:\/\/kuali.com.mx\/web\/?p=202579"},"modified":"2026-04-22T21:12:05","modified_gmt":"2026-04-23T03:12:05","slug":"pan-esta-unido-y-con-rumbo-claro-aldo","status":"publish","type":"post","link":"https:\/\/kuali.com.mx\/web\/2026\/04\/22\/pan-esta-unido-y-con-rumbo-claro-aldo\/","title":{"rendered":"PAN EST\u00c1 UNIDO Y CON RUMBO CLARO: ALDO"},"content":{"rendered":"\n<p><strong>Milagros Tadeo\/Le\u00f3n, Gto.<\/strong>&nbsp;\u2013 Tras la salida de la alcaldesa de Le\u00f3n, Alejandra Guti\u00e9rrez Campos, del Partido Acci\u00f3n Nacional (PAN), el dirigente estatal Aldo M\u00e1rquez Becerra, asegur\u00f3 que las candidaturas no se negocian ni condicionan.<\/p>\n\n\n\n<p>El l\u00edder panista subray\u00f3 que el instituto pol\u00edtico no antepone intereses personales ni presiones de grupo sobre el proyecto de bien com\u00fan, y reiter\u00f3 que el partido se mantiene unido y con rumbo claro, tras la renuncia de Alejandra Guti\u00e9rrez quien condicion\u00f3 su permanencia a cambio de imponer a Allan M\u00e1rquez como candidato a la alcald\u00eda de Le\u00f3n.<\/p>\n\n\n\n<iframe loading=\"lazy\" src=\"https:\/\/www.facebook.com\/plugins\/video.php?height=476&href=https%3A%2F%2Fwww.facebook.com%2Freel%2F1480930300355689%2F&show_text=false&width=267&t=0\" width=\"267\" height=\"476\" style=\"border:none;overflow:hidden\" scrolling=\"no\" frameborder=\"0\" allowfullscreen=\"true\" allow=\"autoplay; clipboard-write; encrypted-media; picture-in-picture; web-share\" allowFullScreen=\"true\"><\/iframe>\n\n\n\n<p>\u201cLa selecci\u00f3n de las candidaturas rumbo al 2027 deber\u00e1n estar siempre respaldadas por la ciudadan\u00eda, no ser\u00e1 un tema en el que a trav\u00e9s de decisiones de la dirigencia o que a trav\u00e9s de amagues o presiones o de intereses particulares pues est\u00e9n dando las candidaturas, \u00bfno? En el PAN se termin\u00f3 la discrecionalidad y hoy el PAN est\u00e1 abierto, abierto a la ciudadan\u00eda, abierto a quien quiera trabajar, a quien quiera sumar por su municipio, por sus distritos y que tengan esa pues firme convicci\u00f3n\u201d, dijo.<\/p>\n\n\n\n<figure class=\"wp-block-embed is-type-wp-embed is-provider-kuali wp-block-embed-kuali\"><div class=\"wp-block-embed__wrapper\">\n<blockquote class=\"wp-embedded-content\" data-secret=\"u0oULrJfLI\"><a href=\"https:\/\/kuali.com.mx\/web\/2026\/04\/22\/renuncia-alejandra-gutierrez-al-pan\/\">RENUNCIA ALEJANDRA GUTI\u00c9RREZ AL PAN<\/a><\/blockquote><iframe loading=\"lazy\" class=\"wp-embedded-content\" sandbox=\"allow-scripts\" security=\"restricted\" style=\"position: absolute; visibility: hidden;\" title=\"&#8220;RENUNCIA ALEJANDRA GUTI\u00c9RREZ AL PAN&#8221; &#8212; Kuali\" src=\"https:\/\/kuali.com.mx\/web\/2026\/04\/22\/renuncia-alejandra-gutierrez-al-pan\/embed\/#?secret=5PaRkRXXRi#?secret=u0oULrJfLI\" data-secret=\"u0oULrJfLI\" width=\"600\" height=\"338\" frameborder=\"0\" marginwidth=\"0\" marginheight=\"0\" scrolling=\"no\"><\/iframe>\n<\/div><\/figure>\n\n\n\n<p>El l\u00edder panista subray\u00f3 que el instituto pol\u00edtico no antepone intereses personales ni presiones de grupo sobre el proyecto de bien com\u00fan, y reiter\u00f3 que el partido se mantiene unido y con rumbo claro.<\/p>\n\n\n\n<p>Respecto al futuro pol\u00edtico, M\u00e1rquez adelant\u00f3 que las candidaturas rumbo a 2027 estar\u00e1n respaldadas por la ciudadan\u00eda y no por decisiones discrecionales de la dirigencia.<\/p>\n\n\n\n<p>\u201cLas candidaturas no se negocian ni se condicionan. Ser\u00e1 la ciudadan\u00eda quien defina los mejores perfiles. El PAN est\u00e1 abierto a quienes quieran sumar por sus municipios y distritos\u201d, puntualiz\u00f3.<\/p>\n\n\n\n<p>Asimismo, asegur\u00f3 que la exigencia de transparencia y rendici\u00f3n de cuentas dentro del partido \u201cno es negociable\u201d y se aplicar\u00e1 sin excepciones en el PAN, esto al existir una investigaci\u00f3n por presuntas irregularidades en la contrataci\u00f3n de una empresa Office and Publicity.<\/p>\n\n\n\n<p>\u201cEn este momento, donde la ciudadan\u00eda exige legalidad y verdad, en el PAN la rendici\u00f3n de cuentas no se negocia. No seremos permisivos y cuando exista alg\u00fan tema se investigar\u00e1 a fondo\u201d, afirm\u00f3 M\u00e1rquez.<\/p>\n","protected":false},"excerpt":{"rendered":"Milagros Tadeo\/Le\u00f3n, Gto.&nbsp;\u2013 Tras la salida de la alcaldesa de Le\u00f3n, Alejandra Guti\u00e9rrez Campos, del Partido Acci\u00f3n Nacional (PAN), el dirigente estatal Aldo M\u00e1rquez Becerra, asegur\u00f3 que las candidaturas no se negocian ni condicionan. El l\u00edder panista subray\u00f3 que el instituto pol\u00edtico no antepone intereses personales ni presiones de grupo sobre el proyecto de bien [&hellip;]","protected":false},"author":2,"featured_media":188011,"comment_status":"open","ping_status":"open","sticky":false,"template":"","format":"standard","meta":{"_seopress_robots_primary_cat":"none","_seopress_titles_title":"","_seopress_titles_desc":"","_seopress_robots_index":"","_monsterinsights_skip_tracking":false,"_monsterinsights_sitenote_active":false,"_monsterinsights_sitenote_note":"","_monsterinsights_sitenote_category":0,"footnotes":""},"categories":[3],"tags":[5751,114,6625,9,91,196],"class_list":["post-202579","post","type-post","status-publish","format-standard","has-post-thumbnail","hentry","category-politica","tag-aldo-marquez-becerra","tag-alejandra-gutierrez-campos","tag-dirigencias-partidistas","tag-guanajuato","tag-pan","tag-politica"],"yoast_head":"<!-- This site is optimized with the Yoast SEO plugin v27.4 - https:\/\/yoast.com\/product\/yoast-seo-wordpress\/ -->\n<title>PAN EST\u00c1 UNIDO Y CON RUMBO CLARO: ALDO - Kuali<\/title>\n<meta name=\"robots\" content=\"index, follow, max-snippet:-1, max-image-preview:large, max-video-preview:-1\" \/>\n<link rel=\"canonical\" href=\"https:\/\/kuali.com.mx\/web\/2026\/04\/22\/pan-esta-unido-y-con-rumbo-claro-aldo\/\" \/>\n<meta property=\"og:locale\" content=\"es_MX\" \/>\n<meta property=\"og:type\" content=\"article\" \/>\n<meta property=\"og:title\" content=\"PAN EST\u00c1 UNIDO Y CON RUMBO CLARO: ALDO - Kuali\" \/>\n<meta property=\"og:description\" content=\"Milagros Tadeo\/Le\u00f3n, Gto.&nbsp;\u2013 Tras la salida de la alcaldesa de Le\u00f3n, Alejandra Guti\u00e9rrez Campos, del Partido Acci\u00f3n Nacional (PAN), el dirigente estatal Aldo M\u00e1rquez Becerra, asegur\u00f3 que las candidaturas no se negocian ni condicionan. El l\u00edder panista subray\u00f3 que el instituto pol\u00edtico no antepone intereses personales ni presiones de grupo sobre el proyecto de bien [&hellip;]\" \/>\n<meta property=\"og:url\" content=\"https:\/\/kuali.com.mx\/web\/2026\/04\/22\/pan-esta-unido-y-con-rumbo-claro-aldo\/\" \/>\n<meta property=\"og:site_name\" content=\"Kuali\" \/>\n<meta property=\"article:publisher\" content=\"https:\/\/kuali.com.mx\/web\/wp-content\/uploads\/2018\/04\/cropped-kuali_logo-1-1.png\" \/>\n<meta property=\"article:published_time\" content=\"2026-04-22T23:42:35+00:00\" \/>\n<meta property=\"article:modified_time\" content=\"2026-04-23T03:12:05+00:00\" \/>\n<meta property=\"og:image\" content=\"https:\/\/kuali.com.mx\/web\/wp-content\/uploads\/2025\/10\/Aldo-Marquez-Becerra.gif\" \/>\n\t<meta property=\"og:image:width\" content=\"1700\" \/>\n\t<meta property=\"og:image:height\" content=\"750\" \/>\n\t<meta property=\"og:image:type\" content=\"image\/gif\" \/>\n<meta name=\"author\" content=\"Kuali Staff\" \/>\n<meta name=\"twitter:card\" content=\"summary_large_image\" \/>\n<meta name=\"twitter:creator\" content=\"@kuali_noticias\" \/>\n<meta name=\"twitter:site\" content=\"@kuali_noticias\" \/>\n<meta name=\"twitter:label1\" content=\"Escrito por\" \/>\n\t<meta name=\"twitter:data1\" content=\"Kuali Staff\" \/>\n\t<meta name=\"twitter:label2\" content=\"Tiempo de lectura\" \/>\n\t<meta name=\"twitter:data2\" content=\"2 minutos\" \/>\n<script type=\"application\/ld+json\" class=\"yoast-schema-graph\">{\"@context\":\"https:\\\/\\\/schema.org\",\"@graph\":[{\"@type\":\"Article\",\"@id\":\"https:\\\/\\\/kuali.com.mx\\\/web\\\/2026\\\/04\\\/22\\\/pan-esta-unido-y-con-rumbo-claro-aldo\\\/#article\",\"isPartOf\":{\"@id\":\"https:\\\/\\\/kuali.com.mx\\\/web\\\/2026\\\/04\\\/22\\\/pan-esta-unido-y-con-rumbo-claro-aldo\\\/\"},\"author\":{\"name\":\"Kuali Staff\",\"@id\":\"https:\\\/\\\/kuali.com.mx\\\/web\\\/#\\\/schema\\\/person\\\/6f89ffa8ecba9dae50662357923c5289\"},\"headline\":\"PAN EST\u00c1 UNIDO Y CON RUMBO CLARO: ALDO\",\"datePublished\":\"2026-04-22T23:42:35+00:00\",\"dateModified\":\"2026-04-23T03:12:05+00:00\",\"mainEntityOfPage\":{\"@id\":\"https:\\\/\\\/kuali.com.mx\\\/web\\\/2026\\\/04\\\/22\\\/pan-esta-unido-y-con-rumbo-claro-aldo\\\/\"},\"wordCount\":393,\"commentCount\":0,\"image\":{\"@id\":\"https:\\\/\\\/kuali.com.mx\\\/web\\\/2026\\\/04\\\/22\\\/pan-esta-unido-y-con-rumbo-claro-aldo\\\/#primaryimage\"},\"thumbnailUrl\":\"https:\\\/\\\/kuali.com.mx\\\/web\\\/wp-content\\\/uploads\\\/2025\\\/10\\\/Aldo-Marquez-Becerra.gif\",\"keywords\":[\"Aldo M\u00e1rquez Becerra\",\"Alejandra Guti\u00e9rrez Campos\",\"Dirigencias partidistas\",\"Guanajuato\",\"PAN\",\"Pol\u00edtica\"],\"articleSection\":[\"Pol\u00edtica\"],\"inLanguage\":\"es\",\"potentialAction\":[{\"@type\":\"CommentAction\",\"name\":\"Comment\",\"target\":[\"https:\\\/\\\/kuali.com.mx\\\/web\\\/2026\\\/04\\\/22\\\/pan-esta-unido-y-con-rumbo-claro-aldo\\\/#respond\"]}]},{\"@type\":\"WebPage\",\"@id\":\"https:\\\/\\\/kuali.com.mx\\\/web\\\/2026\\\/04\\\/22\\\/pan-esta-unido-y-con-rumbo-claro-aldo\\\/\",\"url\":\"https:\\\/\\\/kuali.com.mx\\\/web\\\/2026\\\/04\\\/22\\\/pan-esta-unido-y-con-rumbo-claro-aldo\\\/\",\"name\":\"PAN EST\u00c1 UNIDO Y CON RUMBO CLARO: ALDO - Kuali\",\"isPartOf\":{\"@id\":\"https:\\\/\\\/kuali.com.mx\\\/web\\\/#website\"},\"primaryImageOfPage\":{\"@id\":\"https:\\\/\\\/kuali.com.mx\\\/web\\\/2026\\\/04\\\/22\\\/pan-esta-unido-y-con-rumbo-claro-aldo\\\/#primaryimage\"},\"image\":{\"@id\":\"https:\\\/\\\/kuali.com.mx\\\/web\\\/2026\\\/04\\\/22\\\/pan-esta-unido-y-con-rumbo-claro-aldo\\\/#primaryimage\"},\"thumbnailUrl\":\"https:\\\/\\\/kuali.com.mx\\\/web\\\/wp-content\\\/uploads\\\/2025\\\/10\\\/Aldo-Marquez-Becerra.gif\",\"datePublished\":\"2026-04-22T23:42:35+00:00\",\"dateModified\":\"2026-04-23T03:12:05+00:00\",\"author\":{\"@id\":\"https:\\\/\\\/kuali.com.mx\\\/web\\\/#\\\/schema\\\/person\\\/6f89ffa8ecba9dae50662357923c5289\"},\"breadcrumb\":{\"@id\":\"https:\\\/\\\/kuali.com.mx\\\/web\\\/2026\\\/04\\\/22\\\/pan-esta-unido-y-con-rumbo-claro-aldo\\\/#breadcrumb\"},\"inLanguage\":\"es\",\"potentialAction\":[{\"@type\":\"ReadAction\",\"target\":[\"https:\\\/\\\/kuali.com.mx\\\/web\\\/2026\\\/04\\\/22\\\/pan-esta-unido-y-con-rumbo-claro-aldo\\\/\"]}]},{\"@type\":\"ImageObject\",\"inLanguage\":\"es\",\"@id\":\"https:\\\/\\\/kuali.com.mx\\\/web\\\/2026\\\/04\\\/22\\\/pan-esta-unido-y-con-rumbo-claro-aldo\\\/#primaryimage\",\"url\":\"https:\\\/\\\/kuali.com.mx\\\/web\\\/wp-content\\\/uploads\\\/2025\\\/10\\\/Aldo-Marquez-Becerra.gif\",\"contentUrl\":\"https:\\\/\\\/kuali.com.mx\\\/web\\\/wp-content\\\/uploads\\\/2025\\\/10\\\/Aldo-Marquez-Becerra.gif\",\"width\":1700,\"height\":750},{\"@type\":\"BreadcrumbList\",\"@id\":\"https:\\\/\\\/kuali.com.mx\\\/web\\\/2026\\\/04\\\/22\\\/pan-esta-unido-y-con-rumbo-claro-aldo\\\/#breadcrumb\",\"itemListElement\":[{\"@type\":\"ListItem\",\"position\":1,\"name\":\"Inicio\",\"item\":\"https:\\\/\\\/kuali.com.mx\\\/web\\\/\"},{\"@type\":\"ListItem\",\"position\":2,\"name\":\"PAN EST\u00c1 UNIDO Y CON RUMBO CLARO: ALDO\"}]},{\"@type\":\"WebSite\",\"@id\":\"https:\\\/\\\/kuali.com.mx\\\/web\\\/#website\",\"url\":\"https:\\\/\\\/kuali.com.mx\\\/web\\\/\",\"name\":\"Kuali\",\"description\":\"\",\"potentialAction\":[{\"@type\":\"SearchAction\",\"target\":{\"@type\":\"EntryPoint\",\"urlTemplate\":\"https:\\\/\\\/kuali.com.mx\\\/web\\\/?s={search_term_string}\"},\"query-input\":{\"@type\":\"PropertyValueSpecification\",\"valueRequired\":true,\"valueName\":\"search_term_string\"}}],\"inLanguage\":\"es\"},{\"@type\":\"Person\",\"@id\":\"https:\\\/\\\/kuali.com.mx\\\/web\\\/#\\\/schema\\\/person\\\/6f89ffa8ecba9dae50662357923c5289\",\"name\":\"Kuali Staff\",\"image\":{\"@type\":\"ImageObject\",\"inLanguage\":\"es\",\"@id\":\"https:\\\/\\\/secure.gravatar.com\\\/avatar\\\/f917ad82e5ab71227a733c78b6e60715476f69ee6be59feee4eb5d9920c89e0f?s=96&d=mm&r=g\",\"url\":\"https:\\\/\\\/secure.gravatar.com\\\/avatar\\\/f917ad82e5ab71227a733c78b6e60715476f69ee6be59feee4eb5d9920c89e0f?s=96&d=mm&r=g\",\"contentUrl\":\"https:\\\/\\\/secure.gravatar.com\\\/avatar\\\/f917ad82e5ab71227a733c78b6e60715476f69ee6be59feee4eb5d9920c89e0f?s=96&d=mm&r=g\",\"caption\":\"Kuali Staff\"},\"url\":\"https:\\\/\\\/kuali.com.mx\\\/web\\\/author\\\/lagarto\\\/\"}]}<\/script>\n<!-- \/ Yoast SEO plugin. -->","yoast_head_json":{"title":"PAN EST\u00c1 UNIDO Y CON RUMBO CLARO: ALDO - Kuali","robots":{"index":"index","follow":"follow","max-snippet":"max-snippet:-1","max-image-preview":"max-image-preview:large","max-video-preview":"max-video-preview:-1"},"canonical":"https:\/\/kuali.com.mx\/web\/2026\/04\/22\/pan-esta-unido-y-con-rumbo-claro-aldo\/","og_locale":"es_MX","og_type":"article","og_title":"PAN EST\u00c1 UNIDO Y CON RUMBO CLARO: ALDO - Kuali","og_description":"Milagros Tadeo\/Le\u00f3n, Gto.&nbsp;\u2013 Tras la salida de la alcaldesa de Le\u00f3n, Alejandra Guti\u00e9rrez Campos, del Partido Acci\u00f3n Nacional (PAN), el dirigente estatal Aldo M\u00e1rquez Becerra, asegur\u00f3 que las candidaturas no se negocian ni condicionan. El l\u00edder panista subray\u00f3 que el instituto pol\u00edtico no antepone intereses personales ni presiones de grupo sobre el proyecto de bien [&hellip;]","og_url":"https:\/\/kuali.com.mx\/web\/2026\/04\/22\/pan-esta-unido-y-con-rumbo-claro-aldo\/","og_site_name":"Kuali","article_publisher":"https:\/\/kuali.com.mx\/web\/wp-content\/uploads\/2018\/04\/cropped-kuali_logo-1-1.png","article_published_time":"2026-04-22T23:42:35+00:00","article_modified_time":"2026-04-23T03:12:05+00:00","og_image":[{"width":1700,"height":750,"url":"https:\/\/kuali.com.mx\/web\/wp-content\/uploads\/2025\/10\/Aldo-Marquez-Becerra.gif","type":"image\/gif"}],"author":"Kuali Staff","twitter_card":"summary_large_image","twitter_creator":"@kuali_noticias","twitter_site":"@kuali_noticias","twitter_misc":{"Escrito por":"Kuali Staff","Tiempo de lectura":"2 minutos"},"schema":{"@context":"https:\/\/schema.org","@graph":[{"@type":"Article","@id":"https:\/\/kuali.com.mx\/web\/2026\/04\/22\/pan-esta-unido-y-con-rumbo-claro-aldo\/#article","isPartOf":{"@id":"https:\/\/kuali.com.mx\/web\/2026\/04\/22\/pan-esta-unido-y-con-rumbo-claro-aldo\/"},"author":{"name":"Kuali Staff","@id":"https:\/\/kuali.com.mx\/web\/#\/schema\/person\/6f89ffa8ecba9dae50662357923c5289"},"headline":"PAN EST\u00c1 UNIDO Y CON RUMBO CLARO: ALDO","datePublished":"2026-04-22T23:42:35+00:00","dateModified":"2026-04-23T03:12:05+00:00","mainEntityOfPage":{"@id":"https:\/\/kuali.com.mx\/web\/2026\/04\/22\/pan-esta-unido-y-con-rumbo-claro-aldo\/"},"wordCount":393,"commentCount":0,"image":{"@id":"https:\/\/kuali.com.mx\/web\/2026\/04\/22\/pan-esta-unido-y-con-rumbo-claro-aldo\/#primaryimage"},"thumbnailUrl":"https:\/\/kuali.com.mx\/web\/wp-content\/uploads\/2025\/10\/Aldo-Marquez-Becerra.gif","keywords":["Aldo M\u00e1rquez Becerra","Alejandra Guti\u00e9rrez Campos","Dirigencias partidistas","Guanajuato","PAN","Pol\u00edtica"],"articleSection":["Pol\u00edtica"],"inLanguage":"es","potentialAction":[{"@type":"CommentAction","name":"Comment","target":["https:\/\/kuali.com.mx\/web\/2026\/04\/22\/pan-esta-unido-y-con-rumbo-claro-aldo\/#respond"]}]},{"@type":"WebPage","@id":"https:\/\/kuali.com.mx\/web\/2026\/04\/22\/pan-esta-unido-y-con-rumbo-claro-aldo\/","url":"https:\/\/kuali.com.mx\/web\/2026\/04\/22\/pan-esta-unido-y-con-rumbo-claro-aldo\/","name":"PAN EST\u00c1 UNIDO Y CON RUMBO CLARO: ALDO - Kuali","isPartOf":{"@id":"https:\/\/kuali.com.mx\/web\/#website"},"primaryImageOfPage":{"@id":"https:\/\/kuali.com.mx\/web\/2026\/04\/22\/pan-esta-unido-y-con-rumbo-claro-aldo\/#primaryimage"},"image":{"@id":"https:\/\/kuali.com.mx\/web\/2026\/04\/22\/pan-esta-unido-y-con-rumbo-claro-aldo\/#primaryimage"},"thumbnailUrl":"https:\/\/kuali.com.mx\/web\/wp-content\/uploads\/2025\/10\/Aldo-Marquez-Becerra.gif","datePublished":"2026-04-22T23:42:35+00:00","dateModified":"2026-04-23T03:12:05+00:00","author":{"@id":"https:\/\/kuali.com.mx\/web\/#\/schema\/person\/6f89ffa8ecba9dae50662357923c5289"},"breadcrumb":{"@id":"https:\/\/kuali.com.mx\/web\/2026\/04\/22\/pan-esta-unido-y-con-rumbo-claro-aldo\/#breadcrumb"},"inLanguage":"es","potentialAction":[{"@type":"ReadAction","target":["https:\/\/kuali.com.mx\/web\/2026\/04\/22\/pan-esta-unido-y-con-rumbo-claro-aldo\/"]}]},{"@type":"ImageObject","inLanguage":"es","@id":"https:\/\/kuali.com.mx\/web\/2026\/04\/22\/pan-esta-unido-y-con-rumbo-claro-aldo\/#primaryimage","url":"https:\/\/kuali.com.mx\/web\/wp-content\/uploads\/2025\/10\/Aldo-Marquez-Becerra.gif","contentUrl":"https:\/\/kuali.com.mx\/web\/wp-content\/uploads\/2025\/10\/Aldo-Marquez-Becerra.gif","width":1700,"height":750},{"@type":"BreadcrumbList","@id":"https:\/\/kuali.com.mx\/web\/2026\/04\/22\/pan-esta-unido-y-con-rumbo-claro-aldo\/#breadcrumb","itemListElement":[{"@type":"ListItem","position":1,"name":"Inicio","item":"https:\/\/kuali.com.mx\/web\/"},{"@type":"ListItem","position":2,"name":"PAN EST\u00c1 UNIDO Y CON RUMBO CLARO: ALDO"}]},{"@type":"WebSite","@id":"https:\/\/kuali.com.mx\/web\/#website","url":"https:\/\/kuali.com.mx\/web\/","name":"Kuali","description":"","potentialAction":[{"@type":"SearchAction","target":{"@type":"EntryPoint","urlTemplate":"https:\/\/kuali.com.mx\/web\/?s={search_term_string}"},"query-input":{"@type":"PropertyValueSpecification","valueRequired":true,"valueName":"search_term_string"}}],"inLanguage":"es"},{"@type":"Person","@id":"https:\/\/kuali.com.mx\/web\/#\/schema\/person\/6f89ffa8ecba9dae50662357923c5289","name":"Kuali Staff","image":{"@type":"ImageObject","inLanguage":"es","@id":"https:\/\/secure.gravatar.com\/avatar\/f917ad82e5ab71227a733c78b6e60715476f69ee6be59feee4eb5d9920c89e0f?s=96&d=mm&r=g","url":"https:\/\/secure.gravatar.com\/avatar\/f917ad82e5ab71227a733c78b6e60715476f69ee6be59feee4eb5d9920c89e0f?s=96&d=mm&r=g","contentUrl":"https:\/\/secure.gravatar.com\/avatar\/f917ad82e5ab71227a733c78b6e60715476f69ee6be59feee4eb5d9920c89e0f?s=96&d=mm&r=g","caption":"Kuali Staff"},"url":"https:\/\/kuali.com.mx\/web\/author\/lagarto\/"}]}},"_links":{"self":[{"href":"https:\/\/kuali.com.mx\/web\/wp-json\/wp\/v2\/posts\/202579","targetHints":{"allow":["GET"]}}],"collection":[{"href":"https:\/\/kuali.com.mx\/web\/wp-json\/wp\/v2\/posts"}],"about":[{"href":"https:\/\/kuali.com.mx\/web\/wp-json\/wp\/v2\/types\/post"}],"author":[{"embeddable":true,"href":"https:\/\/kuali.com.mx\/web\/wp-json\/wp\/v2\/users\/2"}],"replies":[{"embeddable":true,"href":"https:\/\/kuali.com.mx\/web\/wp-json\/wp\/v2\/comments?post=202579"}],"version-history":[{"count":2,"href":"https:\/\/kuali.com.mx\/web\/wp-json\/wp\/v2\/posts\/202579\/revisions"}],"predecessor-version":[{"id":202643,"href":"https:\/\/kuali.com.mx\/web\/wp-json\/wp\/v2\/posts\/202579\/revisions\/202643"}],"wp:featuredmedia":[{"embeddable":true,"href":"https:\/\/kuali.com.mx\/web\/wp-json\/wp\/v2\/media\/188011"}],"wp:attachment":[{"href":"https:\/\/kuali.com.mx\/web\/wp-json\/wp\/v2\/media?parent=202579"}],"wp:term":[{"taxonomy":"category","embeddable":true,"href":"https:\/\/kuali.com.mx\/web\/wp-json\/wp\/v2\/categories?post=202579"},{"taxonomy":"post_tag","embeddable":true,"href":"https:\/\/kuali.com.mx\/web\/wp-json\/wp\/v2\/tags?post=202579"}],"curies":[{"name":"wp","href":"https:\/\/api.w.org\/{rel}","templated":true}]}}