{"id":202575,"date":"2026-04-22T17:59:00","date_gmt":"2026-04-22T23:59:00","guid":{"rendered":"https:\/\/kuali.com.mx\/web\/?p=202575"},"modified":"2026-04-23T15:07:16","modified_gmt":"2026-04-23T21:07:16","slug":"responde-el-pan-y-desmiente-a-alejandra","status":"publish","type":"post","link":"https:\/\/kuali.com.mx\/web\/2026\/04\/22\/responde-el-pan-y-desmiente-a-alejandra\/","title":{"rendered":"RESPONDE EL PAN Y DESMIENTE A ALEJANDRA"},"content":{"rendered":"\n<p>Alicia Arias\/Le\u00f3n, Gto.- El Partido Acci\u00f3n Nacional (PAN) respondi\u00f3 a las acusaciones de la alcaldesa de Le\u00f3n, Alejandra Guti\u00e9trrez Campos. La acusa de ser ella quien se neg\u00f3 al di\u00e1logo y advierte que en el PAN las candidaturas no se negocian, no se condicionan y no se imponen.<\/p>\n\n\n\n<p>Adem\u00e1s, el partido advirti\u00f3 que no ser\u00e1 omiso y que \"la exigencia de rendici\u00f3n de cuentas no es negociable y debe aplicarse sin excepciones\".<\/p>\n\n\n\n<p>La postura de acci\u00f3n nacional fue difundida en un comunicado de conjunto de los comit\u00e9s ejecutivos nacional y estatal, horas despu\u00e9s de que Alejandra Guti\u00e9rrez anunci\u00f3 su renuncia a la militancia panista.<\/p>\n\n\n\n<figure class=\"wp-block-embed is-type-wp-embed is-provider-kuali wp-block-embed-kuali\"><div class=\"wp-block-embed__wrapper\">\n<blockquote class=\"wp-embedded-content\" data-secret=\"BC2kZ7aC7q\"><a href=\"https:\/\/kuali.com.mx\/web\/2026\/04\/21\/incumple-acuerdo-dirigencia-del-pan-alejandra\/\">INCUMPLE ACUERDO DIRIGENCIA DEL PAN: ALEJANDRA<\/a><\/blockquote><iframe loading=\"lazy\" class=\"wp-embedded-content\" sandbox=\"allow-scripts\" security=\"restricted\" style=\"position: absolute; visibility: hidden;\" title=\"&#8220;INCUMPLE ACUERDO DIRIGENCIA DEL PAN: ALEJANDRA&#8221; &#8212; Kuali\" src=\"https:\/\/kuali.com.mx\/web\/2026\/04\/21\/incumple-acuerdo-dirigencia-del-pan-alejandra\/embed\/#?secret=hqaaKoaF3K#?secret=BC2kZ7aC7q\" data-secret=\"BC2kZ7aC7q\" width=\"600\" height=\"338\" frameborder=\"0\" marginwidth=\"0\" marginheight=\"0\" scrolling=\"no\"><\/iframe>\n<\/div><\/figure>\n\n\n\n<p>Tras se\u00f1alar que lamenta y respeta la decisi\u00f3n de la alcaldesa, la primera mujer panista en gobernar Le\u00f3n, la dirigencia del partido aclar\u00f3 que \"es importante dejar constancia de que esta decisi\u00f3n se da en un contexto donde el partido actu\u00f3 con apertura, institucionalidad y disposici\u00f3n permanente al di\u00e1logo\"<\/p>\n\n\n\n<p>\"Es absolutamente falso que no hayan existido espacios de comunicaci\u00f3n. El PAN busc\u00f3 de manera reiterada, formal y directa, establecer reuniones de trabajo a nivel municipal, estatal y nacional, mismas que no fueron atendidas\", destac\u00f3 el partido en su comunicado.<\/p>\n\n\n\n<figure class=\"wp-block-embed is-type-wp-embed is-provider-kuali wp-block-embed-kuali\"><div class=\"wp-block-embed__wrapper\">\n<blockquote class=\"wp-embedded-content\" data-secret=\"QZ7oXfuYrB\"><a href=\"https:\/\/kuali.com.mx\/web\/2026\/04\/22\/renuncia-alejandra-gutierrez-al-pan\/\">RENUNCIA ALEJANDRA GUTI\u00c9RREZ AL PAN<\/a><\/blockquote><iframe loading=\"lazy\" class=\"wp-embedded-content\" sandbox=\"allow-scripts\" security=\"restricted\" style=\"position: absolute; visibility: hidden;\" title=\"&#8220;RENUNCIA ALEJANDRA GUTI\u00c9RREZ AL PAN&#8221; &#8212; Kuali\" src=\"https:\/\/kuali.com.mx\/web\/2026\/04\/22\/renuncia-alejandra-gutierrez-al-pan\/embed\/#?secret=0RvBe4RtRm#?secret=QZ7oXfuYrB\" data-secret=\"QZ7oXfuYrB\" width=\"600\" height=\"338\" frameborder=\"0\" marginwidth=\"0\" marginheight=\"0\" scrolling=\"no\"><\/iframe>\n<\/div><\/figure>\n\n\n\n<p>El PAN dijo rechazar categ\u00f3ricamente cualquier intento de responsabilizarlo de descalificaciones o ataques. \"Acci\u00f3n nacional no recurre a ese tipo de pr\u00e1cticas, ni avala la construcci\u00f3n de narrativas que pretendan distorsionar los hechos que hoy est\u00e1n bajo el escrutinio p\u00fablico\".<\/p>\n\n\n\n<p><strong>La rendici\u00f3n de cuentas no es negociable<\/strong><\/p>\n\n\n\n<p>Adem\u00e1s, dej\u00f3 que claro que \"en un momento donde la ciudadan\u00eda exige claridad, legalidad y congruencia, el PAN no ser\u00e1 omiso.&nbsp; La exigencia de rendici\u00f3n de cuentas no es negociable y debe aplicarse sin excepciones\".<\/p>\n\n\n\n<p>El PAN anunci\u00f3 que ser\u00e1 contundente y que \"ning\u00fan inter\u00e9s personal, ni presi\u00f3n de grupo, estar\u00e1 por encima del proyecto de bien com\u00fan que la ciudadan\u00eda ha respaldado\".<\/p>\n\n\n\n<figure class=\"wp-block-embed is-type-wp-embed is-provider-kuali wp-block-embed-kuali\"><div class=\"wp-block-embed__wrapper\">\n<blockquote class=\"wp-embedded-content\" data-secret=\"EE3dVLrlZ3\"><a href=\"https:\/\/kuali.com.mx\/web\/2026\/04\/18\/renuncia-allan-leon-investigan-empresa-irregular\/\">RENUNCIA ALLAN LE\u00d3N; INVESTIGAN EMPRESA IRREGULAR<\/a><\/blockquote><iframe loading=\"lazy\" class=\"wp-embedded-content\" sandbox=\"allow-scripts\" security=\"restricted\" style=\"position: absolute; visibility: hidden;\" title=\"&#8220;RENUNCIA ALLAN LE\u00d3N; INVESTIGAN EMPRESA IRREGULAR&#8221; &#8212; Kuali\" src=\"https:\/\/kuali.com.mx\/web\/2026\/04\/18\/renuncia-allan-leon-investigan-empresa-irregular\/embed\/#?secret=FJfmACSIZQ#?secret=EE3dVLrlZ3\" data-secret=\"EE3dVLrlZ3\" width=\"600\" height=\"338\" frameborder=\"0\" marginwidth=\"0\" marginheight=\"0\" scrolling=\"no\"><\/iframe>\n<\/div><\/figure>\n\n\n\n<p>Adem\u00e1s, dej\u00f3 claro que la selecci\u00f3n de candidaturas se realizar\u00e1 mediante procesos transparentes, democr\u00e1ticos y abiertos porque \"en el PAN se termin\u00f3 la discrecionalidad\" y<strong> \"las candidaturas no se negocian, no se condicionan y no se imponen, y por tanto ninguna presi\u00f3n nos har\u00e1 cambiar esta decisi\u00f3n. Ser\u00e1 la ciudadan\u00eda quien defina a las y los mejores perfiles. Ese m\u00e9todo es definitivo.<\/strong><\/p>\n\n\n\n<p>El PAN, dijo, es una instituci\u00f3n que trasciende a cualquier persona y \"en Le\u00f3n lo hemos demostrado elecci\u00f3n tras elecci\u00f3n: los resultados no dependen de un solo nombre, sino de un proyecto s\u00f3lido respaldado por la confianza ciudadana\".<\/p>\n\n\n\n<p>Y concluye: \"en el PAN nunca celebraremos una p\u00e9rdida, ni tampoco daremos marcha atr\u00e1s a las decisiones que nos har\u00e1n mantener y recuperar cada vez m\u00e1s la confianza de la gente\".<\/p>\n\n\n<div class=\"wp-block-image\">\n<figure class=\"aligncenter size-full is-resized\"><img loading=\"lazy\" decoding=\"async\" width=\"603\" height=\"737\" src=\"https:\/\/kuali.com.mx\/web\/wp-content\/uploads\/2026\/04\/image-11.png\" alt=\"\" class=\"wp-image-202587\" style=\"aspect-ratio:0.818216371238036;width:598px;height:auto\" srcset=\"https:\/\/kuali.com.mx\/web\/wp-content\/uploads\/2026\/04\/image-11.png 603w, https:\/\/kuali.com.mx\/web\/wp-content\/uploads\/2026\/04\/image-11-245x300.png 245w, https:\/\/kuali.com.mx\/web\/wp-content\/uploads\/2026\/04\/image-11-95x116.png 95w\" sizes=\"auto, (max-width: 603px) 100vw, 603px\" \/><\/figure>\n<\/div>\n\n<div class=\"wp-block-image\">\n<figure class=\"aligncenter size-full\"><img loading=\"lazy\" decoding=\"async\" width=\"602\" height=\"742\" src=\"https:\/\/kuali.com.mx\/web\/wp-content\/uploads\/2026\/04\/image-12.png\" alt=\"\" class=\"wp-image-202589\" srcset=\"https:\/\/kuali.com.mx\/web\/wp-content\/uploads\/2026\/04\/image-12.png 602w, https:\/\/kuali.com.mx\/web\/wp-content\/uploads\/2026\/04\/image-12-243x300.png 243w, https:\/\/kuali.com.mx\/web\/wp-content\/uploads\/2026\/04\/image-12-94x116.png 94w\" sizes=\"auto, (max-width: 602px) 100vw, 602px\" \/><\/figure>\n<\/div>","protected":false},"excerpt":{"rendered":"Alicia Arias\/Le\u00f3n, Gto.- El Partido Acci\u00f3n Nacional (PAN) respondi\u00f3 a las acusaciones de la alcaldesa de Le\u00f3n, Alejandra Guti\u00e9trrez Campos. La acusa de ser ella quien se neg\u00f3 al di\u00e1logo y advierte que en el PAN las candidaturas no se negocian, no se condicionan y no se imponen. Adem\u00e1s, el partido advirti\u00f3 que no ser\u00e1 [&hellip;]","protected":false},"author":2,"featured_media":183561,"comment_status":"open","ping_status":"open","sticky":false,"template":"","format":"standard","meta":{"_seopress_robots_primary_cat":"none","_seopress_titles_title":"","_seopress_titles_desc":"","_seopress_robots_index":"","_monsterinsights_skip_tracking":false,"_monsterinsights_sitenote_active":false,"_monsterinsights_sitenote_note":"","_monsterinsights_sitenote_category":0,"footnotes":""},"categories":[3],"tags":[114,1984,764,91,196,1180,204],"class_list":["post-202575","post","type-post","status-publish","format-standard","has-post-thumbnail","hentry","category-politica","tag-alejandra-gutierrez-campos","tag-candidaturas","tag-dialogo","tag-pan","tag-politica","tag-renuncias","tag-transparencia"],"yoast_head":"<!-- This site is optimized with the Yoast SEO plugin v27.4 - https:\/\/yoast.com\/product\/yoast-seo-wordpress\/ -->\n<title>RESPONDE EL PAN Y DESMIENTE A ALEJANDRA - Kuali<\/title>\n<meta name=\"robots\" content=\"index, follow, max-snippet:-1, max-image-preview:large, max-video-preview:-1\" \/>\n<link rel=\"canonical\" href=\"https:\/\/kuali.com.mx\/web\/2026\/04\/22\/responde-el-pan-y-desmiente-a-alejandra\/\" \/>\n<meta property=\"og:locale\" content=\"es_MX\" \/>\n<meta property=\"og:type\" content=\"article\" \/>\n<meta property=\"og:title\" content=\"RESPONDE EL PAN Y DESMIENTE A ALEJANDRA - Kuali\" \/>\n<meta property=\"og:description\" content=\"Alicia Arias\/Le\u00f3n, Gto.- El Partido Acci\u00f3n Nacional (PAN) respondi\u00f3 a las acusaciones de la alcaldesa de Le\u00f3n, Alejandra Guti\u00e9trrez Campos. La acusa de ser ella quien se neg\u00f3 al di\u00e1logo y advierte que en el PAN las candidaturas no se negocian, no se condicionan y no se imponen. Adem\u00e1s, el partido advirti\u00f3 que no ser\u00e1 [&hellip;]\" \/>\n<meta property=\"og:url\" content=\"https:\/\/kuali.com.mx\/web\/2026\/04\/22\/responde-el-pan-y-desmiente-a-alejandra\/\" \/>\n<meta property=\"og:site_name\" content=\"Kuali\" \/>\n<meta property=\"article:publisher\" content=\"https:\/\/kuali.com.mx\/web\/wp-content\/uploads\/2018\/04\/cropped-kuali_logo-1-1.png\" \/>\n<meta property=\"article:published_time\" content=\"2026-04-22T23:59:00+00:00\" \/>\n<meta property=\"article:modified_time\" content=\"2026-04-23T21:07:16+00:00\" \/>\n<meta property=\"og:image\" content=\"https:\/\/kuali.com.mx\/web\/wp-content\/uploads\/2025\/08\/PAN-estatal.gif\" \/>\n\t<meta property=\"og:image:width\" content=\"1700\" \/>\n\t<meta property=\"og:image:height\" content=\"750\" \/>\n\t<meta property=\"og:image:type\" content=\"image\/gif\" \/>\n<meta name=\"author\" content=\"Kuali Staff\" \/>\n<meta name=\"twitter:card\" content=\"summary_large_image\" \/>\n<meta name=\"twitter:creator\" content=\"@kuali_noticias\" \/>\n<meta name=\"twitter:site\" content=\"@kuali_noticias\" \/>\n<meta name=\"twitter:label1\" content=\"Escrito por\" \/>\n\t<meta name=\"twitter:data1\" content=\"Kuali Staff\" \/>\n\t<meta name=\"twitter:label2\" content=\"Tiempo de lectura\" \/>\n\t<meta name=\"twitter:data2\" content=\"3 minutos\" \/>\n<script type=\"application\/ld+json\" class=\"yoast-schema-graph\">{\"@context\":\"https:\\\/\\\/schema.org\",\"@graph\":[{\"@type\":\"Article\",\"@id\":\"https:\\\/\\\/kuali.com.mx\\\/web\\\/2026\\\/04\\\/22\\\/responde-el-pan-y-desmiente-a-alejandra\\\/#article\",\"isPartOf\":{\"@id\":\"https:\\\/\\\/kuali.com.mx\\\/web\\\/2026\\\/04\\\/22\\\/responde-el-pan-y-desmiente-a-alejandra\\\/\"},\"author\":{\"name\":\"Kuali Staff\",\"@id\":\"https:\\\/\\\/kuali.com.mx\\\/web\\\/#\\\/schema\\\/person\\\/6f89ffa8ecba9dae50662357923c5289\"},\"headline\":\"RESPONDE EL PAN Y DESMIENTE A ALEJANDRA\",\"datePublished\":\"2026-04-22T23:59:00+00:00\",\"dateModified\":\"2026-04-23T21:07:16+00:00\",\"mainEntityOfPage\":{\"@id\":\"https:\\\/\\\/kuali.com.mx\\\/web\\\/2026\\\/04\\\/22\\\/responde-el-pan-y-desmiente-a-alejandra\\\/\"},\"wordCount\":511,\"commentCount\":0,\"image\":{\"@id\":\"https:\\\/\\\/kuali.com.mx\\\/web\\\/2026\\\/04\\\/22\\\/responde-el-pan-y-desmiente-a-alejandra\\\/#primaryimage\"},\"thumbnailUrl\":\"https:\\\/\\\/kuali.com.mx\\\/web\\\/wp-content\\\/uploads\\\/2025\\\/08\\\/PAN-estatal.gif\",\"keywords\":[\"Alejandra Guti\u00e9rrez Campos\",\"Candidaturas\",\"Di\u00e1logo\",\"PAN\",\"Pol\u00edtica\",\"Renuncias\",\"Transparencia\"],\"articleSection\":[\"Pol\u00edtica\"],\"inLanguage\":\"es\",\"potentialAction\":[{\"@type\":\"CommentAction\",\"name\":\"Comment\",\"target\":[\"https:\\\/\\\/kuali.com.mx\\\/web\\\/2026\\\/04\\\/22\\\/responde-el-pan-y-desmiente-a-alejandra\\\/#respond\"]}]},{\"@type\":\"WebPage\",\"@id\":\"https:\\\/\\\/kuali.com.mx\\\/web\\\/2026\\\/04\\\/22\\\/responde-el-pan-y-desmiente-a-alejandra\\\/\",\"url\":\"https:\\\/\\\/kuali.com.mx\\\/web\\\/2026\\\/04\\\/22\\\/responde-el-pan-y-desmiente-a-alejandra\\\/\",\"name\":\"RESPONDE EL PAN Y DESMIENTE A ALEJANDRA - Kuali\",\"isPartOf\":{\"@id\":\"https:\\\/\\\/kuali.com.mx\\\/web\\\/#website\"},\"primaryImageOfPage\":{\"@id\":\"https:\\\/\\\/kuali.com.mx\\\/web\\\/2026\\\/04\\\/22\\\/responde-el-pan-y-desmiente-a-alejandra\\\/#primaryimage\"},\"image\":{\"@id\":\"https:\\\/\\\/kuali.com.mx\\\/web\\\/2026\\\/04\\\/22\\\/responde-el-pan-y-desmiente-a-alejandra\\\/#primaryimage\"},\"thumbnailUrl\":\"https:\\\/\\\/kuali.com.mx\\\/web\\\/wp-content\\\/uploads\\\/2025\\\/08\\\/PAN-estatal.gif\",\"datePublished\":\"2026-04-22T23:59:00+00:00\",\"dateModified\":\"2026-04-23T21:07:16+00:00\",\"author\":{\"@id\":\"https:\\\/\\\/kuali.com.mx\\\/web\\\/#\\\/schema\\\/person\\\/6f89ffa8ecba9dae50662357923c5289\"},\"breadcrumb\":{\"@id\":\"https:\\\/\\\/kuali.com.mx\\\/web\\\/2026\\\/04\\\/22\\\/responde-el-pan-y-desmiente-a-alejandra\\\/#breadcrumb\"},\"inLanguage\":\"es\",\"potentialAction\":[{\"@type\":\"ReadAction\",\"target\":[\"https:\\\/\\\/kuali.com.mx\\\/web\\\/2026\\\/04\\\/22\\\/responde-el-pan-y-desmiente-a-alejandra\\\/\"]}]},{\"@type\":\"ImageObject\",\"inLanguage\":\"es\",\"@id\":\"https:\\\/\\\/kuali.com.mx\\\/web\\\/2026\\\/04\\\/22\\\/responde-el-pan-y-desmiente-a-alejandra\\\/#primaryimage\",\"url\":\"https:\\\/\\\/kuali.com.mx\\\/web\\\/wp-content\\\/uploads\\\/2025\\\/08\\\/PAN-estatal.gif\",\"contentUrl\":\"https:\\\/\\\/kuali.com.mx\\\/web\\\/wp-content\\\/uploads\\\/2025\\\/08\\\/PAN-estatal.gif\",\"width\":1700,\"height\":750},{\"@type\":\"BreadcrumbList\",\"@id\":\"https:\\\/\\\/kuali.com.mx\\\/web\\\/2026\\\/04\\\/22\\\/responde-el-pan-y-desmiente-a-alejandra\\\/#breadcrumb\",\"itemListElement\":[{\"@type\":\"ListItem\",\"position\":1,\"name\":\"Inicio\",\"item\":\"https:\\\/\\\/kuali.com.mx\\\/web\\\/\"},{\"@type\":\"ListItem\",\"position\":2,\"name\":\"RESPONDE EL PAN Y DESMIENTE A ALEJANDRA\"}]},{\"@type\":\"WebSite\",\"@id\":\"https:\\\/\\\/kuali.com.mx\\\/web\\\/#website\",\"url\":\"https:\\\/\\\/kuali.com.mx\\\/web\\\/\",\"name\":\"Kuali\",\"description\":\"\",\"potentialAction\":[{\"@type\":\"SearchAction\",\"target\":{\"@type\":\"EntryPoint\",\"urlTemplate\":\"https:\\\/\\\/kuali.com.mx\\\/web\\\/?s={search_term_string}\"},\"query-input\":{\"@type\":\"PropertyValueSpecification\",\"valueRequired\":true,\"valueName\":\"search_term_string\"}}],\"inLanguage\":\"es\"},{\"@type\":\"Person\",\"@id\":\"https:\\\/\\\/kuali.com.mx\\\/web\\\/#\\\/schema\\\/person\\\/6f89ffa8ecba9dae50662357923c5289\",\"name\":\"Kuali Staff\",\"image\":{\"@type\":\"ImageObject\",\"inLanguage\":\"es\",\"@id\":\"https:\\\/\\\/secure.gravatar.com\\\/avatar\\\/f917ad82e5ab71227a733c78b6e60715476f69ee6be59feee4eb5d9920c89e0f?s=96&d=mm&r=g\",\"url\":\"https:\\\/\\\/secure.gravatar.com\\\/avatar\\\/f917ad82e5ab71227a733c78b6e60715476f69ee6be59feee4eb5d9920c89e0f?s=96&d=mm&r=g\",\"contentUrl\":\"https:\\\/\\\/secure.gravatar.com\\\/avatar\\\/f917ad82e5ab71227a733c78b6e60715476f69ee6be59feee4eb5d9920c89e0f?s=96&d=mm&r=g\",\"caption\":\"Kuali Staff\"},\"url\":\"https:\\\/\\\/kuali.com.mx\\\/web\\\/author\\\/lagarto\\\/\"}]}<\/script>\n<!-- \/ Yoast SEO plugin. -->","yoast_head_json":{"title":"RESPONDE EL PAN Y DESMIENTE A ALEJANDRA - Kuali","robots":{"index":"index","follow":"follow","max-snippet":"max-snippet:-1","max-image-preview":"max-image-preview:large","max-video-preview":"max-video-preview:-1"},"canonical":"https:\/\/kuali.com.mx\/web\/2026\/04\/22\/responde-el-pan-y-desmiente-a-alejandra\/","og_locale":"es_MX","og_type":"article","og_title":"RESPONDE EL PAN Y DESMIENTE A ALEJANDRA - Kuali","og_description":"Alicia Arias\/Le\u00f3n, Gto.- El Partido Acci\u00f3n Nacional (PAN) respondi\u00f3 a las acusaciones de la alcaldesa de Le\u00f3n, Alejandra Guti\u00e9trrez Campos. La acusa de ser ella quien se neg\u00f3 al di\u00e1logo y advierte que en el PAN las candidaturas no se negocian, no se condicionan y no se imponen. Adem\u00e1s, el partido advirti\u00f3 que no ser\u00e1 [&hellip;]","og_url":"https:\/\/kuali.com.mx\/web\/2026\/04\/22\/responde-el-pan-y-desmiente-a-alejandra\/","og_site_name":"Kuali","article_publisher":"https:\/\/kuali.com.mx\/web\/wp-content\/uploads\/2018\/04\/cropped-kuali_logo-1-1.png","article_published_time":"2026-04-22T23:59:00+00:00","article_modified_time":"2026-04-23T21:07:16+00:00","og_image":[{"width":1700,"height":750,"url":"https:\/\/kuali.com.mx\/web\/wp-content\/uploads\/2025\/08\/PAN-estatal.gif","type":"image\/gif"}],"author":"Kuali Staff","twitter_card":"summary_large_image","twitter_creator":"@kuali_noticias","twitter_site":"@kuali_noticias","twitter_misc":{"Escrito por":"Kuali Staff","Tiempo de lectura":"3 minutos"},"schema":{"@context":"https:\/\/schema.org","@graph":[{"@type":"Article","@id":"https:\/\/kuali.com.mx\/web\/2026\/04\/22\/responde-el-pan-y-desmiente-a-alejandra\/#article","isPartOf":{"@id":"https:\/\/kuali.com.mx\/web\/2026\/04\/22\/responde-el-pan-y-desmiente-a-alejandra\/"},"author":{"name":"Kuali Staff","@id":"https:\/\/kuali.com.mx\/web\/#\/schema\/person\/6f89ffa8ecba9dae50662357923c5289"},"headline":"RESPONDE EL PAN Y DESMIENTE A ALEJANDRA","datePublished":"2026-04-22T23:59:00+00:00","dateModified":"2026-04-23T21:07:16+00:00","mainEntityOfPage":{"@id":"https:\/\/kuali.com.mx\/web\/2026\/04\/22\/responde-el-pan-y-desmiente-a-alejandra\/"},"wordCount":511,"commentCount":0,"image":{"@id":"https:\/\/kuali.com.mx\/web\/2026\/04\/22\/responde-el-pan-y-desmiente-a-alejandra\/#primaryimage"},"thumbnailUrl":"https:\/\/kuali.com.mx\/web\/wp-content\/uploads\/2025\/08\/PAN-estatal.gif","keywords":["Alejandra Guti\u00e9rrez Campos","Candidaturas","Di\u00e1logo","PAN","Pol\u00edtica","Renuncias","Transparencia"],"articleSection":["Pol\u00edtica"],"inLanguage":"es","potentialAction":[{"@type":"CommentAction","name":"Comment","target":["https:\/\/kuali.com.mx\/web\/2026\/04\/22\/responde-el-pan-y-desmiente-a-alejandra\/#respond"]}]},{"@type":"WebPage","@id":"https:\/\/kuali.com.mx\/web\/2026\/04\/22\/responde-el-pan-y-desmiente-a-alejandra\/","url":"https:\/\/kuali.com.mx\/web\/2026\/04\/22\/responde-el-pan-y-desmiente-a-alejandra\/","name":"RESPONDE EL PAN Y DESMIENTE A ALEJANDRA - Kuali","isPartOf":{"@id":"https:\/\/kuali.com.mx\/web\/#website"},"primaryImageOfPage":{"@id":"https:\/\/kuali.com.mx\/web\/2026\/04\/22\/responde-el-pan-y-desmiente-a-alejandra\/#primaryimage"},"image":{"@id":"https:\/\/kuali.com.mx\/web\/2026\/04\/22\/responde-el-pan-y-desmiente-a-alejandra\/#primaryimage"},"thumbnailUrl":"https:\/\/kuali.com.mx\/web\/wp-content\/uploads\/2025\/08\/PAN-estatal.gif","datePublished":"2026-04-22T23:59:00+00:00","dateModified":"2026-04-23T21:07:16+00:00","author":{"@id":"https:\/\/kuali.com.mx\/web\/#\/schema\/person\/6f89ffa8ecba9dae50662357923c5289"},"breadcrumb":{"@id":"https:\/\/kuali.com.mx\/web\/2026\/04\/22\/responde-el-pan-y-desmiente-a-alejandra\/#breadcrumb"},"inLanguage":"es","potentialAction":[{"@type":"ReadAction","target":["https:\/\/kuali.com.mx\/web\/2026\/04\/22\/responde-el-pan-y-desmiente-a-alejandra\/"]}]},{"@type":"ImageObject","inLanguage":"es","@id":"https:\/\/kuali.com.mx\/web\/2026\/04\/22\/responde-el-pan-y-desmiente-a-alejandra\/#primaryimage","url":"https:\/\/kuali.com.mx\/web\/wp-content\/uploads\/2025\/08\/PAN-estatal.gif","contentUrl":"https:\/\/kuali.com.mx\/web\/wp-content\/uploads\/2025\/08\/PAN-estatal.gif","width":1700,"height":750},{"@type":"BreadcrumbList","@id":"https:\/\/kuali.com.mx\/web\/2026\/04\/22\/responde-el-pan-y-desmiente-a-alejandra\/#breadcrumb","itemListElement":[{"@type":"ListItem","position":1,"name":"Inicio","item":"https:\/\/kuali.com.mx\/web\/"},{"@type":"ListItem","position":2,"name":"RESPONDE EL PAN Y DESMIENTE A ALEJANDRA"}]},{"@type":"WebSite","@id":"https:\/\/kuali.com.mx\/web\/#website","url":"https:\/\/kuali.com.mx\/web\/","name":"Kuali","description":"","potentialAction":[{"@type":"SearchAction","target":{"@type":"EntryPoint","urlTemplate":"https:\/\/kuali.com.mx\/web\/?s={search_term_string}"},"query-input":{"@type":"PropertyValueSpecification","valueRequired":true,"valueName":"search_term_string"}}],"inLanguage":"es"},{"@type":"Person","@id":"https:\/\/kuali.com.mx\/web\/#\/schema\/person\/6f89ffa8ecba9dae50662357923c5289","name":"Kuali Staff","image":{"@type":"ImageObject","inLanguage":"es","@id":"https:\/\/secure.gravatar.com\/avatar\/f917ad82e5ab71227a733c78b6e60715476f69ee6be59feee4eb5d9920c89e0f?s=96&d=mm&r=g","url":"https:\/\/secure.gravatar.com\/avatar\/f917ad82e5ab71227a733c78b6e60715476f69ee6be59feee4eb5d9920c89e0f?s=96&d=mm&r=g","contentUrl":"https:\/\/secure.gravatar.com\/avatar\/f917ad82e5ab71227a733c78b6e60715476f69ee6be59feee4eb5d9920c89e0f?s=96&d=mm&r=g","caption":"Kuali Staff"},"url":"https:\/\/kuali.com.mx\/web\/author\/lagarto\/"}]}},"_links":{"self":[{"href":"https:\/\/kuali.com.mx\/web\/wp-json\/wp\/v2\/posts\/202575","targetHints":{"allow":["GET"]}}],"collection":[{"href":"https:\/\/kuali.com.mx\/web\/wp-json\/wp\/v2\/posts"}],"about":[{"href":"https:\/\/kuali.com.mx\/web\/wp-json\/wp\/v2\/types\/post"}],"author":[{"embeddable":true,"href":"https:\/\/kuali.com.mx\/web\/wp-json\/wp\/v2\/users\/2"}],"replies":[{"embeddable":true,"href":"https:\/\/kuali.com.mx\/web\/wp-json\/wp\/v2\/comments?post=202575"}],"version-history":[{"count":2,"href":"https:\/\/kuali.com.mx\/web\/wp-json\/wp\/v2\/posts\/202575\/revisions"}],"predecessor-version":[{"id":202590,"href":"https:\/\/kuali.com.mx\/web\/wp-json\/wp\/v2\/posts\/202575\/revisions\/202590"}],"wp:featuredmedia":[{"embeddable":true,"href":"https:\/\/kuali.com.mx\/web\/wp-json\/wp\/v2\/media\/183561"}],"wp:attachment":[{"href":"https:\/\/kuali.com.mx\/web\/wp-json\/wp\/v2\/media?parent=202575"}],"wp:term":[{"taxonomy":"category","embeddable":true,"href":"https:\/\/kuali.com.mx\/web\/wp-json\/wp\/v2\/categories?post=202575"},{"taxonomy":"post_tag","embeddable":true,"href":"https:\/\/kuali.com.mx\/web\/wp-json\/wp\/v2\/tags?post=202575"}],"curies":[{"name":"wp","href":"https:\/\/api.w.org\/{rel}","templated":true}]}}