{"id":202569,"date":"2026-04-22T15:38:07","date_gmt":"2026-04-22T21:38:07","guid":{"rendered":"https:\/\/kuali.com.mx\/web\/?p=202569"},"modified":"2026-04-22T21:40:03","modified_gmt":"2026-04-23T03:40:03","slug":"otra-vez-profepa-clausura-al-zoologico-de-leon","status":"publish","type":"post","link":"https:\/\/kuali.com.mx\/web\/2026\/04\/22\/otra-vez-profepa-clausura-al-zoologico-de-leon\/","title":{"rendered":"OTRA VEZ, PROFEPA CLAUSURA ZOOL\u00d3GICO DE LE\u00d3N"},"content":{"rendered":"\n<p><strong>Milagros Tadeo\/Le\u00f3n, Gto. \u2013&nbsp;<\/strong>El Parque Zool\u00f3gico de Le\u00f3n anunci\u00f3 este mi\u00e9rcoles el cierre de sus instalaciones al p\u00fablico hasta nuevo aviso, derivado de una serie de requerimientos emitidos por la Procuradur\u00eda Federal de Protecci\u00f3n al Ambiente (Profepa).<\/p>\n\n\n\n<p>La administraci\u00f3n del zool\u00f3gico inform\u00f3 que trabaja en el cumplimiento de las disposiciones solicitadas y agradeci\u00f3 la comprensi\u00f3n y confianza de las y los leoneses. Asimismo, se comprometi\u00f3 a mantener informada a la ciudadan\u00eda sobre los avances y la determinaci\u00f3n oficial para la reapertura a trav\u00e9s de sus canales oficiales.<\/p>\n\n\n\n<figure class=\"wp-block-embed is-type-wp-embed is-provider-kuali wp-block-embed-kuali\"><div class=\"wp-block-embed__wrapper\">\n<blockquote class=\"wp-embedded-content\" data-secret=\"wqMW4Eftg6\"><a href=\"https:\/\/kuali.com.mx\/web\/2026\/04\/14\/solicitaran-informe-sobre-animales-del-zoo-leon\/\">SOLICITAR\u00c1N INFORME SOBRE ANIMALES DEL ZOO LE\u00d3N<\/a><\/blockquote><iframe loading=\"lazy\" class=\"wp-embedded-content\" sandbox=\"allow-scripts\" security=\"restricted\" style=\"position: absolute; visibility: hidden;\" title=\"&#8220;SOLICITAR\u00c1N INFORME SOBRE ANIMALES DEL ZOO LE\u00d3N&#8221; &#8212; Kuali\" src=\"https:\/\/kuali.com.mx\/web\/2026\/04\/14\/solicitaran-informe-sobre-animales-del-zoo-leon\/embed\/#?secret=KbBPIjRLgd#?secret=wqMW4Eftg6\" data-secret=\"wqMW4Eftg6\" width=\"600\" height=\"338\" frameborder=\"0\" marginwidth=\"0\" marginheight=\"0\" scrolling=\"no\"><\/iframe>\n<\/div><\/figure>\n\n\n\n<p>El 11 de diciembre de 2025, la asociaci\u00f3n civil&nbsp;<em>Va por sus Derechos<\/em>&nbsp;interpuso un amparo, y el Juzgado 12 de Distrito en Guanajuato orden\u00f3 medidas de protecci\u00f3n para los animales tras la muerte de 24 borregos muflones.<\/p>\n\n\n\n<p>En respuesta, la Profepa inici\u00f3 un expediente administrativo que estableci\u00f3 medidas correctivas urgentes para garantizar la seguridad de las especies y visitantes, lo que deriv\u00f3 en el cierre del parque el 18 de diciembre.<\/p>\n\n\n\n<p>Entre las recomendaciones se incluy\u00f3 mejorar el h\u00e1bitat de los lobos, reforzar la seguridad en el \u00e1rea de safari y realizar obras de mantenimiento en la infraestructura. Estas acciones fueron atendidas y permitieron la reapertura del zool\u00f3gico el 20 de diciembre de 2025.<\/p>\n\n\n\n<p><strong>Muertes de animales<\/strong><\/p>\n\n\n\n<p>En el Zool\u00f3gico de Le\u00f3n se han registrado cifras preocupantes de mortalidad animal: tan solo en el primer trimestre de 2026 murieron 18 ejemplares; durante todo 2025 se contabilizaron m\u00e1s de 80 decesos, de los cuales 27 ocurrieron en los \u00faltimos meses de ese a\u00f1o. En tanto, de 2015 a 2026, han fallecido m\u00e1s de mil animales dentro del parque.<\/p>\n\n\n\n<p>El caso m\u00e1s reciente de un animal fallecido corresponde a un puma, ocurrido el pasado 13 de abril. La administraci\u00f3n asegur\u00f3 que la muerte no se debi\u00f3 a descuido, sino a una enfermedad cr\u00f3nica<\/p>\n\n\n\n<p><strong>Zool\u00f3gico sin directora<\/strong><\/p>\n\n\n\n<p>El pasado 12 de febrero, el Consejo del Parque Zool\u00f3gico de Le\u00f3n revoc\u00f3 la designaci\u00f3n de Alejandro de Jes\u00fas Rom\u00e1n Salazar, tras la pol\u00e9mica generada por presuntas denuncias en su contra por robo, maltrato animal y tr\u00e1fico de partes de vida silvestre.<\/p>\n\n\n\n<figure class=\"wp-block-embed is-type-wp-embed is-provider-kuali wp-block-embed-kuali\"><div class=\"wp-block-embed__wrapper\">\n<blockquote class=\"wp-embedded-content\" data-secret=\"SOczRzIWl1\"><a href=\"https:\/\/kuali.com.mx\/web\/2026\/02\/12\/revocan-nombramiento-del-nuevo-director-del-zoo-leon\/\">REVOCAN NOMBRAMIENTO DEL NUEVO DIRECTOR DEL ZOO LE\u00d3N<\/a><\/blockquote><iframe loading=\"lazy\" class=\"wp-embedded-content\" sandbox=\"allow-scripts\" security=\"restricted\" style=\"position: absolute; visibility: hidden;\" title=\"&#8220;REVOCAN NOMBRAMIENTO DEL NUEVO DIRECTOR DEL ZOO LE\u00d3N&#8221; &#8212; Kuali\" src=\"https:\/\/kuali.com.mx\/web\/2026\/02\/12\/revocan-nombramiento-del-nuevo-director-del-zoo-leon\/embed\/#?secret=3kIDbNDtql#?secret=SOczRzIWl1\" data-secret=\"SOczRzIWl1\" width=\"600\" height=\"338\" frameborder=\"0\" marginwidth=\"0\" marginheight=\"0\" scrolling=\"no\"><\/iframe>\n<\/div><\/figure>\n\n\n\n<p>Posteriormente, el 11 de abril, el mismo Consejo eligi\u00f3 a Diana Karen Casillas Casillas como nueva directora; sin embargo, hasta la fecha no ha rendido protesta al cargo, por lo que el zool\u00f3gico permanece sin una titular formal en la direcci\u00f3n.<\/p>\n\n\n\n<figure class=\"wp-block-image size-full\"><img loading=\"lazy\" decoding=\"async\" width=\"512\" height=\"640\" src=\"https:\/\/kuali.com.mx\/web\/wp-content\/uploads\/2026\/04\/Zooligico-aviso-de-cierre.jpg\" alt=\"\" class=\"wp-image-202572\" srcset=\"https:\/\/kuali.com.mx\/web\/wp-content\/uploads\/2026\/04\/Zooligico-aviso-de-cierre.jpg 512w, https:\/\/kuali.com.mx\/web\/wp-content\/uploads\/2026\/04\/Zooligico-aviso-de-cierre-240x300.jpg 240w, https:\/\/kuali.com.mx\/web\/wp-content\/uploads\/2026\/04\/Zooligico-aviso-de-cierre-93x116.jpg 93w\" sizes=\"auto, (max-width: 512px) 100vw, 512px\" \/><\/figure>\n","protected":false},"excerpt":{"rendered":"Milagros Tadeo\/Le\u00f3n, Gto. \u2013&nbsp;El Parque Zool\u00f3gico de Le\u00f3n anunci\u00f3 este mi\u00e9rcoles el cierre de sus instalaciones al p\u00fablico hasta nuevo aviso, derivado de una serie de requerimientos emitidos por la Procuradur\u00eda Federal de Protecci\u00f3n al Ambiente (Profepa). La administraci\u00f3n del zool\u00f3gico inform\u00f3 que trabaja en el cumplimiento de las disposiciones solicitadas y agradeci\u00f3 la comprensi\u00f3n [&hellip;]","protected":false},"author":2,"featured_media":193017,"comment_status":"open","ping_status":"open","sticky":false,"template":"","format":"standard","meta":{"_seopress_robots_primary_cat":"none","_seopress_titles_title":"","_seopress_titles_desc":"","_seopress_robots_index":"","_monsterinsights_skip_tracking":false,"_monsterinsights_sitenote_active":false,"_monsterinsights_sitenote_note":"","_monsterinsights_sitenote_category":0,"footnotes":""},"categories":[17,3],"tags":[2097,1048,10,6128,4741],"class_list":["post-202569","post","type-post","status-publish","format-standard","has-post-thumbnail","hentry","category-ecologia","category-politica","tag-animales","tag-fauna","tag-leon","tag-profepa","tag-zoologico-de-leon"],"yoast_head":"<!-- This site is optimized with the Yoast SEO plugin v27.4 - https:\/\/yoast.com\/product\/yoast-seo-wordpress\/ -->\n<title>OTRA VEZ, PROFEPA CLAUSURA ZOOL\u00d3GICO DE LE\u00d3N - Kuali<\/title>\n<meta name=\"robots\" content=\"index, follow, max-snippet:-1, max-image-preview:large, max-video-preview:-1\" \/>\n<link rel=\"canonical\" href=\"https:\/\/kuali.com.mx\/web\/2026\/04\/22\/otra-vez-profepa-clausura-al-zoologico-de-leon\/\" \/>\n<meta property=\"og:locale\" content=\"es_MX\" \/>\n<meta property=\"og:type\" content=\"article\" \/>\n<meta property=\"og:title\" content=\"OTRA VEZ, PROFEPA CLAUSURA ZOOL\u00d3GICO DE LE\u00d3N - Kuali\" \/>\n<meta property=\"og:description\" content=\"Milagros Tadeo\/Le\u00f3n, Gto. \u2013&nbsp;El Parque Zool\u00f3gico de Le\u00f3n anunci\u00f3 este mi\u00e9rcoles el cierre de sus instalaciones al p\u00fablico hasta nuevo aviso, derivado de una serie de requerimientos emitidos por la Procuradur\u00eda Federal de Protecci\u00f3n al Ambiente (Profepa). La administraci\u00f3n del zool\u00f3gico inform\u00f3 que trabaja en el cumplimiento de las disposiciones solicitadas y agradeci\u00f3 la comprensi\u00f3n [&hellip;]\" \/>\n<meta property=\"og:url\" content=\"https:\/\/kuali.com.mx\/web\/2026\/04\/22\/otra-vez-profepa-clausura-al-zoologico-de-leon\/\" \/>\n<meta property=\"og:site_name\" content=\"Kuali\" \/>\n<meta property=\"article:publisher\" content=\"https:\/\/kuali.com.mx\/web\/wp-content\/uploads\/2018\/04\/cropped-kuali_logo-1-1.png\" \/>\n<meta property=\"article:published_time\" content=\"2026-04-22T21:38:07+00:00\" \/>\n<meta property=\"article:modified_time\" content=\"2026-04-23T03:40:03+00:00\" \/>\n<meta property=\"og:image\" content=\"https:\/\/kuali.com.mx\/web\/wp-content\/uploads\/2025\/12\/Zoologico-Leon.gif\" \/>\n\t<meta property=\"og:image:width\" content=\"1700\" \/>\n\t<meta property=\"og:image:height\" content=\"750\" \/>\n\t<meta property=\"og:image:type\" content=\"image\/gif\" \/>\n<meta name=\"author\" content=\"Kuali Staff\" \/>\n<meta name=\"twitter:card\" content=\"summary_large_image\" \/>\n<meta name=\"twitter:creator\" content=\"@kuali_noticias\" \/>\n<meta name=\"twitter:site\" content=\"@kuali_noticias\" \/>\n<meta name=\"twitter:label1\" content=\"Escrito por\" \/>\n\t<meta name=\"twitter:data1\" content=\"Kuali Staff\" \/>\n\t<meta name=\"twitter:label2\" content=\"Tiempo de lectura\" \/>\n\t<meta name=\"twitter:data2\" content=\"2 minutos\" \/>\n<script type=\"application\/ld+json\" class=\"yoast-schema-graph\">{\"@context\":\"https:\\\/\\\/schema.org\",\"@graph\":[{\"@type\":\"Article\",\"@id\":\"https:\\\/\\\/kuali.com.mx\\\/web\\\/2026\\\/04\\\/22\\\/otra-vez-profepa-clausura-al-zoologico-de-leon\\\/#article\",\"isPartOf\":{\"@id\":\"https:\\\/\\\/kuali.com.mx\\\/web\\\/2026\\\/04\\\/22\\\/otra-vez-profepa-clausura-al-zoologico-de-leon\\\/\"},\"author\":{\"name\":\"Kuali Staff\",\"@id\":\"https:\\\/\\\/kuali.com.mx\\\/web\\\/#\\\/schema\\\/person\\\/6f89ffa8ecba9dae50662357923c5289\"},\"headline\":\"OTRA VEZ, PROFEPA CLAUSURA ZOOL\u00d3GICO DE LE\u00d3N\",\"datePublished\":\"2026-04-22T21:38:07+00:00\",\"dateModified\":\"2026-04-23T03:40:03+00:00\",\"mainEntityOfPage\":{\"@id\":\"https:\\\/\\\/kuali.com.mx\\\/web\\\/2026\\\/04\\\/22\\\/otra-vez-profepa-clausura-al-zoologico-de-leon\\\/\"},\"wordCount\":428,\"commentCount\":0,\"image\":{\"@id\":\"https:\\\/\\\/kuali.com.mx\\\/web\\\/2026\\\/04\\\/22\\\/otra-vez-profepa-clausura-al-zoologico-de-leon\\\/#primaryimage\"},\"thumbnailUrl\":\"https:\\\/\\\/kuali.com.mx\\\/web\\\/wp-content\\\/uploads\\\/2025\\\/12\\\/Zoologico-Leon.gif\",\"keywords\":[\"Animales\",\"Fauna\",\"Le\u00f3n\",\"Profepa\",\"Zool\u00f3gico de Le\u00f3n\"],\"articleSection\":[\"Ecolog\u00eda\",\"Pol\u00edtica\"],\"inLanguage\":\"es\",\"potentialAction\":[{\"@type\":\"CommentAction\",\"name\":\"Comment\",\"target\":[\"https:\\\/\\\/kuali.com.mx\\\/web\\\/2026\\\/04\\\/22\\\/otra-vez-profepa-clausura-al-zoologico-de-leon\\\/#respond\"]}]},{\"@type\":\"WebPage\",\"@id\":\"https:\\\/\\\/kuali.com.mx\\\/web\\\/2026\\\/04\\\/22\\\/otra-vez-profepa-clausura-al-zoologico-de-leon\\\/\",\"url\":\"https:\\\/\\\/kuali.com.mx\\\/web\\\/2026\\\/04\\\/22\\\/otra-vez-profepa-clausura-al-zoologico-de-leon\\\/\",\"name\":\"OTRA VEZ, PROFEPA CLAUSURA ZOOL\u00d3GICO DE LE\u00d3N - Kuali\",\"isPartOf\":{\"@id\":\"https:\\\/\\\/kuali.com.mx\\\/web\\\/#website\"},\"primaryImageOfPage\":{\"@id\":\"https:\\\/\\\/kuali.com.mx\\\/web\\\/2026\\\/04\\\/22\\\/otra-vez-profepa-clausura-al-zoologico-de-leon\\\/#primaryimage\"},\"image\":{\"@id\":\"https:\\\/\\\/kuali.com.mx\\\/web\\\/2026\\\/04\\\/22\\\/otra-vez-profepa-clausura-al-zoologico-de-leon\\\/#primaryimage\"},\"thumbnailUrl\":\"https:\\\/\\\/kuali.com.mx\\\/web\\\/wp-content\\\/uploads\\\/2025\\\/12\\\/Zoologico-Leon.gif\",\"datePublished\":\"2026-04-22T21:38:07+00:00\",\"dateModified\":\"2026-04-23T03:40:03+00:00\",\"author\":{\"@id\":\"https:\\\/\\\/kuali.com.mx\\\/web\\\/#\\\/schema\\\/person\\\/6f89ffa8ecba9dae50662357923c5289\"},\"breadcrumb\":{\"@id\":\"https:\\\/\\\/kuali.com.mx\\\/web\\\/2026\\\/04\\\/22\\\/otra-vez-profepa-clausura-al-zoologico-de-leon\\\/#breadcrumb\"},\"inLanguage\":\"es\",\"potentialAction\":[{\"@type\":\"ReadAction\",\"target\":[\"https:\\\/\\\/kuali.com.mx\\\/web\\\/2026\\\/04\\\/22\\\/otra-vez-profepa-clausura-al-zoologico-de-leon\\\/\"]}]},{\"@type\":\"ImageObject\",\"inLanguage\":\"es\",\"@id\":\"https:\\\/\\\/kuali.com.mx\\\/web\\\/2026\\\/04\\\/22\\\/otra-vez-profepa-clausura-al-zoologico-de-leon\\\/#primaryimage\",\"url\":\"https:\\\/\\\/kuali.com.mx\\\/web\\\/wp-content\\\/uploads\\\/2025\\\/12\\\/Zoologico-Leon.gif\",\"contentUrl\":\"https:\\\/\\\/kuali.com.mx\\\/web\\\/wp-content\\\/uploads\\\/2025\\\/12\\\/Zoologico-Leon.gif\",\"width\":1700,\"height\":750},{\"@type\":\"BreadcrumbList\",\"@id\":\"https:\\\/\\\/kuali.com.mx\\\/web\\\/2026\\\/04\\\/22\\\/otra-vez-profepa-clausura-al-zoologico-de-leon\\\/#breadcrumb\",\"itemListElement\":[{\"@type\":\"ListItem\",\"position\":1,\"name\":\"Inicio\",\"item\":\"https:\\\/\\\/kuali.com.mx\\\/web\\\/\"},{\"@type\":\"ListItem\",\"position\":2,\"name\":\"OTRA VEZ, PROFEPA CLAUSURA ZOOL\u00d3GICO DE LE\u00d3N\"}]},{\"@type\":\"WebSite\",\"@id\":\"https:\\\/\\\/kuali.com.mx\\\/web\\\/#website\",\"url\":\"https:\\\/\\\/kuali.com.mx\\\/web\\\/\",\"name\":\"Kuali\",\"description\":\"\",\"potentialAction\":[{\"@type\":\"SearchAction\",\"target\":{\"@type\":\"EntryPoint\",\"urlTemplate\":\"https:\\\/\\\/kuali.com.mx\\\/web\\\/?s={search_term_string}\"},\"query-input\":{\"@type\":\"PropertyValueSpecification\",\"valueRequired\":true,\"valueName\":\"search_term_string\"}}],\"inLanguage\":\"es\"},{\"@type\":\"Person\",\"@id\":\"https:\\\/\\\/kuali.com.mx\\\/web\\\/#\\\/schema\\\/person\\\/6f89ffa8ecba9dae50662357923c5289\",\"name\":\"Kuali Staff\",\"image\":{\"@type\":\"ImageObject\",\"inLanguage\":\"es\",\"@id\":\"https:\\\/\\\/secure.gravatar.com\\\/avatar\\\/f917ad82e5ab71227a733c78b6e60715476f69ee6be59feee4eb5d9920c89e0f?s=96&d=mm&r=g\",\"url\":\"https:\\\/\\\/secure.gravatar.com\\\/avatar\\\/f917ad82e5ab71227a733c78b6e60715476f69ee6be59feee4eb5d9920c89e0f?s=96&d=mm&r=g\",\"contentUrl\":\"https:\\\/\\\/secure.gravatar.com\\\/avatar\\\/f917ad82e5ab71227a733c78b6e60715476f69ee6be59feee4eb5d9920c89e0f?s=96&d=mm&r=g\",\"caption\":\"Kuali Staff\"},\"url\":\"https:\\\/\\\/kuali.com.mx\\\/web\\\/author\\\/lagarto\\\/\"}]}<\/script>\n<!-- \/ Yoast SEO plugin. -->","yoast_head_json":{"title":"OTRA VEZ, PROFEPA CLAUSURA ZOOL\u00d3GICO DE LE\u00d3N - Kuali","robots":{"index":"index","follow":"follow","max-snippet":"max-snippet:-1","max-image-preview":"max-image-preview:large","max-video-preview":"max-video-preview:-1"},"canonical":"https:\/\/kuali.com.mx\/web\/2026\/04\/22\/otra-vez-profepa-clausura-al-zoologico-de-leon\/","og_locale":"es_MX","og_type":"article","og_title":"OTRA VEZ, PROFEPA CLAUSURA ZOOL\u00d3GICO DE LE\u00d3N - Kuali","og_description":"Milagros Tadeo\/Le\u00f3n, Gto. \u2013&nbsp;El Parque Zool\u00f3gico de Le\u00f3n anunci\u00f3 este mi\u00e9rcoles el cierre de sus instalaciones al p\u00fablico hasta nuevo aviso, derivado de una serie de requerimientos emitidos por la Procuradur\u00eda Federal de Protecci\u00f3n al Ambiente (Profepa). La administraci\u00f3n del zool\u00f3gico inform\u00f3 que trabaja en el cumplimiento de las disposiciones solicitadas y agradeci\u00f3 la comprensi\u00f3n [&hellip;]","og_url":"https:\/\/kuali.com.mx\/web\/2026\/04\/22\/otra-vez-profepa-clausura-al-zoologico-de-leon\/","og_site_name":"Kuali","article_publisher":"https:\/\/kuali.com.mx\/web\/wp-content\/uploads\/2018\/04\/cropped-kuali_logo-1-1.png","article_published_time":"2026-04-22T21:38:07+00:00","article_modified_time":"2026-04-23T03:40:03+00:00","og_image":[{"width":1700,"height":750,"url":"https:\/\/kuali.com.mx\/web\/wp-content\/uploads\/2025\/12\/Zoologico-Leon.gif","type":"image\/gif"}],"author":"Kuali Staff","twitter_card":"summary_large_image","twitter_creator":"@kuali_noticias","twitter_site":"@kuali_noticias","twitter_misc":{"Escrito por":"Kuali Staff","Tiempo de lectura":"2 minutos"},"schema":{"@context":"https:\/\/schema.org","@graph":[{"@type":"Article","@id":"https:\/\/kuali.com.mx\/web\/2026\/04\/22\/otra-vez-profepa-clausura-al-zoologico-de-leon\/#article","isPartOf":{"@id":"https:\/\/kuali.com.mx\/web\/2026\/04\/22\/otra-vez-profepa-clausura-al-zoologico-de-leon\/"},"author":{"name":"Kuali Staff","@id":"https:\/\/kuali.com.mx\/web\/#\/schema\/person\/6f89ffa8ecba9dae50662357923c5289"},"headline":"OTRA VEZ, PROFEPA CLAUSURA ZOOL\u00d3GICO DE LE\u00d3N","datePublished":"2026-04-22T21:38:07+00:00","dateModified":"2026-04-23T03:40:03+00:00","mainEntityOfPage":{"@id":"https:\/\/kuali.com.mx\/web\/2026\/04\/22\/otra-vez-profepa-clausura-al-zoologico-de-leon\/"},"wordCount":428,"commentCount":0,"image":{"@id":"https:\/\/kuali.com.mx\/web\/2026\/04\/22\/otra-vez-profepa-clausura-al-zoologico-de-leon\/#primaryimage"},"thumbnailUrl":"https:\/\/kuali.com.mx\/web\/wp-content\/uploads\/2025\/12\/Zoologico-Leon.gif","keywords":["Animales","Fauna","Le\u00f3n","Profepa","Zool\u00f3gico de Le\u00f3n"],"articleSection":["Ecolog\u00eda","Pol\u00edtica"],"inLanguage":"es","potentialAction":[{"@type":"CommentAction","name":"Comment","target":["https:\/\/kuali.com.mx\/web\/2026\/04\/22\/otra-vez-profepa-clausura-al-zoologico-de-leon\/#respond"]}]},{"@type":"WebPage","@id":"https:\/\/kuali.com.mx\/web\/2026\/04\/22\/otra-vez-profepa-clausura-al-zoologico-de-leon\/","url":"https:\/\/kuali.com.mx\/web\/2026\/04\/22\/otra-vez-profepa-clausura-al-zoologico-de-leon\/","name":"OTRA VEZ, PROFEPA CLAUSURA ZOOL\u00d3GICO DE LE\u00d3N - Kuali","isPartOf":{"@id":"https:\/\/kuali.com.mx\/web\/#website"},"primaryImageOfPage":{"@id":"https:\/\/kuali.com.mx\/web\/2026\/04\/22\/otra-vez-profepa-clausura-al-zoologico-de-leon\/#primaryimage"},"image":{"@id":"https:\/\/kuali.com.mx\/web\/2026\/04\/22\/otra-vez-profepa-clausura-al-zoologico-de-leon\/#primaryimage"},"thumbnailUrl":"https:\/\/kuali.com.mx\/web\/wp-content\/uploads\/2025\/12\/Zoologico-Leon.gif","datePublished":"2026-04-22T21:38:07+00:00","dateModified":"2026-04-23T03:40:03+00:00","author":{"@id":"https:\/\/kuali.com.mx\/web\/#\/schema\/person\/6f89ffa8ecba9dae50662357923c5289"},"breadcrumb":{"@id":"https:\/\/kuali.com.mx\/web\/2026\/04\/22\/otra-vez-profepa-clausura-al-zoologico-de-leon\/#breadcrumb"},"inLanguage":"es","potentialAction":[{"@type":"ReadAction","target":["https:\/\/kuali.com.mx\/web\/2026\/04\/22\/otra-vez-profepa-clausura-al-zoologico-de-leon\/"]}]},{"@type":"ImageObject","inLanguage":"es","@id":"https:\/\/kuali.com.mx\/web\/2026\/04\/22\/otra-vez-profepa-clausura-al-zoologico-de-leon\/#primaryimage","url":"https:\/\/kuali.com.mx\/web\/wp-content\/uploads\/2025\/12\/Zoologico-Leon.gif","contentUrl":"https:\/\/kuali.com.mx\/web\/wp-content\/uploads\/2025\/12\/Zoologico-Leon.gif","width":1700,"height":750},{"@type":"BreadcrumbList","@id":"https:\/\/kuali.com.mx\/web\/2026\/04\/22\/otra-vez-profepa-clausura-al-zoologico-de-leon\/#breadcrumb","itemListElement":[{"@type":"ListItem","position":1,"name":"Inicio","item":"https:\/\/kuali.com.mx\/web\/"},{"@type":"ListItem","position":2,"name":"OTRA VEZ, PROFEPA CLAUSURA ZOOL\u00d3GICO DE LE\u00d3N"}]},{"@type":"WebSite","@id":"https:\/\/kuali.com.mx\/web\/#website","url":"https:\/\/kuali.com.mx\/web\/","name":"Kuali","description":"","potentialAction":[{"@type":"SearchAction","target":{"@type":"EntryPoint","urlTemplate":"https:\/\/kuali.com.mx\/web\/?s={search_term_string}"},"query-input":{"@type":"PropertyValueSpecification","valueRequired":true,"valueName":"search_term_string"}}],"inLanguage":"es"},{"@type":"Person","@id":"https:\/\/kuali.com.mx\/web\/#\/schema\/person\/6f89ffa8ecba9dae50662357923c5289","name":"Kuali Staff","image":{"@type":"ImageObject","inLanguage":"es","@id":"https:\/\/secure.gravatar.com\/avatar\/f917ad82e5ab71227a733c78b6e60715476f69ee6be59feee4eb5d9920c89e0f?s=96&d=mm&r=g","url":"https:\/\/secure.gravatar.com\/avatar\/f917ad82e5ab71227a733c78b6e60715476f69ee6be59feee4eb5d9920c89e0f?s=96&d=mm&r=g","contentUrl":"https:\/\/secure.gravatar.com\/avatar\/f917ad82e5ab71227a733c78b6e60715476f69ee6be59feee4eb5d9920c89e0f?s=96&d=mm&r=g","caption":"Kuali Staff"},"url":"https:\/\/kuali.com.mx\/web\/author\/lagarto\/"}]}},"_links":{"self":[{"href":"https:\/\/kuali.com.mx\/web\/wp-json\/wp\/v2\/posts\/202569","targetHints":{"allow":["GET"]}}],"collection":[{"href":"https:\/\/kuali.com.mx\/web\/wp-json\/wp\/v2\/posts"}],"about":[{"href":"https:\/\/kuali.com.mx\/web\/wp-json\/wp\/v2\/types\/post"}],"author":[{"embeddable":true,"href":"https:\/\/kuali.com.mx\/web\/wp-json\/wp\/v2\/users\/2"}],"replies":[{"embeddable":true,"href":"https:\/\/kuali.com.mx\/web\/wp-json\/wp\/v2\/comments?post=202569"}],"version-history":[{"count":2,"href":"https:\/\/kuali.com.mx\/web\/wp-json\/wp\/v2\/posts\/202569\/revisions"}],"predecessor-version":[{"id":202574,"href":"https:\/\/kuali.com.mx\/web\/wp-json\/wp\/v2\/posts\/202569\/revisions\/202574"}],"wp:featuredmedia":[{"embeddable":true,"href":"https:\/\/kuali.com.mx\/web\/wp-json\/wp\/v2\/media\/193017"}],"wp:attachment":[{"href":"https:\/\/kuali.com.mx\/web\/wp-json\/wp\/v2\/media?parent=202569"}],"wp:term":[{"taxonomy":"category","embeddable":true,"href":"https:\/\/kuali.com.mx\/web\/wp-json\/wp\/v2\/categories?post=202569"},{"taxonomy":"post_tag","embeddable":true,"href":"https:\/\/kuali.com.mx\/web\/wp-json\/wp\/v2\/tags?post=202569"}],"curies":[{"name":"wp","href":"https:\/\/api.w.org\/{rel}","templated":true}]}}