{"id":202541,"date":"2026-04-21T14:10:00","date_gmt":"2026-04-21T20:10:00","guid":{"rendered":"https:\/\/kuali.com.mx\/web\/?p=202541"},"modified":"2026-04-21T23:28:42","modified_gmt":"2026-04-22T05:28:42","slug":"reconoce-gobernadorea-a-educadores","status":"publish","type":"post","link":"https:\/\/kuali.com.mx\/web\/2026\/04\/21\/reconoce-gobernadorea-a-educadores\/","title":{"rendered":"RECONOCE GOBERNADORA A EDUCADORES"},"content":{"rendered":"\n<p><strong>Kuali\/Guanajuato, Gto.- <\/strong>En el D\u00eda de la Educadora y del educador, la Gobernadora de Guanajuato, Libia Dennise Garc\u00eda Mu\u00f1oz Ledo, entreg\u00f3 reconocimiento a educadoras y educadores del estado.  <\/p>\n\n\n\n<p>\u201cNuestras educadoras y educadores son el coraz\u00f3n en donde comienza nuestro sistema educativo\", dijo en su mensaje la mandataria estatal.<\/p>\n\n\n\n<p>El gobierno del estado \"ha impulsado acciones concretas para fortalecer la educaci\u00f3n inicial y preescolar. Entre los avances m\u00e1s relevantes destaca el incremento en la cobertura de educaci\u00f3n inicial, que pas\u00f3 de 6.8 por ciento a 9.81 por ciento, lo que representa la atenci\u00f3n de 30 mil 971 ni\u00f1as y ni\u00f1os menores de tres a\u00f1os\", inform\u00f3 el gobierno dele estado.<\/p>\n\n\n\n<figure class=\"wp-block-image size-large\"><img loading=\"lazy\" decoding=\"async\" width=\"1024\" height=\"653\" src=\"https:\/\/kuali.com.mx\/web\/wp-content\/uploads\/2026\/04\/Libia-con-educadoras-1-1024x653.jpg\" alt=\"\" class=\"wp-image-202545\" srcset=\"https:\/\/kuali.com.mx\/web\/wp-content\/uploads\/2026\/04\/Libia-con-educadoras-1-1024x653.jpg 1024w, https:\/\/kuali.com.mx\/web\/wp-content\/uploads\/2026\/04\/Libia-con-educadoras-1-300x191.jpg 300w, https:\/\/kuali.com.mx\/web\/wp-content\/uploads\/2026\/04\/Libia-con-educadoras-1-768x490.jpg 768w, https:\/\/kuali.com.mx\/web\/wp-content\/uploads\/2026\/04\/Libia-con-educadoras-1-1536x980.jpg 1536w, https:\/\/kuali.com.mx\/web\/wp-content\/uploads\/2026\/04\/Libia-con-educadoras-1-182x116.jpg 182w, https:\/\/kuali.com.mx\/web\/wp-content\/uploads\/2026\/04\/Libia-con-educadoras-1.jpg 1920w\" sizes=\"auto, (max-width: 1024px) 100vw, 1024px\" \/><figcaption class=\"wp-element-caption\">En Guanajuatpo hay 4 mil 212 planteles de preescolar. FOTO: CORTES\u00cdA.<\/figcaption><\/figure>\n\n\n\n<p>En Guanajuato, 10 mil 371 docentes, 210 educadores y 10 mil 161 educadoras, atienden a m\u00e1s de 221 mil 547 ni\u00f1as y ni\u00f1os en 4 mil 212 planteles de educaci\u00f3n preescolar.<\/p>\n\n\n\n<p>Libia Garc\u00eda mostr\u00f3, durante el evento con educadoras y educadores, una fotograf\u00eda de \u201cGuille\u201d, su maestra de tercero de preescolar. Explic\u00f3 que ella marc\u00f3 de manera positiva el inicio de su educaci\u00f3n y le ense\u00f1\u00f3 a creer en s\u00ed misma. \u201cLo que hacen las maestras de preescolar marca la vida de las ni\u00f1as y ni\u00f1os de Guanajuato\u201d, coment\u00f3.<\/p>\n\n\n\n<p>Destac\u00f3 que el impulso a la educaci\u00f3n en la primera infancia es una apuesta estrat\u00e9gica, ya que en esta etapa se desarrollan habilidades fundamentales para el aprendizaje, la convivencia y el bienestar emocional.<\/p>\n\n\n\n<p>En la ceremonia, la gobernadora y autoridades sindicales entregaron reconocimientos a docentes que pertenecen a la Secci\u00f3n 45 del Sindicato Nacional de Trabajadores de la Educaci\u00f3n (SNTE). Fueron reconocidas ocho mujeres por su destacada participaci\u00f3n laboral y sindical, como parte del 70\u00ba aniversario de la Secci\u00f3n 45 del SNTE.<\/p>\n\n\n\n<figure class=\"wp-block-gallery has-nested-images columns-default is-cropped wp-block-gallery-1 is-layout-flex wp-block-gallery-is-layout-flex\">\n<figure class=\"wp-block-image size-large\"><img loading=\"lazy\" decoding=\"async\" width=\"1024\" height=\"683\" data-id=\"202547\" src=\"https:\/\/kuali.com.mx\/web\/wp-content\/uploads\/2026\/04\/Libia-con-educadoras-3-1024x683.jpg\" alt=\"\" class=\"wp-image-202547\" srcset=\"https:\/\/kuali.com.mx\/web\/wp-content\/uploads\/2026\/04\/Libia-con-educadoras-3-1024x683.jpg 1024w, https:\/\/kuali.com.mx\/web\/wp-content\/uploads\/2026\/04\/Libia-con-educadoras-3-300x200.jpg 300w, https:\/\/kuali.com.mx\/web\/wp-content\/uploads\/2026\/04\/Libia-con-educadoras-3-768x512.jpg 768w, https:\/\/kuali.com.mx\/web\/wp-content\/uploads\/2026\/04\/Libia-con-educadoras-3-1536x1024.jpg 1536w, https:\/\/kuali.com.mx\/web\/wp-content\/uploads\/2026\/04\/Libia-con-educadoras-3-174x116.jpg 174w, https:\/\/kuali.com.mx\/web\/wp-content\/uploads\/2026\/04\/Libia-con-educadoras-3.jpg 1920w\" sizes=\"auto, (max-width: 1024px) 100vw, 1024px\" \/><\/figure>\n\n\n\n<figure class=\"wp-block-image size-large\"><img loading=\"lazy\" decoding=\"async\" width=\"1024\" height=\"628\" data-id=\"202546\" src=\"https:\/\/kuali.com.mx\/web\/wp-content\/uploads\/2026\/04\/Libia-con-educadoras-2-1024x628.jpg\" alt=\"\" class=\"wp-image-202546\" srcset=\"https:\/\/kuali.com.mx\/web\/wp-content\/uploads\/2026\/04\/Libia-con-educadoras-2-1024x628.jpg 1024w, https:\/\/kuali.com.mx\/web\/wp-content\/uploads\/2026\/04\/Libia-con-educadoras-2-300x184.jpg 300w, https:\/\/kuali.com.mx\/web\/wp-content\/uploads\/2026\/04\/Libia-con-educadoras-2-768x471.jpg 768w, https:\/\/kuali.com.mx\/web\/wp-content\/uploads\/2026\/04\/Libia-con-educadoras-2-1536x942.jpg 1536w, https:\/\/kuali.com.mx\/web\/wp-content\/uploads\/2026\/04\/Libia-con-educadoras-2-189x116.jpg 189w, https:\/\/kuali.com.mx\/web\/wp-content\/uploads\/2026\/04\/Libia-con-educadoras-2.jpg 1920w\" sizes=\"auto, (max-width: 1024px) 100vw, 1024px\" \/><\/figure>\n<\/figure>\n\n\n\n<p>\u201cEn Guanajuato tenemos a las mejores educadoras y educadores de M\u00e9xico. Seguiremos trabajando de la mano para que ustedes tengan las mejores condiciones en sus espacios educativos\u201d, dijo la gobernadora.<\/p>\n\n\n\n<p>En el evento estuvieron Luis Ignacio S\u00e1nchez G\u00f3mez, secretario de Educaci\u00f3n de Guanajuato; Juan Rigoberto Mac\u00edas Vidales, secretario General de la Secci\u00f3n 45 del SNTE; Felipe Ant\u00fanez Luna, representante del Comit\u00e9 Ejecutivo Nacional del SNTE, Secci\u00f3n 45; y Roxana Garc\u00eda Hern\u00e1ndez, representante de la Secci\u00f3n 13 del SNTE, entre otras autoridades munciipales y estatales.<\/p>\n","protected":false},"excerpt":{"rendered":"Kuali\/Guanajuato, Gto.- En el D\u00eda de la Educadora y del educador, la Gobernadora de Guanajuato, Libia Dennise Garc\u00eda Mu\u00f1oz Ledo, entreg\u00f3 reconocimiento a educadoras y educadores del estado. \u201cNuestras educadoras y educadores son el coraz\u00f3n en donde comienza nuestro sistema educativo\", dijo en su mensaje la mandataria estatal. El gobierno del estado \"ha impulsado acciones [&hellip;]","protected":false},"author":2,"featured_media":202544,"comment_status":"open","ping_status":"open","sticky":false,"template":"","format":"standard","meta":{"_seopress_robots_primary_cat":"none","_seopress_titles_title":"","_seopress_titles_desc":"","_seopress_robots_index":"","_monsterinsights_skip_tracking":false,"_monsterinsights_sitenote_active":false,"_monsterinsights_sitenote_note":"","_monsterinsights_sitenote_category":0,"footnotes":""},"categories":[4],"tags":[112,6621,9,2418],"class_list":["post-202541","post","type-post","status-publish","format-standard","has-post-thumbnail","hentry","category-educacion","tag-educacion","tag-educadoras","tag-guanajuato","tag-reconocimientos"],"yoast_head":"<!-- This site is optimized with the Yoast SEO plugin v27.4 - https:\/\/yoast.com\/product\/yoast-seo-wordpress\/ -->\n<title>RECONOCE GOBERNADORA A EDUCADORES - Kuali<\/title>\n<meta name=\"robots\" content=\"index, follow, max-snippet:-1, max-image-preview:large, max-video-preview:-1\" \/>\n<link rel=\"canonical\" href=\"https:\/\/kuali.com.mx\/web\/2026\/04\/21\/reconoce-gobernadorea-a-educadores\/\" \/>\n<meta property=\"og:locale\" content=\"es_MX\" \/>\n<meta property=\"og:type\" content=\"article\" \/>\n<meta property=\"og:title\" content=\"RECONOCE GOBERNADORA A EDUCADORES - Kuali\" \/>\n<meta property=\"og:description\" content=\"Kuali\/Guanajuato, Gto.- En el D\u00eda de la Educadora y del educador, la Gobernadora de Guanajuato, Libia Dennise Garc\u00eda Mu\u00f1oz Ledo, entreg\u00f3 reconocimiento a educadoras y educadores del estado. \u201cNuestras educadoras y educadores son el coraz\u00f3n en donde comienza nuestro sistema educativo&quot;, dijo en su mensaje la mandataria estatal. El gobierno del estado &quot;ha impulsado acciones [&hellip;]\" \/>\n<meta property=\"og:url\" content=\"https:\/\/kuali.com.mx\/web\/2026\/04\/21\/reconoce-gobernadorea-a-educadores\/\" \/>\n<meta property=\"og:site_name\" content=\"Kuali\" \/>\n<meta property=\"article:publisher\" content=\"https:\/\/kuali.com.mx\/web\/wp-content\/uploads\/2018\/04\/cropped-kuali_logo-1-1.png\" \/>\n<meta property=\"article:published_time\" content=\"2026-04-21T20:10:00+00:00\" \/>\n<meta property=\"article:modified_time\" content=\"2026-04-22T05:28:42+00:00\" \/>\n<meta property=\"og:image\" content=\"https:\/\/kuali.com.mx\/web\/wp-content\/uploads\/2026\/04\/Libia-comn-educadoras-1.jpg\" \/>\n\t<meta property=\"og:image:width\" content=\"1700\" \/>\n\t<meta property=\"og:image:height\" content=\"750\" \/>\n\t<meta property=\"og:image:type\" content=\"image\/jpeg\" \/>\n<meta name=\"author\" content=\"Kuali Staff\" \/>\n<meta name=\"twitter:card\" content=\"summary_large_image\" \/>\n<meta name=\"twitter:creator\" content=\"@kuali_noticias\" \/>\n<meta name=\"twitter:site\" content=\"@kuali_noticias\" \/>\n<meta name=\"twitter:label1\" content=\"Escrito por\" \/>\n\t<meta name=\"twitter:data1\" content=\"Kuali Staff\" \/>\n\t<meta name=\"twitter:label2\" content=\"Tiempo de lectura\" \/>\n\t<meta name=\"twitter:data2\" content=\"2 minutos\" \/>\n<script type=\"application\/ld+json\" class=\"yoast-schema-graph\">{\"@context\":\"https:\\\/\\\/schema.org\",\"@graph\":[{\"@type\":\"Article\",\"@id\":\"https:\\\/\\\/kuali.com.mx\\\/web\\\/2026\\\/04\\\/21\\\/reconoce-gobernadorea-a-educadores\\\/#article\",\"isPartOf\":{\"@id\":\"https:\\\/\\\/kuali.com.mx\\\/web\\\/2026\\\/04\\\/21\\\/reconoce-gobernadorea-a-educadores\\\/\"},\"author\":{\"name\":\"Kuali Staff\",\"@id\":\"https:\\\/\\\/kuali.com.mx\\\/web\\\/#\\\/schema\\\/person\\\/6f89ffa8ecba9dae50662357923c5289\"},\"headline\":\"RECONOCE GOBERNADORA A EDUCADORES\",\"datePublished\":\"2026-04-21T20:10:00+00:00\",\"dateModified\":\"2026-04-22T05:28:42+00:00\",\"mainEntityOfPage\":{\"@id\":\"https:\\\/\\\/kuali.com.mx\\\/web\\\/2026\\\/04\\\/21\\\/reconoce-gobernadorea-a-educadores\\\/\"},\"wordCount\":397,\"commentCount\":0,\"image\":{\"@id\":\"https:\\\/\\\/kuali.com.mx\\\/web\\\/2026\\\/04\\\/21\\\/reconoce-gobernadorea-a-educadores\\\/#primaryimage\"},\"thumbnailUrl\":\"https:\\\/\\\/kuali.com.mx\\\/web\\\/wp-content\\\/uploads\\\/2026\\\/04\\\/Libia-comn-educadoras-1.jpg\",\"keywords\":[\"Educaci\u00f3n\",\"Educadoras\",\"Guanajuato\",\"Reconocimientos\"],\"articleSection\":[\"Educaci\u00f3n\"],\"inLanguage\":\"es\",\"potentialAction\":[{\"@type\":\"CommentAction\",\"name\":\"Comment\",\"target\":[\"https:\\\/\\\/kuali.com.mx\\\/web\\\/2026\\\/04\\\/21\\\/reconoce-gobernadorea-a-educadores\\\/#respond\"]}]},{\"@type\":\"WebPage\",\"@id\":\"https:\\\/\\\/kuali.com.mx\\\/web\\\/2026\\\/04\\\/21\\\/reconoce-gobernadorea-a-educadores\\\/\",\"url\":\"https:\\\/\\\/kuali.com.mx\\\/web\\\/2026\\\/04\\\/21\\\/reconoce-gobernadorea-a-educadores\\\/\",\"name\":\"RECONOCE GOBERNADORA A EDUCADORES - Kuali\",\"isPartOf\":{\"@id\":\"https:\\\/\\\/kuali.com.mx\\\/web\\\/#website\"},\"primaryImageOfPage\":{\"@id\":\"https:\\\/\\\/kuali.com.mx\\\/web\\\/2026\\\/04\\\/21\\\/reconoce-gobernadorea-a-educadores\\\/#primaryimage\"},\"image\":{\"@id\":\"https:\\\/\\\/kuali.com.mx\\\/web\\\/2026\\\/04\\\/21\\\/reconoce-gobernadorea-a-educadores\\\/#primaryimage\"},\"thumbnailUrl\":\"https:\\\/\\\/kuali.com.mx\\\/web\\\/wp-content\\\/uploads\\\/2026\\\/04\\\/Libia-comn-educadoras-1.jpg\",\"datePublished\":\"2026-04-21T20:10:00+00:00\",\"dateModified\":\"2026-04-22T05:28:42+00:00\",\"author\":{\"@id\":\"https:\\\/\\\/kuali.com.mx\\\/web\\\/#\\\/schema\\\/person\\\/6f89ffa8ecba9dae50662357923c5289\"},\"breadcrumb\":{\"@id\":\"https:\\\/\\\/kuali.com.mx\\\/web\\\/2026\\\/04\\\/21\\\/reconoce-gobernadorea-a-educadores\\\/#breadcrumb\"},\"inLanguage\":\"es\",\"potentialAction\":[{\"@type\":\"ReadAction\",\"target\":[\"https:\\\/\\\/kuali.com.mx\\\/web\\\/2026\\\/04\\\/21\\\/reconoce-gobernadorea-a-educadores\\\/\"]}]},{\"@type\":\"ImageObject\",\"inLanguage\":\"es\",\"@id\":\"https:\\\/\\\/kuali.com.mx\\\/web\\\/2026\\\/04\\\/21\\\/reconoce-gobernadorea-a-educadores\\\/#primaryimage\",\"url\":\"https:\\\/\\\/kuali.com.mx\\\/web\\\/wp-content\\\/uploads\\\/2026\\\/04\\\/Libia-comn-educadoras-1.jpg\",\"contentUrl\":\"https:\\\/\\\/kuali.com.mx\\\/web\\\/wp-content\\\/uploads\\\/2026\\\/04\\\/Libia-comn-educadoras-1.jpg\",\"width\":1700,\"height\":750},{\"@type\":\"BreadcrumbList\",\"@id\":\"https:\\\/\\\/kuali.com.mx\\\/web\\\/2026\\\/04\\\/21\\\/reconoce-gobernadorea-a-educadores\\\/#breadcrumb\",\"itemListElement\":[{\"@type\":\"ListItem\",\"position\":1,\"name\":\"Inicio\",\"item\":\"https:\\\/\\\/kuali.com.mx\\\/web\\\/\"},{\"@type\":\"ListItem\",\"position\":2,\"name\":\"RECONOCE GOBERNADORA A EDUCADORES\"}]},{\"@type\":\"WebSite\",\"@id\":\"https:\\\/\\\/kuali.com.mx\\\/web\\\/#website\",\"url\":\"https:\\\/\\\/kuali.com.mx\\\/web\\\/\",\"name\":\"Kuali\",\"description\":\"\",\"potentialAction\":[{\"@type\":\"SearchAction\",\"target\":{\"@type\":\"EntryPoint\",\"urlTemplate\":\"https:\\\/\\\/kuali.com.mx\\\/web\\\/?s={search_term_string}\"},\"query-input\":{\"@type\":\"PropertyValueSpecification\",\"valueRequired\":true,\"valueName\":\"search_term_string\"}}],\"inLanguage\":\"es\"},{\"@type\":\"Person\",\"@id\":\"https:\\\/\\\/kuali.com.mx\\\/web\\\/#\\\/schema\\\/person\\\/6f89ffa8ecba9dae50662357923c5289\",\"name\":\"Kuali Staff\",\"image\":{\"@type\":\"ImageObject\",\"inLanguage\":\"es\",\"@id\":\"https:\\\/\\\/secure.gravatar.com\\\/avatar\\\/f917ad82e5ab71227a733c78b6e60715476f69ee6be59feee4eb5d9920c89e0f?s=96&d=mm&r=g\",\"url\":\"https:\\\/\\\/secure.gravatar.com\\\/avatar\\\/f917ad82e5ab71227a733c78b6e60715476f69ee6be59feee4eb5d9920c89e0f?s=96&d=mm&r=g\",\"contentUrl\":\"https:\\\/\\\/secure.gravatar.com\\\/avatar\\\/f917ad82e5ab71227a733c78b6e60715476f69ee6be59feee4eb5d9920c89e0f?s=96&d=mm&r=g\",\"caption\":\"Kuali Staff\"},\"url\":\"https:\\\/\\\/kuali.com.mx\\\/web\\\/author\\\/lagarto\\\/\"}]}<\/script>\n<!-- \/ Yoast SEO plugin. -->","yoast_head_json":{"title":"RECONOCE GOBERNADORA A EDUCADORES - Kuali","robots":{"index":"index","follow":"follow","max-snippet":"max-snippet:-1","max-image-preview":"max-image-preview:large","max-video-preview":"max-video-preview:-1"},"canonical":"https:\/\/kuali.com.mx\/web\/2026\/04\/21\/reconoce-gobernadorea-a-educadores\/","og_locale":"es_MX","og_type":"article","og_title":"RECONOCE GOBERNADORA A EDUCADORES - Kuali","og_description":"Kuali\/Guanajuato, Gto.- En el D\u00eda de la Educadora y del educador, la Gobernadora de Guanajuato, Libia Dennise Garc\u00eda Mu\u00f1oz Ledo, entreg\u00f3 reconocimiento a educadoras y educadores del estado. \u201cNuestras educadoras y educadores son el coraz\u00f3n en donde comienza nuestro sistema educativo\", dijo en su mensaje la mandataria estatal. El gobierno del estado \"ha impulsado acciones [&hellip;]","og_url":"https:\/\/kuali.com.mx\/web\/2026\/04\/21\/reconoce-gobernadorea-a-educadores\/","og_site_name":"Kuali","article_publisher":"https:\/\/kuali.com.mx\/web\/wp-content\/uploads\/2018\/04\/cropped-kuali_logo-1-1.png","article_published_time":"2026-04-21T20:10:00+00:00","article_modified_time":"2026-04-22T05:28:42+00:00","og_image":[{"width":1700,"height":750,"url":"https:\/\/kuali.com.mx\/web\/wp-content\/uploads\/2026\/04\/Libia-comn-educadoras-1.jpg","type":"image\/jpeg"}],"author":"Kuali Staff","twitter_card":"summary_large_image","twitter_creator":"@kuali_noticias","twitter_site":"@kuali_noticias","twitter_misc":{"Escrito por":"Kuali Staff","Tiempo de lectura":"2 minutos"},"schema":{"@context":"https:\/\/schema.org","@graph":[{"@type":"Article","@id":"https:\/\/kuali.com.mx\/web\/2026\/04\/21\/reconoce-gobernadorea-a-educadores\/#article","isPartOf":{"@id":"https:\/\/kuali.com.mx\/web\/2026\/04\/21\/reconoce-gobernadorea-a-educadores\/"},"author":{"name":"Kuali Staff","@id":"https:\/\/kuali.com.mx\/web\/#\/schema\/person\/6f89ffa8ecba9dae50662357923c5289"},"headline":"RECONOCE GOBERNADORA A EDUCADORES","datePublished":"2026-04-21T20:10:00+00:00","dateModified":"2026-04-22T05:28:42+00:00","mainEntityOfPage":{"@id":"https:\/\/kuali.com.mx\/web\/2026\/04\/21\/reconoce-gobernadorea-a-educadores\/"},"wordCount":397,"commentCount":0,"image":{"@id":"https:\/\/kuali.com.mx\/web\/2026\/04\/21\/reconoce-gobernadorea-a-educadores\/#primaryimage"},"thumbnailUrl":"https:\/\/kuali.com.mx\/web\/wp-content\/uploads\/2026\/04\/Libia-comn-educadoras-1.jpg","keywords":["Educaci\u00f3n","Educadoras","Guanajuato","Reconocimientos"],"articleSection":["Educaci\u00f3n"],"inLanguage":"es","potentialAction":[{"@type":"CommentAction","name":"Comment","target":["https:\/\/kuali.com.mx\/web\/2026\/04\/21\/reconoce-gobernadorea-a-educadores\/#respond"]}]},{"@type":"WebPage","@id":"https:\/\/kuali.com.mx\/web\/2026\/04\/21\/reconoce-gobernadorea-a-educadores\/","url":"https:\/\/kuali.com.mx\/web\/2026\/04\/21\/reconoce-gobernadorea-a-educadores\/","name":"RECONOCE GOBERNADORA A EDUCADORES - Kuali","isPartOf":{"@id":"https:\/\/kuali.com.mx\/web\/#website"},"primaryImageOfPage":{"@id":"https:\/\/kuali.com.mx\/web\/2026\/04\/21\/reconoce-gobernadorea-a-educadores\/#primaryimage"},"image":{"@id":"https:\/\/kuali.com.mx\/web\/2026\/04\/21\/reconoce-gobernadorea-a-educadores\/#primaryimage"},"thumbnailUrl":"https:\/\/kuali.com.mx\/web\/wp-content\/uploads\/2026\/04\/Libia-comn-educadoras-1.jpg","datePublished":"2026-04-21T20:10:00+00:00","dateModified":"2026-04-22T05:28:42+00:00","author":{"@id":"https:\/\/kuali.com.mx\/web\/#\/schema\/person\/6f89ffa8ecba9dae50662357923c5289"},"breadcrumb":{"@id":"https:\/\/kuali.com.mx\/web\/2026\/04\/21\/reconoce-gobernadorea-a-educadores\/#breadcrumb"},"inLanguage":"es","potentialAction":[{"@type":"ReadAction","target":["https:\/\/kuali.com.mx\/web\/2026\/04\/21\/reconoce-gobernadorea-a-educadores\/"]}]},{"@type":"ImageObject","inLanguage":"es","@id":"https:\/\/kuali.com.mx\/web\/2026\/04\/21\/reconoce-gobernadorea-a-educadores\/#primaryimage","url":"https:\/\/kuali.com.mx\/web\/wp-content\/uploads\/2026\/04\/Libia-comn-educadoras-1.jpg","contentUrl":"https:\/\/kuali.com.mx\/web\/wp-content\/uploads\/2026\/04\/Libia-comn-educadoras-1.jpg","width":1700,"height":750},{"@type":"BreadcrumbList","@id":"https:\/\/kuali.com.mx\/web\/2026\/04\/21\/reconoce-gobernadorea-a-educadores\/#breadcrumb","itemListElement":[{"@type":"ListItem","position":1,"name":"Inicio","item":"https:\/\/kuali.com.mx\/web\/"},{"@type":"ListItem","position":2,"name":"RECONOCE GOBERNADORA A EDUCADORES"}]},{"@type":"WebSite","@id":"https:\/\/kuali.com.mx\/web\/#website","url":"https:\/\/kuali.com.mx\/web\/","name":"Kuali","description":"","potentialAction":[{"@type":"SearchAction","target":{"@type":"EntryPoint","urlTemplate":"https:\/\/kuali.com.mx\/web\/?s={search_term_string}"},"query-input":{"@type":"PropertyValueSpecification","valueRequired":true,"valueName":"search_term_string"}}],"inLanguage":"es"},{"@type":"Person","@id":"https:\/\/kuali.com.mx\/web\/#\/schema\/person\/6f89ffa8ecba9dae50662357923c5289","name":"Kuali Staff","image":{"@type":"ImageObject","inLanguage":"es","@id":"https:\/\/secure.gravatar.com\/avatar\/f917ad82e5ab71227a733c78b6e60715476f69ee6be59feee4eb5d9920c89e0f?s=96&d=mm&r=g","url":"https:\/\/secure.gravatar.com\/avatar\/f917ad82e5ab71227a733c78b6e60715476f69ee6be59feee4eb5d9920c89e0f?s=96&d=mm&r=g","contentUrl":"https:\/\/secure.gravatar.com\/avatar\/f917ad82e5ab71227a733c78b6e60715476f69ee6be59feee4eb5d9920c89e0f?s=96&d=mm&r=g","caption":"Kuali Staff"},"url":"https:\/\/kuali.com.mx\/web\/author\/lagarto\/"}]}},"_links":{"self":[{"href":"https:\/\/kuali.com.mx\/web\/wp-json\/wp\/v2\/posts\/202541","targetHints":{"allow":["GET"]}}],"collection":[{"href":"https:\/\/kuali.com.mx\/web\/wp-json\/wp\/v2\/posts"}],"about":[{"href":"https:\/\/kuali.com.mx\/web\/wp-json\/wp\/v2\/types\/post"}],"author":[{"embeddable":true,"href":"https:\/\/kuali.com.mx\/web\/wp-json\/wp\/v2\/users\/2"}],"replies":[{"embeddable":true,"href":"https:\/\/kuali.com.mx\/web\/wp-json\/wp\/v2\/comments?post=202541"}],"version-history":[{"count":2,"href":"https:\/\/kuali.com.mx\/web\/wp-json\/wp\/v2\/posts\/202541\/revisions"}],"predecessor-version":[{"id":202549,"href":"https:\/\/kuali.com.mx\/web\/wp-json\/wp\/v2\/posts\/202541\/revisions\/202549"}],"wp:featuredmedia":[{"embeddable":true,"href":"https:\/\/kuali.com.mx\/web\/wp-json\/wp\/v2\/media\/202544"}],"wp:attachment":[{"href":"https:\/\/kuali.com.mx\/web\/wp-json\/wp\/v2\/media?parent=202541"}],"wp:term":[{"taxonomy":"category","embeddable":true,"href":"https:\/\/kuali.com.mx\/web\/wp-json\/wp\/v2\/categories?post=202541"},{"taxonomy":"post_tag","embeddable":true,"href":"https:\/\/kuali.com.mx\/web\/wp-json\/wp\/v2\/tags?post=202541"}],"curies":[{"name":"wp","href":"https:\/\/api.w.org\/{rel}","templated":true}]}}