{"id":202529,"date":"2026-04-22T08:00:00","date_gmt":"2026-04-22T14:00:00","guid":{"rendered":"https:\/\/kuali.com.mx\/web\/?p=202529"},"modified":"2026-04-21T22:31:50","modified_gmt":"2026-04-22T04:31:50","slug":"celebran-dia-mundial-del-libro-fiestas-de-la-lectura","status":"publish","type":"post","link":"https:\/\/kuali.com.mx\/web\/2026\/04\/22\/celebran-dia-mundial-del-libro-fiestas-de-la-lectura\/","title":{"rendered":"CELEBRAN D\u00cdA MUNDIAL DEL LIBRO CON &#8220;FIESTAS DE LA LECTURA&#8221;"},"content":{"rendered":"\n<p><a href=\"https:\/\/boletines.guanajuato.gob.mx\/2026\/04\/20\/la-secretaria-de-cultura-de-guanajuato-celebra-el-dia-mundial-del-libro-con-una-jornada-estatal-de-lectura-y-actividades-para-todas-las-edades\/\"><\/a><strong>Kuali\/Le\u00f3n, Gto.-<\/strong>Para celebrar el 23 de abril, D\u00eda Mundial del Libro y del Derecho de Autor, la Secretar\u00eda de Cultura de Guanajuato realiza el evento las\u00a0<em>Fiestas de la Lectura. Marat\u00f3n de Lectura 2026<\/em>, una celebraci\u00f3n que se llevar\u00e1 a cabo el jueves 23 de abril, de 10:00 de la ma\u00f1ana a seis de la tarde, de manera simult\u00e1nea en los 46 municipios del estado.<\/p>\n\n\n\n<p>Es una actividad gratuita y de acceso libre para fomentar el h\u00e1bito lector, fortalecer el v\u00ednculo comunitario y acercar a la poblaci\u00f3n a la riqueza literaria desde distintos espacios culturales, inform\u00f3 la Secretar\u00eda de Cultura en un comunicado de prensa.<\/p>\n\n\n\n<p>El jueves 23 de abril a las 6:00 de la tarde ser\u00e1 la presentaci\u00f3n editorial de la\u00a0<em>Octava Antolog\u00eda de Escritoras Mexicanas<\/em>\u00a0(2025), coordinada por Julia Cu\u00e9llar y Cristina Liceaga, en la Sala Magic-Galer\u00eda Rosa Evelia de la ciudad de Ac\u00e1mbaro. En el encuentro participar\u00e1n las escritoras Julia Cu\u00e9llar, Dalia Le\u00f3n y Cecilia Del Toro, quienes compartir\u00e1n con el p\u00fablico una muestra del talento literario contempor\u00e1neo hecho por mujeres. La actividad est\u00e1 dirigida a todo p\u00fablico y no requiere registro previo.<\/p>\n\n\n\n<p>De manera complementaria, la\u00a0Biblioteca Central Estatal Wigberto Jim\u00e9nez Moreno, en la ciudad de Le\u00f3n, desarrollar\u00e1 un programa especial de actividades presenciales y gratuitas en torno a la lectura, dirigido a distintos p\u00fablicos. El programa comenz\u00f3 este martes y est\u00e1 dirigido a las infancias, quienes podr\u00e1n participar en talleres tem\u00e1ticos inspirados en el universo de\u00a0Harry Potte<strong>r<\/strong>, conociendo sus historias y viviendo experiencias l\u00fadicas llenas de imaginaci\u00f3n. El mi\u00e9rcoles 22 de abril continuar\u00e1 la programaci\u00f3n con un espacio creativo para la elaboraci\u00f3n de varitas m\u00e1gicas, mientras que el jueves 23 se llevar\u00e1n a cabo actividades como la creaci\u00f3n de dulces m\u00e1gicos en papiroflexia, as\u00ed como un taller de escritura de\u00a0<em>fan fiction<\/em>\u00a0dirigido a juventudes y personas adultas, que invita a reinventar los universos narrativos de la saga. <\/p>\n\n\n\n<p>La agenda culmina el s\u00e1bado 25 de abril con la s\u00e9ptima edici\u00f3n del concurso&nbsp;<em>El lector m\u00e1s d\u00e9bil<\/em>, una din\u00e1mica de preguntas y respuestas basada en el libro:&nbsp;<em>Harry Potter y el c\u00e1liz de fuego<\/em>, que pondr\u00e1 a prueba el conocimiento y la agilidad de las personas participantes en un formato l\u00fadico y competitivo.<\/p>\n\n\n\n<p>Ediciones La Rana\u00a0lllevar\u00e1 a cabo el\u00a0VI Foro Virtual del Libro,\u00a0<em>Bestiario cr\u00edtico<\/em>, los d\u00edas jueves 23 y viernes 24 de abril, a trav\u00e9s de transmisiones de su p\u00e1gina en Facebook y la cuenta de Instagram.<\/p>\n\n\n\n<p>En 2025, a trav\u00e9s de la\u00a0Red Estatal de Bibliotecas, se registraron 854 mil 303 personas usuarias que realizaron un mill\u00f3n 567 mil 553 consultas. A su vez, se realizaron 57 mil 163 actividades de fomento a la lectura con 791 mil 925 asistentes.<\/p>\n\n\n\n<p><\/p>\n","protected":false},"excerpt":{"rendered":"Kuali\/Le\u00f3n, Gto.-Para celebrar el 23 de abril, D\u00eda Mundial del Libro y del Derecho de Autor, la Secretar\u00eda de Cultura de Guanajuato realiza el evento las\u00a0Fiestas de la Lectura. Marat\u00f3n de Lectura 2026, una celebraci\u00f3n que se llevar\u00e1 a cabo el jueves 23 de abril, de 10:00 de la ma\u00f1ana a seis de la tarde, [&hellip;]","protected":false},"author":2,"featured_media":181796,"comment_status":"open","ping_status":"open","sticky":false,"template":"","format":"standard","meta":{"_seopress_robots_primary_cat":"none","_seopress_titles_title":"","_seopress_titles_desc":"","_seopress_robots_index":"","_monsterinsights_skip_tracking":false,"_monsterinsights_sitenote_active":false,"_monsterinsights_sitenote_note":"","_monsterinsights_sitenote_category":0,"footnotes":""},"categories":[8],"tags":[127,6612,6613,1191,684,522],"class_list":["post-202529","post","type-post","status-publish","format-standard","has-post-thumbnail","hentry","category-espectaculos","tag-arte-y-cultura","tag-dia-mundial-del-libro","tag-lectores","tag-lectura","tag-libros","tag-literatura"],"yoast_head":"<!-- This site is optimized with the Yoast SEO plugin v27.4 - https:\/\/yoast.com\/product\/yoast-seo-wordpress\/ -->\n<title>CELEBRAN D\u00cdA MUNDIAL DEL LIBRO CON &quot;FIESTAS DE LA LECTURA&quot; - Kuali<\/title>\n<meta name=\"robots\" content=\"index, follow, max-snippet:-1, max-image-preview:large, max-video-preview:-1\" \/>\n<link rel=\"canonical\" href=\"https:\/\/kuali.com.mx\/web\/2026\/04\/22\/celebran-dia-mundial-del-libro-fiestas-de-la-lectura\/\" \/>\n<meta property=\"og:locale\" content=\"es_MX\" \/>\n<meta property=\"og:type\" content=\"article\" \/>\n<meta property=\"og:title\" content=\"CELEBRAN D\u00cdA MUNDIAL DEL LIBRO CON &quot;FIESTAS DE LA LECTURA&quot; - Kuali\" \/>\n<meta property=\"og:description\" content=\"Kuali\/Le\u00f3n, Gto.-Para celebrar el 23 de abril, D\u00eda Mundial del Libro y del Derecho de Autor, la Secretar\u00eda de Cultura de Guanajuato realiza el evento las\u00a0Fiestas de la Lectura. Marat\u00f3n de Lectura 2026, una celebraci\u00f3n que se llevar\u00e1 a cabo el jueves 23 de abril, de 10:00 de la ma\u00f1ana a seis de la tarde, [&hellip;]\" \/>\n<meta property=\"og:url\" content=\"https:\/\/kuali.com.mx\/web\/2026\/04\/22\/celebran-dia-mundial-del-libro-fiestas-de-la-lectura\/\" \/>\n<meta property=\"og:site_name\" content=\"Kuali\" \/>\n<meta property=\"article:publisher\" content=\"https:\/\/kuali.com.mx\/web\/wp-content\/uploads\/2018\/04\/cropped-kuali_logo-1-1.png\" \/>\n<meta property=\"article:published_time\" content=\"2026-04-22T14:00:00+00:00\" \/>\n<meta property=\"og:image\" content=\"https:\/\/kuali.com.mx\/web\/wp-content\/uploads\/2025\/07\/Libros-Hazle-al-cuento.gif\" \/>\n\t<meta property=\"og:image:width\" content=\"1700\" \/>\n\t<meta property=\"og:image:height\" content=\"750\" \/>\n\t<meta property=\"og:image:type\" content=\"image\/gif\" \/>\n<meta name=\"author\" content=\"Kuali Staff\" \/>\n<meta name=\"twitter:card\" content=\"summary_large_image\" \/>\n<meta name=\"twitter:creator\" content=\"@kuali_noticias\" \/>\n<meta name=\"twitter:site\" content=\"@kuali_noticias\" \/>\n<meta name=\"twitter:label1\" content=\"Escrito por\" \/>\n\t<meta name=\"twitter:data1\" content=\"Kuali Staff\" \/>\n\t<meta name=\"twitter:label2\" content=\"Tiempo de lectura\" \/>\n\t<meta name=\"twitter:data2\" content=\"2 minutos\" \/>\n<script type=\"application\/ld+json\" class=\"yoast-schema-graph\">{\"@context\":\"https:\\\/\\\/schema.org\",\"@graph\":[{\"@type\":\"Article\",\"@id\":\"https:\\\/\\\/kuali.com.mx\\\/web\\\/2026\\\/04\\\/22\\\/celebran-dia-mundial-del-libro-fiestas-de-la-lectura\\\/#article\",\"isPartOf\":{\"@id\":\"https:\\\/\\\/kuali.com.mx\\\/web\\\/2026\\\/04\\\/22\\\/celebran-dia-mundial-del-libro-fiestas-de-la-lectura\\\/\"},\"author\":{\"name\":\"Kuali Staff\",\"@id\":\"https:\\\/\\\/kuali.com.mx\\\/web\\\/#\\\/schema\\\/person\\\/6f89ffa8ecba9dae50662357923c5289\"},\"headline\":\"CELEBRAN D\u00cdA MUNDIAL DEL LIBRO CON &#8220;FIESTAS DE LA LECTURA&#8221;\",\"datePublished\":\"2026-04-22T14:00:00+00:00\",\"mainEntityOfPage\":{\"@id\":\"https:\\\/\\\/kuali.com.mx\\\/web\\\/2026\\\/04\\\/22\\\/celebran-dia-mundial-del-libro-fiestas-de-la-lectura\\\/\"},\"wordCount\":493,\"commentCount\":0,\"image\":{\"@id\":\"https:\\\/\\\/kuali.com.mx\\\/web\\\/2026\\\/04\\\/22\\\/celebran-dia-mundial-del-libro-fiestas-de-la-lectura\\\/#primaryimage\"},\"thumbnailUrl\":\"https:\\\/\\\/kuali.com.mx\\\/web\\\/wp-content\\\/uploads\\\/2025\\\/07\\\/Libros-Hazle-al-cuento.gif\",\"keywords\":[\"Arte y cultura\",\"D\u00eda Mundial del Libro\",\"Lectores\",\"Lectura\",\"Libros\",\"Literatura\"],\"articleSection\":[\"Cultura\"],\"inLanguage\":\"es\",\"potentialAction\":[{\"@type\":\"CommentAction\",\"name\":\"Comment\",\"target\":[\"https:\\\/\\\/kuali.com.mx\\\/web\\\/2026\\\/04\\\/22\\\/celebran-dia-mundial-del-libro-fiestas-de-la-lectura\\\/#respond\"]}]},{\"@type\":\"WebPage\",\"@id\":\"https:\\\/\\\/kuali.com.mx\\\/web\\\/2026\\\/04\\\/22\\\/celebran-dia-mundial-del-libro-fiestas-de-la-lectura\\\/\",\"url\":\"https:\\\/\\\/kuali.com.mx\\\/web\\\/2026\\\/04\\\/22\\\/celebran-dia-mundial-del-libro-fiestas-de-la-lectura\\\/\",\"name\":\"CELEBRAN D\u00cdA MUNDIAL DEL LIBRO CON \\\"FIESTAS DE LA LECTURA\\\" - Kuali\",\"isPartOf\":{\"@id\":\"https:\\\/\\\/kuali.com.mx\\\/web\\\/#website\"},\"primaryImageOfPage\":{\"@id\":\"https:\\\/\\\/kuali.com.mx\\\/web\\\/2026\\\/04\\\/22\\\/celebran-dia-mundial-del-libro-fiestas-de-la-lectura\\\/#primaryimage\"},\"image\":{\"@id\":\"https:\\\/\\\/kuali.com.mx\\\/web\\\/2026\\\/04\\\/22\\\/celebran-dia-mundial-del-libro-fiestas-de-la-lectura\\\/#primaryimage\"},\"thumbnailUrl\":\"https:\\\/\\\/kuali.com.mx\\\/web\\\/wp-content\\\/uploads\\\/2025\\\/07\\\/Libros-Hazle-al-cuento.gif\",\"datePublished\":\"2026-04-22T14:00:00+00:00\",\"author\":{\"@id\":\"https:\\\/\\\/kuali.com.mx\\\/web\\\/#\\\/schema\\\/person\\\/6f89ffa8ecba9dae50662357923c5289\"},\"breadcrumb\":{\"@id\":\"https:\\\/\\\/kuali.com.mx\\\/web\\\/2026\\\/04\\\/22\\\/celebran-dia-mundial-del-libro-fiestas-de-la-lectura\\\/#breadcrumb\"},\"inLanguage\":\"es\",\"potentialAction\":[{\"@type\":\"ReadAction\",\"target\":[\"https:\\\/\\\/kuali.com.mx\\\/web\\\/2026\\\/04\\\/22\\\/celebran-dia-mundial-del-libro-fiestas-de-la-lectura\\\/\"]}]},{\"@type\":\"ImageObject\",\"inLanguage\":\"es\",\"@id\":\"https:\\\/\\\/kuali.com.mx\\\/web\\\/2026\\\/04\\\/22\\\/celebran-dia-mundial-del-libro-fiestas-de-la-lectura\\\/#primaryimage\",\"url\":\"https:\\\/\\\/kuali.com.mx\\\/web\\\/wp-content\\\/uploads\\\/2025\\\/07\\\/Libros-Hazle-al-cuento.gif\",\"contentUrl\":\"https:\\\/\\\/kuali.com.mx\\\/web\\\/wp-content\\\/uploads\\\/2025\\\/07\\\/Libros-Hazle-al-cuento.gif\",\"width\":1700,\"height\":750},{\"@type\":\"BreadcrumbList\",\"@id\":\"https:\\\/\\\/kuali.com.mx\\\/web\\\/2026\\\/04\\\/22\\\/celebran-dia-mundial-del-libro-fiestas-de-la-lectura\\\/#breadcrumb\",\"itemListElement\":[{\"@type\":\"ListItem\",\"position\":1,\"name\":\"Inicio\",\"item\":\"https:\\\/\\\/kuali.com.mx\\\/web\\\/\"},{\"@type\":\"ListItem\",\"position\":2,\"name\":\"CELEBRAN D\u00cdA MUNDIAL DEL LIBRO CON &#8220;FIESTAS DE LA LECTURA&#8221;\"}]},{\"@type\":\"WebSite\",\"@id\":\"https:\\\/\\\/kuali.com.mx\\\/web\\\/#website\",\"url\":\"https:\\\/\\\/kuali.com.mx\\\/web\\\/\",\"name\":\"Kuali\",\"description\":\"\",\"potentialAction\":[{\"@type\":\"SearchAction\",\"target\":{\"@type\":\"EntryPoint\",\"urlTemplate\":\"https:\\\/\\\/kuali.com.mx\\\/web\\\/?s={search_term_string}\"},\"query-input\":{\"@type\":\"PropertyValueSpecification\",\"valueRequired\":true,\"valueName\":\"search_term_string\"}}],\"inLanguage\":\"es\"},{\"@type\":\"Person\",\"@id\":\"https:\\\/\\\/kuali.com.mx\\\/web\\\/#\\\/schema\\\/person\\\/6f89ffa8ecba9dae50662357923c5289\",\"name\":\"Kuali Staff\",\"image\":{\"@type\":\"ImageObject\",\"inLanguage\":\"es\",\"@id\":\"https:\\\/\\\/secure.gravatar.com\\\/avatar\\\/f917ad82e5ab71227a733c78b6e60715476f69ee6be59feee4eb5d9920c89e0f?s=96&d=mm&r=g\",\"url\":\"https:\\\/\\\/secure.gravatar.com\\\/avatar\\\/f917ad82e5ab71227a733c78b6e60715476f69ee6be59feee4eb5d9920c89e0f?s=96&d=mm&r=g\",\"contentUrl\":\"https:\\\/\\\/secure.gravatar.com\\\/avatar\\\/f917ad82e5ab71227a733c78b6e60715476f69ee6be59feee4eb5d9920c89e0f?s=96&d=mm&r=g\",\"caption\":\"Kuali Staff\"},\"url\":\"https:\\\/\\\/kuali.com.mx\\\/web\\\/author\\\/lagarto\\\/\"}]}<\/script>\n<!-- \/ Yoast SEO plugin. -->","yoast_head_json":{"title":"CELEBRAN D\u00cdA MUNDIAL DEL LIBRO CON \"FIESTAS DE LA LECTURA\" - Kuali","robots":{"index":"index","follow":"follow","max-snippet":"max-snippet:-1","max-image-preview":"max-image-preview:large","max-video-preview":"max-video-preview:-1"},"canonical":"https:\/\/kuali.com.mx\/web\/2026\/04\/22\/celebran-dia-mundial-del-libro-fiestas-de-la-lectura\/","og_locale":"es_MX","og_type":"article","og_title":"CELEBRAN D\u00cdA MUNDIAL DEL LIBRO CON \"FIESTAS DE LA LECTURA\" - Kuali","og_description":"Kuali\/Le\u00f3n, Gto.-Para celebrar el 23 de abril, D\u00eda Mundial del Libro y del Derecho de Autor, la Secretar\u00eda de Cultura de Guanajuato realiza el evento las\u00a0Fiestas de la Lectura. Marat\u00f3n de Lectura 2026, una celebraci\u00f3n que se llevar\u00e1 a cabo el jueves 23 de abril, de 10:00 de la ma\u00f1ana a seis de la tarde, [&hellip;]","og_url":"https:\/\/kuali.com.mx\/web\/2026\/04\/22\/celebran-dia-mundial-del-libro-fiestas-de-la-lectura\/","og_site_name":"Kuali","article_publisher":"https:\/\/kuali.com.mx\/web\/wp-content\/uploads\/2018\/04\/cropped-kuali_logo-1-1.png","article_published_time":"2026-04-22T14:00:00+00:00","og_image":[{"width":1700,"height":750,"url":"https:\/\/kuali.com.mx\/web\/wp-content\/uploads\/2025\/07\/Libros-Hazle-al-cuento.gif","type":"image\/gif"}],"author":"Kuali Staff","twitter_card":"summary_large_image","twitter_creator":"@kuali_noticias","twitter_site":"@kuali_noticias","twitter_misc":{"Escrito por":"Kuali Staff","Tiempo de lectura":"2 minutos"},"schema":{"@context":"https:\/\/schema.org","@graph":[{"@type":"Article","@id":"https:\/\/kuali.com.mx\/web\/2026\/04\/22\/celebran-dia-mundial-del-libro-fiestas-de-la-lectura\/#article","isPartOf":{"@id":"https:\/\/kuali.com.mx\/web\/2026\/04\/22\/celebran-dia-mundial-del-libro-fiestas-de-la-lectura\/"},"author":{"name":"Kuali Staff","@id":"https:\/\/kuali.com.mx\/web\/#\/schema\/person\/6f89ffa8ecba9dae50662357923c5289"},"headline":"CELEBRAN D\u00cdA MUNDIAL DEL LIBRO CON &#8220;FIESTAS DE LA LECTURA&#8221;","datePublished":"2026-04-22T14:00:00+00:00","mainEntityOfPage":{"@id":"https:\/\/kuali.com.mx\/web\/2026\/04\/22\/celebran-dia-mundial-del-libro-fiestas-de-la-lectura\/"},"wordCount":493,"commentCount":0,"image":{"@id":"https:\/\/kuali.com.mx\/web\/2026\/04\/22\/celebran-dia-mundial-del-libro-fiestas-de-la-lectura\/#primaryimage"},"thumbnailUrl":"https:\/\/kuali.com.mx\/web\/wp-content\/uploads\/2025\/07\/Libros-Hazle-al-cuento.gif","keywords":["Arte y cultura","D\u00eda Mundial del Libro","Lectores","Lectura","Libros","Literatura"],"articleSection":["Cultura"],"inLanguage":"es","potentialAction":[{"@type":"CommentAction","name":"Comment","target":["https:\/\/kuali.com.mx\/web\/2026\/04\/22\/celebran-dia-mundial-del-libro-fiestas-de-la-lectura\/#respond"]}]},{"@type":"WebPage","@id":"https:\/\/kuali.com.mx\/web\/2026\/04\/22\/celebran-dia-mundial-del-libro-fiestas-de-la-lectura\/","url":"https:\/\/kuali.com.mx\/web\/2026\/04\/22\/celebran-dia-mundial-del-libro-fiestas-de-la-lectura\/","name":"CELEBRAN D\u00cdA MUNDIAL DEL LIBRO CON \"FIESTAS DE LA LECTURA\" - Kuali","isPartOf":{"@id":"https:\/\/kuali.com.mx\/web\/#website"},"primaryImageOfPage":{"@id":"https:\/\/kuali.com.mx\/web\/2026\/04\/22\/celebran-dia-mundial-del-libro-fiestas-de-la-lectura\/#primaryimage"},"image":{"@id":"https:\/\/kuali.com.mx\/web\/2026\/04\/22\/celebran-dia-mundial-del-libro-fiestas-de-la-lectura\/#primaryimage"},"thumbnailUrl":"https:\/\/kuali.com.mx\/web\/wp-content\/uploads\/2025\/07\/Libros-Hazle-al-cuento.gif","datePublished":"2026-04-22T14:00:00+00:00","author":{"@id":"https:\/\/kuali.com.mx\/web\/#\/schema\/person\/6f89ffa8ecba9dae50662357923c5289"},"breadcrumb":{"@id":"https:\/\/kuali.com.mx\/web\/2026\/04\/22\/celebran-dia-mundial-del-libro-fiestas-de-la-lectura\/#breadcrumb"},"inLanguage":"es","potentialAction":[{"@type":"ReadAction","target":["https:\/\/kuali.com.mx\/web\/2026\/04\/22\/celebran-dia-mundial-del-libro-fiestas-de-la-lectura\/"]}]},{"@type":"ImageObject","inLanguage":"es","@id":"https:\/\/kuali.com.mx\/web\/2026\/04\/22\/celebran-dia-mundial-del-libro-fiestas-de-la-lectura\/#primaryimage","url":"https:\/\/kuali.com.mx\/web\/wp-content\/uploads\/2025\/07\/Libros-Hazle-al-cuento.gif","contentUrl":"https:\/\/kuali.com.mx\/web\/wp-content\/uploads\/2025\/07\/Libros-Hazle-al-cuento.gif","width":1700,"height":750},{"@type":"BreadcrumbList","@id":"https:\/\/kuali.com.mx\/web\/2026\/04\/22\/celebran-dia-mundial-del-libro-fiestas-de-la-lectura\/#breadcrumb","itemListElement":[{"@type":"ListItem","position":1,"name":"Inicio","item":"https:\/\/kuali.com.mx\/web\/"},{"@type":"ListItem","position":2,"name":"CELEBRAN D\u00cdA MUNDIAL DEL LIBRO CON &#8220;FIESTAS DE LA LECTURA&#8221;"}]},{"@type":"WebSite","@id":"https:\/\/kuali.com.mx\/web\/#website","url":"https:\/\/kuali.com.mx\/web\/","name":"Kuali","description":"","potentialAction":[{"@type":"SearchAction","target":{"@type":"EntryPoint","urlTemplate":"https:\/\/kuali.com.mx\/web\/?s={search_term_string}"},"query-input":{"@type":"PropertyValueSpecification","valueRequired":true,"valueName":"search_term_string"}}],"inLanguage":"es"},{"@type":"Person","@id":"https:\/\/kuali.com.mx\/web\/#\/schema\/person\/6f89ffa8ecba9dae50662357923c5289","name":"Kuali Staff","image":{"@type":"ImageObject","inLanguage":"es","@id":"https:\/\/secure.gravatar.com\/avatar\/f917ad82e5ab71227a733c78b6e60715476f69ee6be59feee4eb5d9920c89e0f?s=96&d=mm&r=g","url":"https:\/\/secure.gravatar.com\/avatar\/f917ad82e5ab71227a733c78b6e60715476f69ee6be59feee4eb5d9920c89e0f?s=96&d=mm&r=g","contentUrl":"https:\/\/secure.gravatar.com\/avatar\/f917ad82e5ab71227a733c78b6e60715476f69ee6be59feee4eb5d9920c89e0f?s=96&d=mm&r=g","caption":"Kuali Staff"},"url":"https:\/\/kuali.com.mx\/web\/author\/lagarto\/"}]}},"_links":{"self":[{"href":"https:\/\/kuali.com.mx\/web\/wp-json\/wp\/v2\/posts\/202529","targetHints":{"allow":["GET"]}}],"collection":[{"href":"https:\/\/kuali.com.mx\/web\/wp-json\/wp\/v2\/posts"}],"about":[{"href":"https:\/\/kuali.com.mx\/web\/wp-json\/wp\/v2\/types\/post"}],"author":[{"embeddable":true,"href":"https:\/\/kuali.com.mx\/web\/wp-json\/wp\/v2\/users\/2"}],"replies":[{"embeddable":true,"href":"https:\/\/kuali.com.mx\/web\/wp-json\/wp\/v2\/comments?post=202529"}],"version-history":[{"count":2,"href":"https:\/\/kuali.com.mx\/web\/wp-json\/wp\/v2\/posts\/202529\/revisions"}],"predecessor-version":[{"id":202534,"href":"https:\/\/kuali.com.mx\/web\/wp-json\/wp\/v2\/posts\/202529\/revisions\/202534"}],"wp:featuredmedia":[{"embeddable":true,"href":"https:\/\/kuali.com.mx\/web\/wp-json\/wp\/v2\/media\/181796"}],"wp:attachment":[{"href":"https:\/\/kuali.com.mx\/web\/wp-json\/wp\/v2\/media?parent=202529"}],"wp:term":[{"taxonomy":"category","embeddable":true,"href":"https:\/\/kuali.com.mx\/web\/wp-json\/wp\/v2\/categories?post=202529"},{"taxonomy":"post_tag","embeddable":true,"href":"https:\/\/kuali.com.mx\/web\/wp-json\/wp\/v2\/tags?post=202529"}],"curies":[{"name":"wp","href":"https:\/\/api.w.org\/{rel}","templated":true}]}}