{"id":202465,"date":"2026-04-21T15:33:00","date_gmt":"2026-04-21T21:33:00","guid":{"rendered":"https:\/\/kuali.com.mx\/web\/?p=202465"},"modified":"2026-04-21T08:35:08","modified_gmt":"2026-04-21T14:35:08","slug":"descarta-prodheg-impugnar-registro-de-agresores-sexuales","status":"publish","type":"post","link":"https:\/\/kuali.com.mx\/web\/2026\/04\/21\/descarta-prodheg-impugnar-registro-de-agresores-sexuales\/","title":{"rendered":"DESCARTA PRODHEG IMPUGNAR REGISTRO DE AGRESORES SEXUALES"},"content":{"rendered":"\n<p><strong><em>Carlos Garc\u00eda\/Le\u00f3n, Gto.-<\/em><\/strong> La Procuradur\u00eda de los Derechos Humanos del Estado de Guanajuato (Prodheg) no iniciar\u00e1 una acci\u00f3n de inconstitucionalidad contra el Registro Estatal de Personas Agresoras Sexuales de menores de edad como solicit\u00f3 la diputada del PRI, Ruth Tiscare\u00f1o Agoitia, declar\u00f3 la titular de la dependencia, Karla Alcaraz Olvera.<\/p>\n\n\n\n<p>&nbsp;\"No vamos a promover la acci\u00f3n de inconstitucionalidad en contra de esta ley.&nbsp; Nosotros estamos a favor de la protecci\u00f3n de las personas menores de edad que han sido v\u00edctimas de alguna situaci\u00f3n en su contra de naturaleza sexual\u201d, aclar\u00f3 la procuradora de Derechos Humanos.<\/p>\n\n\n\n<p>&nbsp;Record\u00f3 que, durante el an\u00e1lisis legislativo de la iniciativa propuesta por la gobernadora Libia Garc\u00eda Mu\u00f1oz Ledo, la Prodheg emiti\u00f3 sus puntos de vista ante el Congreso.<\/p>\n\n\n\n<p>&nbsp;\u201cNosotros valoramos el beneficio, la bondad que trae este registro para la prevenci\u00f3n y la protecci\u00f3n de ni\u00f1as, ni\u00f1os y adolescentes en esta materia\u201d, declar\u00f3.<\/p>\n\n\n\n<p>&nbsp;La reforma al C\u00f3digo Penal y a la Ley Org\u00e1nica de la Fiscal\u00eda General del Estado para crear el Registro de Personas Agresoras Sexuales busca prevenir nuevos casos de abuso sexual, consider\u00f3 Karla Alcaraz.<\/p>\n\n\n\n<p>\u201c\u00a1Creo que es algo muy bueno de esta normativa!\u201d, resalt\u00f3.&nbsp;<\/p>\n\n\n\n<p>&nbsp;La titular de la Prodheg aclar\u00f3 que para que tramiten una acci\u00f3n de inconstitucionalidad,&nbsp;\u201ctendr\u00edamos que estar plenamente convencidos de la inconstitucionalidad de la norma\u201d.<\/p>\n\n\n\n<p>\u201cEso no implica que el d\u00eda de ma\u00f1ana, si alguna persona estima que han sido violentados sus derechos humanos, por alg\u00fan caso en espec\u00edfico de la aplicaci\u00f3n de la norma en concreto, pueda acudir con nosotros\u201d, aclar\u00f3.<\/p>\n\n\n\n<p>&nbsp;El registro<\/p>\n\n\n\n<p>&nbsp;El nueve de abril, la mayor\u00eda del Congreso de Guanajuato reform\u00f3 el C\u00f3digo Penal y la Ley Org\u00e1nica de la Fiscal\u00eda General del Estado (FGE) para crear un registro p\u00fablico de agresores sexuales de menores de edad.<\/p>\n\n\n\n<p>&nbsp;&nbsp;La iniciativa de la gobernadora gener\u00f3 un intenso debate porque, a decir de algunos legisladores, el registro ser\u00eda una pena adicional que obstaculiza la reinserci\u00f3n social de los agresores sexuales.<\/p>\n\n\n\n<p>&nbsp;La legisladora priista, Ruth Tiscare\u00f1o Agoitia, dijo que avalan proteger a los menores de edad, pero el Congreso no puede aprobar normas inconstitucionales y exhort\u00f3 a la Comisi\u00f3n Nacional de los Derechos Humanos (CNDH) y la (Prodheg) a promover la inconstitucionalidad de la reforma.<\/p>\n\n\n\n<p>&nbsp;Los diputados reformaron el C\u00f3digo Penal para crear el cap\u00edtulo titulado Registro P\u00fablico de Personas Agresoras Sexuales.<\/p>\n\n\n\n<p>El juez ordenar\u00e1 la inscripci\u00f3n en el Registro P\u00fablico de Personas Agresoras Sexuales de los sentenciados por los delitos de feminicidio, trata de personas, violaci\u00f3n, estupro, abuso sexual, acoso sexual y hostigamiento sexual, afectaci\u00f3n a la intimidad, captaci\u00f3n de menores, corrupci\u00f3n de menores e incapaces, explotaci\u00f3n sexual y lenocinio cometidos contra menores de 18 a\u00f1os de edad, se\u00f1ala el art\u00edculo 99 z.<\/p>\n\n\n\n<p>&nbsp;Destaca que el agresor sexual ser\u00e1 inscrito a partir de que cause ejecutoria la sentencia.<\/p>\n\n\n\n<p>El registro estar\u00e1 vigente el tiempo que dure el cumplimiento de la pena de prisi\u00f3n, aunque esta sea sustituida o suspendida en los t\u00e9rminos de ley, refiere.&nbsp;<\/p>\n\n\n\n<p>&nbsp;La inscripci\u00f3n se extender\u00e1 por 10 a\u00f1os, a partir de que el sentenciado obtenga su libertad, puntualiza.<\/p>\n\n\n\n<p>&nbsp;El Congreso adicion\u00f3 la fracci\u00f3n XI al art\u00edculo 7 de la Ley Org\u00e1nica de la Fiscal\u00eda, para que la dependencia administre y opere en su p\u00e1gina web el Registro P\u00fablico de Personas Agresoras Sexuales.&nbsp;<\/p>\n","protected":false},"excerpt":{"rendered":"Carlos Garc\u00eda\/Le\u00f3n, Gto.- La Procuradur\u00eda de los Derechos Humanos del Estado de Guanajuato (Prodheg) no iniciar\u00e1 una acci\u00f3n de inconstitucionalidad contra el Registro Estatal de Personas Agresoras Sexuales de menores de edad como solicit\u00f3 la diputada del PRI, Ruth Tiscare\u00f1o Agoitia, declar\u00f3 la titular de la dependencia, Karla Alcaraz Olvera. &nbsp;\"No vamos a promover la [&hellip;]","protected":false},"author":2,"featured_media":92975,"comment_status":"open","ping_status":"open","sticky":false,"template":"","format":"standard","meta":{"_seopress_robots_primary_cat":"none","_seopress_titles_title":"","_seopress_titles_desc":"","_seopress_robots_index":"","_monsterinsights_skip_tracking":false,"_monsterinsights_sitenote_active":false,"_monsterinsights_sitenote_note":"","_monsterinsights_sitenote_category":0,"footnotes":""},"categories":[14,69],"tags":[],"class_list":["post-202465","post","type-post","status-publish","format-standard","has-post-thumbnail","hentry","category-derechos","category-slider"],"yoast_head":"<!-- This site is optimized with the Yoast SEO plugin v27.4 - https:\/\/yoast.com\/product\/yoast-seo-wordpress\/ -->\n<title>DESCARTA PRODHEG IMPUGNAR REGISTRO DE AGRESORES SEXUALES - Kuali<\/title>\n<meta name=\"robots\" content=\"index, follow, max-snippet:-1, max-image-preview:large, max-video-preview:-1\" \/>\n<link rel=\"canonical\" href=\"https:\/\/kuali.com.mx\/web\/2026\/04\/21\/descarta-prodheg-impugnar-registro-de-agresores-sexuales\/\" \/>\n<meta property=\"og:locale\" content=\"es_MX\" \/>\n<meta property=\"og:type\" content=\"article\" \/>\n<meta property=\"og:title\" content=\"DESCARTA PRODHEG IMPUGNAR REGISTRO DE AGRESORES SEXUALES - Kuali\" \/>\n<meta property=\"og:description\" content=\"Carlos Garc\u00eda\/Le\u00f3n, Gto.- La Procuradur\u00eda de los Derechos Humanos del Estado de Guanajuato (Prodheg) no iniciar\u00e1 una acci\u00f3n de inconstitucionalidad contra el Registro Estatal de Personas Agresoras Sexuales de menores de edad como solicit\u00f3 la diputada del PRI, Ruth Tiscare\u00f1o Agoitia, declar\u00f3 la titular de la dependencia, Karla Alcaraz Olvera. &nbsp;&quot;No vamos a promover la [&hellip;]\" \/>\n<meta property=\"og:url\" content=\"https:\/\/kuali.com.mx\/web\/2026\/04\/21\/descarta-prodheg-impugnar-registro-de-agresores-sexuales\/\" \/>\n<meta property=\"og:site_name\" content=\"Kuali\" \/>\n<meta property=\"article:publisher\" content=\"https:\/\/kuali.com.mx\/web\/wp-content\/uploads\/2018\/04\/cropped-kuali_logo-1-1.png\" \/>\n<meta property=\"article:published_time\" content=\"2026-04-21T21:33:00+00:00\" \/>\n<meta property=\"og:image\" content=\"https:\/\/kuali.com.mx\/web\/wp-content\/uploads\/2022\/03\/Derechos-Humanos-Prodheg.jpeg\" \/>\n\t<meta property=\"og:image:width\" content=\"1810\" \/>\n\t<meta property=\"og:image:height\" content=\"750\" \/>\n\t<meta property=\"og:image:type\" content=\"image\/jpeg\" \/>\n<meta name=\"author\" content=\"Kuali Staff\" \/>\n<meta name=\"twitter:card\" content=\"summary_large_image\" \/>\n<meta name=\"twitter:creator\" content=\"@kuali_noticias\" \/>\n<meta name=\"twitter:site\" content=\"@kuali_noticias\" \/>\n<meta name=\"twitter:label1\" content=\"Escrito por\" \/>\n\t<meta name=\"twitter:data1\" content=\"Kuali Staff\" \/>\n\t<meta name=\"twitter:label2\" content=\"Tiempo de lectura\" \/>\n\t<meta name=\"twitter:data2\" content=\"3 minutos\" \/>\n<script type=\"application\/ld+json\" class=\"yoast-schema-graph\">{\"@context\":\"https:\\\/\\\/schema.org\",\"@graph\":[{\"@type\":\"Article\",\"@id\":\"https:\\\/\\\/kuali.com.mx\\\/web\\\/2026\\\/04\\\/21\\\/descarta-prodheg-impugnar-registro-de-agresores-sexuales\\\/#article\",\"isPartOf\":{\"@id\":\"https:\\\/\\\/kuali.com.mx\\\/web\\\/2026\\\/04\\\/21\\\/descarta-prodheg-impugnar-registro-de-agresores-sexuales\\\/\"},\"author\":{\"name\":\"Kuali Staff\",\"@id\":\"https:\\\/\\\/kuali.com.mx\\\/web\\\/#\\\/schema\\\/person\\\/6f89ffa8ecba9dae50662357923c5289\"},\"headline\":\"DESCARTA PRODHEG IMPUGNAR REGISTRO DE AGRESORES SEXUALES\",\"datePublished\":\"2026-04-21T21:33:00+00:00\",\"mainEntityOfPage\":{\"@id\":\"https:\\\/\\\/kuali.com.mx\\\/web\\\/2026\\\/04\\\/21\\\/descarta-prodheg-impugnar-registro-de-agresores-sexuales\\\/\"},\"wordCount\":620,\"commentCount\":0,\"image\":{\"@id\":\"https:\\\/\\\/kuali.com.mx\\\/web\\\/2026\\\/04\\\/21\\\/descarta-prodheg-impugnar-registro-de-agresores-sexuales\\\/#primaryimage\"},\"thumbnailUrl\":\"https:\\\/\\\/kuali.com.mx\\\/web\\\/wp-content\\\/uploads\\\/2022\\\/03\\\/Derechos-Humanos-Prodheg.jpeg\",\"articleSection\":[\"Derechos Humanos\",\"slider\"],\"inLanguage\":\"es\",\"potentialAction\":[{\"@type\":\"CommentAction\",\"name\":\"Comment\",\"target\":[\"https:\\\/\\\/kuali.com.mx\\\/web\\\/2026\\\/04\\\/21\\\/descarta-prodheg-impugnar-registro-de-agresores-sexuales\\\/#respond\"]}]},{\"@type\":\"WebPage\",\"@id\":\"https:\\\/\\\/kuali.com.mx\\\/web\\\/2026\\\/04\\\/21\\\/descarta-prodheg-impugnar-registro-de-agresores-sexuales\\\/\",\"url\":\"https:\\\/\\\/kuali.com.mx\\\/web\\\/2026\\\/04\\\/21\\\/descarta-prodheg-impugnar-registro-de-agresores-sexuales\\\/\",\"name\":\"DESCARTA PRODHEG IMPUGNAR REGISTRO DE AGRESORES SEXUALES - Kuali\",\"isPartOf\":{\"@id\":\"https:\\\/\\\/kuali.com.mx\\\/web\\\/#website\"},\"primaryImageOfPage\":{\"@id\":\"https:\\\/\\\/kuali.com.mx\\\/web\\\/2026\\\/04\\\/21\\\/descarta-prodheg-impugnar-registro-de-agresores-sexuales\\\/#primaryimage\"},\"image\":{\"@id\":\"https:\\\/\\\/kuali.com.mx\\\/web\\\/2026\\\/04\\\/21\\\/descarta-prodheg-impugnar-registro-de-agresores-sexuales\\\/#primaryimage\"},\"thumbnailUrl\":\"https:\\\/\\\/kuali.com.mx\\\/web\\\/wp-content\\\/uploads\\\/2022\\\/03\\\/Derechos-Humanos-Prodheg.jpeg\",\"datePublished\":\"2026-04-21T21:33:00+00:00\",\"author\":{\"@id\":\"https:\\\/\\\/kuali.com.mx\\\/web\\\/#\\\/schema\\\/person\\\/6f89ffa8ecba9dae50662357923c5289\"},\"breadcrumb\":{\"@id\":\"https:\\\/\\\/kuali.com.mx\\\/web\\\/2026\\\/04\\\/21\\\/descarta-prodheg-impugnar-registro-de-agresores-sexuales\\\/#breadcrumb\"},\"inLanguage\":\"es\",\"potentialAction\":[{\"@type\":\"ReadAction\",\"target\":[\"https:\\\/\\\/kuali.com.mx\\\/web\\\/2026\\\/04\\\/21\\\/descarta-prodheg-impugnar-registro-de-agresores-sexuales\\\/\"]}]},{\"@type\":\"ImageObject\",\"inLanguage\":\"es\",\"@id\":\"https:\\\/\\\/kuali.com.mx\\\/web\\\/2026\\\/04\\\/21\\\/descarta-prodheg-impugnar-registro-de-agresores-sexuales\\\/#primaryimage\",\"url\":\"https:\\\/\\\/kuali.com.mx\\\/web\\\/wp-content\\\/uploads\\\/2022\\\/03\\\/Derechos-Humanos-Prodheg.jpeg\",\"contentUrl\":\"https:\\\/\\\/kuali.com.mx\\\/web\\\/wp-content\\\/uploads\\\/2022\\\/03\\\/Derechos-Humanos-Prodheg.jpeg\",\"width\":1810,\"height\":750},{\"@type\":\"BreadcrumbList\",\"@id\":\"https:\\\/\\\/kuali.com.mx\\\/web\\\/2026\\\/04\\\/21\\\/descarta-prodheg-impugnar-registro-de-agresores-sexuales\\\/#breadcrumb\",\"itemListElement\":[{\"@type\":\"ListItem\",\"position\":1,\"name\":\"Inicio\",\"item\":\"https:\\\/\\\/kuali.com.mx\\\/web\\\/\"},{\"@type\":\"ListItem\",\"position\":2,\"name\":\"DESCARTA PRODHEG IMPUGNAR REGISTRO DE AGRESORES SEXUALES\"}]},{\"@type\":\"WebSite\",\"@id\":\"https:\\\/\\\/kuali.com.mx\\\/web\\\/#website\",\"url\":\"https:\\\/\\\/kuali.com.mx\\\/web\\\/\",\"name\":\"Kuali\",\"description\":\"\",\"potentialAction\":[{\"@type\":\"SearchAction\",\"target\":{\"@type\":\"EntryPoint\",\"urlTemplate\":\"https:\\\/\\\/kuali.com.mx\\\/web\\\/?s={search_term_string}\"},\"query-input\":{\"@type\":\"PropertyValueSpecification\",\"valueRequired\":true,\"valueName\":\"search_term_string\"}}],\"inLanguage\":\"es\"},{\"@type\":\"Person\",\"@id\":\"https:\\\/\\\/kuali.com.mx\\\/web\\\/#\\\/schema\\\/person\\\/6f89ffa8ecba9dae50662357923c5289\",\"name\":\"Kuali Staff\",\"image\":{\"@type\":\"ImageObject\",\"inLanguage\":\"es\",\"@id\":\"https:\\\/\\\/secure.gravatar.com\\\/avatar\\\/f917ad82e5ab71227a733c78b6e60715476f69ee6be59feee4eb5d9920c89e0f?s=96&d=mm&r=g\",\"url\":\"https:\\\/\\\/secure.gravatar.com\\\/avatar\\\/f917ad82e5ab71227a733c78b6e60715476f69ee6be59feee4eb5d9920c89e0f?s=96&d=mm&r=g\",\"contentUrl\":\"https:\\\/\\\/secure.gravatar.com\\\/avatar\\\/f917ad82e5ab71227a733c78b6e60715476f69ee6be59feee4eb5d9920c89e0f?s=96&d=mm&r=g\",\"caption\":\"Kuali Staff\"},\"url\":\"https:\\\/\\\/kuali.com.mx\\\/web\\\/author\\\/lagarto\\\/\"}]}<\/script>\n<!-- \/ Yoast SEO plugin. -->","yoast_head_json":{"title":"DESCARTA PRODHEG IMPUGNAR REGISTRO DE AGRESORES SEXUALES - Kuali","robots":{"index":"index","follow":"follow","max-snippet":"max-snippet:-1","max-image-preview":"max-image-preview:large","max-video-preview":"max-video-preview:-1"},"canonical":"https:\/\/kuali.com.mx\/web\/2026\/04\/21\/descarta-prodheg-impugnar-registro-de-agresores-sexuales\/","og_locale":"es_MX","og_type":"article","og_title":"DESCARTA PRODHEG IMPUGNAR REGISTRO DE AGRESORES SEXUALES - Kuali","og_description":"Carlos Garc\u00eda\/Le\u00f3n, Gto.- La Procuradur\u00eda de los Derechos Humanos del Estado de Guanajuato (Prodheg) no iniciar\u00e1 una acci\u00f3n de inconstitucionalidad contra el Registro Estatal de Personas Agresoras Sexuales de menores de edad como solicit\u00f3 la diputada del PRI, Ruth Tiscare\u00f1o Agoitia, declar\u00f3 la titular de la dependencia, Karla Alcaraz Olvera. &nbsp;\"No vamos a promover la [&hellip;]","og_url":"https:\/\/kuali.com.mx\/web\/2026\/04\/21\/descarta-prodheg-impugnar-registro-de-agresores-sexuales\/","og_site_name":"Kuali","article_publisher":"https:\/\/kuali.com.mx\/web\/wp-content\/uploads\/2018\/04\/cropped-kuali_logo-1-1.png","article_published_time":"2026-04-21T21:33:00+00:00","og_image":[{"width":1810,"height":750,"url":"https:\/\/kuali.com.mx\/web\/wp-content\/uploads\/2022\/03\/Derechos-Humanos-Prodheg.jpeg","type":"image\/jpeg"}],"author":"Kuali Staff","twitter_card":"summary_large_image","twitter_creator":"@kuali_noticias","twitter_site":"@kuali_noticias","twitter_misc":{"Escrito por":"Kuali Staff","Tiempo de lectura":"3 minutos"},"schema":{"@context":"https:\/\/schema.org","@graph":[{"@type":"Article","@id":"https:\/\/kuali.com.mx\/web\/2026\/04\/21\/descarta-prodheg-impugnar-registro-de-agresores-sexuales\/#article","isPartOf":{"@id":"https:\/\/kuali.com.mx\/web\/2026\/04\/21\/descarta-prodheg-impugnar-registro-de-agresores-sexuales\/"},"author":{"name":"Kuali Staff","@id":"https:\/\/kuali.com.mx\/web\/#\/schema\/person\/6f89ffa8ecba9dae50662357923c5289"},"headline":"DESCARTA PRODHEG IMPUGNAR REGISTRO DE AGRESORES SEXUALES","datePublished":"2026-04-21T21:33:00+00:00","mainEntityOfPage":{"@id":"https:\/\/kuali.com.mx\/web\/2026\/04\/21\/descarta-prodheg-impugnar-registro-de-agresores-sexuales\/"},"wordCount":620,"commentCount":0,"image":{"@id":"https:\/\/kuali.com.mx\/web\/2026\/04\/21\/descarta-prodheg-impugnar-registro-de-agresores-sexuales\/#primaryimage"},"thumbnailUrl":"https:\/\/kuali.com.mx\/web\/wp-content\/uploads\/2022\/03\/Derechos-Humanos-Prodheg.jpeg","articleSection":["Derechos Humanos","slider"],"inLanguage":"es","potentialAction":[{"@type":"CommentAction","name":"Comment","target":["https:\/\/kuali.com.mx\/web\/2026\/04\/21\/descarta-prodheg-impugnar-registro-de-agresores-sexuales\/#respond"]}]},{"@type":"WebPage","@id":"https:\/\/kuali.com.mx\/web\/2026\/04\/21\/descarta-prodheg-impugnar-registro-de-agresores-sexuales\/","url":"https:\/\/kuali.com.mx\/web\/2026\/04\/21\/descarta-prodheg-impugnar-registro-de-agresores-sexuales\/","name":"DESCARTA PRODHEG IMPUGNAR REGISTRO DE AGRESORES SEXUALES - Kuali","isPartOf":{"@id":"https:\/\/kuali.com.mx\/web\/#website"},"primaryImageOfPage":{"@id":"https:\/\/kuali.com.mx\/web\/2026\/04\/21\/descarta-prodheg-impugnar-registro-de-agresores-sexuales\/#primaryimage"},"image":{"@id":"https:\/\/kuali.com.mx\/web\/2026\/04\/21\/descarta-prodheg-impugnar-registro-de-agresores-sexuales\/#primaryimage"},"thumbnailUrl":"https:\/\/kuali.com.mx\/web\/wp-content\/uploads\/2022\/03\/Derechos-Humanos-Prodheg.jpeg","datePublished":"2026-04-21T21:33:00+00:00","author":{"@id":"https:\/\/kuali.com.mx\/web\/#\/schema\/person\/6f89ffa8ecba9dae50662357923c5289"},"breadcrumb":{"@id":"https:\/\/kuali.com.mx\/web\/2026\/04\/21\/descarta-prodheg-impugnar-registro-de-agresores-sexuales\/#breadcrumb"},"inLanguage":"es","potentialAction":[{"@type":"ReadAction","target":["https:\/\/kuali.com.mx\/web\/2026\/04\/21\/descarta-prodheg-impugnar-registro-de-agresores-sexuales\/"]}]},{"@type":"ImageObject","inLanguage":"es","@id":"https:\/\/kuali.com.mx\/web\/2026\/04\/21\/descarta-prodheg-impugnar-registro-de-agresores-sexuales\/#primaryimage","url":"https:\/\/kuali.com.mx\/web\/wp-content\/uploads\/2022\/03\/Derechos-Humanos-Prodheg.jpeg","contentUrl":"https:\/\/kuali.com.mx\/web\/wp-content\/uploads\/2022\/03\/Derechos-Humanos-Prodheg.jpeg","width":1810,"height":750},{"@type":"BreadcrumbList","@id":"https:\/\/kuali.com.mx\/web\/2026\/04\/21\/descarta-prodheg-impugnar-registro-de-agresores-sexuales\/#breadcrumb","itemListElement":[{"@type":"ListItem","position":1,"name":"Inicio","item":"https:\/\/kuali.com.mx\/web\/"},{"@type":"ListItem","position":2,"name":"DESCARTA PRODHEG IMPUGNAR REGISTRO DE AGRESORES SEXUALES"}]},{"@type":"WebSite","@id":"https:\/\/kuali.com.mx\/web\/#website","url":"https:\/\/kuali.com.mx\/web\/","name":"Kuali","description":"","potentialAction":[{"@type":"SearchAction","target":{"@type":"EntryPoint","urlTemplate":"https:\/\/kuali.com.mx\/web\/?s={search_term_string}"},"query-input":{"@type":"PropertyValueSpecification","valueRequired":true,"valueName":"search_term_string"}}],"inLanguage":"es"},{"@type":"Person","@id":"https:\/\/kuali.com.mx\/web\/#\/schema\/person\/6f89ffa8ecba9dae50662357923c5289","name":"Kuali Staff","image":{"@type":"ImageObject","inLanguage":"es","@id":"https:\/\/secure.gravatar.com\/avatar\/f917ad82e5ab71227a733c78b6e60715476f69ee6be59feee4eb5d9920c89e0f?s=96&d=mm&r=g","url":"https:\/\/secure.gravatar.com\/avatar\/f917ad82e5ab71227a733c78b6e60715476f69ee6be59feee4eb5d9920c89e0f?s=96&d=mm&r=g","contentUrl":"https:\/\/secure.gravatar.com\/avatar\/f917ad82e5ab71227a733c78b6e60715476f69ee6be59feee4eb5d9920c89e0f?s=96&d=mm&r=g","caption":"Kuali Staff"},"url":"https:\/\/kuali.com.mx\/web\/author\/lagarto\/"}]}},"_links":{"self":[{"href":"https:\/\/kuali.com.mx\/web\/wp-json\/wp\/v2\/posts\/202465","targetHints":{"allow":["GET"]}}],"collection":[{"href":"https:\/\/kuali.com.mx\/web\/wp-json\/wp\/v2\/posts"}],"about":[{"href":"https:\/\/kuali.com.mx\/web\/wp-json\/wp\/v2\/types\/post"}],"author":[{"embeddable":true,"href":"https:\/\/kuali.com.mx\/web\/wp-json\/wp\/v2\/users\/2"}],"replies":[{"embeddable":true,"href":"https:\/\/kuali.com.mx\/web\/wp-json\/wp\/v2\/comments?post=202465"}],"version-history":[{"count":1,"href":"https:\/\/kuali.com.mx\/web\/wp-json\/wp\/v2\/posts\/202465\/revisions"}],"predecessor-version":[{"id":202468,"href":"https:\/\/kuali.com.mx\/web\/wp-json\/wp\/v2\/posts\/202465\/revisions\/202468"}],"wp:featuredmedia":[{"embeddable":true,"href":"https:\/\/kuali.com.mx\/web\/wp-json\/wp\/v2\/media\/92975"}],"wp:attachment":[{"href":"https:\/\/kuali.com.mx\/web\/wp-json\/wp\/v2\/media?parent=202465"}],"wp:term":[{"taxonomy":"category","embeddable":true,"href":"https:\/\/kuali.com.mx\/web\/wp-json\/wp\/v2\/categories?post=202465"},{"taxonomy":"post_tag","embeddable":true,"href":"https:\/\/kuali.com.mx\/web\/wp-json\/wp\/v2\/tags?post=202465"}],"curies":[{"name":"wp","href":"https:\/\/api.w.org\/{rel}","templated":true}]}}