{"id":202376,"date":"2026-04-20T12:55:17","date_gmt":"2026-04-20T18:55:17","guid":{"rendered":"https:\/\/kuali.com.mx\/web\/?p=202376"},"modified":"2026-04-20T18:00:28","modified_gmt":"2026-04-21T00:00:28","slug":"si-son-agentes-de-la-fiscalia-agresos-de-makario","status":"publish","type":"post","link":"https:\/\/kuali.com.mx\/web\/2026\/04\/20\/si-son-agentes-de-la-fiscalia-agresos-de-makario\/","title":{"rendered":"NO SER\u00c1N TOLERADAS LAS AGRESIONES CONTRA PERIODISTAS: LONA"},"content":{"rendered":"\n<p><strong><em>Alicia Arias\/Le\u00f3n, Gto.- <\/em><\/strong>\u00a0S\u00ed son elementos de la Fiscal\u00eda General del Estado de Guanajuato (FGEG) los agresores del periodista Felipe de Jes\u00fas Makario Sierra Mart\u00ednez, quien fue golpeado mientras realizada su trabajo, confirm\u00f3 el secretario de gobierno, Jorge Daniel Jim\u00e9nez Lona.<\/p>\n\n\n\n<p>En entrevista con los medios de comunicaci\u00f3n dijo que los agresores s\u00ed son funcionarios p\u00fablicos y mand\u00f3 el siguiente mensaje: \u201cNosotros, como servidores p\u00fablicos, estamos obligados a respetar su trabajo, a hacerlo siempre en el marco del respeto de los derechos humanos, y no vamos a tolerar ninguna agresi\u00f3n contra ustedes\u201d.<\/p>\n\n\n\n<iframe loading=\"lazy\" src=\"https:\/\/www.facebook.com\/plugins\/video.php?height=314&href=https%3A%2F%2Fwww.facebook.com%2Freel%2F1490196359313915%2F&show_text=false&width=560&t=0\" width=\"560\" height=\"314\" style=\"border:none;overflow:hidden\" scrolling=\"no\" frameborder=\"0\" allowfullscreen=\"true\" allow=\"autoplay; clipboard-write; encrypted-media; picture-in-picture; web-share\" allowFullScreen=\"true\"><\/iframe>\n\n\n\n<p>Jorge Jim\u00e9nez se reserv\u00f3 la cantidad de elementos del &nbsp;Grupo Especial de Reacci\u00f3n Inmediata (GERI) que golpearon al periodista, le quitaron su celular con el que estaba grabando y le quebraron sus lentes.<\/p>\n\n\n\n<p>\u201cLo importante es no tolerar y no cubrir ninguna situaci\u00f3n de esta naturaleza y que se aplique la ley a donde se tenga que aplicar\u201d, sentenci\u00f3.<\/p>\n\n\n\n<p>Inform\u00f3 que Makario Sierra sigue en el hospital porque le est\u00e1n practicando estudios y asegur\u00f3 que se encuentra fuera de peligro.<\/p>\n\n\n\n<iframe loading=\"lazy\" src=\"https:\/\/www.facebook.com\/plugins\/video.php?height=314&href=https%3A%2F%2Fwww.facebook.com%2Freel%2F884696137954787%2F&show_text=false&width=560&t=0\" width=\"560\" height=\"314\" style=\"border:none;overflow:hidden\" scrolling=\"no\" frameborder=\"0\" allowfullscreen=\"true\" allow=\"autoplay; clipboard-write; encrypted-media; picture-in-picture; web-share\" allowFullScreen=\"true\"><\/iframe>\n\n\n\n<p>Confirm\u00f3 que el fiscal de Guanajuato, Gerardo V\u00e1zquez Alatriste, orden\u00f3 investigar el hecho y que ve muy buena disposici\u00f3n del fiscal. \u201cHay el compromiso de llegar hasta las \u00faltimas consecuencias\u201d, a\u00f1adi\u00f3.<\/p>\n\n\n\n<p>Tras condenar la agresi\u00f3n, Jorge Jim\u00e9nez, dijo: \u201cNosotros, como Estado, hemos dicho y estamos, siempre, a favor de la libertad de expresi\u00f3n, al respeto y al trabajo period\u00edstico que hacen ustedes y que no vamos a tolerar ninguna agresi\u00f3n a ning\u00fan compa\u00f1ero por la realizaci\u00f3n de su trabajo\u201d.<\/p>\n\n\n\n<figure class=\"wp-block-embed is-type-wp-embed is-provider-kuali wp-block-embed-kuali\"><div class=\"wp-block-embed__wrapper\">\n<blockquote class=\"wp-embedded-content\" data-secret=\"vJSWjzZOOy\"><a href=\"https:\/\/kuali.com.mx\/web\/2026\/04\/20\/golpea-personal-de-la-fge-a-reportero\/\">GOLPEA PERSONAL DE LA FGE A REPORTERO<\/a><\/blockquote><iframe loading=\"lazy\" class=\"wp-embedded-content\" sandbox=\"allow-scripts\" security=\"restricted\" style=\"position: absolute; visibility: hidden;\" title=\"&#8220;GOLPEA PERSONAL DE LA FGE A REPORTERO&#8221; &#8212; Kuali\" src=\"https:\/\/kuali.com.mx\/web\/2026\/04\/20\/golpea-personal-de-la-fge-a-reportero\/embed\/#?secret=NZGnMNUWLt#?secret=vJSWjzZOOy\" data-secret=\"vJSWjzZOOy\" width=\"600\" height=\"338\" frameborder=\"0\" marginwidth=\"0\" marginheight=\"0\" scrolling=\"no\"><\/iframe>\n<\/div><\/figure>\n\n\n\n<p>El reportero de \u201cPeri\u00f3dico en L\u00ednea\u201d, Felipe de Jes\u00fas Makario Sierra Mart\u00ednez, fue golpeado por elementos del GERI la ma\u00f1ana de este lunes cuando cubr\u00eda un operativo de seguridad en el municipio de Juventino Rosas.<\/p>\n\n\n\n<figure class=\"wp-block-embed is-type-wp-embed is-provider-kuali wp-block-embed-kuali\"><div class=\"wp-block-embed__wrapper\">\n<blockquote class=\"wp-embedded-content\" data-secret=\"vJSWjzZOOy\"><a href=\"https:\/\/kuali.com.mx\/web\/2026\/04\/20\/golpea-personal-de-la-fge-a-reportero\/\">GOLPEA PERSONAL DE LA FGE A REPORTERO<\/a><\/blockquote><iframe loading=\"lazy\" class=\"wp-embedded-content\" sandbox=\"allow-scripts\" security=\"restricted\" style=\"position: absolute; visibility: hidden;\" title=\"&#8220;GOLPEA PERSONAL DE LA FGE A REPORTERO&#8221; &#8212; Kuali\" src=\"https:\/\/kuali.com.mx\/web\/2026\/04\/20\/golpea-personal-de-la-fge-a-reportero\/embed\/#?secret=NZGnMNUWLt#?secret=vJSWjzZOOy\" data-secret=\"vJSWjzZOOy\" width=\"600\" height=\"338\" frameborder=\"0\" marginwidth=\"0\" marginheight=\"0\" scrolling=\"no\"><\/iframe>\n<\/div><\/figure>\n\n\n\n<p>El periodista acudi\u00f3 a la comunidad rural San Antonio de las Maravillas, del municipio de Villagr\u00e1n, donde personal de la FGE realizaba cateos.<\/p>\n\n\n\n<p>El comunicador denunci\u00f3 que los elementos de la Agencia de Investigaci\u00f3n Criminal (AIC) del grupo GERI lo golpearon con las cachas de sus armas, le robaron su celular y le rompieron sus lentes, por lo que se podr\u00edan configurar varios delitos cometidos por los agentes.<\/p>\n","protected":false},"excerpt":{"rendered":"Alicia Arias\/Le\u00f3n, Gto.- \u00a0S\u00ed son elementos de la Fiscal\u00eda General del Estado de Guanajuato (FGEG) los agresores del periodista Felipe de Jes\u00fas Makario Sierra Mart\u00ednez, quien fue golpeado mientras realizada su trabajo, confirm\u00f3 el secretario de gobierno, Jorge Daniel Jim\u00e9nez Lona. En entrevista con los medios de comunicaci\u00f3n dijo que los agresores s\u00ed son funcionarios [&hellip;]","protected":false},"author":2,"featured_media":202411,"comment_status":"open","ping_status":"open","sticky":false,"template":"","format":"standard","meta":{"_seopress_robots_primary_cat":"none","_seopress_titles_title":"","_seopress_titles_desc":"","_seopress_robots_index":"","_monsterinsights_skip_tracking":false,"_monsterinsights_sitenote_active":false,"_monsterinsights_sitenote_note":"","_monsterinsights_sitenote_category":0,"footnotes":""},"categories":[3],"tags":[284,30,6592,9,4485,1469,6593,137],"class_list":["post-202376","post","type-post","status-publish","format-standard","has-post-thumbnail","hentry","category-politica","tag-agresiones","tag-delitos","tag-geri","tag-guanajuato","tag-jorge-daniel-jimenez-lona","tag-libertad-de-expresion","tag-makario-sierra-martinez","tag-periodismo"],"yoast_head":"<!-- This site is optimized with the Yoast SEO plugin v27.4 - https:\/\/yoast.com\/product\/yoast-seo-wordpress\/ -->\n<title>NO SER\u00c1N TOLERADAS LAS AGRESIONES CONTRA PERIODISTAS: LONA - Kuali<\/title>\n<meta name=\"robots\" content=\"index, follow, max-snippet:-1, max-image-preview:large, max-video-preview:-1\" \/>\n<link rel=\"canonical\" href=\"https:\/\/kuali.com.mx\/web\/2026\/04\/20\/si-son-agentes-de-la-fiscalia-agresos-de-makario\/\" \/>\n<meta property=\"og:locale\" content=\"es_MX\" \/>\n<meta property=\"og:type\" content=\"article\" \/>\n<meta property=\"og:title\" content=\"NO SER\u00c1N TOLERADAS LAS AGRESIONES CONTRA PERIODISTAS: LONA - Kuali\" \/>\n<meta property=\"og:description\" content=\"Alicia Arias\/Le\u00f3n, Gto.- \u00a0S\u00ed son elementos de la Fiscal\u00eda General del Estado de Guanajuato (FGEG) los agresores del periodista Felipe de Jes\u00fas Makario Sierra Mart\u00ednez, quien fue golpeado mientras realizada su trabajo, confirm\u00f3 el secretario de gobierno, Jorge Daniel Jim\u00e9nez Lona. En entrevista con los medios de comunicaci\u00f3n dijo que los agresores s\u00ed son funcionarios [&hellip;]\" \/>\n<meta property=\"og:url\" content=\"https:\/\/kuali.com.mx\/web\/2026\/04\/20\/si-son-agentes-de-la-fiscalia-agresos-de-makario\/\" \/>\n<meta property=\"og:site_name\" content=\"Kuali\" \/>\n<meta property=\"article:publisher\" content=\"https:\/\/kuali.com.mx\/web\/wp-content\/uploads\/2018\/04\/cropped-kuali_logo-1-1.png\" \/>\n<meta property=\"article:published_time\" content=\"2026-04-20T18:55:17+00:00\" \/>\n<meta property=\"article:modified_time\" content=\"2026-04-21T00:00:28+00:00\" \/>\n<meta property=\"og:image\" content=\"https:\/\/kuali.com.mx\/web\/wp-content\/uploads\/2026\/04\/Reportero-golpeado-por-AIC-GERI.jpg\" \/>\n\t<meta property=\"og:image:width\" content=\"900\" \/>\n\t<meta property=\"og:image:height\" content=\"809\" \/>\n\t<meta property=\"og:image:type\" content=\"image\/jpeg\" \/>\n<meta name=\"author\" content=\"Kuali Staff\" \/>\n<meta name=\"twitter:card\" content=\"summary_large_image\" \/>\n<meta name=\"twitter:creator\" content=\"@kuali_noticias\" \/>\n<meta name=\"twitter:site\" content=\"@kuali_noticias\" \/>\n<meta name=\"twitter:label1\" content=\"Escrito por\" \/>\n\t<meta name=\"twitter:data1\" content=\"Kuali Staff\" \/>\n\t<meta name=\"twitter:label2\" content=\"Tiempo de lectura\" \/>\n\t<meta name=\"twitter:data2\" content=\"2 minutos\" \/>\n<script type=\"application\/ld+json\" class=\"yoast-schema-graph\">{\"@context\":\"https:\\\/\\\/schema.org\",\"@graph\":[{\"@type\":\"Article\",\"@id\":\"https:\\\/\\\/kuali.com.mx\\\/web\\\/2026\\\/04\\\/20\\\/si-son-agentes-de-la-fiscalia-agresos-de-makario\\\/#article\",\"isPartOf\":{\"@id\":\"https:\\\/\\\/kuali.com.mx\\\/web\\\/2026\\\/04\\\/20\\\/si-son-agentes-de-la-fiscalia-agresos-de-makario\\\/\"},\"author\":{\"name\":\"Kuali Staff\",\"@id\":\"https:\\\/\\\/kuali.com.mx\\\/web\\\/#\\\/schema\\\/person\\\/6f89ffa8ecba9dae50662357923c5289\"},\"headline\":\"NO SER\u00c1N TOLERADAS LAS AGRESIONES CONTRA PERIODISTAS: LONA\",\"datePublished\":\"2026-04-20T18:55:17+00:00\",\"dateModified\":\"2026-04-21T00:00:28+00:00\",\"mainEntityOfPage\":{\"@id\":\"https:\\\/\\\/kuali.com.mx\\\/web\\\/2026\\\/04\\\/20\\\/si-son-agentes-de-la-fiscalia-agresos-de-makario\\\/\"},\"wordCount\":411,\"commentCount\":0,\"image\":{\"@id\":\"https:\\\/\\\/kuali.com.mx\\\/web\\\/2026\\\/04\\\/20\\\/si-son-agentes-de-la-fiscalia-agresos-de-makario\\\/#primaryimage\"},\"thumbnailUrl\":\"https:\\\/\\\/kuali.com.mx\\\/web\\\/wp-content\\\/uploads\\\/2026\\\/04\\\/Reportero-golpeado-por-AIC-GERI.jpg\",\"keywords\":[\"Agresiones\",\"delitos\",\"GERI\",\"Guanajuato\",\"Jorge Daniel Jim\u00e9nez Lona\",\"Libertad de expresi\u00f3n\",\"Makario Sierra Mart\u00ednez\",\"Periodismo\"],\"articleSection\":[\"Pol\u00edtica\"],\"inLanguage\":\"es\",\"potentialAction\":[{\"@type\":\"CommentAction\",\"name\":\"Comment\",\"target\":[\"https:\\\/\\\/kuali.com.mx\\\/web\\\/2026\\\/04\\\/20\\\/si-son-agentes-de-la-fiscalia-agresos-de-makario\\\/#respond\"]}]},{\"@type\":\"WebPage\",\"@id\":\"https:\\\/\\\/kuali.com.mx\\\/web\\\/2026\\\/04\\\/20\\\/si-son-agentes-de-la-fiscalia-agresos-de-makario\\\/\",\"url\":\"https:\\\/\\\/kuali.com.mx\\\/web\\\/2026\\\/04\\\/20\\\/si-son-agentes-de-la-fiscalia-agresos-de-makario\\\/\",\"name\":\"NO SER\u00c1N TOLERADAS LAS AGRESIONES CONTRA PERIODISTAS: LONA - Kuali\",\"isPartOf\":{\"@id\":\"https:\\\/\\\/kuali.com.mx\\\/web\\\/#website\"},\"primaryImageOfPage\":{\"@id\":\"https:\\\/\\\/kuali.com.mx\\\/web\\\/2026\\\/04\\\/20\\\/si-son-agentes-de-la-fiscalia-agresos-de-makario\\\/#primaryimage\"},\"image\":{\"@id\":\"https:\\\/\\\/kuali.com.mx\\\/web\\\/2026\\\/04\\\/20\\\/si-son-agentes-de-la-fiscalia-agresos-de-makario\\\/#primaryimage\"},\"thumbnailUrl\":\"https:\\\/\\\/kuali.com.mx\\\/web\\\/wp-content\\\/uploads\\\/2026\\\/04\\\/Reportero-golpeado-por-AIC-GERI.jpg\",\"datePublished\":\"2026-04-20T18:55:17+00:00\",\"dateModified\":\"2026-04-21T00:00:28+00:00\",\"author\":{\"@id\":\"https:\\\/\\\/kuali.com.mx\\\/web\\\/#\\\/schema\\\/person\\\/6f89ffa8ecba9dae50662357923c5289\"},\"breadcrumb\":{\"@id\":\"https:\\\/\\\/kuali.com.mx\\\/web\\\/2026\\\/04\\\/20\\\/si-son-agentes-de-la-fiscalia-agresos-de-makario\\\/#breadcrumb\"},\"inLanguage\":\"es\",\"potentialAction\":[{\"@type\":\"ReadAction\",\"target\":[\"https:\\\/\\\/kuali.com.mx\\\/web\\\/2026\\\/04\\\/20\\\/si-son-agentes-de-la-fiscalia-agresos-de-makario\\\/\"]}]},{\"@type\":\"ImageObject\",\"inLanguage\":\"es\",\"@id\":\"https:\\\/\\\/kuali.com.mx\\\/web\\\/2026\\\/04\\\/20\\\/si-son-agentes-de-la-fiscalia-agresos-de-makario\\\/#primaryimage\",\"url\":\"https:\\\/\\\/kuali.com.mx\\\/web\\\/wp-content\\\/uploads\\\/2026\\\/04\\\/Reportero-golpeado-por-AIC-GERI.jpg\",\"contentUrl\":\"https:\\\/\\\/kuali.com.mx\\\/web\\\/wp-content\\\/uploads\\\/2026\\\/04\\\/Reportero-golpeado-por-AIC-GERI.jpg\",\"width\":900,\"height\":809},{\"@type\":\"BreadcrumbList\",\"@id\":\"https:\\\/\\\/kuali.com.mx\\\/web\\\/2026\\\/04\\\/20\\\/si-son-agentes-de-la-fiscalia-agresos-de-makario\\\/#breadcrumb\",\"itemListElement\":[{\"@type\":\"ListItem\",\"position\":1,\"name\":\"Inicio\",\"item\":\"https:\\\/\\\/kuali.com.mx\\\/web\\\/\"},{\"@type\":\"ListItem\",\"position\":2,\"name\":\"NO SER\u00c1N TOLERADAS LAS AGRESIONES CONTRA PERIODISTAS: LONA\"}]},{\"@type\":\"WebSite\",\"@id\":\"https:\\\/\\\/kuali.com.mx\\\/web\\\/#website\",\"url\":\"https:\\\/\\\/kuali.com.mx\\\/web\\\/\",\"name\":\"Kuali\",\"description\":\"\",\"potentialAction\":[{\"@type\":\"SearchAction\",\"target\":{\"@type\":\"EntryPoint\",\"urlTemplate\":\"https:\\\/\\\/kuali.com.mx\\\/web\\\/?s={search_term_string}\"},\"query-input\":{\"@type\":\"PropertyValueSpecification\",\"valueRequired\":true,\"valueName\":\"search_term_string\"}}],\"inLanguage\":\"es\"},{\"@type\":\"Person\",\"@id\":\"https:\\\/\\\/kuali.com.mx\\\/web\\\/#\\\/schema\\\/person\\\/6f89ffa8ecba9dae50662357923c5289\",\"name\":\"Kuali Staff\",\"image\":{\"@type\":\"ImageObject\",\"inLanguage\":\"es\",\"@id\":\"https:\\\/\\\/secure.gravatar.com\\\/avatar\\\/f917ad82e5ab71227a733c78b6e60715476f69ee6be59feee4eb5d9920c89e0f?s=96&d=mm&r=g\",\"url\":\"https:\\\/\\\/secure.gravatar.com\\\/avatar\\\/f917ad82e5ab71227a733c78b6e60715476f69ee6be59feee4eb5d9920c89e0f?s=96&d=mm&r=g\",\"contentUrl\":\"https:\\\/\\\/secure.gravatar.com\\\/avatar\\\/f917ad82e5ab71227a733c78b6e60715476f69ee6be59feee4eb5d9920c89e0f?s=96&d=mm&r=g\",\"caption\":\"Kuali Staff\"},\"url\":\"https:\\\/\\\/kuali.com.mx\\\/web\\\/author\\\/lagarto\\\/\"}]}<\/script>\n<!-- \/ Yoast SEO plugin. -->","yoast_head_json":{"title":"NO SER\u00c1N TOLERADAS LAS AGRESIONES CONTRA PERIODISTAS: LONA - Kuali","robots":{"index":"index","follow":"follow","max-snippet":"max-snippet:-1","max-image-preview":"max-image-preview:large","max-video-preview":"max-video-preview:-1"},"canonical":"https:\/\/kuali.com.mx\/web\/2026\/04\/20\/si-son-agentes-de-la-fiscalia-agresos-de-makario\/","og_locale":"es_MX","og_type":"article","og_title":"NO SER\u00c1N TOLERADAS LAS AGRESIONES CONTRA PERIODISTAS: LONA - Kuali","og_description":"Alicia Arias\/Le\u00f3n, Gto.- \u00a0S\u00ed son elementos de la Fiscal\u00eda General del Estado de Guanajuato (FGEG) los agresores del periodista Felipe de Jes\u00fas Makario Sierra Mart\u00ednez, quien fue golpeado mientras realizada su trabajo, confirm\u00f3 el secretario de gobierno, Jorge Daniel Jim\u00e9nez Lona. En entrevista con los medios de comunicaci\u00f3n dijo que los agresores s\u00ed son funcionarios [&hellip;]","og_url":"https:\/\/kuali.com.mx\/web\/2026\/04\/20\/si-son-agentes-de-la-fiscalia-agresos-de-makario\/","og_site_name":"Kuali","article_publisher":"https:\/\/kuali.com.mx\/web\/wp-content\/uploads\/2018\/04\/cropped-kuali_logo-1-1.png","article_published_time":"2026-04-20T18:55:17+00:00","article_modified_time":"2026-04-21T00:00:28+00:00","og_image":[{"width":900,"height":809,"url":"https:\/\/kuali.com.mx\/web\/wp-content\/uploads\/2026\/04\/Reportero-golpeado-por-AIC-GERI.jpg","type":"image\/jpeg"}],"author":"Kuali Staff","twitter_card":"summary_large_image","twitter_creator":"@kuali_noticias","twitter_site":"@kuali_noticias","twitter_misc":{"Escrito por":"Kuali Staff","Tiempo de lectura":"2 minutos"},"schema":{"@context":"https:\/\/schema.org","@graph":[{"@type":"Article","@id":"https:\/\/kuali.com.mx\/web\/2026\/04\/20\/si-son-agentes-de-la-fiscalia-agresos-de-makario\/#article","isPartOf":{"@id":"https:\/\/kuali.com.mx\/web\/2026\/04\/20\/si-son-agentes-de-la-fiscalia-agresos-de-makario\/"},"author":{"name":"Kuali Staff","@id":"https:\/\/kuali.com.mx\/web\/#\/schema\/person\/6f89ffa8ecba9dae50662357923c5289"},"headline":"NO SER\u00c1N TOLERADAS LAS AGRESIONES CONTRA PERIODISTAS: LONA","datePublished":"2026-04-20T18:55:17+00:00","dateModified":"2026-04-21T00:00:28+00:00","mainEntityOfPage":{"@id":"https:\/\/kuali.com.mx\/web\/2026\/04\/20\/si-son-agentes-de-la-fiscalia-agresos-de-makario\/"},"wordCount":411,"commentCount":0,"image":{"@id":"https:\/\/kuali.com.mx\/web\/2026\/04\/20\/si-son-agentes-de-la-fiscalia-agresos-de-makario\/#primaryimage"},"thumbnailUrl":"https:\/\/kuali.com.mx\/web\/wp-content\/uploads\/2026\/04\/Reportero-golpeado-por-AIC-GERI.jpg","keywords":["Agresiones","delitos","GERI","Guanajuato","Jorge Daniel Jim\u00e9nez Lona","Libertad de expresi\u00f3n","Makario Sierra Mart\u00ednez","Periodismo"],"articleSection":["Pol\u00edtica"],"inLanguage":"es","potentialAction":[{"@type":"CommentAction","name":"Comment","target":["https:\/\/kuali.com.mx\/web\/2026\/04\/20\/si-son-agentes-de-la-fiscalia-agresos-de-makario\/#respond"]}]},{"@type":"WebPage","@id":"https:\/\/kuali.com.mx\/web\/2026\/04\/20\/si-son-agentes-de-la-fiscalia-agresos-de-makario\/","url":"https:\/\/kuali.com.mx\/web\/2026\/04\/20\/si-son-agentes-de-la-fiscalia-agresos-de-makario\/","name":"NO SER\u00c1N TOLERADAS LAS AGRESIONES CONTRA PERIODISTAS: LONA - Kuali","isPartOf":{"@id":"https:\/\/kuali.com.mx\/web\/#website"},"primaryImageOfPage":{"@id":"https:\/\/kuali.com.mx\/web\/2026\/04\/20\/si-son-agentes-de-la-fiscalia-agresos-de-makario\/#primaryimage"},"image":{"@id":"https:\/\/kuali.com.mx\/web\/2026\/04\/20\/si-son-agentes-de-la-fiscalia-agresos-de-makario\/#primaryimage"},"thumbnailUrl":"https:\/\/kuali.com.mx\/web\/wp-content\/uploads\/2026\/04\/Reportero-golpeado-por-AIC-GERI.jpg","datePublished":"2026-04-20T18:55:17+00:00","dateModified":"2026-04-21T00:00:28+00:00","author":{"@id":"https:\/\/kuali.com.mx\/web\/#\/schema\/person\/6f89ffa8ecba9dae50662357923c5289"},"breadcrumb":{"@id":"https:\/\/kuali.com.mx\/web\/2026\/04\/20\/si-son-agentes-de-la-fiscalia-agresos-de-makario\/#breadcrumb"},"inLanguage":"es","potentialAction":[{"@type":"ReadAction","target":["https:\/\/kuali.com.mx\/web\/2026\/04\/20\/si-son-agentes-de-la-fiscalia-agresos-de-makario\/"]}]},{"@type":"ImageObject","inLanguage":"es","@id":"https:\/\/kuali.com.mx\/web\/2026\/04\/20\/si-son-agentes-de-la-fiscalia-agresos-de-makario\/#primaryimage","url":"https:\/\/kuali.com.mx\/web\/wp-content\/uploads\/2026\/04\/Reportero-golpeado-por-AIC-GERI.jpg","contentUrl":"https:\/\/kuali.com.mx\/web\/wp-content\/uploads\/2026\/04\/Reportero-golpeado-por-AIC-GERI.jpg","width":900,"height":809},{"@type":"BreadcrumbList","@id":"https:\/\/kuali.com.mx\/web\/2026\/04\/20\/si-son-agentes-de-la-fiscalia-agresos-de-makario\/#breadcrumb","itemListElement":[{"@type":"ListItem","position":1,"name":"Inicio","item":"https:\/\/kuali.com.mx\/web\/"},{"@type":"ListItem","position":2,"name":"NO SER\u00c1N TOLERADAS LAS AGRESIONES CONTRA PERIODISTAS: LONA"}]},{"@type":"WebSite","@id":"https:\/\/kuali.com.mx\/web\/#website","url":"https:\/\/kuali.com.mx\/web\/","name":"Kuali","description":"","potentialAction":[{"@type":"SearchAction","target":{"@type":"EntryPoint","urlTemplate":"https:\/\/kuali.com.mx\/web\/?s={search_term_string}"},"query-input":{"@type":"PropertyValueSpecification","valueRequired":true,"valueName":"search_term_string"}}],"inLanguage":"es"},{"@type":"Person","@id":"https:\/\/kuali.com.mx\/web\/#\/schema\/person\/6f89ffa8ecba9dae50662357923c5289","name":"Kuali Staff","image":{"@type":"ImageObject","inLanguage":"es","@id":"https:\/\/secure.gravatar.com\/avatar\/f917ad82e5ab71227a733c78b6e60715476f69ee6be59feee4eb5d9920c89e0f?s=96&d=mm&r=g","url":"https:\/\/secure.gravatar.com\/avatar\/f917ad82e5ab71227a733c78b6e60715476f69ee6be59feee4eb5d9920c89e0f?s=96&d=mm&r=g","contentUrl":"https:\/\/secure.gravatar.com\/avatar\/f917ad82e5ab71227a733c78b6e60715476f69ee6be59feee4eb5d9920c89e0f?s=96&d=mm&r=g","caption":"Kuali Staff"},"url":"https:\/\/kuali.com.mx\/web\/author\/lagarto\/"}]}},"_links":{"self":[{"href":"https:\/\/kuali.com.mx\/web\/wp-json\/wp\/v2\/posts\/202376","targetHints":{"allow":["GET"]}}],"collection":[{"href":"https:\/\/kuali.com.mx\/web\/wp-json\/wp\/v2\/posts"}],"about":[{"href":"https:\/\/kuali.com.mx\/web\/wp-json\/wp\/v2\/types\/post"}],"author":[{"embeddable":true,"href":"https:\/\/kuali.com.mx\/web\/wp-json\/wp\/v2\/users\/2"}],"replies":[{"embeddable":true,"href":"https:\/\/kuali.com.mx\/web\/wp-json\/wp\/v2\/comments?post=202376"}],"version-history":[{"count":5,"href":"https:\/\/kuali.com.mx\/web\/wp-json\/wp\/v2\/posts\/202376\/revisions"}],"predecessor-version":[{"id":202410,"href":"https:\/\/kuali.com.mx\/web\/wp-json\/wp\/v2\/posts\/202376\/revisions\/202410"}],"wp:featuredmedia":[{"embeddable":true,"href":"https:\/\/kuali.com.mx\/web\/wp-json\/wp\/v2\/media\/202411"}],"wp:attachment":[{"href":"https:\/\/kuali.com.mx\/web\/wp-json\/wp\/v2\/media?parent=202376"}],"wp:term":[{"taxonomy":"category","embeddable":true,"href":"https:\/\/kuali.com.mx\/web\/wp-json\/wp\/v2\/categories?post=202376"},{"taxonomy":"post_tag","embeddable":true,"href":"https:\/\/kuali.com.mx\/web\/wp-json\/wp\/v2\/tags?post=202376"}],"curies":[{"name":"wp","href":"https:\/\/api.w.org\/{rel}","templated":true}]}}