{"id":201654,"date":"2026-04-12T20:18:24","date_gmt":"2026-04-13T02:18:24","guid":{"rendered":"https:\/\/kuali.com.mx\/web\/?p=201654"},"modified":"2026-04-12T20:18:26","modified_gmt":"2026-04-13T02:18:26","slug":"debe-federacion-reconocer-gravedad-de-desapariciones-obispo","status":"publish","type":"post","link":"https:\/\/kuali.com.mx\/web\/2026\/04\/12\/debe-federacion-reconocer-gravedad-de-desapariciones-obispo\/","title":{"rendered":"DEBE FEDERACI\u00d3N RECONOCER GRAVEDAD DE DESAPARICIONES: OBISPO"},"content":{"rendered":"\n<p><strong>Milagros Tadeo\/Irapuato, Gto.-&nbsp;<\/strong>El obispo de Irapuato, Enrique D\u00edaz D\u00edaz, llam\u00f3 al Gobierno mexicano a reconocer la gravedad de la crisis de desapariciones en el pa\u00eds, luego de que la ONU advirti\u00f3 que estos casos ya constituyen cr\u00edmenes de lesa humanidad.<\/p>\n\n\n\n<p>Se\u00f1al\u00f3 que mientras no se reconozca la magnitud del problema, ser\u00e1 dif\u00edcil avanzar en las acciones de apoyo a las familias con personas desaparecidas, quienes adem\u00e1s se sienten abandonadas por las autoridades.<\/p>\n\n\n\n<p>\u201cEs preocupante. Esta semana me toc\u00f3 estar con algunos de los grupos de personas que buscan a sus desaparecidos y es una mezcla de sentimientos los que tienen; en esos d\u00edas hab\u00edan encontrado algunos detalles que les hac\u00edan tener esperanza de encontrar a algunos desaparecidos pero por otro lado, tambi\u00e9n es una tristeza grande no poder sepultar, encontrar y decir aqu\u00ed est\u00e1 mi desaparecido\u201d<\/p>\n\n\n\n<p>D\u00edaz D\u00edaz recalc\u00f3 que los colectivos de b\u00fasqueda manifiestan su dolor y reclaman incluso a la Iglesia por la falta de capacidad para localizar a quienes han desaparecido.<\/p>\n\n\n\n<p>\u201cEl maquillaje que se hace de todas estas cifras no ayuda, es cierto, cuando encontramos las cifras tan enormes de desaparecidos nos causa indignaci\u00f3n, susto, pero s\u00ed las ocultamos no va a tener soluci\u00f3n, creo que herida no se sana ocult\u00e1ndola sino exponi\u00e9ndola y buscando la verdadera soluci\u00f3n, ojal\u00e1 que nuestras autoridades tomen muy enserio lo que dice la ONU y lo que cada uno de familiares va diciendo\u201d, dijo.<\/p>\n\n\n\n<p>El obispo exhort\u00f3 a las autoridades a tomar con seriedad las observaciones de la ONU y a escuchar la voz de las familias.&nbsp;<\/p>\n","protected":false},"excerpt":{"rendered":"Milagros Tadeo\/Irapuato, Gto.-&nbsp;El obispo de Irapuato, Enrique D\u00edaz D\u00edaz, llam\u00f3 al Gobierno mexicano a reconocer la gravedad de la crisis de desapariciones en el pa\u00eds, luego de que la ONU advirti\u00f3 que estos casos ya constituyen cr\u00edmenes de lesa humanidad. Se\u00f1al\u00f3 que mientras no se reconozca la magnitud del problema, ser\u00e1 dif\u00edcil avanzar en las [&hellip;]","protected":false},"author":2,"featured_media":66892,"comment_status":"open","ping_status":"open","sticky":false,"template":"","format":"standard","meta":{"_seopress_robots_primary_cat":"none","_seopress_titles_title":"","_seopress_titles_desc":"","_seopress_robots_index":"","_monsterinsights_skip_tracking":false,"_monsterinsights_sitenote_active":false,"_monsterinsights_sitenote_note":"","_monsterinsights_sitenote_category":0,"footnotes":""},"categories":[14],"tags":[],"class_list":["post-201654","post","type-post","status-publish","format-standard","has-post-thumbnail","hentry","category-derechos"],"yoast_head":"<!-- This site is optimized with the Yoast SEO plugin v27.5 - https:\/\/yoast.com\/product\/yoast-seo-wordpress\/ -->\n<title>DEBE FEDERACI\u00d3N RECONOCER GRAVEDAD DE DESAPARICIONES: OBISPO - Kuali<\/title>\n<meta name=\"robots\" content=\"index, follow, max-snippet:-1, max-image-preview:large, max-video-preview:-1\" \/>\n<link rel=\"canonical\" href=\"https:\/\/kuali.com.mx\/web\/2026\/04\/12\/debe-federacion-reconocer-gravedad-de-desapariciones-obispo\/\" \/>\n<meta property=\"og:locale\" content=\"es_MX\" \/>\n<meta property=\"og:type\" content=\"article\" \/>\n<meta property=\"og:title\" content=\"DEBE FEDERACI\u00d3N RECONOCER GRAVEDAD DE DESAPARICIONES: OBISPO - Kuali\" \/>\n<meta property=\"og:description\" content=\"Milagros Tadeo\/Irapuato, Gto.-&nbsp;El obispo de Irapuato, Enrique D\u00edaz D\u00edaz, llam\u00f3 al Gobierno mexicano a reconocer la gravedad de la crisis de desapariciones en el pa\u00eds, luego de que la ONU advirti\u00f3 que estos casos ya constituyen cr\u00edmenes de lesa humanidad. Se\u00f1al\u00f3 que mientras no se reconozca la magnitud del problema, ser\u00e1 dif\u00edcil avanzar en las [&hellip;]\" \/>\n<meta property=\"og:url\" content=\"https:\/\/kuali.com.mx\/web\/2026\/04\/12\/debe-federacion-reconocer-gravedad-de-desapariciones-obispo\/\" \/>\n<meta property=\"og:site_name\" content=\"Kuali\" \/>\n<meta property=\"article:publisher\" content=\"https:\/\/kuali.com.mx\/web\/wp-content\/uploads\/2018\/04\/cropped-kuali_logo-1-1.png\" \/>\n<meta property=\"article:published_time\" content=\"2026-04-13T02:18:24+00:00\" \/>\n<meta property=\"article:modified_time\" content=\"2026-04-13T02:18:26+00:00\" \/>\n<meta property=\"og:image\" content=\"https:\/\/kuali.com.mx\/web\/wp-content\/uploads\/2020\/02\/Familiares-desaparecidos-amenazados.jpg\" \/>\n\t<meta property=\"og:image:width\" content=\"1778\" \/>\n\t<meta property=\"og:image:height\" content=\"750\" \/>\n\t<meta property=\"og:image:type\" content=\"image\/jpeg\" \/>\n<meta name=\"author\" content=\"Kuali Staff\" \/>\n<meta name=\"twitter:card\" content=\"summary_large_image\" \/>\n<meta name=\"twitter:creator\" content=\"@kuali_noticias\" \/>\n<meta name=\"twitter:site\" content=\"@kuali_noticias\" \/>\n<meta name=\"twitter:label1\" content=\"Escrito por\" \/>\n\t<meta name=\"twitter:data1\" content=\"Kuali Staff\" \/>\n\t<meta name=\"twitter:label2\" content=\"Tiempo de lectura\" \/>\n\t<meta name=\"twitter:data2\" content=\"1 minuto\" \/>\n<script type=\"application\/ld+json\" class=\"yoast-schema-graph\">{\"@context\":\"https:\\\/\\\/schema.org\",\"@graph\":[{\"@type\":\"Article\",\"@id\":\"https:\\\/\\\/kuali.com.mx\\\/web\\\/2026\\\/04\\\/12\\\/debe-federacion-reconocer-gravedad-de-desapariciones-obispo\\\/#article\",\"isPartOf\":{\"@id\":\"https:\\\/\\\/kuali.com.mx\\\/web\\\/2026\\\/04\\\/12\\\/debe-federacion-reconocer-gravedad-de-desapariciones-obispo\\\/\"},\"author\":{\"name\":\"Kuali Staff\",\"@id\":\"https:\\\/\\\/kuali.com.mx\\\/web\\\/#\\\/schema\\\/person\\\/6f89ffa8ecba9dae50662357923c5289\"},\"headline\":\"DEBE FEDERACI\u00d3N RECONOCER GRAVEDAD DE DESAPARICIONES: OBISPO\",\"datePublished\":\"2026-04-13T02:18:24+00:00\",\"dateModified\":\"2026-04-13T02:18:26+00:00\",\"mainEntityOfPage\":{\"@id\":\"https:\\\/\\\/kuali.com.mx\\\/web\\\/2026\\\/04\\\/12\\\/debe-federacion-reconocer-gravedad-de-desapariciones-obispo\\\/\"},\"wordCount\":289,\"commentCount\":0,\"image\":{\"@id\":\"https:\\\/\\\/kuali.com.mx\\\/web\\\/2026\\\/04\\\/12\\\/debe-federacion-reconocer-gravedad-de-desapariciones-obispo\\\/#primaryimage\"},\"thumbnailUrl\":\"https:\\\/\\\/kuali.com.mx\\\/web\\\/wp-content\\\/uploads\\\/2020\\\/02\\\/Familiares-desaparecidos-amenazados.jpg\",\"articleSection\":[\"Derechos Humanos\"],\"inLanguage\":\"es\",\"potentialAction\":[{\"@type\":\"CommentAction\",\"name\":\"Comment\",\"target\":[\"https:\\\/\\\/kuali.com.mx\\\/web\\\/2026\\\/04\\\/12\\\/debe-federacion-reconocer-gravedad-de-desapariciones-obispo\\\/#respond\"]}]},{\"@type\":\"WebPage\",\"@id\":\"https:\\\/\\\/kuali.com.mx\\\/web\\\/2026\\\/04\\\/12\\\/debe-federacion-reconocer-gravedad-de-desapariciones-obispo\\\/\",\"url\":\"https:\\\/\\\/kuali.com.mx\\\/web\\\/2026\\\/04\\\/12\\\/debe-federacion-reconocer-gravedad-de-desapariciones-obispo\\\/\",\"name\":\"DEBE FEDERACI\u00d3N RECONOCER GRAVEDAD DE DESAPARICIONES: OBISPO - Kuali\",\"isPartOf\":{\"@id\":\"https:\\\/\\\/kuali.com.mx\\\/web\\\/#website\"},\"primaryImageOfPage\":{\"@id\":\"https:\\\/\\\/kuali.com.mx\\\/web\\\/2026\\\/04\\\/12\\\/debe-federacion-reconocer-gravedad-de-desapariciones-obispo\\\/#primaryimage\"},\"image\":{\"@id\":\"https:\\\/\\\/kuali.com.mx\\\/web\\\/2026\\\/04\\\/12\\\/debe-federacion-reconocer-gravedad-de-desapariciones-obispo\\\/#primaryimage\"},\"thumbnailUrl\":\"https:\\\/\\\/kuali.com.mx\\\/web\\\/wp-content\\\/uploads\\\/2020\\\/02\\\/Familiares-desaparecidos-amenazados.jpg\",\"datePublished\":\"2026-04-13T02:18:24+00:00\",\"dateModified\":\"2026-04-13T02:18:26+00:00\",\"author\":{\"@id\":\"https:\\\/\\\/kuali.com.mx\\\/web\\\/#\\\/schema\\\/person\\\/6f89ffa8ecba9dae50662357923c5289\"},\"breadcrumb\":{\"@id\":\"https:\\\/\\\/kuali.com.mx\\\/web\\\/2026\\\/04\\\/12\\\/debe-federacion-reconocer-gravedad-de-desapariciones-obispo\\\/#breadcrumb\"},\"inLanguage\":\"es\",\"potentialAction\":[{\"@type\":\"ReadAction\",\"target\":[\"https:\\\/\\\/kuali.com.mx\\\/web\\\/2026\\\/04\\\/12\\\/debe-federacion-reconocer-gravedad-de-desapariciones-obispo\\\/\"]}]},{\"@type\":\"ImageObject\",\"inLanguage\":\"es\",\"@id\":\"https:\\\/\\\/kuali.com.mx\\\/web\\\/2026\\\/04\\\/12\\\/debe-federacion-reconocer-gravedad-de-desapariciones-obispo\\\/#primaryimage\",\"url\":\"https:\\\/\\\/kuali.com.mx\\\/web\\\/wp-content\\\/uploads\\\/2020\\\/02\\\/Familiares-desaparecidos-amenazados.jpg\",\"contentUrl\":\"https:\\\/\\\/kuali.com.mx\\\/web\\\/wp-content\\\/uploads\\\/2020\\\/02\\\/Familiares-desaparecidos-amenazados.jpg\",\"width\":1778,\"height\":750},{\"@type\":\"BreadcrumbList\",\"@id\":\"https:\\\/\\\/kuali.com.mx\\\/web\\\/2026\\\/04\\\/12\\\/debe-federacion-reconocer-gravedad-de-desapariciones-obispo\\\/#breadcrumb\",\"itemListElement\":[{\"@type\":\"ListItem\",\"position\":1,\"name\":\"Inicio\",\"item\":\"https:\\\/\\\/kuali.com.mx\\\/web\\\/\"},{\"@type\":\"ListItem\",\"position\":2,\"name\":\"DEBE FEDERACI\u00d3N RECONOCER GRAVEDAD DE DESAPARICIONES: OBISPO\"}]},{\"@type\":\"WebSite\",\"@id\":\"https:\\\/\\\/kuali.com.mx\\\/web\\\/#website\",\"url\":\"https:\\\/\\\/kuali.com.mx\\\/web\\\/\",\"name\":\"Kuali\",\"description\":\"\",\"potentialAction\":[{\"@type\":\"SearchAction\",\"target\":{\"@type\":\"EntryPoint\",\"urlTemplate\":\"https:\\\/\\\/kuali.com.mx\\\/web\\\/?s={search_term_string}\"},\"query-input\":{\"@type\":\"PropertyValueSpecification\",\"valueRequired\":true,\"valueName\":\"search_term_string\"}}],\"inLanguage\":\"es\"},{\"@type\":\"Person\",\"@id\":\"https:\\\/\\\/kuali.com.mx\\\/web\\\/#\\\/schema\\\/person\\\/6f89ffa8ecba9dae50662357923c5289\",\"name\":\"Kuali Staff\",\"image\":{\"@type\":\"ImageObject\",\"inLanguage\":\"es\",\"@id\":\"https:\\\/\\\/secure.gravatar.com\\\/avatar\\\/f917ad82e5ab71227a733c78b6e60715476f69ee6be59feee4eb5d9920c89e0f?s=96&d=mm&r=g\",\"url\":\"https:\\\/\\\/secure.gravatar.com\\\/avatar\\\/f917ad82e5ab71227a733c78b6e60715476f69ee6be59feee4eb5d9920c89e0f?s=96&d=mm&r=g\",\"contentUrl\":\"https:\\\/\\\/secure.gravatar.com\\\/avatar\\\/f917ad82e5ab71227a733c78b6e60715476f69ee6be59feee4eb5d9920c89e0f?s=96&d=mm&r=g\",\"caption\":\"Kuali Staff\"},\"url\":\"https:\\\/\\\/kuali.com.mx\\\/web\\\/author\\\/lagarto\\\/\"}]}<\/script>\n<!-- \/ Yoast SEO plugin. -->","yoast_head_json":{"title":"DEBE FEDERACI\u00d3N RECONOCER GRAVEDAD DE DESAPARICIONES: OBISPO - Kuali","robots":{"index":"index","follow":"follow","max-snippet":"max-snippet:-1","max-image-preview":"max-image-preview:large","max-video-preview":"max-video-preview:-1"},"canonical":"https:\/\/kuali.com.mx\/web\/2026\/04\/12\/debe-federacion-reconocer-gravedad-de-desapariciones-obispo\/","og_locale":"es_MX","og_type":"article","og_title":"DEBE FEDERACI\u00d3N RECONOCER GRAVEDAD DE DESAPARICIONES: OBISPO - Kuali","og_description":"Milagros Tadeo\/Irapuato, Gto.-&nbsp;El obispo de Irapuato, Enrique D\u00edaz D\u00edaz, llam\u00f3 al Gobierno mexicano a reconocer la gravedad de la crisis de desapariciones en el pa\u00eds, luego de que la ONU advirti\u00f3 que estos casos ya constituyen cr\u00edmenes de lesa humanidad. Se\u00f1al\u00f3 que mientras no se reconozca la magnitud del problema, ser\u00e1 dif\u00edcil avanzar en las [&hellip;]","og_url":"https:\/\/kuali.com.mx\/web\/2026\/04\/12\/debe-federacion-reconocer-gravedad-de-desapariciones-obispo\/","og_site_name":"Kuali","article_publisher":"https:\/\/kuali.com.mx\/web\/wp-content\/uploads\/2018\/04\/cropped-kuali_logo-1-1.png","article_published_time":"2026-04-13T02:18:24+00:00","article_modified_time":"2026-04-13T02:18:26+00:00","og_image":[{"width":1778,"height":750,"url":"https:\/\/kuali.com.mx\/web\/wp-content\/uploads\/2020\/02\/Familiares-desaparecidos-amenazados.jpg","type":"image\/jpeg"}],"author":"Kuali Staff","twitter_card":"summary_large_image","twitter_creator":"@kuali_noticias","twitter_site":"@kuali_noticias","twitter_misc":{"Escrito por":"Kuali Staff","Tiempo de lectura":"1 minuto"},"schema":{"@context":"https:\/\/schema.org","@graph":[{"@type":"Article","@id":"https:\/\/kuali.com.mx\/web\/2026\/04\/12\/debe-federacion-reconocer-gravedad-de-desapariciones-obispo\/#article","isPartOf":{"@id":"https:\/\/kuali.com.mx\/web\/2026\/04\/12\/debe-federacion-reconocer-gravedad-de-desapariciones-obispo\/"},"author":{"name":"Kuali Staff","@id":"https:\/\/kuali.com.mx\/web\/#\/schema\/person\/6f89ffa8ecba9dae50662357923c5289"},"headline":"DEBE FEDERACI\u00d3N RECONOCER GRAVEDAD DE DESAPARICIONES: OBISPO","datePublished":"2026-04-13T02:18:24+00:00","dateModified":"2026-04-13T02:18:26+00:00","mainEntityOfPage":{"@id":"https:\/\/kuali.com.mx\/web\/2026\/04\/12\/debe-federacion-reconocer-gravedad-de-desapariciones-obispo\/"},"wordCount":289,"commentCount":0,"image":{"@id":"https:\/\/kuali.com.mx\/web\/2026\/04\/12\/debe-federacion-reconocer-gravedad-de-desapariciones-obispo\/#primaryimage"},"thumbnailUrl":"https:\/\/kuali.com.mx\/web\/wp-content\/uploads\/2020\/02\/Familiares-desaparecidos-amenazados.jpg","articleSection":["Derechos Humanos"],"inLanguage":"es","potentialAction":[{"@type":"CommentAction","name":"Comment","target":["https:\/\/kuali.com.mx\/web\/2026\/04\/12\/debe-federacion-reconocer-gravedad-de-desapariciones-obispo\/#respond"]}]},{"@type":"WebPage","@id":"https:\/\/kuali.com.mx\/web\/2026\/04\/12\/debe-federacion-reconocer-gravedad-de-desapariciones-obispo\/","url":"https:\/\/kuali.com.mx\/web\/2026\/04\/12\/debe-federacion-reconocer-gravedad-de-desapariciones-obispo\/","name":"DEBE FEDERACI\u00d3N RECONOCER GRAVEDAD DE DESAPARICIONES: OBISPO - Kuali","isPartOf":{"@id":"https:\/\/kuali.com.mx\/web\/#website"},"primaryImageOfPage":{"@id":"https:\/\/kuali.com.mx\/web\/2026\/04\/12\/debe-federacion-reconocer-gravedad-de-desapariciones-obispo\/#primaryimage"},"image":{"@id":"https:\/\/kuali.com.mx\/web\/2026\/04\/12\/debe-federacion-reconocer-gravedad-de-desapariciones-obispo\/#primaryimage"},"thumbnailUrl":"https:\/\/kuali.com.mx\/web\/wp-content\/uploads\/2020\/02\/Familiares-desaparecidos-amenazados.jpg","datePublished":"2026-04-13T02:18:24+00:00","dateModified":"2026-04-13T02:18:26+00:00","author":{"@id":"https:\/\/kuali.com.mx\/web\/#\/schema\/person\/6f89ffa8ecba9dae50662357923c5289"},"breadcrumb":{"@id":"https:\/\/kuali.com.mx\/web\/2026\/04\/12\/debe-federacion-reconocer-gravedad-de-desapariciones-obispo\/#breadcrumb"},"inLanguage":"es","potentialAction":[{"@type":"ReadAction","target":["https:\/\/kuali.com.mx\/web\/2026\/04\/12\/debe-federacion-reconocer-gravedad-de-desapariciones-obispo\/"]}]},{"@type":"ImageObject","inLanguage":"es","@id":"https:\/\/kuali.com.mx\/web\/2026\/04\/12\/debe-federacion-reconocer-gravedad-de-desapariciones-obispo\/#primaryimage","url":"https:\/\/kuali.com.mx\/web\/wp-content\/uploads\/2020\/02\/Familiares-desaparecidos-amenazados.jpg","contentUrl":"https:\/\/kuali.com.mx\/web\/wp-content\/uploads\/2020\/02\/Familiares-desaparecidos-amenazados.jpg","width":1778,"height":750},{"@type":"BreadcrumbList","@id":"https:\/\/kuali.com.mx\/web\/2026\/04\/12\/debe-federacion-reconocer-gravedad-de-desapariciones-obispo\/#breadcrumb","itemListElement":[{"@type":"ListItem","position":1,"name":"Inicio","item":"https:\/\/kuali.com.mx\/web\/"},{"@type":"ListItem","position":2,"name":"DEBE FEDERACI\u00d3N RECONOCER GRAVEDAD DE DESAPARICIONES: OBISPO"}]},{"@type":"WebSite","@id":"https:\/\/kuali.com.mx\/web\/#website","url":"https:\/\/kuali.com.mx\/web\/","name":"Kuali","description":"","potentialAction":[{"@type":"SearchAction","target":{"@type":"EntryPoint","urlTemplate":"https:\/\/kuali.com.mx\/web\/?s={search_term_string}"},"query-input":{"@type":"PropertyValueSpecification","valueRequired":true,"valueName":"search_term_string"}}],"inLanguage":"es"},{"@type":"Person","@id":"https:\/\/kuali.com.mx\/web\/#\/schema\/person\/6f89ffa8ecba9dae50662357923c5289","name":"Kuali Staff","image":{"@type":"ImageObject","inLanguage":"es","@id":"https:\/\/secure.gravatar.com\/avatar\/f917ad82e5ab71227a733c78b6e60715476f69ee6be59feee4eb5d9920c89e0f?s=96&d=mm&r=g","url":"https:\/\/secure.gravatar.com\/avatar\/f917ad82e5ab71227a733c78b6e60715476f69ee6be59feee4eb5d9920c89e0f?s=96&d=mm&r=g","contentUrl":"https:\/\/secure.gravatar.com\/avatar\/f917ad82e5ab71227a733c78b6e60715476f69ee6be59feee4eb5d9920c89e0f?s=96&d=mm&r=g","caption":"Kuali Staff"},"url":"https:\/\/kuali.com.mx\/web\/author\/lagarto\/"}]}},"_links":{"self":[{"href":"https:\/\/kuali.com.mx\/web\/wp-json\/wp\/v2\/posts\/201654","targetHints":{"allow":["GET"]}}],"collection":[{"href":"https:\/\/kuali.com.mx\/web\/wp-json\/wp\/v2\/posts"}],"about":[{"href":"https:\/\/kuali.com.mx\/web\/wp-json\/wp\/v2\/types\/post"}],"author":[{"embeddable":true,"href":"https:\/\/kuali.com.mx\/web\/wp-json\/wp\/v2\/users\/2"}],"replies":[{"embeddable":true,"href":"https:\/\/kuali.com.mx\/web\/wp-json\/wp\/v2\/comments?post=201654"}],"version-history":[{"count":1,"href":"https:\/\/kuali.com.mx\/web\/wp-json\/wp\/v2\/posts\/201654\/revisions"}],"predecessor-version":[{"id":201657,"href":"https:\/\/kuali.com.mx\/web\/wp-json\/wp\/v2\/posts\/201654\/revisions\/201657"}],"wp:featuredmedia":[{"embeddable":true,"href":"https:\/\/kuali.com.mx\/web\/wp-json\/wp\/v2\/media\/66892"}],"wp:attachment":[{"href":"https:\/\/kuali.com.mx\/web\/wp-json\/wp\/v2\/media?parent=201654"}],"wp:term":[{"taxonomy":"category","embeddable":true,"href":"https:\/\/kuali.com.mx\/web\/wp-json\/wp\/v2\/categories?post=201654"},{"taxonomy":"post_tag","embeddable":true,"href":"https:\/\/kuali.com.mx\/web\/wp-json\/wp\/v2\/tags?post=201654"}],"curies":[{"name":"wp","href":"https:\/\/api.w.org\/{rel}","templated":true}]}}