{"id":201319,"date":"2026-04-08T10:10:01","date_gmt":"2026-04-08T16:10:01","guid":{"rendered":"https:\/\/kuali.com.mx\/web\/?p=201319"},"modified":"2026-04-09T07:49:23","modified_gmt":"2026-04-09T13:49:23","slug":"kast-visita-argentina-para-enfrentar-enemigos-comunes","status":"publish","type":"post","link":"https:\/\/kuali.com.mx\/web\/2026\/04\/08\/kast-visita-argentina-para-enfrentar-enemigos-comunes\/","title":{"rendered":"KAST VISITA ARGENTINA PARA \u201cENFRENTAR ENEMIGOS COMUNES\u201d"},"content":{"rendered":"\n<p><em><strong>ENCUENTRO CON GOROSITO\u2026<\/strong><\/em><\/p>\n\n\n\n<p>El presidente de la Rep\u00fablica de Chile, Jos\u00e9 Antonio Kast, realiza su primera visita oficial de Estado desde que asumi\u00f3 el cargo el pasado 11 de marzo, en este caso a la vecina Rep\u00fablica Argentina anunciando que es un muy buen momento para \u201cestrechar lazos\u201d&nbsp; y tambi\u00e9n con el objetivo de llegar a acuerdos que les permitan enfrentar \u201cenemigos comunes\u201d.<\/p>\n\n\n\n<p>Consider\u00f3 importante ir cerrando ciertos temas que pueden \u201cpotenciar a ambas naciones\u201d, afirm\u00f3 Kast. El mandatario trasandino coment\u00f3 que para su Administraci\u00f3n, es un muy buen momento para \u201cfortalecer la agenda conjunta con Argentina en distintas \u00e1reas primordiales, el tema de los pasos internacionales, de seguridad, el crimen organizado&nbsp; y el narcotr\u00e1fico trasciende fronteras\u201d, inform\u00f3 el mandatario.<\/p>\n\n\n\n<p>Para el jefe de Estado: \u201cEs muy importante lo que vamos a conversar y acordar en conjunto con el Gobierno argentino, tenemos enemigos comunes que atacan a nuestras naciones y en conjunto tenemos que enfrentarlos\u201d, remarc\u00f3 Kast.<\/p>\n\n\n\n<p>Ambos mandatarios se reunieron con parte de sus gabinetes en la Casa Rosada, buscando generar dentro de su sinton\u00eda ideol\u00f3gica una capacidad de articulaci\u00f3n pol\u00edtica en los distintos niveles de poder, Los principales temas de la agenda fueron de las \u00e1reas de seguridad, econom\u00eda, infraestructura y comercio.<\/p>\n\n\n\n<p>La visita de Kast a la Rep\u00fablica Argentina, reforz\u00f3 una tradici\u00f3n diplom\u00e1tica existente entre ambas naciones sudamericanas: los presidentes chilenos suelen elegir Buenos Aires como su primer destino internacional una vez asumido el cargo.<\/p>\n\n\n\n<p>Seguramente iniciara entre Chile y Argentina, una etapa bilateral de coincidencias, que vaya dejando atr\u00e1s las tensiones que caracterizaron las relaciones entre ambos gobiernos, durante la administraci\u00f3n del presidente Gabriel Boric en Chile.<\/p>\n\n\n\n<p>Hay una posici\u00f3n de defensa com\u00fan de la visi\u00f3n econ\u00f3mica liberal, se coincide en temas como inmigraci\u00f3n, seguridad y reducci\u00f3n de la burocracia en el aparato&nbsp; estatal.<\/p>\n\n\n\n<p>El presidente chileno coment\u00f3 que se refirieron en el tema migratorio al corredor humanitario que propuso para el retorno de venezolanos que viven en Chile, a trav\u00e9s de Per\u00fa, Ecuador y Colombia. \u201cSe ha facilitado bastante con los cambios radicales que se producen en Venezuela\u201d, &nbsp;en alusi\u00f3n a la ca\u00edda del gobierno de Nicol\u00e1s Maduro, afirm\u00f3 Kast.<\/p>\n\n\n\n<p>Confirm\u00f3 el mandatario chileno que en este tema, su gobierno sostendr\u00e1 medidas concretas: \u201cVamos a ir avanzando en la expulsi\u00f3n de inmigrantes irregulares, en las pr\u00f3ximas semanas, en los pr\u00f3ximos meses\u201d, remarc\u00f3 Kast.<\/p>\n\n\n\n<p>El jefe de Estado, calific\u00f3 la reuni\u00f3n con su hom\u00f3nimo Javier Milei como \u201cmuy productiva\u201d y destac\u00f3 el enorme potencial de relaci\u00f3n entre ambos pa\u00edses. \u201cEs un momento hist\u00f3rico en la integraci\u00f3n por temas de turismo, de comercio, de inversi\u00f3n y por temas mineros, comparti\u00f3 Kast.<\/p>\n\n\n\n<p>Para Chile, la Argentina es su segundo socio comercial en Am\u00e9rica Latina, con un intercambio que alcanz\u00f3 los 7983 millones de d\u00f3lares en el 2025, lo que refuerza el objetivo de profundizar una mayor integraci\u00f3n entre ambas econom\u00edas.<\/p>\n\n\n\n<p>El presidente Kast reiter\u00f3 el respaldo del Gobierno de Chile a los leg\u00edtimos derechos de soberan\u00eda de la Rep\u00fablica Argentina sobre las Islas Malvinas, Georgias del Sur, Sandwich del Sur y los espacios mar\u00edtimos circundantes.<\/p>\n\n\n\n<p>\u201cLa visita tuvo como marco un aniversario m\u00e1s de la Batalla de Maip\u00fa (5 de abril de 1818), hito hist\u00f3rico de la independencia y la cooperaci\u00f3n entre Argentina y Chile que impulsa a ambos pa\u00edses a seguir trabajando en una agenda de futuro basada en la defensa de los valores compartidos de la libertad, la democracia, la vida y la propiedad, y la promoci\u00f3n del crecimiento econ\u00f3mico\u201d, afirma un comunicado conjunto final de los Cancilleres de Argentina y Chile.<\/p>\n\n\n\n<p>&nbsp;&nbsp;&nbsp;&nbsp;&nbsp;&nbsp;&nbsp; \u00a1Hasta el pr\u00f3ximo encuentro\u2026!<\/p>\n\n\n\n<p>\u00a0\u00a0\u00a0\u00a0\u00a0\u00a0\u00a0\u00a0\u00a0\u00a0\u00a0\u00a0\u00a0\u00a0\u00a0\u00a0\u00a0\u00a0\u00a0\u00a0\u00a0\u00a0\u00a0\u00a0\u00a0\u00a0\u00a0\u00a0\u00a0\u00a0\u00a0\u00a0\u00a0\u00a0\u00a0\u00a0\u00a0\u00a0\u00a0\u00a0\u00a0\u00a0\u00a0\u00a0\u00a0\u00a0\u00a0\u00a0\u00a0\u00a0\u00a0\u00a0\u00a0\u00a0<em><strong>\u00a0\u00a0 Dr.(c).Washington Daniel Gorosito P\u00e9rez<\/strong><\/em><\/p>\n\n\n\n<p>.<\/p>\n","protected":false},"excerpt":{"rendered":"ENCUENTRO CON GOROSITO\u2026 El presidente de la Rep\u00fablica de Chile, Jos\u00e9 Antonio Kast, realiza su primera visita oficial de Estado desde que asumi\u00f3 el cargo el pasado 11 de marzo, en este caso a la vecina Rep\u00fablica Argentina anunciando que es un muy buen momento para \u201cestrechar lazos\u201d&nbsp; y tambi\u00e9n con el objetivo de llegar [&hellip;]","protected":false},"author":2,"featured_media":201322,"comment_status":"open","ping_status":"open","sticky":false,"template":"","format":"standard","meta":{"_seopress_robots_primary_cat":"none","_seopress_titles_title":"","_seopress_titles_desc":"","_seopress_robots_index":"","_monsterinsights_skip_tracking":false,"_monsterinsights_sitenote_active":false,"_monsterinsights_sitenote_note":"","_monsterinsights_sitenote_category":0,"footnotes":""},"categories":[3],"tags":[],"class_list":["post-201319","post","type-post","status-publish","format-standard","has-post-thumbnail","hentry","category-politica"],"yoast_head":"<!-- This site is optimized with the Yoast SEO plugin v27.5 - https:\/\/yoast.com\/product\/yoast-seo-wordpress\/ -->\n<title>KAST VISITA ARGENTINA PARA \u201cENFRENTAR ENEMIGOS COMUNES\u201d - Kuali<\/title>\n<meta name=\"robots\" content=\"index, follow, max-snippet:-1, max-image-preview:large, max-video-preview:-1\" \/>\n<link rel=\"canonical\" href=\"https:\/\/kuali.com.mx\/web\/2026\/04\/08\/kast-visita-argentina-para-enfrentar-enemigos-comunes\/\" \/>\n<meta property=\"og:locale\" content=\"es_MX\" \/>\n<meta property=\"og:type\" content=\"article\" \/>\n<meta property=\"og:title\" content=\"KAST VISITA ARGENTINA PARA \u201cENFRENTAR ENEMIGOS COMUNES\u201d - Kuali\" \/>\n<meta property=\"og:description\" content=\"ENCUENTRO CON GOROSITO\u2026 El presidente de la Rep\u00fablica de Chile, Jos\u00e9 Antonio Kast, realiza su primera visita oficial de Estado desde que asumi\u00f3 el cargo el pasado 11 de marzo, en este caso a la vecina Rep\u00fablica Argentina anunciando que es un muy buen momento para \u201cestrechar lazos\u201d&nbsp; y tambi\u00e9n con el objetivo de llegar [&hellip;]\" \/>\n<meta property=\"og:url\" content=\"https:\/\/kuali.com.mx\/web\/2026\/04\/08\/kast-visita-argentina-para-enfrentar-enemigos-comunes\/\" \/>\n<meta property=\"og:site_name\" content=\"Kuali\" \/>\n<meta property=\"article:publisher\" content=\"https:\/\/kuali.com.mx\/web\/wp-content\/uploads\/2018\/04\/cropped-kuali_logo-1-1.png\" \/>\n<meta property=\"article:published_time\" content=\"2026-04-08T16:10:01+00:00\" \/>\n<meta property=\"article:modified_time\" content=\"2026-04-09T13:49:23+00:00\" \/>\n<meta property=\"og:image\" content=\"https:\/\/kuali.com.mx\/web\/wp-content\/uploads\/2026\/04\/kast-1.jpg\" \/>\n\t<meta property=\"og:image:width\" content=\"1750\" \/>\n\t<meta property=\"og:image:height\" content=\"789\" \/>\n\t<meta property=\"og:image:type\" content=\"image\/jpeg\" \/>\n<meta name=\"author\" content=\"Kuali Staff\" \/>\n<meta name=\"twitter:card\" content=\"summary_large_image\" \/>\n<meta name=\"twitter:creator\" content=\"@kuali_noticias\" \/>\n<meta name=\"twitter:site\" content=\"@kuali_noticias\" \/>\n<meta name=\"twitter:label1\" content=\"Escrito por\" \/>\n\t<meta name=\"twitter:data1\" content=\"Kuali Staff\" \/>\n\t<meta name=\"twitter:label2\" content=\"Tiempo de lectura\" \/>\n\t<meta name=\"twitter:data2\" content=\"3 minutos\" \/>\n<script type=\"application\/ld+json\" class=\"yoast-schema-graph\">{\"@context\":\"https:\\\/\\\/schema.org\",\"@graph\":[{\"@type\":\"Article\",\"@id\":\"https:\\\/\\\/kuali.com.mx\\\/web\\\/2026\\\/04\\\/08\\\/kast-visita-argentina-para-enfrentar-enemigos-comunes\\\/#article\",\"isPartOf\":{\"@id\":\"https:\\\/\\\/kuali.com.mx\\\/web\\\/2026\\\/04\\\/08\\\/kast-visita-argentina-para-enfrentar-enemigos-comunes\\\/\"},\"author\":{\"name\":\"Kuali Staff\",\"@id\":\"https:\\\/\\\/kuali.com.mx\\\/web\\\/#\\\/schema\\\/person\\\/6f89ffa8ecba9dae50662357923c5289\"},\"headline\":\"KAST VISITA ARGENTINA PARA \u201cENFRENTAR ENEMIGOS COMUNES\u201d\",\"datePublished\":\"2026-04-08T16:10:01+00:00\",\"dateModified\":\"2026-04-09T13:49:23+00:00\",\"mainEntityOfPage\":{\"@id\":\"https:\\\/\\\/kuali.com.mx\\\/web\\\/2026\\\/04\\\/08\\\/kast-visita-argentina-para-enfrentar-enemigos-comunes\\\/\"},\"wordCount\":660,\"commentCount\":0,\"image\":{\"@id\":\"https:\\\/\\\/kuali.com.mx\\\/web\\\/2026\\\/04\\\/08\\\/kast-visita-argentina-para-enfrentar-enemigos-comunes\\\/#primaryimage\"},\"thumbnailUrl\":\"https:\\\/\\\/kuali.com.mx\\\/web\\\/wp-content\\\/uploads\\\/2026\\\/04\\\/kast-1.jpg\",\"articleSection\":[\"Pol\u00edtica\"],\"inLanguage\":\"es\",\"potentialAction\":[{\"@type\":\"CommentAction\",\"name\":\"Comment\",\"target\":[\"https:\\\/\\\/kuali.com.mx\\\/web\\\/2026\\\/04\\\/08\\\/kast-visita-argentina-para-enfrentar-enemigos-comunes\\\/#respond\"]}]},{\"@type\":\"WebPage\",\"@id\":\"https:\\\/\\\/kuali.com.mx\\\/web\\\/2026\\\/04\\\/08\\\/kast-visita-argentina-para-enfrentar-enemigos-comunes\\\/\",\"url\":\"https:\\\/\\\/kuali.com.mx\\\/web\\\/2026\\\/04\\\/08\\\/kast-visita-argentina-para-enfrentar-enemigos-comunes\\\/\",\"name\":\"KAST VISITA ARGENTINA PARA \u201cENFRENTAR ENEMIGOS COMUNES\u201d - Kuali\",\"isPartOf\":{\"@id\":\"https:\\\/\\\/kuali.com.mx\\\/web\\\/#website\"},\"primaryImageOfPage\":{\"@id\":\"https:\\\/\\\/kuali.com.mx\\\/web\\\/2026\\\/04\\\/08\\\/kast-visita-argentina-para-enfrentar-enemigos-comunes\\\/#primaryimage\"},\"image\":{\"@id\":\"https:\\\/\\\/kuali.com.mx\\\/web\\\/2026\\\/04\\\/08\\\/kast-visita-argentina-para-enfrentar-enemigos-comunes\\\/#primaryimage\"},\"thumbnailUrl\":\"https:\\\/\\\/kuali.com.mx\\\/web\\\/wp-content\\\/uploads\\\/2026\\\/04\\\/kast-1.jpg\",\"datePublished\":\"2026-04-08T16:10:01+00:00\",\"dateModified\":\"2026-04-09T13:49:23+00:00\",\"author\":{\"@id\":\"https:\\\/\\\/kuali.com.mx\\\/web\\\/#\\\/schema\\\/person\\\/6f89ffa8ecba9dae50662357923c5289\"},\"breadcrumb\":{\"@id\":\"https:\\\/\\\/kuali.com.mx\\\/web\\\/2026\\\/04\\\/08\\\/kast-visita-argentina-para-enfrentar-enemigos-comunes\\\/#breadcrumb\"},\"inLanguage\":\"es\",\"potentialAction\":[{\"@type\":\"ReadAction\",\"target\":[\"https:\\\/\\\/kuali.com.mx\\\/web\\\/2026\\\/04\\\/08\\\/kast-visita-argentina-para-enfrentar-enemigos-comunes\\\/\"]}]},{\"@type\":\"ImageObject\",\"inLanguage\":\"es\",\"@id\":\"https:\\\/\\\/kuali.com.mx\\\/web\\\/2026\\\/04\\\/08\\\/kast-visita-argentina-para-enfrentar-enemigos-comunes\\\/#primaryimage\",\"url\":\"https:\\\/\\\/kuali.com.mx\\\/web\\\/wp-content\\\/uploads\\\/2026\\\/04\\\/kast-1.jpg\",\"contentUrl\":\"https:\\\/\\\/kuali.com.mx\\\/web\\\/wp-content\\\/uploads\\\/2026\\\/04\\\/kast-1.jpg\",\"width\":1750,\"height\":789},{\"@type\":\"BreadcrumbList\",\"@id\":\"https:\\\/\\\/kuali.com.mx\\\/web\\\/2026\\\/04\\\/08\\\/kast-visita-argentina-para-enfrentar-enemigos-comunes\\\/#breadcrumb\",\"itemListElement\":[{\"@type\":\"ListItem\",\"position\":1,\"name\":\"Inicio\",\"item\":\"https:\\\/\\\/kuali.com.mx\\\/web\\\/\"},{\"@type\":\"ListItem\",\"position\":2,\"name\":\"KAST VISITA ARGENTINA PARA \u201cENFRENTAR ENEMIGOS COMUNES\u201d\"}]},{\"@type\":\"WebSite\",\"@id\":\"https:\\\/\\\/kuali.com.mx\\\/web\\\/#website\",\"url\":\"https:\\\/\\\/kuali.com.mx\\\/web\\\/\",\"name\":\"Kuali\",\"description\":\"\",\"potentialAction\":[{\"@type\":\"SearchAction\",\"target\":{\"@type\":\"EntryPoint\",\"urlTemplate\":\"https:\\\/\\\/kuali.com.mx\\\/web\\\/?s={search_term_string}\"},\"query-input\":{\"@type\":\"PropertyValueSpecification\",\"valueRequired\":true,\"valueName\":\"search_term_string\"}}],\"inLanguage\":\"es\"},{\"@type\":\"Person\",\"@id\":\"https:\\\/\\\/kuali.com.mx\\\/web\\\/#\\\/schema\\\/person\\\/6f89ffa8ecba9dae50662357923c5289\",\"name\":\"Kuali Staff\",\"image\":{\"@type\":\"ImageObject\",\"inLanguage\":\"es\",\"@id\":\"https:\\\/\\\/secure.gravatar.com\\\/avatar\\\/f917ad82e5ab71227a733c78b6e60715476f69ee6be59feee4eb5d9920c89e0f?s=96&d=mm&r=g\",\"url\":\"https:\\\/\\\/secure.gravatar.com\\\/avatar\\\/f917ad82e5ab71227a733c78b6e60715476f69ee6be59feee4eb5d9920c89e0f?s=96&d=mm&r=g\",\"contentUrl\":\"https:\\\/\\\/secure.gravatar.com\\\/avatar\\\/f917ad82e5ab71227a733c78b6e60715476f69ee6be59feee4eb5d9920c89e0f?s=96&d=mm&r=g\",\"caption\":\"Kuali Staff\"},\"url\":\"https:\\\/\\\/kuali.com.mx\\\/web\\\/author\\\/lagarto\\\/\"}]}<\/script>\n<!-- \/ Yoast SEO plugin. -->","yoast_head_json":{"title":"KAST VISITA ARGENTINA PARA \u201cENFRENTAR ENEMIGOS COMUNES\u201d - Kuali","robots":{"index":"index","follow":"follow","max-snippet":"max-snippet:-1","max-image-preview":"max-image-preview:large","max-video-preview":"max-video-preview:-1"},"canonical":"https:\/\/kuali.com.mx\/web\/2026\/04\/08\/kast-visita-argentina-para-enfrentar-enemigos-comunes\/","og_locale":"es_MX","og_type":"article","og_title":"KAST VISITA ARGENTINA PARA \u201cENFRENTAR ENEMIGOS COMUNES\u201d - Kuali","og_description":"ENCUENTRO CON GOROSITO\u2026 El presidente de la Rep\u00fablica de Chile, Jos\u00e9 Antonio Kast, realiza su primera visita oficial de Estado desde que asumi\u00f3 el cargo el pasado 11 de marzo, en este caso a la vecina Rep\u00fablica Argentina anunciando que es un muy buen momento para \u201cestrechar lazos\u201d&nbsp; y tambi\u00e9n con el objetivo de llegar [&hellip;]","og_url":"https:\/\/kuali.com.mx\/web\/2026\/04\/08\/kast-visita-argentina-para-enfrentar-enemigos-comunes\/","og_site_name":"Kuali","article_publisher":"https:\/\/kuali.com.mx\/web\/wp-content\/uploads\/2018\/04\/cropped-kuali_logo-1-1.png","article_published_time":"2026-04-08T16:10:01+00:00","article_modified_time":"2026-04-09T13:49:23+00:00","og_image":[{"width":1750,"height":789,"url":"https:\/\/kuali.com.mx\/web\/wp-content\/uploads\/2026\/04\/kast-1.jpg","type":"image\/jpeg"}],"author":"Kuali Staff","twitter_card":"summary_large_image","twitter_creator":"@kuali_noticias","twitter_site":"@kuali_noticias","twitter_misc":{"Escrito por":"Kuali Staff","Tiempo de lectura":"3 minutos"},"schema":{"@context":"https:\/\/schema.org","@graph":[{"@type":"Article","@id":"https:\/\/kuali.com.mx\/web\/2026\/04\/08\/kast-visita-argentina-para-enfrentar-enemigos-comunes\/#article","isPartOf":{"@id":"https:\/\/kuali.com.mx\/web\/2026\/04\/08\/kast-visita-argentina-para-enfrentar-enemigos-comunes\/"},"author":{"name":"Kuali Staff","@id":"https:\/\/kuali.com.mx\/web\/#\/schema\/person\/6f89ffa8ecba9dae50662357923c5289"},"headline":"KAST VISITA ARGENTINA PARA \u201cENFRENTAR ENEMIGOS COMUNES\u201d","datePublished":"2026-04-08T16:10:01+00:00","dateModified":"2026-04-09T13:49:23+00:00","mainEntityOfPage":{"@id":"https:\/\/kuali.com.mx\/web\/2026\/04\/08\/kast-visita-argentina-para-enfrentar-enemigos-comunes\/"},"wordCount":660,"commentCount":0,"image":{"@id":"https:\/\/kuali.com.mx\/web\/2026\/04\/08\/kast-visita-argentina-para-enfrentar-enemigos-comunes\/#primaryimage"},"thumbnailUrl":"https:\/\/kuali.com.mx\/web\/wp-content\/uploads\/2026\/04\/kast-1.jpg","articleSection":["Pol\u00edtica"],"inLanguage":"es","potentialAction":[{"@type":"CommentAction","name":"Comment","target":["https:\/\/kuali.com.mx\/web\/2026\/04\/08\/kast-visita-argentina-para-enfrentar-enemigos-comunes\/#respond"]}]},{"@type":"WebPage","@id":"https:\/\/kuali.com.mx\/web\/2026\/04\/08\/kast-visita-argentina-para-enfrentar-enemigos-comunes\/","url":"https:\/\/kuali.com.mx\/web\/2026\/04\/08\/kast-visita-argentina-para-enfrentar-enemigos-comunes\/","name":"KAST VISITA ARGENTINA PARA \u201cENFRENTAR ENEMIGOS COMUNES\u201d - Kuali","isPartOf":{"@id":"https:\/\/kuali.com.mx\/web\/#website"},"primaryImageOfPage":{"@id":"https:\/\/kuali.com.mx\/web\/2026\/04\/08\/kast-visita-argentina-para-enfrentar-enemigos-comunes\/#primaryimage"},"image":{"@id":"https:\/\/kuali.com.mx\/web\/2026\/04\/08\/kast-visita-argentina-para-enfrentar-enemigos-comunes\/#primaryimage"},"thumbnailUrl":"https:\/\/kuali.com.mx\/web\/wp-content\/uploads\/2026\/04\/kast-1.jpg","datePublished":"2026-04-08T16:10:01+00:00","dateModified":"2026-04-09T13:49:23+00:00","author":{"@id":"https:\/\/kuali.com.mx\/web\/#\/schema\/person\/6f89ffa8ecba9dae50662357923c5289"},"breadcrumb":{"@id":"https:\/\/kuali.com.mx\/web\/2026\/04\/08\/kast-visita-argentina-para-enfrentar-enemigos-comunes\/#breadcrumb"},"inLanguage":"es","potentialAction":[{"@type":"ReadAction","target":["https:\/\/kuali.com.mx\/web\/2026\/04\/08\/kast-visita-argentina-para-enfrentar-enemigos-comunes\/"]}]},{"@type":"ImageObject","inLanguage":"es","@id":"https:\/\/kuali.com.mx\/web\/2026\/04\/08\/kast-visita-argentina-para-enfrentar-enemigos-comunes\/#primaryimage","url":"https:\/\/kuali.com.mx\/web\/wp-content\/uploads\/2026\/04\/kast-1.jpg","contentUrl":"https:\/\/kuali.com.mx\/web\/wp-content\/uploads\/2026\/04\/kast-1.jpg","width":1750,"height":789},{"@type":"BreadcrumbList","@id":"https:\/\/kuali.com.mx\/web\/2026\/04\/08\/kast-visita-argentina-para-enfrentar-enemigos-comunes\/#breadcrumb","itemListElement":[{"@type":"ListItem","position":1,"name":"Inicio","item":"https:\/\/kuali.com.mx\/web\/"},{"@type":"ListItem","position":2,"name":"KAST VISITA ARGENTINA PARA \u201cENFRENTAR ENEMIGOS COMUNES\u201d"}]},{"@type":"WebSite","@id":"https:\/\/kuali.com.mx\/web\/#website","url":"https:\/\/kuali.com.mx\/web\/","name":"Kuali","description":"","potentialAction":[{"@type":"SearchAction","target":{"@type":"EntryPoint","urlTemplate":"https:\/\/kuali.com.mx\/web\/?s={search_term_string}"},"query-input":{"@type":"PropertyValueSpecification","valueRequired":true,"valueName":"search_term_string"}}],"inLanguage":"es"},{"@type":"Person","@id":"https:\/\/kuali.com.mx\/web\/#\/schema\/person\/6f89ffa8ecba9dae50662357923c5289","name":"Kuali Staff","image":{"@type":"ImageObject","inLanguage":"es","@id":"https:\/\/secure.gravatar.com\/avatar\/f917ad82e5ab71227a733c78b6e60715476f69ee6be59feee4eb5d9920c89e0f?s=96&d=mm&r=g","url":"https:\/\/secure.gravatar.com\/avatar\/f917ad82e5ab71227a733c78b6e60715476f69ee6be59feee4eb5d9920c89e0f?s=96&d=mm&r=g","contentUrl":"https:\/\/secure.gravatar.com\/avatar\/f917ad82e5ab71227a733c78b6e60715476f69ee6be59feee4eb5d9920c89e0f?s=96&d=mm&r=g","caption":"Kuali Staff"},"url":"https:\/\/kuali.com.mx\/web\/author\/lagarto\/"}]}},"_links":{"self":[{"href":"https:\/\/kuali.com.mx\/web\/wp-json\/wp\/v2\/posts\/201319","targetHints":{"allow":["GET"]}}],"collection":[{"href":"https:\/\/kuali.com.mx\/web\/wp-json\/wp\/v2\/posts"}],"about":[{"href":"https:\/\/kuali.com.mx\/web\/wp-json\/wp\/v2\/types\/post"}],"author":[{"embeddable":true,"href":"https:\/\/kuali.com.mx\/web\/wp-json\/wp\/v2\/users\/2"}],"replies":[{"embeddable":true,"href":"https:\/\/kuali.com.mx\/web\/wp-json\/wp\/v2\/comments?post=201319"}],"version-history":[{"count":2,"href":"https:\/\/kuali.com.mx\/web\/wp-json\/wp\/v2\/posts\/201319\/revisions"}],"predecessor-version":[{"id":201354,"href":"https:\/\/kuali.com.mx\/web\/wp-json\/wp\/v2\/posts\/201319\/revisions\/201354"}],"wp:featuredmedia":[{"embeddable":true,"href":"https:\/\/kuali.com.mx\/web\/wp-json\/wp\/v2\/media\/201322"}],"wp:attachment":[{"href":"https:\/\/kuali.com.mx\/web\/wp-json\/wp\/v2\/media?parent=201319"}],"wp:term":[{"taxonomy":"category","embeddable":true,"href":"https:\/\/kuali.com.mx\/web\/wp-json\/wp\/v2\/categories?post=201319"},{"taxonomy":"post_tag","embeddable":true,"href":"https:\/\/kuali.com.mx\/web\/wp-json\/wp\/v2\/tags?post=201319"}],"curies":[{"name":"wp","href":"https:\/\/api.w.org\/{rel}","templated":true}]}}