{"id":201255,"date":"2026-04-07T12:24:46","date_gmt":"2026-04-07T18:24:46","guid":{"rendered":"https:\/\/kuali.com.mx\/web\/?p=201255"},"modified":"2026-04-07T21:34:19","modified_gmt":"2026-04-08T03:34:19","slug":"presentan-cartelera-cultural-abril-vibrante","status":"publish","type":"post","link":"https:\/\/kuali.com.mx\/web\/2026\/04\/07\/presentan-cartelera-cultural-abril-vibrante\/","title":{"rendered":"PRESENTAN CARTELERA CULTURAL \u201cABRIL VIBRANTE\u201d"},"content":{"rendered":"\n<p><em><strong>Kuali\/Irapuato, Gto.<\/strong><\/em>-El Gobierno de Irapuato, a trav\u00e9s del Instituto Municipal de Cultura, Arte y Recreaci\u00f3n (IMCAR), present\u00f3 la cartelera art\u00edstica y cultural \u201cAbril Vibrante\u201d.<\/p>\n\n\n\n<p>En el marco del D\u00eda Mundial del Arte, esta iniciativa busca que habitantes y visitantes vivan la cultura en cada rinc\u00f3n de la ciudad, mediante una pol\u00edtica incluyente que fortalece el sentido de pertenencia y la convivencia ciudadana.<\/p>\n\n\n\n<p>La presidenta municipal, Lorena Alfaro Garc\u00eda, destac\u00f3 que el arte brinda espacios para el encuentro y contribuye a construir la paz desde lo cotidiano.<\/p>\n\n\n\n<p>\u201cHicimos una apuesta para que Irapuato fuera un destino tur\u00edstico y cultural, un lugar donde, en principio, las y los irapuatenses nos sinti\u00e9ramos identificados y orgullosos de nuestra tierra. Hoy estamos consolidando ese esfuerzo en una gran agenda que ha cobrado relevancia no solo local, sino tambi\u00e9n regional y nacional, con potencial para seguir creciendo\u201d, expres\u00f3.<\/p>\n\n\n\n<p>Por su parte, Gloria Cano de la Fuente, directora del IMCAR, explic\u00f3 que el 15 de abril, D\u00eda Mundial del Arte, es una fecha proclamada por la UNESCO para reconocer el valor del arte en la promoci\u00f3n de la creatividad, el di\u00e1logo cultural y el desarrollo sostenible.<\/p>\n\n\n\n<p>\u201cComo Instituto de Cultura, Arte y Recreaci\u00f3n, presentamos un programa de actividades art\u00edsticas y culturales que se desarrollar\u00e1n durante el mes de abril en distintos espacios. Este programa tiene como objetivo reconocer la importancia del arte como herramienta de expresi\u00f3n, di\u00e1logo social y construcci\u00f3n de identidad, adem\u00e1s de acercar diversas manifestaciones art\u00edsticas a la ciudadan\u00eda mediante una oferta accesible y gratuita\u201d, se\u00f1al\u00f3.<\/p>\n\n\n\n<figure class=\"wp-block-image size-large\"><img loading=\"lazy\" decoding=\"async\" width=\"1024\" height=\"594\" src=\"https:\/\/kuali.com.mx\/web\/wp-content\/uploads\/2026\/04\/ABRIL-B-1024x594.jpg\" alt=\"\" class=\"wp-image-201260\" srcset=\"https:\/\/kuali.com.mx\/web\/wp-content\/uploads\/2026\/04\/ABRIL-B-1024x594.jpg 1024w, https:\/\/kuali.com.mx\/web\/wp-content\/uploads\/2026\/04\/ABRIL-B-300x174.jpg 300w, https:\/\/kuali.com.mx\/web\/wp-content\/uploads\/2026\/04\/ABRIL-B-768x446.jpg 768w, https:\/\/kuali.com.mx\/web\/wp-content\/uploads\/2026\/04\/ABRIL-B-1536x892.jpg 1536w, https:\/\/kuali.com.mx\/web\/wp-content\/uploads\/2026\/04\/ABRIL-B-200x116.jpg 200w, https:\/\/kuali.com.mx\/web\/wp-content\/uploads\/2026\/04\/ABRIL-B.jpg 1745w\" sizes=\"auto, (max-width: 1024px) 100vw, 1024px\" \/><\/figure>\n\n\n\n<p>Homenaje a Rufino Tamayo<\/p>\n\n\n\n<p>Como eje central de la programaci\u00f3n, destaca la exposici\u00f3n de gran formato \u201c30 a\u00f1os de Tamayo\u201d, una muestra de arte p\u00fablico conformada por 32 esculturas intervenidas por artistas contempor\u00e1neos, inspiradas en el legado de Rufino Tamayo.<\/p>\n\n\n\n<p>Estas esculturas, conocidas como Sand\u00edas de Tamayo, estar\u00e1n ubicadas en la Plaza del Artista, el Jard\u00edn Principal, la Plaza Santiaguito, el \u00c1gora del Hospitalito y la Fuente Florentina, convirtiendo las calles en galer\u00edas al alcance de todos. La exposici\u00f3n permanecer\u00e1 del 15 de abril al 16 de junio, y posteriormente ser\u00e1 trasladada al Parque Irekua.<\/p>\n\n\n\n<p>Reflexi\u00f3n y paisaje en museos<\/p>\n\n\n\n<p>Para quienes buscan espacios de introspecci\u00f3n, se presenta la exposici\u00f3n \u201cTr\u00e1nsito Graf\u00edas\u201d en el Museo Salvador Almaraz (del 15 de abril al 30 de junio), conformada por obras de Diego Rivera, Rufino Tamayo, Jos\u00e9 Luis Cuevas y Jos\u00e9 Clemente Orozco, entre otros.<\/p>\n\n\n\n<p>Con una curadur\u00eda especial del acervo del Museo Universitario La Salle, la muestra propone un recorrido visual entre la abstracci\u00f3n y la alegor\u00eda.<\/p>\n\n\n\n<p>Intervenci\u00f3n urbana y agenda cultural<\/p>\n\n\n\n<p>La ciudad tambi\u00e9n ser\u00e1 escenario del Festival de Intervenciones Urbanas 2026, donde vialidades como la calle 5 de Febrero se transformar\u00e1n con expresiones art\u00edsticas que buscan recuperar el espacio p\u00fablico y fortalecer el v\u00ednculo comunitario.<\/p>\n\n\n\n<p>Entre las actividades m\u00e1s destacadas del mes se encuentran:<\/p>\n\n\n\n<p>* 11 y 12 de abril: Torneo de Flag Football \u201cTaz\u00f3n de las Fresas\u201d<\/p>\n\n\n\n<p>* 15 y 16 de abril: 1er Festival Medieval \u201cMagia y Fantas\u00eda\u201d, en el Parque Irekua<\/p>\n\n\n\n<p>* 18 y 19 de abril: Nekoman\u00eda Irapuato 2026, en la Unidad Deportiva Norte<\/p>\n\n\n\n<p>* 21 de abril: Obra de teatro \u201cEl Gato Viajero\u201d, en el Teatro de la Ciudad<\/p>\n\n\n\n<p>* Del 25 al 29 de abril: Concurso Danzarte 2026<\/p>\n\n\n\n<p>Para conocer los horarios y detalles de la programaci\u00f3n, se invita a la ciudadan\u00eda a consultar las redes sociales del IMCAR y del Gobierno Municipal.<\/p>\n\n\n\n<p>Con estas acciones, el Gobierno de Irapuato reafirma su eje de atenci\u00f3n \u201cTu Irapuato\u201d, que forma parte del Programa de Gobierno Municipal y la Estrategia Irapuato 27, consolidando al municipio como una ciudad con visi\u00f3n global, vocaci\u00f3n cultural y deportiva, y un firme compromiso con el desarrollo social y econ\u00f3mico.<\/p>\n","protected":false},"excerpt":{"rendered":"Kuali\/Irapuato, Gto.-El Gobierno de Irapuato, a trav\u00e9s del Instituto Municipal de Cultura, Arte y Recreaci\u00f3n (IMCAR), present\u00f3 la cartelera art\u00edstica y cultural \u201cAbril Vibrante\u201d. En el marco del D\u00eda Mundial del Arte, esta iniciativa busca que habitantes y visitantes vivan la cultura en cada rinc\u00f3n de la ciudad, mediante una pol\u00edtica incluyente que fortalece el [&hellip;]","protected":false},"author":2,"featured_media":201258,"comment_status":"open","ping_status":"open","sticky":false,"template":"","format":"standard","meta":{"_seopress_robots_primary_cat":"none","_seopress_titles_title":"","_seopress_titles_desc":"","_seopress_robots_index":"","_monsterinsights_skip_tracking":false,"_monsterinsights_sitenote_active":false,"_monsterinsights_sitenote_note":"","_monsterinsights_sitenote_category":0,"footnotes":""},"categories":[8],"tags":[],"class_list":["post-201255","post","type-post","status-publish","format-standard","has-post-thumbnail","hentry","category-espectaculos"],"yoast_head":"<!-- This site is optimized with the Yoast SEO plugin v27.4 - https:\/\/yoast.com\/product\/yoast-seo-wordpress\/ -->\n<title>PRESENTAN CARTELERA CULTURAL \u201cABRIL VIBRANTE\u201d - Kuali<\/title>\n<meta name=\"robots\" content=\"index, follow, max-snippet:-1, max-image-preview:large, max-video-preview:-1\" \/>\n<link rel=\"canonical\" href=\"https:\/\/kuali.com.mx\/web\/2026\/04\/07\/presentan-cartelera-cultural-abril-vibrante\/\" \/>\n<meta property=\"og:locale\" content=\"es_MX\" \/>\n<meta property=\"og:type\" content=\"article\" \/>\n<meta property=\"og:title\" content=\"PRESENTAN CARTELERA CULTURAL \u201cABRIL VIBRANTE\u201d - Kuali\" \/>\n<meta property=\"og:description\" content=\"Kuali\/Irapuato, Gto.-El Gobierno de Irapuato, a trav\u00e9s del Instituto Municipal de Cultura, Arte y Recreaci\u00f3n (IMCAR), present\u00f3 la cartelera art\u00edstica y cultural \u201cAbril Vibrante\u201d. En el marco del D\u00eda Mundial del Arte, esta iniciativa busca que habitantes y visitantes vivan la cultura en cada rinc\u00f3n de la ciudad, mediante una pol\u00edtica incluyente que fortalece el [&hellip;]\" \/>\n<meta property=\"og:url\" content=\"https:\/\/kuali.com.mx\/web\/2026\/04\/07\/presentan-cartelera-cultural-abril-vibrante\/\" \/>\n<meta property=\"og:site_name\" content=\"Kuali\" \/>\n<meta property=\"article:publisher\" content=\"https:\/\/kuali.com.mx\/web\/wp-content\/uploads\/2018\/04\/cropped-kuali_logo-1-1.png\" \/>\n<meta property=\"article:published_time\" content=\"2026-04-07T18:24:46+00:00\" \/>\n<meta property=\"article:modified_time\" content=\"2026-04-08T03:34:19+00:00\" \/>\n<meta property=\"og:image\" content=\"https:\/\/kuali.com.mx\/web\/wp-content\/uploads\/2026\/04\/ABRIL-26.jpg\" \/>\n\t<meta property=\"og:image:width\" content=\"1750\" \/>\n\t<meta property=\"og:image:height\" content=\"790\" \/>\n\t<meta property=\"og:image:type\" content=\"image\/jpeg\" \/>\n<meta name=\"author\" content=\"Kuali Staff\" \/>\n<meta name=\"twitter:card\" content=\"summary_large_image\" \/>\n<meta name=\"twitter:creator\" content=\"@kuali_noticias\" \/>\n<meta name=\"twitter:site\" content=\"@kuali_noticias\" \/>\n<meta name=\"twitter:label1\" content=\"Escrito por\" \/>\n\t<meta name=\"twitter:data1\" content=\"Kuali Staff\" \/>\n\t<meta name=\"twitter:label2\" content=\"Tiempo de lectura\" \/>\n\t<meta name=\"twitter:data2\" content=\"3 minutos\" \/>\n<script type=\"application\/ld+json\" class=\"yoast-schema-graph\">{\"@context\":\"https:\\\/\\\/schema.org\",\"@graph\":[{\"@type\":\"Article\",\"@id\":\"https:\\\/\\\/kuali.com.mx\\\/web\\\/2026\\\/04\\\/07\\\/presentan-cartelera-cultural-abril-vibrante\\\/#article\",\"isPartOf\":{\"@id\":\"https:\\\/\\\/kuali.com.mx\\\/web\\\/2026\\\/04\\\/07\\\/presentan-cartelera-cultural-abril-vibrante\\\/\"},\"author\":{\"name\":\"Kuali Staff\",\"@id\":\"https:\\\/\\\/kuali.com.mx\\\/web\\\/#\\\/schema\\\/person\\\/6f89ffa8ecba9dae50662357923c5289\"},\"headline\":\"PRESENTAN CARTELERA CULTURAL \u201cABRIL VIBRANTE\u201d\",\"datePublished\":\"2026-04-07T18:24:46+00:00\",\"dateModified\":\"2026-04-08T03:34:19+00:00\",\"mainEntityOfPage\":{\"@id\":\"https:\\\/\\\/kuali.com.mx\\\/web\\\/2026\\\/04\\\/07\\\/presentan-cartelera-cultural-abril-vibrante\\\/\"},\"wordCount\":648,\"commentCount\":0,\"image\":{\"@id\":\"https:\\\/\\\/kuali.com.mx\\\/web\\\/2026\\\/04\\\/07\\\/presentan-cartelera-cultural-abril-vibrante\\\/#primaryimage\"},\"thumbnailUrl\":\"https:\\\/\\\/kuali.com.mx\\\/web\\\/wp-content\\\/uploads\\\/2026\\\/04\\\/ABRIL-26.jpg\",\"articleSection\":[\"Cultura\"],\"inLanguage\":\"es\",\"potentialAction\":[{\"@type\":\"CommentAction\",\"name\":\"Comment\",\"target\":[\"https:\\\/\\\/kuali.com.mx\\\/web\\\/2026\\\/04\\\/07\\\/presentan-cartelera-cultural-abril-vibrante\\\/#respond\"]}]},{\"@type\":\"WebPage\",\"@id\":\"https:\\\/\\\/kuali.com.mx\\\/web\\\/2026\\\/04\\\/07\\\/presentan-cartelera-cultural-abril-vibrante\\\/\",\"url\":\"https:\\\/\\\/kuali.com.mx\\\/web\\\/2026\\\/04\\\/07\\\/presentan-cartelera-cultural-abril-vibrante\\\/\",\"name\":\"PRESENTAN CARTELERA CULTURAL \u201cABRIL VIBRANTE\u201d - Kuali\",\"isPartOf\":{\"@id\":\"https:\\\/\\\/kuali.com.mx\\\/web\\\/#website\"},\"primaryImageOfPage\":{\"@id\":\"https:\\\/\\\/kuali.com.mx\\\/web\\\/2026\\\/04\\\/07\\\/presentan-cartelera-cultural-abril-vibrante\\\/#primaryimage\"},\"image\":{\"@id\":\"https:\\\/\\\/kuali.com.mx\\\/web\\\/2026\\\/04\\\/07\\\/presentan-cartelera-cultural-abril-vibrante\\\/#primaryimage\"},\"thumbnailUrl\":\"https:\\\/\\\/kuali.com.mx\\\/web\\\/wp-content\\\/uploads\\\/2026\\\/04\\\/ABRIL-26.jpg\",\"datePublished\":\"2026-04-07T18:24:46+00:00\",\"dateModified\":\"2026-04-08T03:34:19+00:00\",\"author\":{\"@id\":\"https:\\\/\\\/kuali.com.mx\\\/web\\\/#\\\/schema\\\/person\\\/6f89ffa8ecba9dae50662357923c5289\"},\"breadcrumb\":{\"@id\":\"https:\\\/\\\/kuali.com.mx\\\/web\\\/2026\\\/04\\\/07\\\/presentan-cartelera-cultural-abril-vibrante\\\/#breadcrumb\"},\"inLanguage\":\"es\",\"potentialAction\":[{\"@type\":\"ReadAction\",\"target\":[\"https:\\\/\\\/kuali.com.mx\\\/web\\\/2026\\\/04\\\/07\\\/presentan-cartelera-cultural-abril-vibrante\\\/\"]}]},{\"@type\":\"ImageObject\",\"inLanguage\":\"es\",\"@id\":\"https:\\\/\\\/kuali.com.mx\\\/web\\\/2026\\\/04\\\/07\\\/presentan-cartelera-cultural-abril-vibrante\\\/#primaryimage\",\"url\":\"https:\\\/\\\/kuali.com.mx\\\/web\\\/wp-content\\\/uploads\\\/2026\\\/04\\\/ABRIL-26.jpg\",\"contentUrl\":\"https:\\\/\\\/kuali.com.mx\\\/web\\\/wp-content\\\/uploads\\\/2026\\\/04\\\/ABRIL-26.jpg\",\"width\":1750,\"height\":790},{\"@type\":\"BreadcrumbList\",\"@id\":\"https:\\\/\\\/kuali.com.mx\\\/web\\\/2026\\\/04\\\/07\\\/presentan-cartelera-cultural-abril-vibrante\\\/#breadcrumb\",\"itemListElement\":[{\"@type\":\"ListItem\",\"position\":1,\"name\":\"Inicio\",\"item\":\"https:\\\/\\\/kuali.com.mx\\\/web\\\/\"},{\"@type\":\"ListItem\",\"position\":2,\"name\":\"PRESENTAN CARTELERA CULTURAL \u201cABRIL VIBRANTE\u201d\"}]},{\"@type\":\"WebSite\",\"@id\":\"https:\\\/\\\/kuali.com.mx\\\/web\\\/#website\",\"url\":\"https:\\\/\\\/kuali.com.mx\\\/web\\\/\",\"name\":\"Kuali\",\"description\":\"\",\"potentialAction\":[{\"@type\":\"SearchAction\",\"target\":{\"@type\":\"EntryPoint\",\"urlTemplate\":\"https:\\\/\\\/kuali.com.mx\\\/web\\\/?s={search_term_string}\"},\"query-input\":{\"@type\":\"PropertyValueSpecification\",\"valueRequired\":true,\"valueName\":\"search_term_string\"}}],\"inLanguage\":\"es\"},{\"@type\":\"Person\",\"@id\":\"https:\\\/\\\/kuali.com.mx\\\/web\\\/#\\\/schema\\\/person\\\/6f89ffa8ecba9dae50662357923c5289\",\"name\":\"Kuali Staff\",\"image\":{\"@type\":\"ImageObject\",\"inLanguage\":\"es\",\"@id\":\"https:\\\/\\\/secure.gravatar.com\\\/avatar\\\/f917ad82e5ab71227a733c78b6e60715476f69ee6be59feee4eb5d9920c89e0f?s=96&d=mm&r=g\",\"url\":\"https:\\\/\\\/secure.gravatar.com\\\/avatar\\\/f917ad82e5ab71227a733c78b6e60715476f69ee6be59feee4eb5d9920c89e0f?s=96&d=mm&r=g\",\"contentUrl\":\"https:\\\/\\\/secure.gravatar.com\\\/avatar\\\/f917ad82e5ab71227a733c78b6e60715476f69ee6be59feee4eb5d9920c89e0f?s=96&d=mm&r=g\",\"caption\":\"Kuali Staff\"},\"url\":\"https:\\\/\\\/kuali.com.mx\\\/web\\\/author\\\/lagarto\\\/\"}]}<\/script>\n<!-- \/ Yoast SEO plugin. -->","yoast_head_json":{"title":"PRESENTAN CARTELERA CULTURAL \u201cABRIL VIBRANTE\u201d - Kuali","robots":{"index":"index","follow":"follow","max-snippet":"max-snippet:-1","max-image-preview":"max-image-preview:large","max-video-preview":"max-video-preview:-1"},"canonical":"https:\/\/kuali.com.mx\/web\/2026\/04\/07\/presentan-cartelera-cultural-abril-vibrante\/","og_locale":"es_MX","og_type":"article","og_title":"PRESENTAN CARTELERA CULTURAL \u201cABRIL VIBRANTE\u201d - Kuali","og_description":"Kuali\/Irapuato, Gto.-El Gobierno de Irapuato, a trav\u00e9s del Instituto Municipal de Cultura, Arte y Recreaci\u00f3n (IMCAR), present\u00f3 la cartelera art\u00edstica y cultural \u201cAbril Vibrante\u201d. En el marco del D\u00eda Mundial del Arte, esta iniciativa busca que habitantes y visitantes vivan la cultura en cada rinc\u00f3n de la ciudad, mediante una pol\u00edtica incluyente que fortalece el [&hellip;]","og_url":"https:\/\/kuali.com.mx\/web\/2026\/04\/07\/presentan-cartelera-cultural-abril-vibrante\/","og_site_name":"Kuali","article_publisher":"https:\/\/kuali.com.mx\/web\/wp-content\/uploads\/2018\/04\/cropped-kuali_logo-1-1.png","article_published_time":"2026-04-07T18:24:46+00:00","article_modified_time":"2026-04-08T03:34:19+00:00","og_image":[{"width":1750,"height":790,"url":"https:\/\/kuali.com.mx\/web\/wp-content\/uploads\/2026\/04\/ABRIL-26.jpg","type":"image\/jpeg"}],"author":"Kuali Staff","twitter_card":"summary_large_image","twitter_creator":"@kuali_noticias","twitter_site":"@kuali_noticias","twitter_misc":{"Escrito por":"Kuali Staff","Tiempo de lectura":"3 minutos"},"schema":{"@context":"https:\/\/schema.org","@graph":[{"@type":"Article","@id":"https:\/\/kuali.com.mx\/web\/2026\/04\/07\/presentan-cartelera-cultural-abril-vibrante\/#article","isPartOf":{"@id":"https:\/\/kuali.com.mx\/web\/2026\/04\/07\/presentan-cartelera-cultural-abril-vibrante\/"},"author":{"name":"Kuali Staff","@id":"https:\/\/kuali.com.mx\/web\/#\/schema\/person\/6f89ffa8ecba9dae50662357923c5289"},"headline":"PRESENTAN CARTELERA CULTURAL \u201cABRIL VIBRANTE\u201d","datePublished":"2026-04-07T18:24:46+00:00","dateModified":"2026-04-08T03:34:19+00:00","mainEntityOfPage":{"@id":"https:\/\/kuali.com.mx\/web\/2026\/04\/07\/presentan-cartelera-cultural-abril-vibrante\/"},"wordCount":648,"commentCount":0,"image":{"@id":"https:\/\/kuali.com.mx\/web\/2026\/04\/07\/presentan-cartelera-cultural-abril-vibrante\/#primaryimage"},"thumbnailUrl":"https:\/\/kuali.com.mx\/web\/wp-content\/uploads\/2026\/04\/ABRIL-26.jpg","articleSection":["Cultura"],"inLanguage":"es","potentialAction":[{"@type":"CommentAction","name":"Comment","target":["https:\/\/kuali.com.mx\/web\/2026\/04\/07\/presentan-cartelera-cultural-abril-vibrante\/#respond"]}]},{"@type":"WebPage","@id":"https:\/\/kuali.com.mx\/web\/2026\/04\/07\/presentan-cartelera-cultural-abril-vibrante\/","url":"https:\/\/kuali.com.mx\/web\/2026\/04\/07\/presentan-cartelera-cultural-abril-vibrante\/","name":"PRESENTAN CARTELERA CULTURAL \u201cABRIL VIBRANTE\u201d - Kuali","isPartOf":{"@id":"https:\/\/kuali.com.mx\/web\/#website"},"primaryImageOfPage":{"@id":"https:\/\/kuali.com.mx\/web\/2026\/04\/07\/presentan-cartelera-cultural-abril-vibrante\/#primaryimage"},"image":{"@id":"https:\/\/kuali.com.mx\/web\/2026\/04\/07\/presentan-cartelera-cultural-abril-vibrante\/#primaryimage"},"thumbnailUrl":"https:\/\/kuali.com.mx\/web\/wp-content\/uploads\/2026\/04\/ABRIL-26.jpg","datePublished":"2026-04-07T18:24:46+00:00","dateModified":"2026-04-08T03:34:19+00:00","author":{"@id":"https:\/\/kuali.com.mx\/web\/#\/schema\/person\/6f89ffa8ecba9dae50662357923c5289"},"breadcrumb":{"@id":"https:\/\/kuali.com.mx\/web\/2026\/04\/07\/presentan-cartelera-cultural-abril-vibrante\/#breadcrumb"},"inLanguage":"es","potentialAction":[{"@type":"ReadAction","target":["https:\/\/kuali.com.mx\/web\/2026\/04\/07\/presentan-cartelera-cultural-abril-vibrante\/"]}]},{"@type":"ImageObject","inLanguage":"es","@id":"https:\/\/kuali.com.mx\/web\/2026\/04\/07\/presentan-cartelera-cultural-abril-vibrante\/#primaryimage","url":"https:\/\/kuali.com.mx\/web\/wp-content\/uploads\/2026\/04\/ABRIL-26.jpg","contentUrl":"https:\/\/kuali.com.mx\/web\/wp-content\/uploads\/2026\/04\/ABRIL-26.jpg","width":1750,"height":790},{"@type":"BreadcrumbList","@id":"https:\/\/kuali.com.mx\/web\/2026\/04\/07\/presentan-cartelera-cultural-abril-vibrante\/#breadcrumb","itemListElement":[{"@type":"ListItem","position":1,"name":"Inicio","item":"https:\/\/kuali.com.mx\/web\/"},{"@type":"ListItem","position":2,"name":"PRESENTAN CARTELERA CULTURAL \u201cABRIL VIBRANTE\u201d"}]},{"@type":"WebSite","@id":"https:\/\/kuali.com.mx\/web\/#website","url":"https:\/\/kuali.com.mx\/web\/","name":"Kuali","description":"","potentialAction":[{"@type":"SearchAction","target":{"@type":"EntryPoint","urlTemplate":"https:\/\/kuali.com.mx\/web\/?s={search_term_string}"},"query-input":{"@type":"PropertyValueSpecification","valueRequired":true,"valueName":"search_term_string"}}],"inLanguage":"es"},{"@type":"Person","@id":"https:\/\/kuali.com.mx\/web\/#\/schema\/person\/6f89ffa8ecba9dae50662357923c5289","name":"Kuali Staff","image":{"@type":"ImageObject","inLanguage":"es","@id":"https:\/\/secure.gravatar.com\/avatar\/f917ad82e5ab71227a733c78b6e60715476f69ee6be59feee4eb5d9920c89e0f?s=96&d=mm&r=g","url":"https:\/\/secure.gravatar.com\/avatar\/f917ad82e5ab71227a733c78b6e60715476f69ee6be59feee4eb5d9920c89e0f?s=96&d=mm&r=g","contentUrl":"https:\/\/secure.gravatar.com\/avatar\/f917ad82e5ab71227a733c78b6e60715476f69ee6be59feee4eb5d9920c89e0f?s=96&d=mm&r=g","caption":"Kuali Staff"},"url":"https:\/\/kuali.com.mx\/web\/author\/lagarto\/"}]}},"_links":{"self":[{"href":"https:\/\/kuali.com.mx\/web\/wp-json\/wp\/v2\/posts\/201255","targetHints":{"allow":["GET"]}}],"collection":[{"href":"https:\/\/kuali.com.mx\/web\/wp-json\/wp\/v2\/posts"}],"about":[{"href":"https:\/\/kuali.com.mx\/web\/wp-json\/wp\/v2\/types\/post"}],"author":[{"embeddable":true,"href":"https:\/\/kuali.com.mx\/web\/wp-json\/wp\/v2\/users\/2"}],"replies":[{"embeddable":true,"href":"https:\/\/kuali.com.mx\/web\/wp-json\/wp\/v2\/comments?post=201255"}],"version-history":[{"count":2,"href":"https:\/\/kuali.com.mx\/web\/wp-json\/wp\/v2\/posts\/201255\/revisions"}],"predecessor-version":[{"id":201274,"href":"https:\/\/kuali.com.mx\/web\/wp-json\/wp\/v2\/posts\/201255\/revisions\/201274"}],"wp:featuredmedia":[{"embeddable":true,"href":"https:\/\/kuali.com.mx\/web\/wp-json\/wp\/v2\/media\/201258"}],"wp:attachment":[{"href":"https:\/\/kuali.com.mx\/web\/wp-json\/wp\/v2\/media?parent=201255"}],"wp:term":[{"taxonomy":"category","embeddable":true,"href":"https:\/\/kuali.com.mx\/web\/wp-json\/wp\/v2\/categories?post=201255"},{"taxonomy":"post_tag","embeddable":true,"href":"https:\/\/kuali.com.mx\/web\/wp-json\/wp\/v2\/tags?post=201255"}],"curies":[{"name":"wp","href":"https:\/\/api.w.org\/{rel}","templated":true}]}}