{"id":201238,"date":"2026-04-07T19:13:14","date_gmt":"2026-04-08T01:13:14","guid":{"rendered":"https:\/\/kuali.com.mx\/web\/?p=201238"},"modified":"2026-04-07T21:38:37","modified_gmt":"2026-04-08T03:38:37","slug":"lanzan-consulta-sobre-el-crecimiento-de-leon","status":"publish","type":"post","link":"https:\/\/kuali.com.mx\/web\/2026\/04\/07\/lanzan-consulta-sobre-el-crecimiento-de-leon\/","title":{"rendered":"LANZAN CONSULTA SOBRE EL CRECIMIENTO DE LE\u00d3N"},"content":{"rendered":"\n<p>Alicia Arias\/Le\u00f3n, Gto.- La Agencia de Activismo Urbano-Territorial -URBE A.C.- lanz\u00f3 una convocatoria a la ciudadan\u00eda para participar en la construcci\u00f3n del futuro de la ciudad de Le\u00f3n. Con los resultados integrar\u00e1n una propuesta t\u00e9cnica que entregar\u00e1n al Instituto Municipal de Planeaci\u00f3n (Implan).<\/p>\n\n\n\n<p>\"Desde URBE se enfatiza que el Programa de Desarrollo Urbano y Ordenamiento Ecol\u00f3gico Territorial (PMDUOET) no debe limitarse a mapas de zonificaci\u00f3n y estrategias t\u00e9cnicas. El programa define el acceso al agua, la calidad de los servicios y el tiempo que los habitatntes destinan a su movilidad diariamente\", se\u00f1al\u00f3 la organizaci\u00f3n.<\/p>\n\n\n\n<p>Y agreg\u00f3: \"participar en el PMDUOET tiene la misma relevancia que una elecci\u00f3n a la Alcald\u00eda. Se est\u00e1 decidiendo c\u00f3mo, qui\u00e9n y de qu\u00e9 forma se intervendr\u00e1 nuestro territorio en los pr\u00f3ximos 5 a\u00f1os\".<\/p>\n\n\n\n<p>Por ello, la Agencia de Activismo Urbano-Territorial anunci\u00f3 una jornada de movilizaci\u00f3n ciudadana para asegurar que el crecimiento de Le\u00f3n responda a las necesidades reales de sus habitantes; toda vez que el  objetivo es traducir las preocupaciones colectivas en propuestas t\u00e9cnicas que las autoridades municipales puedan integrar al programa.<\/p>\n\n\n\n<figure class=\"wp-block-embed is-type-wp-embed is-provider-kuali wp-block-embed-kuali\"><div class=\"wp-block-embed__wrapper\">\n<blockquote class=\"wp-embedded-content\" data-secret=\"SCjN8vl5Bg\"><a href=\"https:\/\/kuali.com.mx\/web\/2025\/08\/26\/exigen-acciones-inmediatas-por-crisis-de-accidentes\/\">EXIGEN ACCIONES INMEDIATAS POR CRISIS DE ACCIDENTES<\/a><\/blockquote><iframe loading=\"lazy\" class=\"wp-embedded-content\" sandbox=\"allow-scripts\" security=\"restricted\" style=\"position: absolute; visibility: hidden;\" title=\"&#8220;EXIGEN ACCIONES INMEDIATAS POR CRISIS DE ACCIDENTES&#8221; &#8212; Kuali\" src=\"https:\/\/kuali.com.mx\/web\/2025\/08\/26\/exigen-acciones-inmediatas-por-crisis-de-accidentes\/embed\/#?secret=2QqQo1nTfl#?secret=SCjN8vl5Bg\" data-secret=\"SCjN8vl5Bg\" width=\"600\" height=\"338\" frameborder=\"0\" marginwidth=\"0\" marginheight=\"0\" scrolling=\"no\"><\/iframe>\n<\/div><\/figure>\n\n\n\n<p>A trav\u00e9s de una metodolog\u00eda participativa para recoger las percepciones sobre el estado actual de la ciudad, URBE integrar\u00e1 un reporte ciudadano sobre el futuro de Le\u00f3n, el cual ser\u00e1 entregado formalmente al Implan. <\/p>\n\n\n\n<p>Se analizar\u00e1n varios de los proyectos contenidos en el programa bajo las seis dimensiones propuestas en el documento: Gesti\u00f3n del territorio, Ambiental, Urbana, Movilidad, Econom\u00eda y Social.<\/p>\n\n\n\n<p>La convocatoria est\u00e1 abierta a toda la ciudadan\u00eda que podr\u00e1 participar en las siguientes actividades:<\/p>\n\n\n\n<p>-<strong>Mesas de Trabajo presenciales<\/strong>: El pr\u00f3ximo martes 14 de abril a las 5:00 de la tarde en Avenida Am\u00e9ricas 104, Colonia Andrade. Personas expertas en urbanismo, medio ambiente y derechos humanos guiar\u00e1n el diagn\u00f3stico de los proyectos estrat\u00e9gicos con el fin de identificar si estos atienden o profundizan los conflictos actuales de Le\u00f3n. <\/p>\n\n\n\n<p><strong><em>Link de registro: https:\/\/forms.gle\/knR66THZvz19Wp3XA<\/em><\/strong><\/p>\n\n\n\n<p>-<strong>Consulta Ciudadana Digital:<\/strong> Para quienes no puedan asistir, se habilit\u00f3 una encuesta digital accesible desde cualquier dispositivo m\u00f3vil para registrar percepciones y preocupaciones sobre el territorio. <\/p>\n\n\n\n<p><strong><em>Link de acceso: https:\/\/forms.gle\/M4WkyjmujCLCr9Wu6<\/em><\/strong><\/p>\n\n\n\n<ol class=\"wp-block-list\"><\/ol>\n\n\n\n<p>El documento resultante buscar\u00e1 crear un puente de colaboraci\u00f3n con las autoridades municipales con el objetivo de sumar a las estrategias para reducir las brechas sociales y proteger el medio ambiente, garantizando el acceso universal a derechos b\u00e1sicos. <\/p>\n\n\n\n<p>URBE hace un llamado a asociaciones, comit\u00e9s vecinales, colectivos, academia y ciudadan\u00eda en general a este esfuerzo de participaci\u00f3n y decisi\u00f3n sobre el territorio.<\/p>\n\n\n\n<figure class=\"wp-block-image size-large\"><img loading=\"lazy\" decoding=\"async\" width=\"819\" height=\"1024\" src=\"https:\/\/kuali.com.mx\/web\/wp-content\/uploads\/2026\/04\/URBE-Leon-Convocatoria-819x1024.jpg\" alt=\"\" class=\"wp-image-201247\" srcset=\"https:\/\/kuali.com.mx\/web\/wp-content\/uploads\/2026\/04\/URBE-Leon-Convocatoria-819x1024.jpg 819w, https:\/\/kuali.com.mx\/web\/wp-content\/uploads\/2026\/04\/URBE-Leon-Convocatoria-240x300.jpg 240w, https:\/\/kuali.com.mx\/web\/wp-content\/uploads\/2026\/04\/URBE-Leon-Convocatoria-768x960.jpg 768w, https:\/\/kuali.com.mx\/web\/wp-content\/uploads\/2026\/04\/URBE-Leon-Convocatoria-93x116.jpg 93w, https:\/\/kuali.com.mx\/web\/wp-content\/uploads\/2026\/04\/URBE-Leon-Convocatoria.jpg 1080w\" sizes=\"auto, (max-width: 819px) 100vw, 819px\" \/><\/figure>\n","protected":false},"excerpt":{"rendered":"Alicia Arias\/Le\u00f3n, Gto.- La Agencia de Activismo Urbano-Territorial -URBE A.C.- lanz\u00f3 una convocatoria a la ciudadan\u00eda para participar en la construcci\u00f3n del futuro de la ciudad de Le\u00f3n. Con los resultados integrar\u00e1n una propuesta t\u00e9cnica que entregar\u00e1n al Instituto Municipal de Planeaci\u00f3n (Implan). \"Desde URBE se enfatiza que el Programa de Desarrollo Urbano y Ordenamiento [&hellip;]","protected":false},"author":2,"featured_media":201246,"comment_status":"open","ping_status":"open","sticky":false,"template":"","format":"standard","meta":{"_seopress_robots_primary_cat":"none","_seopress_titles_title":"","_seopress_titles_desc":"","_seopress_robots_index":"","_monsterinsights_skip_tracking":false,"_monsterinsights_sitenote_active":false,"_monsterinsights_sitenote_note":"","_monsterinsights_sitenote_category":0,"footnotes":""},"categories":[3],"tags":[6553,162,6554,6555,10,2498],"class_list":["post-201238","post","type-post","status-publish","format-standard","has-post-thumbnail","hentry","category-politica","tag-ciudadania","tag-convocatorias","tag-desarrollo-urbano","tag-implan","tag-leon","tag-urbe"],"yoast_head":"<!-- This site is optimized with the Yoast SEO plugin v27.4 - https:\/\/yoast.com\/product\/yoast-seo-wordpress\/ -->\n<title>LANZAN CONSULTA SOBRE EL CRECIMIENTO DE LE\u00d3N - Kuali<\/title>\n<meta name=\"robots\" content=\"index, follow, max-snippet:-1, max-image-preview:large, max-video-preview:-1\" \/>\n<link rel=\"canonical\" href=\"https:\/\/kuali.com.mx\/web\/2026\/04\/07\/lanzan-consulta-sobre-el-crecimiento-de-leon\/\" \/>\n<meta property=\"og:locale\" content=\"es_MX\" \/>\n<meta property=\"og:type\" content=\"article\" \/>\n<meta property=\"og:title\" content=\"LANZAN CONSULTA SOBRE EL CRECIMIENTO DE LE\u00d3N - Kuali\" \/>\n<meta property=\"og:description\" content=\"Alicia Arias\/Le\u00f3n, Gto.- La Agencia de Activismo Urbano-Territorial -URBE A.C.- lanz\u00f3 una convocatoria a la ciudadan\u00eda para participar en la construcci\u00f3n del futuro de la ciudad de Le\u00f3n. Con los resultados integrar\u00e1n una propuesta t\u00e9cnica que entregar\u00e1n al Instituto Municipal de Planeaci\u00f3n (Implan). &quot;Desde URBE se enfatiza que el Programa de Desarrollo Urbano y Ordenamiento [&hellip;]\" \/>\n<meta property=\"og:url\" content=\"https:\/\/kuali.com.mx\/web\/2026\/04\/07\/lanzan-consulta-sobre-el-crecimiento-de-leon\/\" \/>\n<meta property=\"og:site_name\" content=\"Kuali\" \/>\n<meta property=\"article:publisher\" content=\"https:\/\/kuali.com.mx\/web\/wp-content\/uploads\/2018\/04\/cropped-kuali_logo-1-1.png\" \/>\n<meta property=\"article:published_time\" content=\"2026-04-08T01:13:14+00:00\" \/>\n<meta property=\"article:modified_time\" content=\"2026-04-08T03:38:37+00:00\" \/>\n<meta property=\"og:image\" content=\"https:\/\/kuali.com.mx\/web\/wp-content\/uploads\/2026\/04\/Convocatoria-URBE.jpg\" \/>\n\t<meta property=\"og:image:width\" content=\"1700\" \/>\n\t<meta property=\"og:image:height\" content=\"750\" \/>\n\t<meta property=\"og:image:type\" content=\"image\/jpeg\" \/>\n<meta name=\"author\" content=\"Kuali Staff\" \/>\n<meta name=\"twitter:card\" content=\"summary_large_image\" \/>\n<meta name=\"twitter:creator\" content=\"@kuali_noticias\" \/>\n<meta name=\"twitter:site\" content=\"@kuali_noticias\" \/>\n<meta name=\"twitter:label1\" content=\"Escrito por\" \/>\n\t<meta name=\"twitter:data1\" content=\"Kuali Staff\" \/>\n\t<meta name=\"twitter:label2\" content=\"Tiempo de lectura\" \/>\n\t<meta name=\"twitter:data2\" content=\"2 minutos\" \/>\n<script type=\"application\/ld+json\" class=\"yoast-schema-graph\">{\"@context\":\"https:\\\/\\\/schema.org\",\"@graph\":[{\"@type\":\"Article\",\"@id\":\"https:\\\/\\\/kuali.com.mx\\\/web\\\/2026\\\/04\\\/07\\\/lanzan-consulta-sobre-el-crecimiento-de-leon\\\/#article\",\"isPartOf\":{\"@id\":\"https:\\\/\\\/kuali.com.mx\\\/web\\\/2026\\\/04\\\/07\\\/lanzan-consulta-sobre-el-crecimiento-de-leon\\\/\"},\"author\":{\"name\":\"Kuali Staff\",\"@id\":\"https:\\\/\\\/kuali.com.mx\\\/web\\\/#\\\/schema\\\/person\\\/6f89ffa8ecba9dae50662357923c5289\"},\"headline\":\"LANZAN CONSULTA SOBRE EL CRECIMIENTO DE LE\u00d3N\",\"datePublished\":\"2026-04-08T01:13:14+00:00\",\"dateModified\":\"2026-04-08T03:38:37+00:00\",\"mainEntityOfPage\":{\"@id\":\"https:\\\/\\\/kuali.com.mx\\\/web\\\/2026\\\/04\\\/07\\\/lanzan-consulta-sobre-el-crecimiento-de-leon\\\/\"},\"wordCount\":469,\"commentCount\":0,\"image\":{\"@id\":\"https:\\\/\\\/kuali.com.mx\\\/web\\\/2026\\\/04\\\/07\\\/lanzan-consulta-sobre-el-crecimiento-de-leon\\\/#primaryimage\"},\"thumbnailUrl\":\"https:\\\/\\\/kuali.com.mx\\\/web\\\/wp-content\\\/uploads\\\/2026\\\/04\\\/Convocatoria-URBE.jpg\",\"keywords\":[\"Ciudadan\u00eda\",\"Convocatorias\",\"Desarrollo Urbano\",\"Implan\",\"Le\u00f3n\",\"Urbe\"],\"articleSection\":[\"Pol\u00edtica\"],\"inLanguage\":\"es\",\"potentialAction\":[{\"@type\":\"CommentAction\",\"name\":\"Comment\",\"target\":[\"https:\\\/\\\/kuali.com.mx\\\/web\\\/2026\\\/04\\\/07\\\/lanzan-consulta-sobre-el-crecimiento-de-leon\\\/#respond\"]}]},{\"@type\":\"WebPage\",\"@id\":\"https:\\\/\\\/kuali.com.mx\\\/web\\\/2026\\\/04\\\/07\\\/lanzan-consulta-sobre-el-crecimiento-de-leon\\\/\",\"url\":\"https:\\\/\\\/kuali.com.mx\\\/web\\\/2026\\\/04\\\/07\\\/lanzan-consulta-sobre-el-crecimiento-de-leon\\\/\",\"name\":\"LANZAN CONSULTA SOBRE EL CRECIMIENTO DE LE\u00d3N - Kuali\",\"isPartOf\":{\"@id\":\"https:\\\/\\\/kuali.com.mx\\\/web\\\/#website\"},\"primaryImageOfPage\":{\"@id\":\"https:\\\/\\\/kuali.com.mx\\\/web\\\/2026\\\/04\\\/07\\\/lanzan-consulta-sobre-el-crecimiento-de-leon\\\/#primaryimage\"},\"image\":{\"@id\":\"https:\\\/\\\/kuali.com.mx\\\/web\\\/2026\\\/04\\\/07\\\/lanzan-consulta-sobre-el-crecimiento-de-leon\\\/#primaryimage\"},\"thumbnailUrl\":\"https:\\\/\\\/kuali.com.mx\\\/web\\\/wp-content\\\/uploads\\\/2026\\\/04\\\/Convocatoria-URBE.jpg\",\"datePublished\":\"2026-04-08T01:13:14+00:00\",\"dateModified\":\"2026-04-08T03:38:37+00:00\",\"author\":{\"@id\":\"https:\\\/\\\/kuali.com.mx\\\/web\\\/#\\\/schema\\\/person\\\/6f89ffa8ecba9dae50662357923c5289\"},\"breadcrumb\":{\"@id\":\"https:\\\/\\\/kuali.com.mx\\\/web\\\/2026\\\/04\\\/07\\\/lanzan-consulta-sobre-el-crecimiento-de-leon\\\/#breadcrumb\"},\"inLanguage\":\"es\",\"potentialAction\":[{\"@type\":\"ReadAction\",\"target\":[\"https:\\\/\\\/kuali.com.mx\\\/web\\\/2026\\\/04\\\/07\\\/lanzan-consulta-sobre-el-crecimiento-de-leon\\\/\"]}]},{\"@type\":\"ImageObject\",\"inLanguage\":\"es\",\"@id\":\"https:\\\/\\\/kuali.com.mx\\\/web\\\/2026\\\/04\\\/07\\\/lanzan-consulta-sobre-el-crecimiento-de-leon\\\/#primaryimage\",\"url\":\"https:\\\/\\\/kuali.com.mx\\\/web\\\/wp-content\\\/uploads\\\/2026\\\/04\\\/Convocatoria-URBE.jpg\",\"contentUrl\":\"https:\\\/\\\/kuali.com.mx\\\/web\\\/wp-content\\\/uploads\\\/2026\\\/04\\\/Convocatoria-URBE.jpg\",\"width\":1700,\"height\":750},{\"@type\":\"BreadcrumbList\",\"@id\":\"https:\\\/\\\/kuali.com.mx\\\/web\\\/2026\\\/04\\\/07\\\/lanzan-consulta-sobre-el-crecimiento-de-leon\\\/#breadcrumb\",\"itemListElement\":[{\"@type\":\"ListItem\",\"position\":1,\"name\":\"Inicio\",\"item\":\"https:\\\/\\\/kuali.com.mx\\\/web\\\/\"},{\"@type\":\"ListItem\",\"position\":2,\"name\":\"LANZAN CONSULTA SOBRE EL CRECIMIENTO DE LE\u00d3N\"}]},{\"@type\":\"WebSite\",\"@id\":\"https:\\\/\\\/kuali.com.mx\\\/web\\\/#website\",\"url\":\"https:\\\/\\\/kuali.com.mx\\\/web\\\/\",\"name\":\"Kuali\",\"description\":\"\",\"potentialAction\":[{\"@type\":\"SearchAction\",\"target\":{\"@type\":\"EntryPoint\",\"urlTemplate\":\"https:\\\/\\\/kuali.com.mx\\\/web\\\/?s={search_term_string}\"},\"query-input\":{\"@type\":\"PropertyValueSpecification\",\"valueRequired\":true,\"valueName\":\"search_term_string\"}}],\"inLanguage\":\"es\"},{\"@type\":\"Person\",\"@id\":\"https:\\\/\\\/kuali.com.mx\\\/web\\\/#\\\/schema\\\/person\\\/6f89ffa8ecba9dae50662357923c5289\",\"name\":\"Kuali Staff\",\"image\":{\"@type\":\"ImageObject\",\"inLanguage\":\"es\",\"@id\":\"https:\\\/\\\/secure.gravatar.com\\\/avatar\\\/f917ad82e5ab71227a733c78b6e60715476f69ee6be59feee4eb5d9920c89e0f?s=96&d=mm&r=g\",\"url\":\"https:\\\/\\\/secure.gravatar.com\\\/avatar\\\/f917ad82e5ab71227a733c78b6e60715476f69ee6be59feee4eb5d9920c89e0f?s=96&d=mm&r=g\",\"contentUrl\":\"https:\\\/\\\/secure.gravatar.com\\\/avatar\\\/f917ad82e5ab71227a733c78b6e60715476f69ee6be59feee4eb5d9920c89e0f?s=96&d=mm&r=g\",\"caption\":\"Kuali Staff\"},\"url\":\"https:\\\/\\\/kuali.com.mx\\\/web\\\/author\\\/lagarto\\\/\"}]}<\/script>\n<!-- \/ Yoast SEO plugin. -->","yoast_head_json":{"title":"LANZAN CONSULTA SOBRE EL CRECIMIENTO DE LE\u00d3N - Kuali","robots":{"index":"index","follow":"follow","max-snippet":"max-snippet:-1","max-image-preview":"max-image-preview:large","max-video-preview":"max-video-preview:-1"},"canonical":"https:\/\/kuali.com.mx\/web\/2026\/04\/07\/lanzan-consulta-sobre-el-crecimiento-de-leon\/","og_locale":"es_MX","og_type":"article","og_title":"LANZAN CONSULTA SOBRE EL CRECIMIENTO DE LE\u00d3N - Kuali","og_description":"Alicia Arias\/Le\u00f3n, Gto.- La Agencia de Activismo Urbano-Territorial -URBE A.C.- lanz\u00f3 una convocatoria a la ciudadan\u00eda para participar en la construcci\u00f3n del futuro de la ciudad de Le\u00f3n. Con los resultados integrar\u00e1n una propuesta t\u00e9cnica que entregar\u00e1n al Instituto Municipal de Planeaci\u00f3n (Implan). \"Desde URBE se enfatiza que el Programa de Desarrollo Urbano y Ordenamiento [&hellip;]","og_url":"https:\/\/kuali.com.mx\/web\/2026\/04\/07\/lanzan-consulta-sobre-el-crecimiento-de-leon\/","og_site_name":"Kuali","article_publisher":"https:\/\/kuali.com.mx\/web\/wp-content\/uploads\/2018\/04\/cropped-kuali_logo-1-1.png","article_published_time":"2026-04-08T01:13:14+00:00","article_modified_time":"2026-04-08T03:38:37+00:00","og_image":[{"width":1700,"height":750,"url":"https:\/\/kuali.com.mx\/web\/wp-content\/uploads\/2026\/04\/Convocatoria-URBE.jpg","type":"image\/jpeg"}],"author":"Kuali Staff","twitter_card":"summary_large_image","twitter_creator":"@kuali_noticias","twitter_site":"@kuali_noticias","twitter_misc":{"Escrito por":"Kuali Staff","Tiempo de lectura":"2 minutos"},"schema":{"@context":"https:\/\/schema.org","@graph":[{"@type":"Article","@id":"https:\/\/kuali.com.mx\/web\/2026\/04\/07\/lanzan-consulta-sobre-el-crecimiento-de-leon\/#article","isPartOf":{"@id":"https:\/\/kuali.com.mx\/web\/2026\/04\/07\/lanzan-consulta-sobre-el-crecimiento-de-leon\/"},"author":{"name":"Kuali Staff","@id":"https:\/\/kuali.com.mx\/web\/#\/schema\/person\/6f89ffa8ecba9dae50662357923c5289"},"headline":"LANZAN CONSULTA SOBRE EL CRECIMIENTO DE LE\u00d3N","datePublished":"2026-04-08T01:13:14+00:00","dateModified":"2026-04-08T03:38:37+00:00","mainEntityOfPage":{"@id":"https:\/\/kuali.com.mx\/web\/2026\/04\/07\/lanzan-consulta-sobre-el-crecimiento-de-leon\/"},"wordCount":469,"commentCount":0,"image":{"@id":"https:\/\/kuali.com.mx\/web\/2026\/04\/07\/lanzan-consulta-sobre-el-crecimiento-de-leon\/#primaryimage"},"thumbnailUrl":"https:\/\/kuali.com.mx\/web\/wp-content\/uploads\/2026\/04\/Convocatoria-URBE.jpg","keywords":["Ciudadan\u00eda","Convocatorias","Desarrollo Urbano","Implan","Le\u00f3n","Urbe"],"articleSection":["Pol\u00edtica"],"inLanguage":"es","potentialAction":[{"@type":"CommentAction","name":"Comment","target":["https:\/\/kuali.com.mx\/web\/2026\/04\/07\/lanzan-consulta-sobre-el-crecimiento-de-leon\/#respond"]}]},{"@type":"WebPage","@id":"https:\/\/kuali.com.mx\/web\/2026\/04\/07\/lanzan-consulta-sobre-el-crecimiento-de-leon\/","url":"https:\/\/kuali.com.mx\/web\/2026\/04\/07\/lanzan-consulta-sobre-el-crecimiento-de-leon\/","name":"LANZAN CONSULTA SOBRE EL CRECIMIENTO DE LE\u00d3N - Kuali","isPartOf":{"@id":"https:\/\/kuali.com.mx\/web\/#website"},"primaryImageOfPage":{"@id":"https:\/\/kuali.com.mx\/web\/2026\/04\/07\/lanzan-consulta-sobre-el-crecimiento-de-leon\/#primaryimage"},"image":{"@id":"https:\/\/kuali.com.mx\/web\/2026\/04\/07\/lanzan-consulta-sobre-el-crecimiento-de-leon\/#primaryimage"},"thumbnailUrl":"https:\/\/kuali.com.mx\/web\/wp-content\/uploads\/2026\/04\/Convocatoria-URBE.jpg","datePublished":"2026-04-08T01:13:14+00:00","dateModified":"2026-04-08T03:38:37+00:00","author":{"@id":"https:\/\/kuali.com.mx\/web\/#\/schema\/person\/6f89ffa8ecba9dae50662357923c5289"},"breadcrumb":{"@id":"https:\/\/kuali.com.mx\/web\/2026\/04\/07\/lanzan-consulta-sobre-el-crecimiento-de-leon\/#breadcrumb"},"inLanguage":"es","potentialAction":[{"@type":"ReadAction","target":["https:\/\/kuali.com.mx\/web\/2026\/04\/07\/lanzan-consulta-sobre-el-crecimiento-de-leon\/"]}]},{"@type":"ImageObject","inLanguage":"es","@id":"https:\/\/kuali.com.mx\/web\/2026\/04\/07\/lanzan-consulta-sobre-el-crecimiento-de-leon\/#primaryimage","url":"https:\/\/kuali.com.mx\/web\/wp-content\/uploads\/2026\/04\/Convocatoria-URBE.jpg","contentUrl":"https:\/\/kuali.com.mx\/web\/wp-content\/uploads\/2026\/04\/Convocatoria-URBE.jpg","width":1700,"height":750},{"@type":"BreadcrumbList","@id":"https:\/\/kuali.com.mx\/web\/2026\/04\/07\/lanzan-consulta-sobre-el-crecimiento-de-leon\/#breadcrumb","itemListElement":[{"@type":"ListItem","position":1,"name":"Inicio","item":"https:\/\/kuali.com.mx\/web\/"},{"@type":"ListItem","position":2,"name":"LANZAN CONSULTA SOBRE EL CRECIMIENTO DE LE\u00d3N"}]},{"@type":"WebSite","@id":"https:\/\/kuali.com.mx\/web\/#website","url":"https:\/\/kuali.com.mx\/web\/","name":"Kuali","description":"","potentialAction":[{"@type":"SearchAction","target":{"@type":"EntryPoint","urlTemplate":"https:\/\/kuali.com.mx\/web\/?s={search_term_string}"},"query-input":{"@type":"PropertyValueSpecification","valueRequired":true,"valueName":"search_term_string"}}],"inLanguage":"es"},{"@type":"Person","@id":"https:\/\/kuali.com.mx\/web\/#\/schema\/person\/6f89ffa8ecba9dae50662357923c5289","name":"Kuali Staff","image":{"@type":"ImageObject","inLanguage":"es","@id":"https:\/\/secure.gravatar.com\/avatar\/f917ad82e5ab71227a733c78b6e60715476f69ee6be59feee4eb5d9920c89e0f?s=96&d=mm&r=g","url":"https:\/\/secure.gravatar.com\/avatar\/f917ad82e5ab71227a733c78b6e60715476f69ee6be59feee4eb5d9920c89e0f?s=96&d=mm&r=g","contentUrl":"https:\/\/secure.gravatar.com\/avatar\/f917ad82e5ab71227a733c78b6e60715476f69ee6be59feee4eb5d9920c89e0f?s=96&d=mm&r=g","caption":"Kuali Staff"},"url":"https:\/\/kuali.com.mx\/web\/author\/lagarto\/"}]}},"_links":{"self":[{"href":"https:\/\/kuali.com.mx\/web\/wp-json\/wp\/v2\/posts\/201238","targetHints":{"allow":["GET"]}}],"collection":[{"href":"https:\/\/kuali.com.mx\/web\/wp-json\/wp\/v2\/posts"}],"about":[{"href":"https:\/\/kuali.com.mx\/web\/wp-json\/wp\/v2\/types\/post"}],"author":[{"embeddable":true,"href":"https:\/\/kuali.com.mx\/web\/wp-json\/wp\/v2\/users\/2"}],"replies":[{"embeddable":true,"href":"https:\/\/kuali.com.mx\/web\/wp-json\/wp\/v2\/comments?post=201238"}],"version-history":[{"count":2,"href":"https:\/\/kuali.com.mx\/web\/wp-json\/wp\/v2\/posts\/201238\/revisions"}],"predecessor-version":[{"id":201275,"href":"https:\/\/kuali.com.mx\/web\/wp-json\/wp\/v2\/posts\/201238\/revisions\/201275"}],"wp:featuredmedia":[{"embeddable":true,"href":"https:\/\/kuali.com.mx\/web\/wp-json\/wp\/v2\/media\/201246"}],"wp:attachment":[{"href":"https:\/\/kuali.com.mx\/web\/wp-json\/wp\/v2\/media?parent=201238"}],"wp:term":[{"taxonomy":"category","embeddable":true,"href":"https:\/\/kuali.com.mx\/web\/wp-json\/wp\/v2\/categories?post=201238"},{"taxonomy":"post_tag","embeddable":true,"href":"https:\/\/kuali.com.mx\/web\/wp-json\/wp\/v2\/tags?post=201238"}],"curies":[{"name":"wp","href":"https:\/\/api.w.org\/{rel}","templated":true}]}}