{"id":201232,"date":"2026-04-07T11:48:18","date_gmt":"2026-04-07T17:48:18","guid":{"rendered":"https:\/\/kuali.com.mx\/web\/?p=201232"},"modified":"2026-04-07T21:35:55","modified_gmt":"2026-04-08T03:35:55","slug":"lanzan-convocatoria-moda-in-episodio-iii","status":"publish","type":"post","link":"https:\/\/kuali.com.mx\/web\/2026\/04\/07\/lanzan-convocatoria-moda-in-episodio-iii\/","title":{"rendered":"LANZAN CONVOCATORIA &#8220;MODA IN, EPISODIO III&#8221;"},"content":{"rendered":"\n<p>Kuali\/Le\u00f3n, Gto.- El Instituto Estatal de Capacitaci\u00f3n (IECA) lanz\u00f3 la convocatoria para el concurso \u201cModa In, Episodio III\u201d, una iniciativa que impulsa el talento creativo mediante capacitaci\u00f3n, acompa\u00f1amiento y experiencias reales dentro de la industria de la moda. }<\/p>\n\n\n\n<p>El programa est\u00e1 dirigido a estudiantes, egresados, dise\u00f1adores y personas interesadas en fortalecer sus habilidades, mejorar sus procesos productivos y consolidar sus proyectos, a trav\u00e9s de formaci\u00f3n especializada y asesor\u00eda.<\/p>\n\n\n\n<figure class=\"wp-block-image size-large\"><img loading=\"lazy\" decoding=\"async\" width=\"1024\" height=\"481\" src=\"https:\/\/kuali.com.mx\/web\/wp-content\/uploads\/2026\/04\/Moda-In-Episodio-III-2-1024x481.jpg\" alt=\"\" class=\"wp-image-201236\" srcset=\"https:\/\/kuali.com.mx\/web\/wp-content\/uploads\/2026\/04\/Moda-In-Episodio-III-2-1024x481.jpg 1024w, https:\/\/kuali.com.mx\/web\/wp-content\/uploads\/2026\/04\/Moda-In-Episodio-III-2-300x141.jpg 300w, https:\/\/kuali.com.mx\/web\/wp-content\/uploads\/2026\/04\/Moda-In-Episodio-III-2-768x360.jpg 768w, https:\/\/kuali.com.mx\/web\/wp-content\/uploads\/2026\/04\/Moda-In-Episodio-III-2-1536x721.jpg 1536w, https:\/\/kuali.com.mx\/web\/wp-content\/uploads\/2026\/04\/Moda-In-Episodio-III-2-228x107.jpg 228w, https:\/\/kuali.com.mx\/web\/wp-content\/uploads\/2026\/04\/Moda-In-Episodio-III-2.jpg 1920w\" sizes=\"auto, (max-width: 1024px) 100vw, 1024px\" \/><figcaption class=\"wp-element-caption\">\"Moda In\" se consolida como el concurso de la industria de la moda m\u00e1s importante de Guanajuato. FOTO: CORTES\u00cdA.<\/figcaption><\/figure>\n\n\n\n<p>Salom\u00f3n Ceballos Ochoa, director general del IECA, destac\u00f3 que en Guanajuato \"hay talento, creatividad e identidad\" y \"con Moda In queremos que ese talento se fortalezca con capacitaci\u00f3n y se convierta en una oportunidad real de crecimiento para las y los dise\u00f1adores del estado\".<\/p>\n\n\n\n<figure class=\"wp-block-embed is-type-wp-embed is-provider-kuali wp-block-embed-kuali\"><div class=\"wp-block-embed__wrapper\">\n<blockquote class=\"wp-embedded-content\" data-secret=\"2MHGeuoSSL\"><a href=\"https:\/\/kuali.com.mx\/web\/2026\/02\/10\/instala-disenora-taller-gracias-a-bjx-moda\/\">INSTALA DISE\u00d1ORA TALLER GRACIAS A BJX MODA<\/a><\/blockquote><iframe loading=\"lazy\" class=\"wp-embedded-content\" sandbox=\"allow-scripts\" security=\"restricted\" style=\"position: absolute; visibility: hidden;\" title=\"&#8220;INSTALA DISE\u00d1ORA TALLER GRACIAS A BJX MODA&#8221; &#8212; Kuali\" src=\"https:\/\/kuali.com.mx\/web\/2026\/02\/10\/instala-disenora-taller-gracias-a-bjx-moda\/embed\/#?secret=nHWC4mI6IK#?secret=2MHGeuoSSL\" data-secret=\"2MHGeuoSSL\" width=\"600\" height=\"338\" frameborder=\"0\" marginwidth=\"0\" marginheight=\"0\" scrolling=\"no\"><\/iframe>\n<\/div><\/figure>\n\n\n\n<p>Paco Granados, presidente y fundador de BJX Moda, mencion\u00f3 que Moda In conecta la creatividad con la industria, impulsando propuestas con identidad y proyectando a Guanajuato como referente en moda. <\/p>\n\n\n\n<p>Las personas interesadas en participar deber\u00e1n enviar un correo electr\u00f3nico a contacto@bjxmoda.com indicando en el asunto: MODA IN EPISODIO 3 \u2013 Apellidos y Nombre; y en el cuerpo del correo deber\u00e1n incluir los siguientes datos:<\/p>\n\n\n\n<ul class=\"wp-block-list\">\n<li>N\u00famero de contacto<\/li>\n\n\n\n<li>Ciudad de origen<\/li>\n\n\n\n<li>Asimismo, deber\u00e1n adjuntar la siguiente documentaci\u00f3n en formato PDF o archivo<br>de imagen\/video:<\/li>\n\n\n\n<li>Portafolio visual: fotograf\u00eda y video de alta calidad de una prenda de su autor\u00eda,<br>incluyendo una breve justificaci\u00f3n del dise\u00f1o y detalles del proceso de confecci\u00f3n.<\/li>\n\n\n\n<li>Acreditaci\u00f3n acad\u00e9mica (opcional): constancia, certificado o t\u00edtulo profesional.<\/li>\n\n\n\n<li>CV o semblanza: breve trayectoria con enlaces a redes sociales profesionales.<br>Etapas del programa<\/li>\n\n\n\n<li>Capacitaci\u00f3n. Formaci\u00f3n h\u00edbrida de 40 horas en Desarrollo de Marca, Tendencias,<br>Patronaje, E-commerce y Costos.Incluye constancia con validez oficial del IECA.<\/li>\n\n\n\n<li>Desarrollo. Creaci\u00f3n de un outfit con proveedur\u00eda local y asesor\u00eda especializada.<\/li>\n\n\n\n<li>Selecci\u00f3n. Evaluaci\u00f3n en casting presencial por jurado especializado.<br>Fechas clave<\/li>\n\n\n\n<li>Registro de aspirantes: del 23 de marzo al 10 de mayo<\/li>\n\n\n\n<li>Notificaci\u00f3n de seleccionados: del 18 al 24 de mayo<\/li>\n\n\n\n<li>Inicio de capacitaci\u00f3n: 1 de junio<\/li>\n\n\n\n<li>Proceso de selecci\u00f3n (casting): del 10 al 17 de julio<\/li>\n\n\n\n<li>Presentaci\u00f3n final: noviembre de 2026<br>Beneficios para la persona ganadora<\/li>\n\n\n\n<li>Equipamiento: taller b\u00e1sico con 4 m\u00e1quinas de coser marca DIMACO<\/li>\n\n\n\n<li>Producci\u00f3n: uso de equipo especializado del IECA y materiales sin costo<\/li>\n\n\n\n<li>Legalidad: registro de marca ante el IMPI v\u00eda Avantar Creativo<\/li>\n\n\n\n<li>Proyecci\u00f3n: vinculaci\u00f3n con BJX Moda y networking internacional<br>El IECA invita a las personas interesadas a inscribirse y aprovechar esta oportunidad para<br>profesionalizar su talento y proyectarlo en la industria de la moda.<\/li>\n<\/ul>\n\n\n\n<figure class=\"wp-block-embed is-type-wp-embed is-provider-kuali wp-block-embed-kuali\"><div class=\"wp-block-embed__wrapper\">\n<blockquote class=\"wp-embedded-content\" data-secret=\"SOrkjlRhbi\"><a href=\"https:\/\/kuali.com.mx\/web\/2025\/12\/09\/crece-el-interes-por-la-moda-y-el-diseno\/\">CRECE INTER\u00c9S POR LA MODA Y EL DISE\u00d1O<\/a><\/blockquote><iframe loading=\"lazy\" class=\"wp-embedded-content\" sandbox=\"allow-scripts\" security=\"restricted\" style=\"position: absolute; visibility: hidden;\" title=\"&#8220;CRECE INTER\u00c9S POR LA MODA Y EL DISE\u00d1O&#8221; &#8212; Kuali\" src=\"https:\/\/kuali.com.mx\/web\/2025\/12\/09\/crece-el-interes-por-la-moda-y-el-diseno\/embed\/#?secret=MTm6oHQGGi#?secret=SOrkjlRhbi\" data-secret=\"SOrkjlRhbi\" width=\"600\" height=\"338\" frameborder=\"0\" marginwidth=\"0\" marginheight=\"0\" scrolling=\"no\"><\/iframe>\n<\/div><\/figure>\n","protected":false},"excerpt":{"rendered":"Kuali\/Le\u00f3n, Gto.- El Instituto Estatal de Capacitaci\u00f3n (IECA) lanz\u00f3 la convocatoria para el concurso \u201cModa In, Episodio III\u201d, una iniciativa que impulsa el talento creativo mediante capacitaci\u00f3n, acompa\u00f1amiento y experiencias reales dentro de la industria de la moda. } El programa est\u00e1 dirigido a estudiantes, egresados, dise\u00f1adores y personas interesadas en fortalecer sus habilidades, mejorar [&hellip;]","protected":false},"author":2,"featured_media":201235,"comment_status":"open","ping_status":"open","sticky":false,"template":"","format":"standard","meta":{"_seopress_robots_primary_cat":"none","_seopress_titles_title":"","_seopress_titles_desc":"","_seopress_robots_index":"","_monsterinsights_skip_tracking":false,"_monsterinsights_sitenote_active":false,"_monsterinsights_sitenote_note":"","_monsterinsights_sitenote_category":0,"footnotes":""},"categories":[1],"tags":[5926,481,468,3421,362,5147,4467],"class_list":["post-201232","post","type-post","status-publish","format-standard","has-post-thumbnail","hentry","category-actualidad","tag-bjx-moda","tag-capacitacion","tag-concurso","tag-ieca","tag-industria","tag-moda-in","tag-paco-granados"],"yoast_head":"<!-- This site is optimized with the Yoast SEO plugin v27.5 - https:\/\/yoast.com\/product\/yoast-seo-wordpress\/ -->\n<title>LANZAN CONVOCATORIA &quot;MODA IN, EPISODIO III&quot; - Kuali<\/title>\n<meta name=\"robots\" content=\"index, follow, max-snippet:-1, max-image-preview:large, max-video-preview:-1\" \/>\n<link rel=\"canonical\" href=\"https:\/\/kuali.com.mx\/web\/2026\/04\/07\/lanzan-convocatoria-moda-in-episodio-iii\/\" \/>\n<meta property=\"og:locale\" content=\"es_MX\" \/>\n<meta property=\"og:type\" content=\"article\" \/>\n<meta property=\"og:title\" content=\"LANZAN CONVOCATORIA &quot;MODA IN, EPISODIO III&quot; - Kuali\" \/>\n<meta property=\"og:description\" content=\"Kuali\/Le\u00f3n, Gto.- El Instituto Estatal de Capacitaci\u00f3n (IECA) lanz\u00f3 la convocatoria para el concurso \u201cModa In, Episodio III\u201d, una iniciativa que impulsa el talento creativo mediante capacitaci\u00f3n, acompa\u00f1amiento y experiencias reales dentro de la industria de la moda. } El programa est\u00e1 dirigido a estudiantes, egresados, dise\u00f1adores y personas interesadas en fortalecer sus habilidades, mejorar [&hellip;]\" \/>\n<meta property=\"og:url\" content=\"https:\/\/kuali.com.mx\/web\/2026\/04\/07\/lanzan-convocatoria-moda-in-episodio-iii\/\" \/>\n<meta property=\"og:site_name\" content=\"Kuali\" \/>\n<meta property=\"article:publisher\" content=\"https:\/\/kuali.com.mx\/web\/wp-content\/uploads\/2018\/04\/cropped-kuali_logo-1-1.png\" \/>\n<meta property=\"article:published_time\" content=\"2026-04-07T17:48:18+00:00\" \/>\n<meta property=\"article:modified_time\" content=\"2026-04-08T03:35:55+00:00\" \/>\n<meta property=\"og:image\" content=\"https:\/\/kuali.com.mx\/web\/wp-content\/uploads\/2026\/04\/Moda-In-Episodio-III-1.jpg\" \/>\n\t<meta property=\"og:image:width\" content=\"1706\" \/>\n\t<meta property=\"og:image:height\" content=\"750\" \/>\n\t<meta property=\"og:image:type\" content=\"image\/jpeg\" \/>\n<meta name=\"author\" content=\"Kuali Staff\" \/>\n<meta name=\"twitter:card\" content=\"summary_large_image\" \/>\n<meta name=\"twitter:creator\" content=\"@kuali_noticias\" \/>\n<meta name=\"twitter:site\" content=\"@kuali_noticias\" \/>\n<meta name=\"twitter:label1\" content=\"Escrito por\" \/>\n\t<meta name=\"twitter:data1\" content=\"Kuali Staff\" \/>\n\t<meta name=\"twitter:label2\" content=\"Tiempo de lectura\" \/>\n\t<meta name=\"twitter:data2\" content=\"2 minutos\" \/>\n<script type=\"application\/ld+json\" class=\"yoast-schema-graph\">{\"@context\":\"https:\\\/\\\/schema.org\",\"@graph\":[{\"@type\":\"Article\",\"@id\":\"https:\\\/\\\/kuali.com.mx\\\/web\\\/2026\\\/04\\\/07\\\/lanzan-convocatoria-moda-in-episodio-iii\\\/#article\",\"isPartOf\":{\"@id\":\"https:\\\/\\\/kuali.com.mx\\\/web\\\/2026\\\/04\\\/07\\\/lanzan-convocatoria-moda-in-episodio-iii\\\/\"},\"author\":{\"name\":\"Kuali Staff\",\"@id\":\"https:\\\/\\\/kuali.com.mx\\\/web\\\/#\\\/schema\\\/person\\\/6f89ffa8ecba9dae50662357923c5289\"},\"headline\":\"LANZAN CONVOCATORIA &#8220;MODA IN, EPISODIO III&#8221;\",\"datePublished\":\"2026-04-07T17:48:18+00:00\",\"dateModified\":\"2026-04-08T03:35:55+00:00\",\"mainEntityOfPage\":{\"@id\":\"https:\\\/\\\/kuali.com.mx\\\/web\\\/2026\\\/04\\\/07\\\/lanzan-convocatoria-moda-in-episodio-iii\\\/\"},\"wordCount\":469,\"commentCount\":0,\"image\":{\"@id\":\"https:\\\/\\\/kuali.com.mx\\\/web\\\/2026\\\/04\\\/07\\\/lanzan-convocatoria-moda-in-episodio-iii\\\/#primaryimage\"},\"thumbnailUrl\":\"https:\\\/\\\/kuali.com.mx\\\/web\\\/wp-content\\\/uploads\\\/2026\\\/04\\\/Moda-In-Episodio-III-1.jpg\",\"keywords\":[\"BJX Moda\",\"Capacitaci\u00f3n\",\"Concurso\",\"IECA\",\"Industria\",\"Moda In\",\"Paco Granados\"],\"articleSection\":[\"Versatil\"],\"inLanguage\":\"es\",\"potentialAction\":[{\"@type\":\"CommentAction\",\"name\":\"Comment\",\"target\":[\"https:\\\/\\\/kuali.com.mx\\\/web\\\/2026\\\/04\\\/07\\\/lanzan-convocatoria-moda-in-episodio-iii\\\/#respond\"]}]},{\"@type\":\"WebPage\",\"@id\":\"https:\\\/\\\/kuali.com.mx\\\/web\\\/2026\\\/04\\\/07\\\/lanzan-convocatoria-moda-in-episodio-iii\\\/\",\"url\":\"https:\\\/\\\/kuali.com.mx\\\/web\\\/2026\\\/04\\\/07\\\/lanzan-convocatoria-moda-in-episodio-iii\\\/\",\"name\":\"LANZAN CONVOCATORIA \\\"MODA IN, EPISODIO III\\\" - Kuali\",\"isPartOf\":{\"@id\":\"https:\\\/\\\/kuali.com.mx\\\/web\\\/#website\"},\"primaryImageOfPage\":{\"@id\":\"https:\\\/\\\/kuali.com.mx\\\/web\\\/2026\\\/04\\\/07\\\/lanzan-convocatoria-moda-in-episodio-iii\\\/#primaryimage\"},\"image\":{\"@id\":\"https:\\\/\\\/kuali.com.mx\\\/web\\\/2026\\\/04\\\/07\\\/lanzan-convocatoria-moda-in-episodio-iii\\\/#primaryimage\"},\"thumbnailUrl\":\"https:\\\/\\\/kuali.com.mx\\\/web\\\/wp-content\\\/uploads\\\/2026\\\/04\\\/Moda-In-Episodio-III-1.jpg\",\"datePublished\":\"2026-04-07T17:48:18+00:00\",\"dateModified\":\"2026-04-08T03:35:55+00:00\",\"author\":{\"@id\":\"https:\\\/\\\/kuali.com.mx\\\/web\\\/#\\\/schema\\\/person\\\/6f89ffa8ecba9dae50662357923c5289\"},\"breadcrumb\":{\"@id\":\"https:\\\/\\\/kuali.com.mx\\\/web\\\/2026\\\/04\\\/07\\\/lanzan-convocatoria-moda-in-episodio-iii\\\/#breadcrumb\"},\"inLanguage\":\"es\",\"potentialAction\":[{\"@type\":\"ReadAction\",\"target\":[\"https:\\\/\\\/kuali.com.mx\\\/web\\\/2026\\\/04\\\/07\\\/lanzan-convocatoria-moda-in-episodio-iii\\\/\"]}]},{\"@type\":\"ImageObject\",\"inLanguage\":\"es\",\"@id\":\"https:\\\/\\\/kuali.com.mx\\\/web\\\/2026\\\/04\\\/07\\\/lanzan-convocatoria-moda-in-episodio-iii\\\/#primaryimage\",\"url\":\"https:\\\/\\\/kuali.com.mx\\\/web\\\/wp-content\\\/uploads\\\/2026\\\/04\\\/Moda-In-Episodio-III-1.jpg\",\"contentUrl\":\"https:\\\/\\\/kuali.com.mx\\\/web\\\/wp-content\\\/uploads\\\/2026\\\/04\\\/Moda-In-Episodio-III-1.jpg\",\"width\":1706,\"height\":750},{\"@type\":\"BreadcrumbList\",\"@id\":\"https:\\\/\\\/kuali.com.mx\\\/web\\\/2026\\\/04\\\/07\\\/lanzan-convocatoria-moda-in-episodio-iii\\\/#breadcrumb\",\"itemListElement\":[{\"@type\":\"ListItem\",\"position\":1,\"name\":\"Inicio\",\"item\":\"https:\\\/\\\/kuali.com.mx\\\/web\\\/\"},{\"@type\":\"ListItem\",\"position\":2,\"name\":\"LANZAN CONVOCATORIA &#8220;MODA IN, EPISODIO III&#8221;\"}]},{\"@type\":\"WebSite\",\"@id\":\"https:\\\/\\\/kuali.com.mx\\\/web\\\/#website\",\"url\":\"https:\\\/\\\/kuali.com.mx\\\/web\\\/\",\"name\":\"Kuali\",\"description\":\"\",\"potentialAction\":[{\"@type\":\"SearchAction\",\"target\":{\"@type\":\"EntryPoint\",\"urlTemplate\":\"https:\\\/\\\/kuali.com.mx\\\/web\\\/?s={search_term_string}\"},\"query-input\":{\"@type\":\"PropertyValueSpecification\",\"valueRequired\":true,\"valueName\":\"search_term_string\"}}],\"inLanguage\":\"es\"},{\"@type\":\"Person\",\"@id\":\"https:\\\/\\\/kuali.com.mx\\\/web\\\/#\\\/schema\\\/person\\\/6f89ffa8ecba9dae50662357923c5289\",\"name\":\"Kuali Staff\",\"image\":{\"@type\":\"ImageObject\",\"inLanguage\":\"es\",\"@id\":\"https:\\\/\\\/secure.gravatar.com\\\/avatar\\\/f917ad82e5ab71227a733c78b6e60715476f69ee6be59feee4eb5d9920c89e0f?s=96&d=mm&r=g\",\"url\":\"https:\\\/\\\/secure.gravatar.com\\\/avatar\\\/f917ad82e5ab71227a733c78b6e60715476f69ee6be59feee4eb5d9920c89e0f?s=96&d=mm&r=g\",\"contentUrl\":\"https:\\\/\\\/secure.gravatar.com\\\/avatar\\\/f917ad82e5ab71227a733c78b6e60715476f69ee6be59feee4eb5d9920c89e0f?s=96&d=mm&r=g\",\"caption\":\"Kuali Staff\"},\"url\":\"https:\\\/\\\/kuali.com.mx\\\/web\\\/author\\\/lagarto\\\/\"}]}<\/script>\n<!-- \/ Yoast SEO plugin. -->","yoast_head_json":{"title":"LANZAN CONVOCATORIA \"MODA IN, EPISODIO III\" - Kuali","robots":{"index":"index","follow":"follow","max-snippet":"max-snippet:-1","max-image-preview":"max-image-preview:large","max-video-preview":"max-video-preview:-1"},"canonical":"https:\/\/kuali.com.mx\/web\/2026\/04\/07\/lanzan-convocatoria-moda-in-episodio-iii\/","og_locale":"es_MX","og_type":"article","og_title":"LANZAN CONVOCATORIA \"MODA IN, EPISODIO III\" - Kuali","og_description":"Kuali\/Le\u00f3n, Gto.- El Instituto Estatal de Capacitaci\u00f3n (IECA) lanz\u00f3 la convocatoria para el concurso \u201cModa In, Episodio III\u201d, una iniciativa que impulsa el talento creativo mediante capacitaci\u00f3n, acompa\u00f1amiento y experiencias reales dentro de la industria de la moda. } El programa est\u00e1 dirigido a estudiantes, egresados, dise\u00f1adores y personas interesadas en fortalecer sus habilidades, mejorar [&hellip;]","og_url":"https:\/\/kuali.com.mx\/web\/2026\/04\/07\/lanzan-convocatoria-moda-in-episodio-iii\/","og_site_name":"Kuali","article_publisher":"https:\/\/kuali.com.mx\/web\/wp-content\/uploads\/2018\/04\/cropped-kuali_logo-1-1.png","article_published_time":"2026-04-07T17:48:18+00:00","article_modified_time":"2026-04-08T03:35:55+00:00","og_image":[{"width":1706,"height":750,"url":"https:\/\/kuali.com.mx\/web\/wp-content\/uploads\/2026\/04\/Moda-In-Episodio-III-1.jpg","type":"image\/jpeg"}],"author":"Kuali Staff","twitter_card":"summary_large_image","twitter_creator":"@kuali_noticias","twitter_site":"@kuali_noticias","twitter_misc":{"Escrito por":"Kuali Staff","Tiempo de lectura":"2 minutos"},"schema":{"@context":"https:\/\/schema.org","@graph":[{"@type":"Article","@id":"https:\/\/kuali.com.mx\/web\/2026\/04\/07\/lanzan-convocatoria-moda-in-episodio-iii\/#article","isPartOf":{"@id":"https:\/\/kuali.com.mx\/web\/2026\/04\/07\/lanzan-convocatoria-moda-in-episodio-iii\/"},"author":{"name":"Kuali Staff","@id":"https:\/\/kuali.com.mx\/web\/#\/schema\/person\/6f89ffa8ecba9dae50662357923c5289"},"headline":"LANZAN CONVOCATORIA &#8220;MODA IN, EPISODIO III&#8221;","datePublished":"2026-04-07T17:48:18+00:00","dateModified":"2026-04-08T03:35:55+00:00","mainEntityOfPage":{"@id":"https:\/\/kuali.com.mx\/web\/2026\/04\/07\/lanzan-convocatoria-moda-in-episodio-iii\/"},"wordCount":469,"commentCount":0,"image":{"@id":"https:\/\/kuali.com.mx\/web\/2026\/04\/07\/lanzan-convocatoria-moda-in-episodio-iii\/#primaryimage"},"thumbnailUrl":"https:\/\/kuali.com.mx\/web\/wp-content\/uploads\/2026\/04\/Moda-In-Episodio-III-1.jpg","keywords":["BJX Moda","Capacitaci\u00f3n","Concurso","IECA","Industria","Moda In","Paco Granados"],"articleSection":["Versatil"],"inLanguage":"es","potentialAction":[{"@type":"CommentAction","name":"Comment","target":["https:\/\/kuali.com.mx\/web\/2026\/04\/07\/lanzan-convocatoria-moda-in-episodio-iii\/#respond"]}]},{"@type":"WebPage","@id":"https:\/\/kuali.com.mx\/web\/2026\/04\/07\/lanzan-convocatoria-moda-in-episodio-iii\/","url":"https:\/\/kuali.com.mx\/web\/2026\/04\/07\/lanzan-convocatoria-moda-in-episodio-iii\/","name":"LANZAN CONVOCATORIA \"MODA IN, EPISODIO III\" - Kuali","isPartOf":{"@id":"https:\/\/kuali.com.mx\/web\/#website"},"primaryImageOfPage":{"@id":"https:\/\/kuali.com.mx\/web\/2026\/04\/07\/lanzan-convocatoria-moda-in-episodio-iii\/#primaryimage"},"image":{"@id":"https:\/\/kuali.com.mx\/web\/2026\/04\/07\/lanzan-convocatoria-moda-in-episodio-iii\/#primaryimage"},"thumbnailUrl":"https:\/\/kuali.com.mx\/web\/wp-content\/uploads\/2026\/04\/Moda-In-Episodio-III-1.jpg","datePublished":"2026-04-07T17:48:18+00:00","dateModified":"2026-04-08T03:35:55+00:00","author":{"@id":"https:\/\/kuali.com.mx\/web\/#\/schema\/person\/6f89ffa8ecba9dae50662357923c5289"},"breadcrumb":{"@id":"https:\/\/kuali.com.mx\/web\/2026\/04\/07\/lanzan-convocatoria-moda-in-episodio-iii\/#breadcrumb"},"inLanguage":"es","potentialAction":[{"@type":"ReadAction","target":["https:\/\/kuali.com.mx\/web\/2026\/04\/07\/lanzan-convocatoria-moda-in-episodio-iii\/"]}]},{"@type":"ImageObject","inLanguage":"es","@id":"https:\/\/kuali.com.mx\/web\/2026\/04\/07\/lanzan-convocatoria-moda-in-episodio-iii\/#primaryimage","url":"https:\/\/kuali.com.mx\/web\/wp-content\/uploads\/2026\/04\/Moda-In-Episodio-III-1.jpg","contentUrl":"https:\/\/kuali.com.mx\/web\/wp-content\/uploads\/2026\/04\/Moda-In-Episodio-III-1.jpg","width":1706,"height":750},{"@type":"BreadcrumbList","@id":"https:\/\/kuali.com.mx\/web\/2026\/04\/07\/lanzan-convocatoria-moda-in-episodio-iii\/#breadcrumb","itemListElement":[{"@type":"ListItem","position":1,"name":"Inicio","item":"https:\/\/kuali.com.mx\/web\/"},{"@type":"ListItem","position":2,"name":"LANZAN CONVOCATORIA &#8220;MODA IN, EPISODIO III&#8221;"}]},{"@type":"WebSite","@id":"https:\/\/kuali.com.mx\/web\/#website","url":"https:\/\/kuali.com.mx\/web\/","name":"Kuali","description":"","potentialAction":[{"@type":"SearchAction","target":{"@type":"EntryPoint","urlTemplate":"https:\/\/kuali.com.mx\/web\/?s={search_term_string}"},"query-input":{"@type":"PropertyValueSpecification","valueRequired":true,"valueName":"search_term_string"}}],"inLanguage":"es"},{"@type":"Person","@id":"https:\/\/kuali.com.mx\/web\/#\/schema\/person\/6f89ffa8ecba9dae50662357923c5289","name":"Kuali Staff","image":{"@type":"ImageObject","inLanguage":"es","@id":"https:\/\/secure.gravatar.com\/avatar\/f917ad82e5ab71227a733c78b6e60715476f69ee6be59feee4eb5d9920c89e0f?s=96&d=mm&r=g","url":"https:\/\/secure.gravatar.com\/avatar\/f917ad82e5ab71227a733c78b6e60715476f69ee6be59feee4eb5d9920c89e0f?s=96&d=mm&r=g","contentUrl":"https:\/\/secure.gravatar.com\/avatar\/f917ad82e5ab71227a733c78b6e60715476f69ee6be59feee4eb5d9920c89e0f?s=96&d=mm&r=g","caption":"Kuali Staff"},"url":"https:\/\/kuali.com.mx\/web\/author\/lagarto\/"}]}},"_links":{"self":[{"href":"https:\/\/kuali.com.mx\/web\/wp-json\/wp\/v2\/posts\/201232","targetHints":{"allow":["GET"]}}],"collection":[{"href":"https:\/\/kuali.com.mx\/web\/wp-json\/wp\/v2\/posts"}],"about":[{"href":"https:\/\/kuali.com.mx\/web\/wp-json\/wp\/v2\/types\/post"}],"author":[{"embeddable":true,"href":"https:\/\/kuali.com.mx\/web\/wp-json\/wp\/v2\/users\/2"}],"replies":[{"embeddable":true,"href":"https:\/\/kuali.com.mx\/web\/wp-json\/wp\/v2\/comments?post=201232"}],"version-history":[{"count":1,"href":"https:\/\/kuali.com.mx\/web\/wp-json\/wp\/v2\/posts\/201232\/revisions"}],"predecessor-version":[{"id":201237,"href":"https:\/\/kuali.com.mx\/web\/wp-json\/wp\/v2\/posts\/201232\/revisions\/201237"}],"wp:featuredmedia":[{"embeddable":true,"href":"https:\/\/kuali.com.mx\/web\/wp-json\/wp\/v2\/media\/201235"}],"wp:attachment":[{"href":"https:\/\/kuali.com.mx\/web\/wp-json\/wp\/v2\/media?parent=201232"}],"wp:term":[{"taxonomy":"category","embeddable":true,"href":"https:\/\/kuali.com.mx\/web\/wp-json\/wp\/v2\/categories?post=201232"},{"taxonomy":"post_tag","embeddable":true,"href":"https:\/\/kuali.com.mx\/web\/wp-json\/wp\/v2\/tags?post=201232"}],"curies":[{"name":"wp","href":"https:\/\/api.w.org\/{rel}","templated":true}]}}