{"id":200320,"date":"2026-03-25T13:35:47","date_gmt":"2026-03-25T19:35:47","guid":{"rendered":"https:\/\/kuali.com.mx\/web\/?p=200320"},"modified":"2026-03-26T07:27:32","modified_gmt":"2026-03-26T13:27:32","slug":"arreglan-calle-con-18-mdp","status":"publish","type":"post","link":"https:\/\/kuali.com.mx\/web\/2026\/03\/25\/arreglan-calle-con-18-mdp\/","title":{"rendered":"ARREGLAN CALLE CON 18 MDP"},"content":{"rendered":"\n<p>Kuali\/Silao, Gto.- Autoridades estatales de la Secretar\u00eda del Nuevo Comienzo y municipales, encabezadas por la presidenta municipal Janet Melanie Murillo Ch\u00e1vez, inauguraron la obra de pavimentaci\u00f3n, drenaje y pinta de fachadas de la calle Honda, a la que suma la instalaci\u00f3n de luminarias y 31 maceteros.<\/p>\n\n\n\n<p>La calle Honda ten\u00eda socavones y los vecinos pidieron una mejora. La presidenta del Comit\u00e9 de Obra, Berenice Mora Mart\u00ednez, coment\u00f3 que los vecinos est\u00e1n agradecidos con todas las acciones realizadas adem\u00e1s de la pavimentaci\u00f3n, ya que durante muchas adminisitraciones se gestion\u00f3 sin resultados. <\/p>\n\n\n\n<figure class=\"wp-block-image size-large\"><img loading=\"lazy\" decoding=\"async\" width=\"1024\" height=\"683\" src=\"https:\/\/kuali.com.mx\/web\/wp-content\/uploads\/2026\/03\/Pintamn-fachadas-Silao-1-1024x683.jpg\" alt=\"\" class=\"wp-image-200323\" srcset=\"https:\/\/kuali.com.mx\/web\/wp-content\/uploads\/2026\/03\/Pintamn-fachadas-Silao-1-1024x683.jpg 1024w, https:\/\/kuali.com.mx\/web\/wp-content\/uploads\/2026\/03\/Pintamn-fachadas-Silao-1-300x200.jpg 300w, https:\/\/kuali.com.mx\/web\/wp-content\/uploads\/2026\/03\/Pintamn-fachadas-Silao-1-768x512.jpg 768w, https:\/\/kuali.com.mx\/web\/wp-content\/uploads\/2026\/03\/Pintamn-fachadas-Silao-1-174x116.jpg 174w, https:\/\/kuali.com.mx\/web\/wp-content\/uploads\/2026\/03\/Pintamn-fachadas-Silao-1.jpg 1280w\" sizes=\"auto, (max-width: 1024px) 100vw, 1024px\" \/><figcaption class=\"wp-element-caption\">FOTO: CORTES\u00cdA<\/figcaption><\/figure>\n\n\n\n<p>La presidenta municipal se\u00f1al\u00f3 que ahora se tiene una calle pavimentada, con un buen sistema de drenaje, mejor imagen de fachadas pintadas y un espacio verde a trav\u00e9s de los \u00e1rboles adoptados a los cuales les pidi\u00f3 a los habitantes de la zona; cuidarlos y regarlos.<\/p>\n\n\n\n<p>Karla Sof\u00eda Padilla , subsecretearia de Inclusi\u00f3n para el Desarrollo Social, en representaci\u00f3n de Rosario Amador, secretaria del Nuevo Comienzo del Gobierno de la Gente, destac\u00f3 el trabajo social y de obra que se realiza en el municipio, siendo uno en los que m\u00e1s acciones se han realizado. <\/p>\n\n\n\n<p>El director de obras p\u00fablicas, Jonathan Meza Anguiano, inform\u00f3 que el monto del contrato de la obra es por 18 millones de pesos (50 por ciento aportados por el Estado y el 50 por ciento por el Municipio) con beneficio directo de mil 500 habitantes. <\/p>\n\n\n\n<p>Confirm\u00f3 que en esa calle se presentaban constantes socavones ( seis registrados) por lo que era importante pavimentar y mejorar la l\u00ednea de drenaje y agua potable que ten\u00edan m\u00e1s de 35 a\u00f1os. Adem\u00e1s, se dej\u00f3 libre de cableado de compa\u00f1\u00edas de luz y telefon\u00eda.<\/p>\n\n\n\n<figure class=\"wp-block-image size-large\"><img loading=\"lazy\" decoding=\"async\" width=\"1024\" height=\"768\" src=\"https:\/\/kuali.com.mx\/web\/wp-content\/uploads\/2026\/03\/Pintamn-fachadas-Silao-3-1024x768.jpg\" alt=\"\" class=\"wp-image-200325\" srcset=\"https:\/\/kuali.com.mx\/web\/wp-content\/uploads\/2026\/03\/Pintamn-fachadas-Silao-3-1024x768.jpg 1024w, https:\/\/kuali.com.mx\/web\/wp-content\/uploads\/2026\/03\/Pintamn-fachadas-Silao-3-300x225.jpg 300w, https:\/\/kuali.com.mx\/web\/wp-content\/uploads\/2026\/03\/Pintamn-fachadas-Silao-3-768x576.jpg 768w, https:\/\/kuali.com.mx\/web\/wp-content\/uploads\/2026\/03\/Pintamn-fachadas-Silao-3-155x116.jpg 155w, https:\/\/kuali.com.mx\/web\/wp-content\/uploads\/2026\/03\/Pintamn-fachadas-Silao-3.jpg 1280w\" sizes=\"auto, (max-width: 1024px) 100vw, 1024px\" \/><figcaption class=\"wp-element-caption\">En el evento estuvieron presentes integrantes del ayuntamiento y funcionarios municipales y estatales. FOTO: CORTES\u00cdA.<\/figcaption><\/figure>\n","protected":false},"excerpt":{"rendered":"Kuali\/Silao, Gto.- Autoridades estatales de la Secretar\u00eda del Nuevo Comienzo y municipales, encabezadas por la presidenta municipal Janet Melanie Murillo Ch\u00e1vez, inauguraron la obra de pavimentaci\u00f3n, drenaje y pinta de fachadas de la calle Honda, a la que suma la instalaci\u00f3n de luminarias y 31 maceteros. La calle Honda ten\u00eda socavones y los vecinos pidieron [&hellip;]","protected":false},"author":2,"featured_media":200324,"comment_status":"open","ping_status":"open","sticky":false,"template":"","format":"standard","meta":{"_seopress_robots_primary_cat":"none","_seopress_titles_title":"","_seopress_titles_desc":"","_seopress_robots_index":"","_monsterinsights_skip_tracking":false,"_monsterinsights_sitenote_active":false,"_monsterinsights_sitenote_note":"","_monsterinsights_sitenote_category":0,"footnotes":""},"categories":[3],"tags":[2071,3766,392],"class_list":["post-200320","post","type-post","status-publish","format-standard","has-post-thumbnail","hentry","category-politica","tag-calles","tag-melanie-murillo","tag-obra-publica"],"yoast_head":"<!-- This site is optimized with the Yoast SEO plugin v27.4 - https:\/\/yoast.com\/product\/yoast-seo-wordpress\/ -->\n<title>ARREGLAN CALLE CON 18 MDP - Kuali<\/title>\n<meta name=\"robots\" content=\"index, follow, max-snippet:-1, max-image-preview:large, max-video-preview:-1\" \/>\n<link rel=\"canonical\" href=\"https:\/\/kuali.com.mx\/web\/2026\/03\/25\/arreglan-calle-con-18-mdp\/\" \/>\n<meta property=\"og:locale\" content=\"es_MX\" \/>\n<meta property=\"og:type\" content=\"article\" \/>\n<meta property=\"og:title\" content=\"ARREGLAN CALLE CON 18 MDP - Kuali\" \/>\n<meta property=\"og:description\" content=\"Kuali\/Silao, Gto.- Autoridades estatales de la Secretar\u00eda del Nuevo Comienzo y municipales, encabezadas por la presidenta municipal Janet Melanie Murillo Ch\u00e1vez, inauguraron la obra de pavimentaci\u00f3n, drenaje y pinta de fachadas de la calle Honda, a la que suma la instalaci\u00f3n de luminarias y 31 maceteros. La calle Honda ten\u00eda socavones y los vecinos pidieron [&hellip;]\" \/>\n<meta property=\"og:url\" content=\"https:\/\/kuali.com.mx\/web\/2026\/03\/25\/arreglan-calle-con-18-mdp\/\" \/>\n<meta property=\"og:site_name\" content=\"Kuali\" \/>\n<meta property=\"article:publisher\" content=\"https:\/\/kuali.com.mx\/web\/wp-content\/uploads\/2018\/04\/cropped-kuali_logo-1-1.png\" \/>\n<meta property=\"article:published_time\" content=\"2026-03-25T19:35:47+00:00\" \/>\n<meta property=\"article:modified_time\" content=\"2026-03-26T13:27:32+00:00\" \/>\n<meta property=\"og:image\" content=\"https:\/\/kuali.com.mx\/web\/wp-content\/uploads\/2026\/03\/Pintamn-fachadas-Silao-2.jpg\" \/>\n\t<meta property=\"og:image:width\" content=\"1700\" \/>\n\t<meta property=\"og:image:height\" content=\"750\" \/>\n\t<meta property=\"og:image:type\" content=\"image\/jpeg\" \/>\n<meta name=\"author\" content=\"Kuali Staff\" \/>\n<meta name=\"twitter:card\" content=\"summary_large_image\" \/>\n<meta name=\"twitter:creator\" content=\"@kuali_noticias\" \/>\n<meta name=\"twitter:site\" content=\"@kuali_noticias\" \/>\n<meta name=\"twitter:label1\" content=\"Escrito por\" \/>\n\t<meta name=\"twitter:data1\" content=\"Kuali Staff\" \/>\n\t<meta name=\"twitter:label2\" content=\"Tiempo de lectura\" \/>\n\t<meta name=\"twitter:data2\" content=\"2 minutos\" \/>\n<script type=\"application\/ld+json\" class=\"yoast-schema-graph\">{\"@context\":\"https:\\\/\\\/schema.org\",\"@graph\":[{\"@type\":\"Article\",\"@id\":\"https:\\\/\\\/kuali.com.mx\\\/web\\\/2026\\\/03\\\/25\\\/arreglan-calle-con-18-mdp\\\/#article\",\"isPartOf\":{\"@id\":\"https:\\\/\\\/kuali.com.mx\\\/web\\\/2026\\\/03\\\/25\\\/arreglan-calle-con-18-mdp\\\/\"},\"author\":{\"name\":\"Kuali Staff\",\"@id\":\"https:\\\/\\\/kuali.com.mx\\\/web\\\/#\\\/schema\\\/person\\\/6f89ffa8ecba9dae50662357923c5289\"},\"headline\":\"ARREGLAN CALLE CON 18 MDP\",\"datePublished\":\"2026-03-25T19:35:47+00:00\",\"dateModified\":\"2026-03-26T13:27:32+00:00\",\"mainEntityOfPage\":{\"@id\":\"https:\\\/\\\/kuali.com.mx\\\/web\\\/2026\\\/03\\\/25\\\/arreglan-calle-con-18-mdp\\\/\"},\"wordCount\":314,\"commentCount\":0,\"image\":{\"@id\":\"https:\\\/\\\/kuali.com.mx\\\/web\\\/2026\\\/03\\\/25\\\/arreglan-calle-con-18-mdp\\\/#primaryimage\"},\"thumbnailUrl\":\"https:\\\/\\\/kuali.com.mx\\\/web\\\/wp-content\\\/uploads\\\/2026\\\/03\\\/Pintamn-fachadas-Silao-2.jpg\",\"keywords\":[\"Calles\",\"Melanie Murillo\",\"Obra p\u00fablica\"],\"articleSection\":[\"Pol\u00edtica\"],\"inLanguage\":\"es\",\"potentialAction\":[{\"@type\":\"CommentAction\",\"name\":\"Comment\",\"target\":[\"https:\\\/\\\/kuali.com.mx\\\/web\\\/2026\\\/03\\\/25\\\/arreglan-calle-con-18-mdp\\\/#respond\"]}]},{\"@type\":\"WebPage\",\"@id\":\"https:\\\/\\\/kuali.com.mx\\\/web\\\/2026\\\/03\\\/25\\\/arreglan-calle-con-18-mdp\\\/\",\"url\":\"https:\\\/\\\/kuali.com.mx\\\/web\\\/2026\\\/03\\\/25\\\/arreglan-calle-con-18-mdp\\\/\",\"name\":\"ARREGLAN CALLE CON 18 MDP - Kuali\",\"isPartOf\":{\"@id\":\"https:\\\/\\\/kuali.com.mx\\\/web\\\/#website\"},\"primaryImageOfPage\":{\"@id\":\"https:\\\/\\\/kuali.com.mx\\\/web\\\/2026\\\/03\\\/25\\\/arreglan-calle-con-18-mdp\\\/#primaryimage\"},\"image\":{\"@id\":\"https:\\\/\\\/kuali.com.mx\\\/web\\\/2026\\\/03\\\/25\\\/arreglan-calle-con-18-mdp\\\/#primaryimage\"},\"thumbnailUrl\":\"https:\\\/\\\/kuali.com.mx\\\/web\\\/wp-content\\\/uploads\\\/2026\\\/03\\\/Pintamn-fachadas-Silao-2.jpg\",\"datePublished\":\"2026-03-25T19:35:47+00:00\",\"dateModified\":\"2026-03-26T13:27:32+00:00\",\"author\":{\"@id\":\"https:\\\/\\\/kuali.com.mx\\\/web\\\/#\\\/schema\\\/person\\\/6f89ffa8ecba9dae50662357923c5289\"},\"breadcrumb\":{\"@id\":\"https:\\\/\\\/kuali.com.mx\\\/web\\\/2026\\\/03\\\/25\\\/arreglan-calle-con-18-mdp\\\/#breadcrumb\"},\"inLanguage\":\"es\",\"potentialAction\":[{\"@type\":\"ReadAction\",\"target\":[\"https:\\\/\\\/kuali.com.mx\\\/web\\\/2026\\\/03\\\/25\\\/arreglan-calle-con-18-mdp\\\/\"]}]},{\"@type\":\"ImageObject\",\"inLanguage\":\"es\",\"@id\":\"https:\\\/\\\/kuali.com.mx\\\/web\\\/2026\\\/03\\\/25\\\/arreglan-calle-con-18-mdp\\\/#primaryimage\",\"url\":\"https:\\\/\\\/kuali.com.mx\\\/web\\\/wp-content\\\/uploads\\\/2026\\\/03\\\/Pintamn-fachadas-Silao-2.jpg\",\"contentUrl\":\"https:\\\/\\\/kuali.com.mx\\\/web\\\/wp-content\\\/uploads\\\/2026\\\/03\\\/Pintamn-fachadas-Silao-2.jpg\",\"width\":1700,\"height\":750},{\"@type\":\"BreadcrumbList\",\"@id\":\"https:\\\/\\\/kuali.com.mx\\\/web\\\/2026\\\/03\\\/25\\\/arreglan-calle-con-18-mdp\\\/#breadcrumb\",\"itemListElement\":[{\"@type\":\"ListItem\",\"position\":1,\"name\":\"Inicio\",\"item\":\"https:\\\/\\\/kuali.com.mx\\\/web\\\/\"},{\"@type\":\"ListItem\",\"position\":2,\"name\":\"ARREGLAN CALLE CON 18 MDP\"}]},{\"@type\":\"WebSite\",\"@id\":\"https:\\\/\\\/kuali.com.mx\\\/web\\\/#website\",\"url\":\"https:\\\/\\\/kuali.com.mx\\\/web\\\/\",\"name\":\"Kuali\",\"description\":\"\",\"potentialAction\":[{\"@type\":\"SearchAction\",\"target\":{\"@type\":\"EntryPoint\",\"urlTemplate\":\"https:\\\/\\\/kuali.com.mx\\\/web\\\/?s={search_term_string}\"},\"query-input\":{\"@type\":\"PropertyValueSpecification\",\"valueRequired\":true,\"valueName\":\"search_term_string\"}}],\"inLanguage\":\"es\"},{\"@type\":\"Person\",\"@id\":\"https:\\\/\\\/kuali.com.mx\\\/web\\\/#\\\/schema\\\/person\\\/6f89ffa8ecba9dae50662357923c5289\",\"name\":\"Kuali Staff\",\"image\":{\"@type\":\"ImageObject\",\"inLanguage\":\"es\",\"@id\":\"https:\\\/\\\/secure.gravatar.com\\\/avatar\\\/f917ad82e5ab71227a733c78b6e60715476f69ee6be59feee4eb5d9920c89e0f?s=96&d=mm&r=g\",\"url\":\"https:\\\/\\\/secure.gravatar.com\\\/avatar\\\/f917ad82e5ab71227a733c78b6e60715476f69ee6be59feee4eb5d9920c89e0f?s=96&d=mm&r=g\",\"contentUrl\":\"https:\\\/\\\/secure.gravatar.com\\\/avatar\\\/f917ad82e5ab71227a733c78b6e60715476f69ee6be59feee4eb5d9920c89e0f?s=96&d=mm&r=g\",\"caption\":\"Kuali Staff\"},\"url\":\"https:\\\/\\\/kuali.com.mx\\\/web\\\/author\\\/lagarto\\\/\"}]}<\/script>\n<!-- \/ Yoast SEO plugin. -->","yoast_head_json":{"title":"ARREGLAN CALLE CON 18 MDP - Kuali","robots":{"index":"index","follow":"follow","max-snippet":"max-snippet:-1","max-image-preview":"max-image-preview:large","max-video-preview":"max-video-preview:-1"},"canonical":"https:\/\/kuali.com.mx\/web\/2026\/03\/25\/arreglan-calle-con-18-mdp\/","og_locale":"es_MX","og_type":"article","og_title":"ARREGLAN CALLE CON 18 MDP - Kuali","og_description":"Kuali\/Silao, Gto.- Autoridades estatales de la Secretar\u00eda del Nuevo Comienzo y municipales, encabezadas por la presidenta municipal Janet Melanie Murillo Ch\u00e1vez, inauguraron la obra de pavimentaci\u00f3n, drenaje y pinta de fachadas de la calle Honda, a la que suma la instalaci\u00f3n de luminarias y 31 maceteros. La calle Honda ten\u00eda socavones y los vecinos pidieron [&hellip;]","og_url":"https:\/\/kuali.com.mx\/web\/2026\/03\/25\/arreglan-calle-con-18-mdp\/","og_site_name":"Kuali","article_publisher":"https:\/\/kuali.com.mx\/web\/wp-content\/uploads\/2018\/04\/cropped-kuali_logo-1-1.png","article_published_time":"2026-03-25T19:35:47+00:00","article_modified_time":"2026-03-26T13:27:32+00:00","og_image":[{"width":1700,"height":750,"url":"https:\/\/kuali.com.mx\/web\/wp-content\/uploads\/2026\/03\/Pintamn-fachadas-Silao-2.jpg","type":"image\/jpeg"}],"author":"Kuali Staff","twitter_card":"summary_large_image","twitter_creator":"@kuali_noticias","twitter_site":"@kuali_noticias","twitter_misc":{"Escrito por":"Kuali Staff","Tiempo de lectura":"2 minutos"},"schema":{"@context":"https:\/\/schema.org","@graph":[{"@type":"Article","@id":"https:\/\/kuali.com.mx\/web\/2026\/03\/25\/arreglan-calle-con-18-mdp\/#article","isPartOf":{"@id":"https:\/\/kuali.com.mx\/web\/2026\/03\/25\/arreglan-calle-con-18-mdp\/"},"author":{"name":"Kuali Staff","@id":"https:\/\/kuali.com.mx\/web\/#\/schema\/person\/6f89ffa8ecba9dae50662357923c5289"},"headline":"ARREGLAN CALLE CON 18 MDP","datePublished":"2026-03-25T19:35:47+00:00","dateModified":"2026-03-26T13:27:32+00:00","mainEntityOfPage":{"@id":"https:\/\/kuali.com.mx\/web\/2026\/03\/25\/arreglan-calle-con-18-mdp\/"},"wordCount":314,"commentCount":0,"image":{"@id":"https:\/\/kuali.com.mx\/web\/2026\/03\/25\/arreglan-calle-con-18-mdp\/#primaryimage"},"thumbnailUrl":"https:\/\/kuali.com.mx\/web\/wp-content\/uploads\/2026\/03\/Pintamn-fachadas-Silao-2.jpg","keywords":["Calles","Melanie Murillo","Obra p\u00fablica"],"articleSection":["Pol\u00edtica"],"inLanguage":"es","potentialAction":[{"@type":"CommentAction","name":"Comment","target":["https:\/\/kuali.com.mx\/web\/2026\/03\/25\/arreglan-calle-con-18-mdp\/#respond"]}]},{"@type":"WebPage","@id":"https:\/\/kuali.com.mx\/web\/2026\/03\/25\/arreglan-calle-con-18-mdp\/","url":"https:\/\/kuali.com.mx\/web\/2026\/03\/25\/arreglan-calle-con-18-mdp\/","name":"ARREGLAN CALLE CON 18 MDP - Kuali","isPartOf":{"@id":"https:\/\/kuali.com.mx\/web\/#website"},"primaryImageOfPage":{"@id":"https:\/\/kuali.com.mx\/web\/2026\/03\/25\/arreglan-calle-con-18-mdp\/#primaryimage"},"image":{"@id":"https:\/\/kuali.com.mx\/web\/2026\/03\/25\/arreglan-calle-con-18-mdp\/#primaryimage"},"thumbnailUrl":"https:\/\/kuali.com.mx\/web\/wp-content\/uploads\/2026\/03\/Pintamn-fachadas-Silao-2.jpg","datePublished":"2026-03-25T19:35:47+00:00","dateModified":"2026-03-26T13:27:32+00:00","author":{"@id":"https:\/\/kuali.com.mx\/web\/#\/schema\/person\/6f89ffa8ecba9dae50662357923c5289"},"breadcrumb":{"@id":"https:\/\/kuali.com.mx\/web\/2026\/03\/25\/arreglan-calle-con-18-mdp\/#breadcrumb"},"inLanguage":"es","potentialAction":[{"@type":"ReadAction","target":["https:\/\/kuali.com.mx\/web\/2026\/03\/25\/arreglan-calle-con-18-mdp\/"]}]},{"@type":"ImageObject","inLanguage":"es","@id":"https:\/\/kuali.com.mx\/web\/2026\/03\/25\/arreglan-calle-con-18-mdp\/#primaryimage","url":"https:\/\/kuali.com.mx\/web\/wp-content\/uploads\/2026\/03\/Pintamn-fachadas-Silao-2.jpg","contentUrl":"https:\/\/kuali.com.mx\/web\/wp-content\/uploads\/2026\/03\/Pintamn-fachadas-Silao-2.jpg","width":1700,"height":750},{"@type":"BreadcrumbList","@id":"https:\/\/kuali.com.mx\/web\/2026\/03\/25\/arreglan-calle-con-18-mdp\/#breadcrumb","itemListElement":[{"@type":"ListItem","position":1,"name":"Inicio","item":"https:\/\/kuali.com.mx\/web\/"},{"@type":"ListItem","position":2,"name":"ARREGLAN CALLE CON 18 MDP"}]},{"@type":"WebSite","@id":"https:\/\/kuali.com.mx\/web\/#website","url":"https:\/\/kuali.com.mx\/web\/","name":"Kuali","description":"","potentialAction":[{"@type":"SearchAction","target":{"@type":"EntryPoint","urlTemplate":"https:\/\/kuali.com.mx\/web\/?s={search_term_string}"},"query-input":{"@type":"PropertyValueSpecification","valueRequired":true,"valueName":"search_term_string"}}],"inLanguage":"es"},{"@type":"Person","@id":"https:\/\/kuali.com.mx\/web\/#\/schema\/person\/6f89ffa8ecba9dae50662357923c5289","name":"Kuali Staff","image":{"@type":"ImageObject","inLanguage":"es","@id":"https:\/\/secure.gravatar.com\/avatar\/f917ad82e5ab71227a733c78b6e60715476f69ee6be59feee4eb5d9920c89e0f?s=96&d=mm&r=g","url":"https:\/\/secure.gravatar.com\/avatar\/f917ad82e5ab71227a733c78b6e60715476f69ee6be59feee4eb5d9920c89e0f?s=96&d=mm&r=g","contentUrl":"https:\/\/secure.gravatar.com\/avatar\/f917ad82e5ab71227a733c78b6e60715476f69ee6be59feee4eb5d9920c89e0f?s=96&d=mm&r=g","caption":"Kuali Staff"},"url":"https:\/\/kuali.com.mx\/web\/author\/lagarto\/"}]}},"_links":{"self":[{"href":"https:\/\/kuali.com.mx\/web\/wp-json\/wp\/v2\/posts\/200320","targetHints":{"allow":["GET"]}}],"collection":[{"href":"https:\/\/kuali.com.mx\/web\/wp-json\/wp\/v2\/posts"}],"about":[{"href":"https:\/\/kuali.com.mx\/web\/wp-json\/wp\/v2\/types\/post"}],"author":[{"embeddable":true,"href":"https:\/\/kuali.com.mx\/web\/wp-json\/wp\/v2\/users\/2"}],"replies":[{"embeddable":true,"href":"https:\/\/kuali.com.mx\/web\/wp-json\/wp\/v2\/comments?post=200320"}],"version-history":[{"count":1,"href":"https:\/\/kuali.com.mx\/web\/wp-json\/wp\/v2\/posts\/200320\/revisions"}],"predecessor-version":[{"id":200326,"href":"https:\/\/kuali.com.mx\/web\/wp-json\/wp\/v2\/posts\/200320\/revisions\/200326"}],"wp:featuredmedia":[{"embeddable":true,"href":"https:\/\/kuali.com.mx\/web\/wp-json\/wp\/v2\/media\/200324"}],"wp:attachment":[{"href":"https:\/\/kuali.com.mx\/web\/wp-json\/wp\/v2\/media?parent=200320"}],"wp:term":[{"taxonomy":"category","embeddable":true,"href":"https:\/\/kuali.com.mx\/web\/wp-json\/wp\/v2\/categories?post=200320"},{"taxonomy":"post_tag","embeddable":true,"href":"https:\/\/kuali.com.mx\/web\/wp-json\/wp\/v2\/tags?post=200320"}],"curies":[{"name":"wp","href":"https:\/\/api.w.org\/{rel}","templated":true}]}}