{"id":200290,"date":"2026-03-25T14:15:00","date_gmt":"2026-03-25T20:15:00","guid":{"rendered":"https:\/\/kuali.com.mx\/web\/?p=200290"},"modified":"2026-03-25T18:34:08","modified_gmt":"2026-03-26T00:34:08","slug":"mejoran-movilidad-en-san-juan-de-abajo","status":"publish","type":"post","link":"https:\/\/kuali.com.mx\/web\/2026\/03\/25\/mejoran-movilidad-en-san-juan-de-abajo\/","title":{"rendered":"MEJORAN MOVILIDAD EN SAN JUAN DE ABAJO"},"content":{"rendered":"\n<p><strong><em>Kuali\/Le\u00f3n, Gto. <\/em><\/strong>La presidenta municipal, Alejandra Guti\u00e9rrez Campos, inaugur\u00f3 el Cruce Seguro Timoteo Lozano\u2013San Pedro y entreg\u00f3 la pavimentaci\u00f3n del nuevo acceso de San Juan de Abajo.<\/p>\n\n\n\n<p>En el eveto destac\u00f3 que estas acciones representan el arranque de un trabajo firme y sostenido en la zona, llevando infraestructura y mejores condiciones de vida a las familias que por a\u00f1os lo hab\u00edan solicitado.<\/p>\n\n\n\n<p>\u201cDijimos tenemos que buscar c\u00f3mo s\u00ed se d\u00e9 el paso, que sea viable y que aparte nos permita la conectividad para poder avanzar en la regularizaci\u00f3n. Esta obra es un verdadero puente al futuro de San Juan de Abajo, porque ahora vamos para arriba en todos los sentidos, vamos con infraestructura, con servicios a mejorar la calidad de vida de la gente, porque no hemos dejado de trabajar en la zona, no vamos a dar un solo paso atr\u00e1s\u201d, destac\u00f3.<\/p>\n\n\n\n<p>Con una inversi\u00f3n superior a los 17 millones de pesos, el cruce beneficiar\u00e1 a m\u00e1s 100 mil habitantes de colonias como San Juan de Abajo, Noria de Septi\u00e9n, San Joaqu\u00edn, Parques del Sur, Diez de Mayo y Parques La Noria donde contar\u00e1n con mejores condiciones para trasladarse, mayor seguridad vial y accesos dignos que facilitan su vida diaria, incluso en temporada de lluvias.<\/p>\n\n\n\n<p>Para quienes han vivido por a\u00f1os en la zona, el cambio es tangible. Rafael Pacheco, representante vecinal de Noria de Septi\u00e9n, comparti\u00f3 la emoci\u00f3n de ver concretada una obra largamente esperada.<\/p>\n\n\n\n<p>\u201cEstamos muy agradecidos con Ale, porque ella ha logrado en su administraci\u00f3n una obra que era dif\u00edcil porque yo tengo 26 a\u00f1os en el comit\u00e9 de colonos y no lo hab\u00eda podido lograr. Ale lo prometi\u00f3 y lo cumpli\u00f3\u201d, se\u00f1al\u00f3.<\/p>\n\n\n\n<p>Adem\u00e1s, la presidenta municipal inform\u00f3 que ya est\u00e1n en marcha m\u00e1s acciones para fortalecer la zona, como la introducci\u00f3n de drenaje pluvial, agua potable, avances en la entrega de escrituras y trabajos en diversas parcelas.<\/p>\n\n\n\n<p>Por su parte, el secretario de Infraestructura, Movilidad y Desarrollo Sustentable, Israel Mart\u00ednez Mart\u00ednez, explic\u00f3 que el nuevo cruce fue dise\u00f1ado para mejorar la circulaci\u00f3n vehicular, incorporando un carril adicional, se\u00f1alizaci\u00f3n completa y semaforizaci\u00f3n que permite mayor seguridad y fluidez.<\/p>\n\n\n\n<p>\u201cEl d\u00eda de hoy estamos reconvirtiendo esta zona y son de las acciones que estamos comenzando; tal y como se los coment\u00f3 Ale, le vamos a cambiar la cara a San Juan de Abajo, porque se lo merece y porque ustedes han luchado por todo lo que se ha venido haciendo\u201d, resalt\u00f3 el secretario.<\/p>\n\n\n\n<p>Adem\u00e1s, se incorpor\u00f3 un carril adicional para maniobras de incorporaci\u00f3n y desincorporaci\u00f3n, mejorando la capacidad y fluidez del tr\u00e1nsito; tambi\u00e9n se implement\u00f3 se\u00f1alizaci\u00f3n horizontal y vertical con un sistema de semaforizaci\u00f3n para el control seguro de los flujos vehiculares.<\/p>\n\n\n\n<p>EL NUEVO ACCESO DE SAN JUAN DE ABAJO<\/p>\n\n\n\n<p>Como parte de estas acciones que ya se sienten en la zona, Ale Guti\u00e9rrez entreg\u00f3 la pavimentaci\u00f3n del nuevo acceso a San Juan de Abajo, en el tramo que conecta el bulevar San Pedro con el bulevar Delta, con una inversi\u00f3n de 25 millones de pesos.<\/p>\n\n\n\n<p>Esta obra no solo abre camino, tambi\u00e9n dignifica el entorno: incluye la construcci\u00f3n de guarniciones, banquetas seguras para peatones y ciclistas, as\u00ed como alumbrado p\u00fablico que brinda mayor seguridad y visibilidad para quienes transitan diariamente por la zona.<\/p>\n\n\n\n<p>Su ejecuci\u00f3n fue posible gracias al trabajo coordinado con Ferromex, luego de que el Municipio impulsara soluciones que hoy permiten concretar este acceso que por a\u00f1os fue necesario.<\/p>\n","protected":false},"excerpt":{"rendered":"Kuali\/Le\u00f3n, Gto. La presidenta municipal, Alejandra Guti\u00e9rrez Campos, inaugur\u00f3 el Cruce Seguro Timoteo Lozano\u2013San Pedro y entreg\u00f3 la pavimentaci\u00f3n del nuevo acceso de San Juan de Abajo. En el eveto destac\u00f3 que estas acciones representan el arranque de un trabajo firme y sostenido en la zona, llevando infraestructura y mejores condiciones de vida a las [&hellip;]","protected":false},"author":2,"featured_media":200293,"comment_status":"open","ping_status":"open","sticky":false,"template":"","format":"standard","meta":{"_seopress_robots_primary_cat":"none","_seopress_titles_title":"","_seopress_titles_desc":"","_seopress_robots_index":"","_monsterinsights_skip_tracking":false,"_monsterinsights_sitenote_active":false,"_monsterinsights_sitenote_note":"","_monsterinsights_sitenote_category":0,"footnotes":""},"categories":[3],"tags":[],"class_list":["post-200290","post","type-post","status-publish","format-standard","has-post-thumbnail","hentry","category-politica"],"yoast_head":"<!-- This site is optimized with the Yoast SEO plugin v27.5 - https:\/\/yoast.com\/product\/yoast-seo-wordpress\/ -->\n<title>MEJORAN MOVILIDAD EN SAN JUAN DE ABAJO - Kuali<\/title>\n<meta name=\"robots\" content=\"index, follow, max-snippet:-1, max-image-preview:large, max-video-preview:-1\" \/>\n<link rel=\"canonical\" href=\"https:\/\/kuali.com.mx\/web\/2026\/03\/25\/mejoran-movilidad-en-san-juan-de-abajo\/\" \/>\n<meta property=\"og:locale\" content=\"es_MX\" \/>\n<meta property=\"og:type\" content=\"article\" \/>\n<meta property=\"og:title\" content=\"MEJORAN MOVILIDAD EN SAN JUAN DE ABAJO - Kuali\" \/>\n<meta property=\"og:description\" content=\"Kuali\/Le\u00f3n, Gto. La presidenta municipal, Alejandra Guti\u00e9rrez Campos, inaugur\u00f3 el Cruce Seguro Timoteo Lozano\u2013San Pedro y entreg\u00f3 la pavimentaci\u00f3n del nuevo acceso de San Juan de Abajo. En el eveto destac\u00f3 que estas acciones representan el arranque de un trabajo firme y sostenido en la zona, llevando infraestructura y mejores condiciones de vida a las [&hellip;]\" \/>\n<meta property=\"og:url\" content=\"https:\/\/kuali.com.mx\/web\/2026\/03\/25\/mejoran-movilidad-en-san-juan-de-abajo\/\" \/>\n<meta property=\"og:site_name\" content=\"Kuali\" \/>\n<meta property=\"article:publisher\" content=\"https:\/\/kuali.com.mx\/web\/wp-content\/uploads\/2018\/04\/cropped-kuali_logo-1-1.png\" \/>\n<meta property=\"article:published_time\" content=\"2026-03-25T20:15:00+00:00\" \/>\n<meta property=\"article:modified_time\" content=\"2026-03-26T00:34:08+00:00\" \/>\n<meta property=\"og:image\" content=\"https:\/\/kuali.com.mx\/web\/wp-content\/uploads\/2026\/03\/Obra-cruce-seguro.jpg\" \/>\n\t<meta property=\"og:image:width\" content=\"2048\" \/>\n\t<meta property=\"og:image:height\" content=\"1536\" \/>\n\t<meta property=\"og:image:type\" content=\"image\/jpeg\" \/>\n<meta name=\"author\" content=\"Kuali Staff\" \/>\n<meta name=\"twitter:card\" content=\"summary_large_image\" \/>\n<meta name=\"twitter:creator\" content=\"@kuali_noticias\" \/>\n<meta name=\"twitter:site\" content=\"@kuali_noticias\" \/>\n<meta name=\"twitter:label1\" content=\"Escrito por\" \/>\n\t<meta name=\"twitter:data1\" content=\"Kuali Staff\" \/>\n\t<meta name=\"twitter:label2\" content=\"Tiempo de lectura\" \/>\n\t<meta name=\"twitter:data2\" content=\"3 minutos\" \/>\n<script type=\"application\/ld+json\" class=\"yoast-schema-graph\">{\"@context\":\"https:\\\/\\\/schema.org\",\"@graph\":[{\"@type\":\"Article\",\"@id\":\"https:\\\/\\\/kuali.com.mx\\\/web\\\/2026\\\/03\\\/25\\\/mejoran-movilidad-en-san-juan-de-abajo\\\/#article\",\"isPartOf\":{\"@id\":\"https:\\\/\\\/kuali.com.mx\\\/web\\\/2026\\\/03\\\/25\\\/mejoran-movilidad-en-san-juan-de-abajo\\\/\"},\"author\":{\"name\":\"Kuali Staff\",\"@id\":\"https:\\\/\\\/kuali.com.mx\\\/web\\\/#\\\/schema\\\/person\\\/6f89ffa8ecba9dae50662357923c5289\"},\"headline\":\"MEJORAN MOVILIDAD EN SAN JUAN DE ABAJO\",\"datePublished\":\"2026-03-25T20:15:00+00:00\",\"dateModified\":\"2026-03-26T00:34:08+00:00\",\"mainEntityOfPage\":{\"@id\":\"https:\\\/\\\/kuali.com.mx\\\/web\\\/2026\\\/03\\\/25\\\/mejoran-movilidad-en-san-juan-de-abajo\\\/\"},\"wordCount\":618,\"commentCount\":0,\"image\":{\"@id\":\"https:\\\/\\\/kuali.com.mx\\\/web\\\/2026\\\/03\\\/25\\\/mejoran-movilidad-en-san-juan-de-abajo\\\/#primaryimage\"},\"thumbnailUrl\":\"https:\\\/\\\/kuali.com.mx\\\/web\\\/wp-content\\\/uploads\\\/2026\\\/03\\\/Obra-cruce-seguro.jpg\",\"articleSection\":[\"Pol\u00edtica\"],\"inLanguage\":\"es\",\"potentialAction\":[{\"@type\":\"CommentAction\",\"name\":\"Comment\",\"target\":[\"https:\\\/\\\/kuali.com.mx\\\/web\\\/2026\\\/03\\\/25\\\/mejoran-movilidad-en-san-juan-de-abajo\\\/#respond\"]}]},{\"@type\":\"WebPage\",\"@id\":\"https:\\\/\\\/kuali.com.mx\\\/web\\\/2026\\\/03\\\/25\\\/mejoran-movilidad-en-san-juan-de-abajo\\\/\",\"url\":\"https:\\\/\\\/kuali.com.mx\\\/web\\\/2026\\\/03\\\/25\\\/mejoran-movilidad-en-san-juan-de-abajo\\\/\",\"name\":\"MEJORAN MOVILIDAD EN SAN JUAN DE ABAJO - Kuali\",\"isPartOf\":{\"@id\":\"https:\\\/\\\/kuali.com.mx\\\/web\\\/#website\"},\"primaryImageOfPage\":{\"@id\":\"https:\\\/\\\/kuali.com.mx\\\/web\\\/2026\\\/03\\\/25\\\/mejoran-movilidad-en-san-juan-de-abajo\\\/#primaryimage\"},\"image\":{\"@id\":\"https:\\\/\\\/kuali.com.mx\\\/web\\\/2026\\\/03\\\/25\\\/mejoran-movilidad-en-san-juan-de-abajo\\\/#primaryimage\"},\"thumbnailUrl\":\"https:\\\/\\\/kuali.com.mx\\\/web\\\/wp-content\\\/uploads\\\/2026\\\/03\\\/Obra-cruce-seguro.jpg\",\"datePublished\":\"2026-03-25T20:15:00+00:00\",\"dateModified\":\"2026-03-26T00:34:08+00:00\",\"author\":{\"@id\":\"https:\\\/\\\/kuali.com.mx\\\/web\\\/#\\\/schema\\\/person\\\/6f89ffa8ecba9dae50662357923c5289\"},\"breadcrumb\":{\"@id\":\"https:\\\/\\\/kuali.com.mx\\\/web\\\/2026\\\/03\\\/25\\\/mejoran-movilidad-en-san-juan-de-abajo\\\/#breadcrumb\"},\"inLanguage\":\"es\",\"potentialAction\":[{\"@type\":\"ReadAction\",\"target\":[\"https:\\\/\\\/kuali.com.mx\\\/web\\\/2026\\\/03\\\/25\\\/mejoran-movilidad-en-san-juan-de-abajo\\\/\"]}]},{\"@type\":\"ImageObject\",\"inLanguage\":\"es\",\"@id\":\"https:\\\/\\\/kuali.com.mx\\\/web\\\/2026\\\/03\\\/25\\\/mejoran-movilidad-en-san-juan-de-abajo\\\/#primaryimage\",\"url\":\"https:\\\/\\\/kuali.com.mx\\\/web\\\/wp-content\\\/uploads\\\/2026\\\/03\\\/Obra-cruce-seguro.jpg\",\"contentUrl\":\"https:\\\/\\\/kuali.com.mx\\\/web\\\/wp-content\\\/uploads\\\/2026\\\/03\\\/Obra-cruce-seguro.jpg\",\"width\":2048,\"height\":1536,\"caption\":\"default\"},{\"@type\":\"BreadcrumbList\",\"@id\":\"https:\\\/\\\/kuali.com.mx\\\/web\\\/2026\\\/03\\\/25\\\/mejoran-movilidad-en-san-juan-de-abajo\\\/#breadcrumb\",\"itemListElement\":[{\"@type\":\"ListItem\",\"position\":1,\"name\":\"Inicio\",\"item\":\"https:\\\/\\\/kuali.com.mx\\\/web\\\/\"},{\"@type\":\"ListItem\",\"position\":2,\"name\":\"MEJORAN MOVILIDAD EN SAN JUAN DE ABAJO\"}]},{\"@type\":\"WebSite\",\"@id\":\"https:\\\/\\\/kuali.com.mx\\\/web\\\/#website\",\"url\":\"https:\\\/\\\/kuali.com.mx\\\/web\\\/\",\"name\":\"Kuali\",\"description\":\"\",\"potentialAction\":[{\"@type\":\"SearchAction\",\"target\":{\"@type\":\"EntryPoint\",\"urlTemplate\":\"https:\\\/\\\/kuali.com.mx\\\/web\\\/?s={search_term_string}\"},\"query-input\":{\"@type\":\"PropertyValueSpecification\",\"valueRequired\":true,\"valueName\":\"search_term_string\"}}],\"inLanguage\":\"es\"},{\"@type\":\"Person\",\"@id\":\"https:\\\/\\\/kuali.com.mx\\\/web\\\/#\\\/schema\\\/person\\\/6f89ffa8ecba9dae50662357923c5289\",\"name\":\"Kuali Staff\",\"image\":{\"@type\":\"ImageObject\",\"inLanguage\":\"es\",\"@id\":\"https:\\\/\\\/secure.gravatar.com\\\/avatar\\\/f917ad82e5ab71227a733c78b6e60715476f69ee6be59feee4eb5d9920c89e0f?s=96&d=mm&r=g\",\"url\":\"https:\\\/\\\/secure.gravatar.com\\\/avatar\\\/f917ad82e5ab71227a733c78b6e60715476f69ee6be59feee4eb5d9920c89e0f?s=96&d=mm&r=g\",\"contentUrl\":\"https:\\\/\\\/secure.gravatar.com\\\/avatar\\\/f917ad82e5ab71227a733c78b6e60715476f69ee6be59feee4eb5d9920c89e0f?s=96&d=mm&r=g\",\"caption\":\"Kuali Staff\"},\"url\":\"https:\\\/\\\/kuali.com.mx\\\/web\\\/author\\\/lagarto\\\/\"}]}<\/script>\n<!-- \/ Yoast SEO plugin. -->","yoast_head_json":{"title":"MEJORAN MOVILIDAD EN SAN JUAN DE ABAJO - Kuali","robots":{"index":"index","follow":"follow","max-snippet":"max-snippet:-1","max-image-preview":"max-image-preview:large","max-video-preview":"max-video-preview:-1"},"canonical":"https:\/\/kuali.com.mx\/web\/2026\/03\/25\/mejoran-movilidad-en-san-juan-de-abajo\/","og_locale":"es_MX","og_type":"article","og_title":"MEJORAN MOVILIDAD EN SAN JUAN DE ABAJO - Kuali","og_description":"Kuali\/Le\u00f3n, Gto. La presidenta municipal, Alejandra Guti\u00e9rrez Campos, inaugur\u00f3 el Cruce Seguro Timoteo Lozano\u2013San Pedro y entreg\u00f3 la pavimentaci\u00f3n del nuevo acceso de San Juan de Abajo. En el eveto destac\u00f3 que estas acciones representan el arranque de un trabajo firme y sostenido en la zona, llevando infraestructura y mejores condiciones de vida a las [&hellip;]","og_url":"https:\/\/kuali.com.mx\/web\/2026\/03\/25\/mejoran-movilidad-en-san-juan-de-abajo\/","og_site_name":"Kuali","article_publisher":"https:\/\/kuali.com.mx\/web\/wp-content\/uploads\/2018\/04\/cropped-kuali_logo-1-1.png","article_published_time":"2026-03-25T20:15:00+00:00","article_modified_time":"2026-03-26T00:34:08+00:00","og_image":[{"width":2048,"height":1536,"url":"https:\/\/kuali.com.mx\/web\/wp-content\/uploads\/2026\/03\/Obra-cruce-seguro.jpg","type":"image\/jpeg"}],"author":"Kuali Staff","twitter_card":"summary_large_image","twitter_creator":"@kuali_noticias","twitter_site":"@kuali_noticias","twitter_misc":{"Escrito por":"Kuali Staff","Tiempo de lectura":"3 minutos"},"schema":{"@context":"https:\/\/schema.org","@graph":[{"@type":"Article","@id":"https:\/\/kuali.com.mx\/web\/2026\/03\/25\/mejoran-movilidad-en-san-juan-de-abajo\/#article","isPartOf":{"@id":"https:\/\/kuali.com.mx\/web\/2026\/03\/25\/mejoran-movilidad-en-san-juan-de-abajo\/"},"author":{"name":"Kuali Staff","@id":"https:\/\/kuali.com.mx\/web\/#\/schema\/person\/6f89ffa8ecba9dae50662357923c5289"},"headline":"MEJORAN MOVILIDAD EN SAN JUAN DE ABAJO","datePublished":"2026-03-25T20:15:00+00:00","dateModified":"2026-03-26T00:34:08+00:00","mainEntityOfPage":{"@id":"https:\/\/kuali.com.mx\/web\/2026\/03\/25\/mejoran-movilidad-en-san-juan-de-abajo\/"},"wordCount":618,"commentCount":0,"image":{"@id":"https:\/\/kuali.com.mx\/web\/2026\/03\/25\/mejoran-movilidad-en-san-juan-de-abajo\/#primaryimage"},"thumbnailUrl":"https:\/\/kuali.com.mx\/web\/wp-content\/uploads\/2026\/03\/Obra-cruce-seguro.jpg","articleSection":["Pol\u00edtica"],"inLanguage":"es","potentialAction":[{"@type":"CommentAction","name":"Comment","target":["https:\/\/kuali.com.mx\/web\/2026\/03\/25\/mejoran-movilidad-en-san-juan-de-abajo\/#respond"]}]},{"@type":"WebPage","@id":"https:\/\/kuali.com.mx\/web\/2026\/03\/25\/mejoran-movilidad-en-san-juan-de-abajo\/","url":"https:\/\/kuali.com.mx\/web\/2026\/03\/25\/mejoran-movilidad-en-san-juan-de-abajo\/","name":"MEJORAN MOVILIDAD EN SAN JUAN DE ABAJO - Kuali","isPartOf":{"@id":"https:\/\/kuali.com.mx\/web\/#website"},"primaryImageOfPage":{"@id":"https:\/\/kuali.com.mx\/web\/2026\/03\/25\/mejoran-movilidad-en-san-juan-de-abajo\/#primaryimage"},"image":{"@id":"https:\/\/kuali.com.mx\/web\/2026\/03\/25\/mejoran-movilidad-en-san-juan-de-abajo\/#primaryimage"},"thumbnailUrl":"https:\/\/kuali.com.mx\/web\/wp-content\/uploads\/2026\/03\/Obra-cruce-seguro.jpg","datePublished":"2026-03-25T20:15:00+00:00","dateModified":"2026-03-26T00:34:08+00:00","author":{"@id":"https:\/\/kuali.com.mx\/web\/#\/schema\/person\/6f89ffa8ecba9dae50662357923c5289"},"breadcrumb":{"@id":"https:\/\/kuali.com.mx\/web\/2026\/03\/25\/mejoran-movilidad-en-san-juan-de-abajo\/#breadcrumb"},"inLanguage":"es","potentialAction":[{"@type":"ReadAction","target":["https:\/\/kuali.com.mx\/web\/2026\/03\/25\/mejoran-movilidad-en-san-juan-de-abajo\/"]}]},{"@type":"ImageObject","inLanguage":"es","@id":"https:\/\/kuali.com.mx\/web\/2026\/03\/25\/mejoran-movilidad-en-san-juan-de-abajo\/#primaryimage","url":"https:\/\/kuali.com.mx\/web\/wp-content\/uploads\/2026\/03\/Obra-cruce-seguro.jpg","contentUrl":"https:\/\/kuali.com.mx\/web\/wp-content\/uploads\/2026\/03\/Obra-cruce-seguro.jpg","width":2048,"height":1536,"caption":"default"},{"@type":"BreadcrumbList","@id":"https:\/\/kuali.com.mx\/web\/2026\/03\/25\/mejoran-movilidad-en-san-juan-de-abajo\/#breadcrumb","itemListElement":[{"@type":"ListItem","position":1,"name":"Inicio","item":"https:\/\/kuali.com.mx\/web\/"},{"@type":"ListItem","position":2,"name":"MEJORAN MOVILIDAD EN SAN JUAN DE ABAJO"}]},{"@type":"WebSite","@id":"https:\/\/kuali.com.mx\/web\/#website","url":"https:\/\/kuali.com.mx\/web\/","name":"Kuali","description":"","potentialAction":[{"@type":"SearchAction","target":{"@type":"EntryPoint","urlTemplate":"https:\/\/kuali.com.mx\/web\/?s={search_term_string}"},"query-input":{"@type":"PropertyValueSpecification","valueRequired":true,"valueName":"search_term_string"}}],"inLanguage":"es"},{"@type":"Person","@id":"https:\/\/kuali.com.mx\/web\/#\/schema\/person\/6f89ffa8ecba9dae50662357923c5289","name":"Kuali Staff","image":{"@type":"ImageObject","inLanguage":"es","@id":"https:\/\/secure.gravatar.com\/avatar\/f917ad82e5ab71227a733c78b6e60715476f69ee6be59feee4eb5d9920c89e0f?s=96&d=mm&r=g","url":"https:\/\/secure.gravatar.com\/avatar\/f917ad82e5ab71227a733c78b6e60715476f69ee6be59feee4eb5d9920c89e0f?s=96&d=mm&r=g","contentUrl":"https:\/\/secure.gravatar.com\/avatar\/f917ad82e5ab71227a733c78b6e60715476f69ee6be59feee4eb5d9920c89e0f?s=96&d=mm&r=g","caption":"Kuali Staff"},"url":"https:\/\/kuali.com.mx\/web\/author\/lagarto\/"}]}},"_links":{"self":[{"href":"https:\/\/kuali.com.mx\/web\/wp-json\/wp\/v2\/posts\/200290","targetHints":{"allow":["GET"]}}],"collection":[{"href":"https:\/\/kuali.com.mx\/web\/wp-json\/wp\/v2\/posts"}],"about":[{"href":"https:\/\/kuali.com.mx\/web\/wp-json\/wp\/v2\/types\/post"}],"author":[{"embeddable":true,"href":"https:\/\/kuali.com.mx\/web\/wp-json\/wp\/v2\/users\/2"}],"replies":[{"embeddable":true,"href":"https:\/\/kuali.com.mx\/web\/wp-json\/wp\/v2\/comments?post=200290"}],"version-history":[{"count":1,"href":"https:\/\/kuali.com.mx\/web\/wp-json\/wp\/v2\/posts\/200290\/revisions"}],"predecessor-version":[{"id":200294,"href":"https:\/\/kuali.com.mx\/web\/wp-json\/wp\/v2\/posts\/200290\/revisions\/200294"}],"wp:featuredmedia":[{"embeddable":true,"href":"https:\/\/kuali.com.mx\/web\/wp-json\/wp\/v2\/media\/200293"}],"wp:attachment":[{"href":"https:\/\/kuali.com.mx\/web\/wp-json\/wp\/v2\/media?parent=200290"}],"wp:term":[{"taxonomy":"category","embeddable":true,"href":"https:\/\/kuali.com.mx\/web\/wp-json\/wp\/v2\/categories?post=200290"},{"taxonomy":"post_tag","embeddable":true,"href":"https:\/\/kuali.com.mx\/web\/wp-json\/wp\/v2\/tags?post=200290"}],"curies":[{"name":"wp","href":"https:\/\/api.w.org\/{rel}","templated":true}]}}