{"id":199560,"date":"2026-03-18T15:31:08","date_gmt":"2026-03-18T21:31:08","guid":{"rendered":"https:\/\/kuali.com.mx\/web\/?p=199560"},"modified":"2026-03-18T15:31:38","modified_gmt":"2026-03-18T21:31:38","slug":"crearan-registro-publico-de-agresores-sexuales","status":"publish","type":"post","link":"https:\/\/kuali.com.mx\/web\/2026\/03\/18\/crearan-registro-publico-de-agresores-sexuales\/","title":{"rendered":"CREAR\u00c1N REGISTRO P\u00daBLICO DE AGRESORES SEXUALES"},"content":{"rendered":"\n<p><strong><em>Carlos Garc\u00eda\/Celaya, Gto.<\/em><\/strong>\u00a0 La Comisi\u00f3n de Justicia del Congreso de Guanajuato aprob\u00f3 el dictamen de reforma al C\u00f3digo Penal para crear el Registro P\u00fablico de Personas Agresoras Sexuales.<\/p>\n\n\n\n<p>La propuesta de la gobernadora Libia Garc\u00eda Mu\u00f1oz Ledo incluye reformar la Ley Org\u00e1nica de la Fiscal\u00eda General del Estado (FGE), instancia que ser\u00eda la responsable de administrar y operar el Registro P\u00fablico.<\/p>\n\n\n\n<p>El Registro P\u00fablico de Personas Agresoras Sexuales concentrar\u00e1 la informaci\u00f3n de las personas que hayan sido sentenciadas por cometer delitos sexuales contra infantes y adolescentes.&nbsp; La iniciativa fue enviada al Congreso en septiembre del 2025.<\/p>\n\n\n\n<p>&nbsp;La Comisi\u00f3n realiz\u00f3 una mesa de trabajo para analizar la iniciativa que busca crear el delito de reclutamiento y utilizaci\u00f3n forzada de infantes y adolescentes por parte de grupos de la delincuencia organizada.&nbsp;<\/p>\n\n\n\n<p>&nbsp;En la mesa participaron representantes de la Fiscal\u00eda General del Estado, de la Procuradur\u00eda de los Derechos Humanos, de la Consejer\u00eda Jur\u00eddica del Estado, quienes emitieron sus comentarios sobre la iniciativa.<\/p>\n\n\n\n<p>Los grupos parlamentarios del PAN y Morena fueron los que presentaron iniciativas para crear el nuevo tipo penal que se castigar\u00eda hasta con 25 a\u00f1os de prisi\u00f3n.<\/p>\n\n\n\n<p>El 13 de noviembre del 2025, los diputados del PAN presentaron ante el pleno la iniciativa para reformar y adicionar art\u00edculos al C\u00f3digo Penal para crear el delito de reclutamiento y utilizaci\u00f3n de menores por parte de grupos delictivos. El nuevo tipo penal ser\u00eda un delito grave.<\/p>\n\n\n\n<p>&nbsp;La propuesta contempla la creaci\u00f3n del art\u00edculo 239 b, el cual establece que \u201ca quien por cualquier medio obligue, emplee, facilite o induzca a una persona menor de dieciocho a\u00f1os a formar parte de una asociaci\u00f3n delictuosa o a cometer cualquier delito, se le impondr\u00e1 de seis a quince a\u00f1os de prisi\u00f3n y de quinientos a cinco mil d\u00edas multa\u201d.<\/p>\n\n\n\n<p>&nbsp;Posteriormente, el 20 de noviembre, los legisladores de Morena propusieron reformar el delito de trata de personas para agravar las penas cuando \u201cel delito es cometido en contra de ni\u00f1os, ni\u00f1as y adolescentes con el fin de que participen en las actividades il\u00edcitas de los grupos delictivos; la punibilidad se incrementar\u00e1 de dos tercios del m\u00ednimo a dos tercios del m\u00e1ximo\u201d.<\/p>\n","protected":false},"excerpt":{"rendered":"Carlos Garc\u00eda\/Celaya, Gto.\u00a0 La Comisi\u00f3n de Justicia del Congreso de Guanajuato aprob\u00f3 el dictamen de reforma al C\u00f3digo Penal para crear el Registro P\u00fablico de Personas Agresoras Sexuales. La propuesta de la gobernadora Libia Garc\u00eda Mu\u00f1oz Ledo incluye reformar la Ley Org\u00e1nica de la Fiscal\u00eda General del Estado (FGE), instancia que ser\u00eda la responsable de [&hellip;]","protected":false},"author":2,"featured_media":199563,"comment_status":"open","ping_status":"open","sticky":false,"template":"","format":"standard","meta":{"_seopress_robots_primary_cat":"none","_seopress_titles_title":"","_seopress_titles_desc":"","_seopress_robots_index":"","_monsterinsights_skip_tracking":false,"_monsterinsights_sitenote_active":false,"_monsterinsights_sitenote_note":"","_monsterinsights_sitenote_category":0,"footnotes":""},"categories":[3,69],"tags":[],"class_list":["post-199560","post","type-post","status-publish","format-standard","has-post-thumbnail","hentry","category-politica","category-slider"],"yoast_head":"<!-- This site is optimized with the Yoast SEO plugin v27.5 - https:\/\/yoast.com\/product\/yoast-seo-wordpress\/ -->\n<title>CREAR\u00c1N REGISTRO P\u00daBLICO DE AGRESORES SEXUALES - Kuali<\/title>\n<meta name=\"robots\" content=\"index, follow, max-snippet:-1, max-image-preview:large, max-video-preview:-1\" \/>\n<link rel=\"canonical\" href=\"https:\/\/kuali.com.mx\/web\/2026\/03\/18\/crearan-registro-publico-de-agresores-sexuales\/\" \/>\n<meta property=\"og:locale\" content=\"es_MX\" \/>\n<meta property=\"og:type\" content=\"article\" \/>\n<meta property=\"og:title\" content=\"CREAR\u00c1N REGISTRO P\u00daBLICO DE AGRESORES SEXUALES - Kuali\" \/>\n<meta property=\"og:description\" content=\"Carlos Garc\u00eda\/Celaya, Gto.\u00a0 La Comisi\u00f3n de Justicia del Congreso de Guanajuato aprob\u00f3 el dictamen de reforma al C\u00f3digo Penal para crear el Registro P\u00fablico de Personas Agresoras Sexuales. La propuesta de la gobernadora Libia Garc\u00eda Mu\u00f1oz Ledo incluye reformar la Ley Org\u00e1nica de la Fiscal\u00eda General del Estado (FGE), instancia que ser\u00eda la responsable de [&hellip;]\" \/>\n<meta property=\"og:url\" content=\"https:\/\/kuali.com.mx\/web\/2026\/03\/18\/crearan-registro-publico-de-agresores-sexuales\/\" \/>\n<meta property=\"og:site_name\" content=\"Kuali\" \/>\n<meta property=\"article:publisher\" content=\"https:\/\/kuali.com.mx\/web\/wp-content\/uploads\/2018\/04\/cropped-kuali_logo-1-1.png\" \/>\n<meta property=\"article:published_time\" content=\"2026-03-18T21:31:08+00:00\" \/>\n<meta property=\"article:modified_time\" content=\"2026-03-18T21:31:38+00:00\" \/>\n<meta property=\"og:image\" content=\"https:\/\/kuali.com.mx\/web\/wp-content\/uploads\/2026\/03\/Comision-de-Justicia-del-Congreso.jpeg\" \/>\n\t<meta property=\"og:image:width\" content=\"1845\" \/>\n\t<meta property=\"og:image:height\" content=\"750\" \/>\n\t<meta property=\"og:image:type\" content=\"image\/jpeg\" \/>\n<meta name=\"author\" content=\"Kuali Staff\" \/>\n<meta name=\"twitter:card\" content=\"summary_large_image\" \/>\n<meta name=\"twitter:creator\" content=\"@kuali_noticias\" \/>\n<meta name=\"twitter:site\" content=\"@kuali_noticias\" \/>\n<meta name=\"twitter:label1\" content=\"Escrito por\" \/>\n\t<meta name=\"twitter:data1\" content=\"Kuali Staff\" \/>\n\t<meta name=\"twitter:label2\" content=\"Tiempo de lectura\" \/>\n\t<meta name=\"twitter:data2\" content=\"2 minutos\" \/>\n<script type=\"application\/ld+json\" class=\"yoast-schema-graph\">{\"@context\":\"https:\\\/\\\/schema.org\",\"@graph\":[{\"@type\":\"Article\",\"@id\":\"https:\\\/\\\/kuali.com.mx\\\/web\\\/2026\\\/03\\\/18\\\/crearan-registro-publico-de-agresores-sexuales\\\/#article\",\"isPartOf\":{\"@id\":\"https:\\\/\\\/kuali.com.mx\\\/web\\\/2026\\\/03\\\/18\\\/crearan-registro-publico-de-agresores-sexuales\\\/\"},\"author\":{\"name\":\"Kuali Staff\",\"@id\":\"https:\\\/\\\/kuali.com.mx\\\/web\\\/#\\\/schema\\\/person\\\/6f89ffa8ecba9dae50662357923c5289\"},\"headline\":\"CREAR\u00c1N REGISTRO P\u00daBLICO DE AGRESORES SEXUALES\",\"datePublished\":\"2026-03-18T21:31:08+00:00\",\"dateModified\":\"2026-03-18T21:31:38+00:00\",\"mainEntityOfPage\":{\"@id\":\"https:\\\/\\\/kuali.com.mx\\\/web\\\/2026\\\/03\\\/18\\\/crearan-registro-publico-de-agresores-sexuales\\\/\"},\"wordCount\":401,\"commentCount\":0,\"image\":{\"@id\":\"https:\\\/\\\/kuali.com.mx\\\/web\\\/2026\\\/03\\\/18\\\/crearan-registro-publico-de-agresores-sexuales\\\/#primaryimage\"},\"thumbnailUrl\":\"https:\\\/\\\/kuali.com.mx\\\/web\\\/wp-content\\\/uploads\\\/2026\\\/03\\\/Comision-de-Justicia-del-Congreso.jpeg\",\"articleSection\":[\"Pol\u00edtica\",\"slider\"],\"inLanguage\":\"es\",\"potentialAction\":[{\"@type\":\"CommentAction\",\"name\":\"Comment\",\"target\":[\"https:\\\/\\\/kuali.com.mx\\\/web\\\/2026\\\/03\\\/18\\\/crearan-registro-publico-de-agresores-sexuales\\\/#respond\"]}]},{\"@type\":\"WebPage\",\"@id\":\"https:\\\/\\\/kuali.com.mx\\\/web\\\/2026\\\/03\\\/18\\\/crearan-registro-publico-de-agresores-sexuales\\\/\",\"url\":\"https:\\\/\\\/kuali.com.mx\\\/web\\\/2026\\\/03\\\/18\\\/crearan-registro-publico-de-agresores-sexuales\\\/\",\"name\":\"CREAR\u00c1N REGISTRO P\u00daBLICO DE AGRESORES SEXUALES - Kuali\",\"isPartOf\":{\"@id\":\"https:\\\/\\\/kuali.com.mx\\\/web\\\/#website\"},\"primaryImageOfPage\":{\"@id\":\"https:\\\/\\\/kuali.com.mx\\\/web\\\/2026\\\/03\\\/18\\\/crearan-registro-publico-de-agresores-sexuales\\\/#primaryimage\"},\"image\":{\"@id\":\"https:\\\/\\\/kuali.com.mx\\\/web\\\/2026\\\/03\\\/18\\\/crearan-registro-publico-de-agresores-sexuales\\\/#primaryimage\"},\"thumbnailUrl\":\"https:\\\/\\\/kuali.com.mx\\\/web\\\/wp-content\\\/uploads\\\/2026\\\/03\\\/Comision-de-Justicia-del-Congreso.jpeg\",\"datePublished\":\"2026-03-18T21:31:08+00:00\",\"dateModified\":\"2026-03-18T21:31:38+00:00\",\"author\":{\"@id\":\"https:\\\/\\\/kuali.com.mx\\\/web\\\/#\\\/schema\\\/person\\\/6f89ffa8ecba9dae50662357923c5289\"},\"breadcrumb\":{\"@id\":\"https:\\\/\\\/kuali.com.mx\\\/web\\\/2026\\\/03\\\/18\\\/crearan-registro-publico-de-agresores-sexuales\\\/#breadcrumb\"},\"inLanguage\":\"es\",\"potentialAction\":[{\"@type\":\"ReadAction\",\"target\":[\"https:\\\/\\\/kuali.com.mx\\\/web\\\/2026\\\/03\\\/18\\\/crearan-registro-publico-de-agresores-sexuales\\\/\"]}]},{\"@type\":\"ImageObject\",\"inLanguage\":\"es\",\"@id\":\"https:\\\/\\\/kuali.com.mx\\\/web\\\/2026\\\/03\\\/18\\\/crearan-registro-publico-de-agresores-sexuales\\\/#primaryimage\",\"url\":\"https:\\\/\\\/kuali.com.mx\\\/web\\\/wp-content\\\/uploads\\\/2026\\\/03\\\/Comision-de-Justicia-del-Congreso.jpeg\",\"contentUrl\":\"https:\\\/\\\/kuali.com.mx\\\/web\\\/wp-content\\\/uploads\\\/2026\\\/03\\\/Comision-de-Justicia-del-Congreso.jpeg\",\"width\":1845,\"height\":750},{\"@type\":\"BreadcrumbList\",\"@id\":\"https:\\\/\\\/kuali.com.mx\\\/web\\\/2026\\\/03\\\/18\\\/crearan-registro-publico-de-agresores-sexuales\\\/#breadcrumb\",\"itemListElement\":[{\"@type\":\"ListItem\",\"position\":1,\"name\":\"Inicio\",\"item\":\"https:\\\/\\\/kuali.com.mx\\\/web\\\/\"},{\"@type\":\"ListItem\",\"position\":2,\"name\":\"CREAR\u00c1N REGISTRO P\u00daBLICO DE AGRESORES SEXUALES\"}]},{\"@type\":\"WebSite\",\"@id\":\"https:\\\/\\\/kuali.com.mx\\\/web\\\/#website\",\"url\":\"https:\\\/\\\/kuali.com.mx\\\/web\\\/\",\"name\":\"Kuali\",\"description\":\"\",\"potentialAction\":[{\"@type\":\"SearchAction\",\"target\":{\"@type\":\"EntryPoint\",\"urlTemplate\":\"https:\\\/\\\/kuali.com.mx\\\/web\\\/?s={search_term_string}\"},\"query-input\":{\"@type\":\"PropertyValueSpecification\",\"valueRequired\":true,\"valueName\":\"search_term_string\"}}],\"inLanguage\":\"es\"},{\"@type\":\"Person\",\"@id\":\"https:\\\/\\\/kuali.com.mx\\\/web\\\/#\\\/schema\\\/person\\\/6f89ffa8ecba9dae50662357923c5289\",\"name\":\"Kuali Staff\",\"image\":{\"@type\":\"ImageObject\",\"inLanguage\":\"es\",\"@id\":\"https:\\\/\\\/secure.gravatar.com\\\/avatar\\\/f917ad82e5ab71227a733c78b6e60715476f69ee6be59feee4eb5d9920c89e0f?s=96&d=mm&r=g\",\"url\":\"https:\\\/\\\/secure.gravatar.com\\\/avatar\\\/f917ad82e5ab71227a733c78b6e60715476f69ee6be59feee4eb5d9920c89e0f?s=96&d=mm&r=g\",\"contentUrl\":\"https:\\\/\\\/secure.gravatar.com\\\/avatar\\\/f917ad82e5ab71227a733c78b6e60715476f69ee6be59feee4eb5d9920c89e0f?s=96&d=mm&r=g\",\"caption\":\"Kuali Staff\"},\"url\":\"https:\\\/\\\/kuali.com.mx\\\/web\\\/author\\\/lagarto\\\/\"}]}<\/script>\n<!-- \/ Yoast SEO plugin. -->","yoast_head_json":{"title":"CREAR\u00c1N REGISTRO P\u00daBLICO DE AGRESORES SEXUALES - Kuali","robots":{"index":"index","follow":"follow","max-snippet":"max-snippet:-1","max-image-preview":"max-image-preview:large","max-video-preview":"max-video-preview:-1"},"canonical":"https:\/\/kuali.com.mx\/web\/2026\/03\/18\/crearan-registro-publico-de-agresores-sexuales\/","og_locale":"es_MX","og_type":"article","og_title":"CREAR\u00c1N REGISTRO P\u00daBLICO DE AGRESORES SEXUALES - Kuali","og_description":"Carlos Garc\u00eda\/Celaya, Gto.\u00a0 La Comisi\u00f3n de Justicia del Congreso de Guanajuato aprob\u00f3 el dictamen de reforma al C\u00f3digo Penal para crear el Registro P\u00fablico de Personas Agresoras Sexuales. La propuesta de la gobernadora Libia Garc\u00eda Mu\u00f1oz Ledo incluye reformar la Ley Org\u00e1nica de la Fiscal\u00eda General del Estado (FGE), instancia que ser\u00eda la responsable de [&hellip;]","og_url":"https:\/\/kuali.com.mx\/web\/2026\/03\/18\/crearan-registro-publico-de-agresores-sexuales\/","og_site_name":"Kuali","article_publisher":"https:\/\/kuali.com.mx\/web\/wp-content\/uploads\/2018\/04\/cropped-kuali_logo-1-1.png","article_published_time":"2026-03-18T21:31:08+00:00","article_modified_time":"2026-03-18T21:31:38+00:00","og_image":[{"width":1845,"height":750,"url":"https:\/\/kuali.com.mx\/web\/wp-content\/uploads\/2026\/03\/Comision-de-Justicia-del-Congreso.jpeg","type":"image\/jpeg"}],"author":"Kuali Staff","twitter_card":"summary_large_image","twitter_creator":"@kuali_noticias","twitter_site":"@kuali_noticias","twitter_misc":{"Escrito por":"Kuali Staff","Tiempo de lectura":"2 minutos"},"schema":{"@context":"https:\/\/schema.org","@graph":[{"@type":"Article","@id":"https:\/\/kuali.com.mx\/web\/2026\/03\/18\/crearan-registro-publico-de-agresores-sexuales\/#article","isPartOf":{"@id":"https:\/\/kuali.com.mx\/web\/2026\/03\/18\/crearan-registro-publico-de-agresores-sexuales\/"},"author":{"name":"Kuali Staff","@id":"https:\/\/kuali.com.mx\/web\/#\/schema\/person\/6f89ffa8ecba9dae50662357923c5289"},"headline":"CREAR\u00c1N REGISTRO P\u00daBLICO DE AGRESORES SEXUALES","datePublished":"2026-03-18T21:31:08+00:00","dateModified":"2026-03-18T21:31:38+00:00","mainEntityOfPage":{"@id":"https:\/\/kuali.com.mx\/web\/2026\/03\/18\/crearan-registro-publico-de-agresores-sexuales\/"},"wordCount":401,"commentCount":0,"image":{"@id":"https:\/\/kuali.com.mx\/web\/2026\/03\/18\/crearan-registro-publico-de-agresores-sexuales\/#primaryimage"},"thumbnailUrl":"https:\/\/kuali.com.mx\/web\/wp-content\/uploads\/2026\/03\/Comision-de-Justicia-del-Congreso.jpeg","articleSection":["Pol\u00edtica","slider"],"inLanguage":"es","potentialAction":[{"@type":"CommentAction","name":"Comment","target":["https:\/\/kuali.com.mx\/web\/2026\/03\/18\/crearan-registro-publico-de-agresores-sexuales\/#respond"]}]},{"@type":"WebPage","@id":"https:\/\/kuali.com.mx\/web\/2026\/03\/18\/crearan-registro-publico-de-agresores-sexuales\/","url":"https:\/\/kuali.com.mx\/web\/2026\/03\/18\/crearan-registro-publico-de-agresores-sexuales\/","name":"CREAR\u00c1N REGISTRO P\u00daBLICO DE AGRESORES SEXUALES - Kuali","isPartOf":{"@id":"https:\/\/kuali.com.mx\/web\/#website"},"primaryImageOfPage":{"@id":"https:\/\/kuali.com.mx\/web\/2026\/03\/18\/crearan-registro-publico-de-agresores-sexuales\/#primaryimage"},"image":{"@id":"https:\/\/kuali.com.mx\/web\/2026\/03\/18\/crearan-registro-publico-de-agresores-sexuales\/#primaryimage"},"thumbnailUrl":"https:\/\/kuali.com.mx\/web\/wp-content\/uploads\/2026\/03\/Comision-de-Justicia-del-Congreso.jpeg","datePublished":"2026-03-18T21:31:08+00:00","dateModified":"2026-03-18T21:31:38+00:00","author":{"@id":"https:\/\/kuali.com.mx\/web\/#\/schema\/person\/6f89ffa8ecba9dae50662357923c5289"},"breadcrumb":{"@id":"https:\/\/kuali.com.mx\/web\/2026\/03\/18\/crearan-registro-publico-de-agresores-sexuales\/#breadcrumb"},"inLanguage":"es","potentialAction":[{"@type":"ReadAction","target":["https:\/\/kuali.com.mx\/web\/2026\/03\/18\/crearan-registro-publico-de-agresores-sexuales\/"]}]},{"@type":"ImageObject","inLanguage":"es","@id":"https:\/\/kuali.com.mx\/web\/2026\/03\/18\/crearan-registro-publico-de-agresores-sexuales\/#primaryimage","url":"https:\/\/kuali.com.mx\/web\/wp-content\/uploads\/2026\/03\/Comision-de-Justicia-del-Congreso.jpeg","contentUrl":"https:\/\/kuali.com.mx\/web\/wp-content\/uploads\/2026\/03\/Comision-de-Justicia-del-Congreso.jpeg","width":1845,"height":750},{"@type":"BreadcrumbList","@id":"https:\/\/kuali.com.mx\/web\/2026\/03\/18\/crearan-registro-publico-de-agresores-sexuales\/#breadcrumb","itemListElement":[{"@type":"ListItem","position":1,"name":"Inicio","item":"https:\/\/kuali.com.mx\/web\/"},{"@type":"ListItem","position":2,"name":"CREAR\u00c1N REGISTRO P\u00daBLICO DE AGRESORES SEXUALES"}]},{"@type":"WebSite","@id":"https:\/\/kuali.com.mx\/web\/#website","url":"https:\/\/kuali.com.mx\/web\/","name":"Kuali","description":"","potentialAction":[{"@type":"SearchAction","target":{"@type":"EntryPoint","urlTemplate":"https:\/\/kuali.com.mx\/web\/?s={search_term_string}"},"query-input":{"@type":"PropertyValueSpecification","valueRequired":true,"valueName":"search_term_string"}}],"inLanguage":"es"},{"@type":"Person","@id":"https:\/\/kuali.com.mx\/web\/#\/schema\/person\/6f89ffa8ecba9dae50662357923c5289","name":"Kuali Staff","image":{"@type":"ImageObject","inLanguage":"es","@id":"https:\/\/secure.gravatar.com\/avatar\/f917ad82e5ab71227a733c78b6e60715476f69ee6be59feee4eb5d9920c89e0f?s=96&d=mm&r=g","url":"https:\/\/secure.gravatar.com\/avatar\/f917ad82e5ab71227a733c78b6e60715476f69ee6be59feee4eb5d9920c89e0f?s=96&d=mm&r=g","contentUrl":"https:\/\/secure.gravatar.com\/avatar\/f917ad82e5ab71227a733c78b6e60715476f69ee6be59feee4eb5d9920c89e0f?s=96&d=mm&r=g","caption":"Kuali Staff"},"url":"https:\/\/kuali.com.mx\/web\/author\/lagarto\/"}]}},"_links":{"self":[{"href":"https:\/\/kuali.com.mx\/web\/wp-json\/wp\/v2\/posts\/199560","targetHints":{"allow":["GET"]}}],"collection":[{"href":"https:\/\/kuali.com.mx\/web\/wp-json\/wp\/v2\/posts"}],"about":[{"href":"https:\/\/kuali.com.mx\/web\/wp-json\/wp\/v2\/types\/post"}],"author":[{"embeddable":true,"href":"https:\/\/kuali.com.mx\/web\/wp-json\/wp\/v2\/users\/2"}],"replies":[{"embeddable":true,"href":"https:\/\/kuali.com.mx\/web\/wp-json\/wp\/v2\/comments?post=199560"}],"version-history":[{"count":2,"href":"https:\/\/kuali.com.mx\/web\/wp-json\/wp\/v2\/posts\/199560\/revisions"}],"predecessor-version":[{"id":199565,"href":"https:\/\/kuali.com.mx\/web\/wp-json\/wp\/v2\/posts\/199560\/revisions\/199565"}],"wp:featuredmedia":[{"embeddable":true,"href":"https:\/\/kuali.com.mx\/web\/wp-json\/wp\/v2\/media\/199563"}],"wp:attachment":[{"href":"https:\/\/kuali.com.mx\/web\/wp-json\/wp\/v2\/media?parent=199560"}],"wp:term":[{"taxonomy":"category","embeddable":true,"href":"https:\/\/kuali.com.mx\/web\/wp-json\/wp\/v2\/categories?post=199560"},{"taxonomy":"post_tag","embeddable":true,"href":"https:\/\/kuali.com.mx\/web\/wp-json\/wp\/v2\/tags?post=199560"}],"curies":[{"name":"wp","href":"https:\/\/api.w.org\/{rel}","templated":true}]}}