{"id":197407,"date":"2026-02-19T18:39:14","date_gmt":"2026-02-20T00:39:14","guid":{"rendered":"https:\/\/kuali.com.mx\/web\/?p=197407"},"modified":"2026-02-19T18:39:37","modified_gmt":"2026-02-20T00:39:37","slug":"ocl-pide-mas-presencia-policial-y-combate-a-la-impunidad","status":"publish","type":"post","link":"https:\/\/kuali.com.mx\/web\/2026\/02\/19\/ocl-pide-mas-presencia-policial-y-combate-a-la-impunidad\/","title":{"rendered":"OCL PIDE M\u00c1S PRESENCIA POLICIAL Y COMBATE A LA IMPUNIDAD"},"content":{"rendered":"\n<p><strong>Milagros Tadeo\/Le\u00f3n, Gto.-<\/strong>&nbsp;El Observatorio Ciudadano de Le\u00f3n (OCL) hizo un llamado a las autoridades para reforzar la presencia policial en espacios p\u00fablicos y cerrar el paso a la impunidad, con el objetivo de inhibir la posibilidad de m\u00e1s ataques contra la poblaci\u00f3n.<\/p>\n\n\n\n<p>La&nbsp;presidenta&nbsp;del OCL, Mayra Georgina Legaspi Trist\u00e1n, se\u00f1al\u00f3 que, aunque no es posible colocar polic\u00edas en todas las colonias, s\u00ed se deben destinar los recursos disponibles para garantizar que los espacios p\u00fablicos sean seguros y evitar sean puntos de ataques armados como los ocurridos en San Francisco del Rinc\u00f3n y Salamanca.<\/p>\n\n\n\n<p>\u201cEl crimen organizado siempre va a buscar desestabilizar, me parece que buscar los espacios p\u00fablicos sean los m\u00e1s seguros y tengan atenci\u00f3n, yo s\u00e9 que no vamos a poder poner polic\u00edas en todas las colonias ni en cada punto donde hay un delito, pero s\u00ed creo que con los recursos que tiene cada una de las autoridades, tiene que dimensionar c\u00f3mo hace que los espacios se vuelvan seguros\u201d, indic\u00f3.<\/p>\n\n\n\n<p>Asimismo, dijo que debe avanzar en el combate a la impunidad, pues consider\u00f3 que un gran n\u00famero de victimarios siguen sin ser detenidos, lo que genera una \u201cpuerta giratoria\u201d que permite la reproducci\u00f3n del delito.<\/p>\n\n\n\n<p>En este sentido, inst\u00f3 a las autoridades de los tres niveles de gobierno a realizar esfuerzos conjuntos para lograr detenciones efectivas y evitar que los responsables contin\u00faen generando violencia en el estado.<\/p>\n","protected":false},"excerpt":{"rendered":"Milagros Tadeo\/Le\u00f3n, Gto.-&nbsp;El Observatorio Ciudadano de Le\u00f3n (OCL) hizo un llamado a las autoridades para reforzar la presencia policial en espacios p\u00fablicos y cerrar el paso a la impunidad, con el objetivo de inhibir la posibilidad de m\u00e1s ataques contra la poblaci\u00f3n. La&nbsp;presidenta&nbsp;del OCL, Mayra Georgina Legaspi Trist\u00e1n, se\u00f1al\u00f3 que, aunque no es posible colocar [&hellip;]","protected":false},"author":2,"featured_media":111323,"comment_status":"open","ping_status":"open","sticky":false,"template":"","format":"standard","meta":{"_seopress_robots_primary_cat":"none","_seopress_titles_title":"","_seopress_titles_desc":"","_seopress_robots_index":"","_monsterinsights_skip_tracking":false,"_monsterinsights_sitenote_active":false,"_monsterinsights_sitenote_note":"","_monsterinsights_sitenote_category":0,"footnotes":""},"categories":[3],"tags":[780,400,101,10,6421],"class_list":["post-197407","post","type-post","status-publish","format-standard","has-post-thumbnail","hentry","category-politica","tag-delincuencia","tag-impunidad","tag-inseguridad","tag-leon","tag-presencia-policial"],"yoast_head":"<!-- This site is optimized with the Yoast SEO plugin v27.4 - https:\/\/yoast.com\/product\/yoast-seo-wordpress\/ -->\n<title>OCL PIDE M\u00c1S PRESENCIA POLICIAL Y COMBATE A LA IMPUNIDAD - Kuali<\/title>\n<meta name=\"robots\" content=\"index, follow, max-snippet:-1, max-image-preview:large, max-video-preview:-1\" \/>\n<link rel=\"canonical\" href=\"https:\/\/kuali.com.mx\/web\/2026\/02\/19\/ocl-pide-mas-presencia-policial-y-combate-a-la-impunidad\/\" \/>\n<meta property=\"og:locale\" content=\"es_MX\" \/>\n<meta property=\"og:type\" content=\"article\" \/>\n<meta property=\"og:title\" content=\"OCL PIDE M\u00c1S PRESENCIA POLICIAL Y COMBATE A LA IMPUNIDAD - Kuali\" \/>\n<meta property=\"og:description\" content=\"Milagros Tadeo\/Le\u00f3n, Gto.-&nbsp;El Observatorio Ciudadano de Le\u00f3n (OCL) hizo un llamado a las autoridades para reforzar la presencia policial en espacios p\u00fablicos y cerrar el paso a la impunidad, con el objetivo de inhibir la posibilidad de m\u00e1s ataques contra la poblaci\u00f3n. La&nbsp;presidenta&nbsp;del OCL, Mayra Georgina Legaspi Trist\u00e1n, se\u00f1al\u00f3 que, aunque no es posible colocar [&hellip;]\" \/>\n<meta property=\"og:url\" content=\"https:\/\/kuali.com.mx\/web\/2026\/02\/19\/ocl-pide-mas-presencia-policial-y-combate-a-la-impunidad\/\" \/>\n<meta property=\"og:site_name\" content=\"Kuali\" \/>\n<meta property=\"article:publisher\" content=\"https:\/\/kuali.com.mx\/web\/wp-content\/uploads\/2018\/04\/cropped-kuali_logo-1-1.png\" \/>\n<meta property=\"article:published_time\" content=\"2026-02-20T00:39:14+00:00\" \/>\n<meta property=\"article:modified_time\" content=\"2026-02-20T00:39:37+00:00\" \/>\n<meta property=\"og:image\" content=\"https:\/\/kuali.com.mx\/web\/wp-content\/uploads\/2023\/01\/Mayra-Legaspi.gif\" \/>\n\t<meta property=\"og:image:width\" content=\"1394\" \/>\n\t<meta property=\"og:image:height\" content=\"749\" \/>\n\t<meta property=\"og:image:type\" content=\"image\/gif\" \/>\n<meta name=\"author\" content=\"Kuali Staff\" \/>\n<meta name=\"twitter:card\" content=\"summary_large_image\" \/>\n<meta name=\"twitter:creator\" content=\"@kuali_noticias\" \/>\n<meta name=\"twitter:site\" content=\"@kuali_noticias\" \/>\n<meta name=\"twitter:label1\" content=\"Escrito por\" \/>\n\t<meta name=\"twitter:data1\" content=\"Kuali Staff\" \/>\n\t<meta name=\"twitter:label2\" content=\"Tiempo de lectura\" \/>\n\t<meta name=\"twitter:data2\" content=\"1 minuto\" \/>\n<script type=\"application\/ld+json\" class=\"yoast-schema-graph\">{\"@context\":\"https:\\\/\\\/schema.org\",\"@graph\":[{\"@type\":\"Article\",\"@id\":\"https:\\\/\\\/kuali.com.mx\\\/web\\\/2026\\\/02\\\/19\\\/ocl-pide-mas-presencia-policial-y-combate-a-la-impunidad\\\/#article\",\"isPartOf\":{\"@id\":\"https:\\\/\\\/kuali.com.mx\\\/web\\\/2026\\\/02\\\/19\\\/ocl-pide-mas-presencia-policial-y-combate-a-la-impunidad\\\/\"},\"author\":{\"name\":\"Kuali Staff\",\"@id\":\"https:\\\/\\\/kuali.com.mx\\\/web\\\/#\\\/schema\\\/person\\\/6f89ffa8ecba9dae50662357923c5289\"},\"headline\":\"OCL PIDE M\u00c1S PRESENCIA POLICIAL Y COMBATE A LA IMPUNIDAD\",\"datePublished\":\"2026-02-20T00:39:14+00:00\",\"dateModified\":\"2026-02-20T00:39:37+00:00\",\"mainEntityOfPage\":{\"@id\":\"https:\\\/\\\/kuali.com.mx\\\/web\\\/2026\\\/02\\\/19\\\/ocl-pide-mas-presencia-policial-y-combate-a-la-impunidad\\\/\"},\"wordCount\":265,\"commentCount\":0,\"image\":{\"@id\":\"https:\\\/\\\/kuali.com.mx\\\/web\\\/2026\\\/02\\\/19\\\/ocl-pide-mas-presencia-policial-y-combate-a-la-impunidad\\\/#primaryimage\"},\"thumbnailUrl\":\"https:\\\/\\\/kuali.com.mx\\\/web\\\/wp-content\\\/uploads\\\/2023\\\/01\\\/Mayra-Legaspi.gif\",\"keywords\":[\"Delincuencia\",\"Impunidad\",\"Inseguridad\",\"Le\u00f3n\",\"Presencia policial\"],\"articleSection\":[\"Pol\u00edtica\"],\"inLanguage\":\"es\",\"potentialAction\":[{\"@type\":\"CommentAction\",\"name\":\"Comment\",\"target\":[\"https:\\\/\\\/kuali.com.mx\\\/web\\\/2026\\\/02\\\/19\\\/ocl-pide-mas-presencia-policial-y-combate-a-la-impunidad\\\/#respond\"]}]},{\"@type\":\"WebPage\",\"@id\":\"https:\\\/\\\/kuali.com.mx\\\/web\\\/2026\\\/02\\\/19\\\/ocl-pide-mas-presencia-policial-y-combate-a-la-impunidad\\\/\",\"url\":\"https:\\\/\\\/kuali.com.mx\\\/web\\\/2026\\\/02\\\/19\\\/ocl-pide-mas-presencia-policial-y-combate-a-la-impunidad\\\/\",\"name\":\"OCL PIDE M\u00c1S PRESENCIA POLICIAL Y COMBATE A LA IMPUNIDAD - Kuali\",\"isPartOf\":{\"@id\":\"https:\\\/\\\/kuali.com.mx\\\/web\\\/#website\"},\"primaryImageOfPage\":{\"@id\":\"https:\\\/\\\/kuali.com.mx\\\/web\\\/2026\\\/02\\\/19\\\/ocl-pide-mas-presencia-policial-y-combate-a-la-impunidad\\\/#primaryimage\"},\"image\":{\"@id\":\"https:\\\/\\\/kuali.com.mx\\\/web\\\/2026\\\/02\\\/19\\\/ocl-pide-mas-presencia-policial-y-combate-a-la-impunidad\\\/#primaryimage\"},\"thumbnailUrl\":\"https:\\\/\\\/kuali.com.mx\\\/web\\\/wp-content\\\/uploads\\\/2023\\\/01\\\/Mayra-Legaspi.gif\",\"datePublished\":\"2026-02-20T00:39:14+00:00\",\"dateModified\":\"2026-02-20T00:39:37+00:00\",\"author\":{\"@id\":\"https:\\\/\\\/kuali.com.mx\\\/web\\\/#\\\/schema\\\/person\\\/6f89ffa8ecba9dae50662357923c5289\"},\"breadcrumb\":{\"@id\":\"https:\\\/\\\/kuali.com.mx\\\/web\\\/2026\\\/02\\\/19\\\/ocl-pide-mas-presencia-policial-y-combate-a-la-impunidad\\\/#breadcrumb\"},\"inLanguage\":\"es\",\"potentialAction\":[{\"@type\":\"ReadAction\",\"target\":[\"https:\\\/\\\/kuali.com.mx\\\/web\\\/2026\\\/02\\\/19\\\/ocl-pide-mas-presencia-policial-y-combate-a-la-impunidad\\\/\"]}]},{\"@type\":\"ImageObject\",\"inLanguage\":\"es\",\"@id\":\"https:\\\/\\\/kuali.com.mx\\\/web\\\/2026\\\/02\\\/19\\\/ocl-pide-mas-presencia-policial-y-combate-a-la-impunidad\\\/#primaryimage\",\"url\":\"https:\\\/\\\/kuali.com.mx\\\/web\\\/wp-content\\\/uploads\\\/2023\\\/01\\\/Mayra-Legaspi.gif\",\"contentUrl\":\"https:\\\/\\\/kuali.com.mx\\\/web\\\/wp-content\\\/uploads\\\/2023\\\/01\\\/Mayra-Legaspi.gif\",\"width\":1394,\"height\":749},{\"@type\":\"BreadcrumbList\",\"@id\":\"https:\\\/\\\/kuali.com.mx\\\/web\\\/2026\\\/02\\\/19\\\/ocl-pide-mas-presencia-policial-y-combate-a-la-impunidad\\\/#breadcrumb\",\"itemListElement\":[{\"@type\":\"ListItem\",\"position\":1,\"name\":\"Inicio\",\"item\":\"https:\\\/\\\/kuali.com.mx\\\/web\\\/\"},{\"@type\":\"ListItem\",\"position\":2,\"name\":\"OCL PIDE M\u00c1S PRESENCIA POLICIAL Y COMBATE A LA IMPUNIDAD\"}]},{\"@type\":\"WebSite\",\"@id\":\"https:\\\/\\\/kuali.com.mx\\\/web\\\/#website\",\"url\":\"https:\\\/\\\/kuali.com.mx\\\/web\\\/\",\"name\":\"Kuali\",\"description\":\"\",\"potentialAction\":[{\"@type\":\"SearchAction\",\"target\":{\"@type\":\"EntryPoint\",\"urlTemplate\":\"https:\\\/\\\/kuali.com.mx\\\/web\\\/?s={search_term_string}\"},\"query-input\":{\"@type\":\"PropertyValueSpecification\",\"valueRequired\":true,\"valueName\":\"search_term_string\"}}],\"inLanguage\":\"es\"},{\"@type\":\"Person\",\"@id\":\"https:\\\/\\\/kuali.com.mx\\\/web\\\/#\\\/schema\\\/person\\\/6f89ffa8ecba9dae50662357923c5289\",\"name\":\"Kuali Staff\",\"image\":{\"@type\":\"ImageObject\",\"inLanguage\":\"es\",\"@id\":\"https:\\\/\\\/secure.gravatar.com\\\/avatar\\\/f917ad82e5ab71227a733c78b6e60715476f69ee6be59feee4eb5d9920c89e0f?s=96&d=mm&r=g\",\"url\":\"https:\\\/\\\/secure.gravatar.com\\\/avatar\\\/f917ad82e5ab71227a733c78b6e60715476f69ee6be59feee4eb5d9920c89e0f?s=96&d=mm&r=g\",\"contentUrl\":\"https:\\\/\\\/secure.gravatar.com\\\/avatar\\\/f917ad82e5ab71227a733c78b6e60715476f69ee6be59feee4eb5d9920c89e0f?s=96&d=mm&r=g\",\"caption\":\"Kuali Staff\"},\"url\":\"https:\\\/\\\/kuali.com.mx\\\/web\\\/author\\\/lagarto\\\/\"}]}<\/script>\n<!-- \/ Yoast SEO plugin. -->","yoast_head_json":{"title":"OCL PIDE M\u00c1S PRESENCIA POLICIAL Y COMBATE A LA IMPUNIDAD - Kuali","robots":{"index":"index","follow":"follow","max-snippet":"max-snippet:-1","max-image-preview":"max-image-preview:large","max-video-preview":"max-video-preview:-1"},"canonical":"https:\/\/kuali.com.mx\/web\/2026\/02\/19\/ocl-pide-mas-presencia-policial-y-combate-a-la-impunidad\/","og_locale":"es_MX","og_type":"article","og_title":"OCL PIDE M\u00c1S PRESENCIA POLICIAL Y COMBATE A LA IMPUNIDAD - Kuali","og_description":"Milagros Tadeo\/Le\u00f3n, Gto.-&nbsp;El Observatorio Ciudadano de Le\u00f3n (OCL) hizo un llamado a las autoridades para reforzar la presencia policial en espacios p\u00fablicos y cerrar el paso a la impunidad, con el objetivo de inhibir la posibilidad de m\u00e1s ataques contra la poblaci\u00f3n. La&nbsp;presidenta&nbsp;del OCL, Mayra Georgina Legaspi Trist\u00e1n, se\u00f1al\u00f3 que, aunque no es posible colocar [&hellip;]","og_url":"https:\/\/kuali.com.mx\/web\/2026\/02\/19\/ocl-pide-mas-presencia-policial-y-combate-a-la-impunidad\/","og_site_name":"Kuali","article_publisher":"https:\/\/kuali.com.mx\/web\/wp-content\/uploads\/2018\/04\/cropped-kuali_logo-1-1.png","article_published_time":"2026-02-20T00:39:14+00:00","article_modified_time":"2026-02-20T00:39:37+00:00","og_image":[{"width":1394,"height":749,"url":"https:\/\/kuali.com.mx\/web\/wp-content\/uploads\/2023\/01\/Mayra-Legaspi.gif","type":"image\/gif"}],"author":"Kuali Staff","twitter_card":"summary_large_image","twitter_creator":"@kuali_noticias","twitter_site":"@kuali_noticias","twitter_misc":{"Escrito por":"Kuali Staff","Tiempo de lectura":"1 minuto"},"schema":{"@context":"https:\/\/schema.org","@graph":[{"@type":"Article","@id":"https:\/\/kuali.com.mx\/web\/2026\/02\/19\/ocl-pide-mas-presencia-policial-y-combate-a-la-impunidad\/#article","isPartOf":{"@id":"https:\/\/kuali.com.mx\/web\/2026\/02\/19\/ocl-pide-mas-presencia-policial-y-combate-a-la-impunidad\/"},"author":{"name":"Kuali Staff","@id":"https:\/\/kuali.com.mx\/web\/#\/schema\/person\/6f89ffa8ecba9dae50662357923c5289"},"headline":"OCL PIDE M\u00c1S PRESENCIA POLICIAL Y COMBATE A LA IMPUNIDAD","datePublished":"2026-02-20T00:39:14+00:00","dateModified":"2026-02-20T00:39:37+00:00","mainEntityOfPage":{"@id":"https:\/\/kuali.com.mx\/web\/2026\/02\/19\/ocl-pide-mas-presencia-policial-y-combate-a-la-impunidad\/"},"wordCount":265,"commentCount":0,"image":{"@id":"https:\/\/kuali.com.mx\/web\/2026\/02\/19\/ocl-pide-mas-presencia-policial-y-combate-a-la-impunidad\/#primaryimage"},"thumbnailUrl":"https:\/\/kuali.com.mx\/web\/wp-content\/uploads\/2023\/01\/Mayra-Legaspi.gif","keywords":["Delincuencia","Impunidad","Inseguridad","Le\u00f3n","Presencia policial"],"articleSection":["Pol\u00edtica"],"inLanguage":"es","potentialAction":[{"@type":"CommentAction","name":"Comment","target":["https:\/\/kuali.com.mx\/web\/2026\/02\/19\/ocl-pide-mas-presencia-policial-y-combate-a-la-impunidad\/#respond"]}]},{"@type":"WebPage","@id":"https:\/\/kuali.com.mx\/web\/2026\/02\/19\/ocl-pide-mas-presencia-policial-y-combate-a-la-impunidad\/","url":"https:\/\/kuali.com.mx\/web\/2026\/02\/19\/ocl-pide-mas-presencia-policial-y-combate-a-la-impunidad\/","name":"OCL PIDE M\u00c1S PRESENCIA POLICIAL Y COMBATE A LA IMPUNIDAD - Kuali","isPartOf":{"@id":"https:\/\/kuali.com.mx\/web\/#website"},"primaryImageOfPage":{"@id":"https:\/\/kuali.com.mx\/web\/2026\/02\/19\/ocl-pide-mas-presencia-policial-y-combate-a-la-impunidad\/#primaryimage"},"image":{"@id":"https:\/\/kuali.com.mx\/web\/2026\/02\/19\/ocl-pide-mas-presencia-policial-y-combate-a-la-impunidad\/#primaryimage"},"thumbnailUrl":"https:\/\/kuali.com.mx\/web\/wp-content\/uploads\/2023\/01\/Mayra-Legaspi.gif","datePublished":"2026-02-20T00:39:14+00:00","dateModified":"2026-02-20T00:39:37+00:00","author":{"@id":"https:\/\/kuali.com.mx\/web\/#\/schema\/person\/6f89ffa8ecba9dae50662357923c5289"},"breadcrumb":{"@id":"https:\/\/kuali.com.mx\/web\/2026\/02\/19\/ocl-pide-mas-presencia-policial-y-combate-a-la-impunidad\/#breadcrumb"},"inLanguage":"es","potentialAction":[{"@type":"ReadAction","target":["https:\/\/kuali.com.mx\/web\/2026\/02\/19\/ocl-pide-mas-presencia-policial-y-combate-a-la-impunidad\/"]}]},{"@type":"ImageObject","inLanguage":"es","@id":"https:\/\/kuali.com.mx\/web\/2026\/02\/19\/ocl-pide-mas-presencia-policial-y-combate-a-la-impunidad\/#primaryimage","url":"https:\/\/kuali.com.mx\/web\/wp-content\/uploads\/2023\/01\/Mayra-Legaspi.gif","contentUrl":"https:\/\/kuali.com.mx\/web\/wp-content\/uploads\/2023\/01\/Mayra-Legaspi.gif","width":1394,"height":749},{"@type":"BreadcrumbList","@id":"https:\/\/kuali.com.mx\/web\/2026\/02\/19\/ocl-pide-mas-presencia-policial-y-combate-a-la-impunidad\/#breadcrumb","itemListElement":[{"@type":"ListItem","position":1,"name":"Inicio","item":"https:\/\/kuali.com.mx\/web\/"},{"@type":"ListItem","position":2,"name":"OCL PIDE M\u00c1S PRESENCIA POLICIAL Y COMBATE A LA IMPUNIDAD"}]},{"@type":"WebSite","@id":"https:\/\/kuali.com.mx\/web\/#website","url":"https:\/\/kuali.com.mx\/web\/","name":"Kuali","description":"","potentialAction":[{"@type":"SearchAction","target":{"@type":"EntryPoint","urlTemplate":"https:\/\/kuali.com.mx\/web\/?s={search_term_string}"},"query-input":{"@type":"PropertyValueSpecification","valueRequired":true,"valueName":"search_term_string"}}],"inLanguage":"es"},{"@type":"Person","@id":"https:\/\/kuali.com.mx\/web\/#\/schema\/person\/6f89ffa8ecba9dae50662357923c5289","name":"Kuali Staff","image":{"@type":"ImageObject","inLanguage":"es","@id":"https:\/\/secure.gravatar.com\/avatar\/f917ad82e5ab71227a733c78b6e60715476f69ee6be59feee4eb5d9920c89e0f?s=96&d=mm&r=g","url":"https:\/\/secure.gravatar.com\/avatar\/f917ad82e5ab71227a733c78b6e60715476f69ee6be59feee4eb5d9920c89e0f?s=96&d=mm&r=g","contentUrl":"https:\/\/secure.gravatar.com\/avatar\/f917ad82e5ab71227a733c78b6e60715476f69ee6be59feee4eb5d9920c89e0f?s=96&d=mm&r=g","caption":"Kuali Staff"},"url":"https:\/\/kuali.com.mx\/web\/author\/lagarto\/"}]}},"_links":{"self":[{"href":"https:\/\/kuali.com.mx\/web\/wp-json\/wp\/v2\/posts\/197407","targetHints":{"allow":["GET"]}}],"collection":[{"href":"https:\/\/kuali.com.mx\/web\/wp-json\/wp\/v2\/posts"}],"about":[{"href":"https:\/\/kuali.com.mx\/web\/wp-json\/wp\/v2\/types\/post"}],"author":[{"embeddable":true,"href":"https:\/\/kuali.com.mx\/web\/wp-json\/wp\/v2\/users\/2"}],"replies":[{"embeddable":true,"href":"https:\/\/kuali.com.mx\/web\/wp-json\/wp\/v2\/comments?post=197407"}],"version-history":[{"count":1,"href":"https:\/\/kuali.com.mx\/web\/wp-json\/wp\/v2\/posts\/197407\/revisions"}],"predecessor-version":[{"id":197410,"href":"https:\/\/kuali.com.mx\/web\/wp-json\/wp\/v2\/posts\/197407\/revisions\/197410"}],"wp:featuredmedia":[{"embeddable":true,"href":"https:\/\/kuali.com.mx\/web\/wp-json\/wp\/v2\/media\/111323"}],"wp:attachment":[{"href":"https:\/\/kuali.com.mx\/web\/wp-json\/wp\/v2\/media?parent=197407"}],"wp:term":[{"taxonomy":"category","embeddable":true,"href":"https:\/\/kuali.com.mx\/web\/wp-json\/wp\/v2\/categories?post=197407"},{"taxonomy":"post_tag","embeddable":true,"href":"https:\/\/kuali.com.mx\/web\/wp-json\/wp\/v2\/tags?post=197407"}],"curies":[{"name":"wp","href":"https:\/\/api.w.org\/{rel}","templated":true}]}}