{"id":196789,"date":"2026-02-11T11:29:31","date_gmt":"2026-02-11T17:29:31","guid":{"rendered":"https:\/\/kuali.com.mx\/web\/?p=196789"},"modified":"2026-02-11T23:40:30","modified_gmt":"2026-02-12T05:40:30","slug":"inaugura-melanie-obras-en-colonia-obrera","status":"publish","type":"post","link":"https:\/\/kuali.com.mx\/web\/2026\/02\/11\/inaugura-melanie-obras-en-colonia-obrera\/","title":{"rendered":"INAUGURA MELANIE OBRAS EN COLONIA OBRERA"},"content":{"rendered":"\n<p><strong>Kuali\/Silao de la Victoria, Gto.-<\/strong> La alcaldesa de Silao, Yanet Melanie Murillo Ch\u00e1vez, puso en marcha el funcionamiento de la calle El Trabajo, que beneficia a a m\u00e1s de 450 habitantes de la zona con una inversi\u00f3n de 5 millones 433 mil 481 pesos.<\/p>\n\n\n\n<p>Acompa\u00f1ada por integrantes del Ayuntamiento de Silao, la presidenta municipal encabez\u00f3 el evento inaugural, en el que Jonathan Meza Anguiano, director de Obras P\u00fablicas,  explic\u00f3 que la obra consiste en la pavimentaci\u00f3n de 280 metros a base de concreto hidr\u00e1ulico de 16 cent\u00edmetros de espesor, guarniciones y banquetas, servicios hidrosanitarios -agua potable y drenaje sanitario-, se\u00f1alamientos horizontal y vertical, as\u00ed como seguimiento ambiental. <\/p>\n\n\n\n<p>Aradeci\u00f3 a los habitantes de la colonia Obrera por participar activamente en la obra realizada porque \"miren: este es un lugar completamente diferente, es la realidad quenosotros queremos en muchos lugares de nuestra ciudad\u201d, coment\u00f3 Melanie Murillo.<\/p>\n\n\n\n<p>Mencion\u00f3 los avances que se tienen en obras p\u00fablicas que se realizan por parte del municipio y el Sistema de Agua Potable y Alcantarillado de Silao (SAPAS) en la calle Lucero, Ramal de Guanajuato, entre otras. Pidi\u00f3 a los vecinos de la colonia Obrera que cuiden la calle reci\u00e9n pavimentada, la se\u00f1al\u00e9tica y las mejoras que se hicieron pensando en su comodidad.<\/p>\n\n\n<div class=\"wp-block-image\">\n<figure class=\"aligncenter size-large is-resized\"><img loading=\"lazy\" decoding=\"async\" width=\"683\" height=\"1024\" src=\"https:\/\/kuali.com.mx\/web\/wp-content\/uploads\/2026\/02\/Pavimento-calle-Silao-2-1-683x1024.jpg\" alt=\"\" class=\"wp-image-196794\" style=\"aspect-ratio:0.6669975186104219;width:463px;height:auto\" srcset=\"https:\/\/kuali.com.mx\/web\/wp-content\/uploads\/2026\/02\/Pavimento-calle-Silao-2-1-683x1024.jpg 683w, https:\/\/kuali.com.mx\/web\/wp-content\/uploads\/2026\/02\/Pavimento-calle-Silao-2-1-200x300.jpg 200w, https:\/\/kuali.com.mx\/web\/wp-content\/uploads\/2026\/02\/Pavimento-calle-Silao-2-1-768x1151.jpg 768w, https:\/\/kuali.com.mx\/web\/wp-content\/uploads\/2026\/02\/Pavimento-calle-Silao-2-1-77x116.jpg 77w, https:\/\/kuali.com.mx\/web\/wp-content\/uploads\/2026\/02\/Pavimento-calle-Silao-2-1.jpg 854w\" sizes=\"auto, (max-width: 683px) 100vw, 683px\" \/><figcaption class=\"wp-element-caption\">Con la pavimentaci\u00f3n de la calle El Trabajo se beneficia a m\u00e1s de 450 habitantes de la zona. FOTO: CORTES\u00cdA.<\/figcaption><\/figure>\n<\/div>","protected":false},"excerpt":{"rendered":"Kuali\/Silao de la Victoria, Gto.- La alcaldesa de Silao, Yanet Melanie Murillo Ch\u00e1vez, puso en marcha el funcionamiento de la calle El Trabajo, que beneficia a a m\u00e1s de 450 habitantes de la zona con una inversi\u00f3n de 5 millones 433 mil 481 pesos. Acompa\u00f1ada por integrantes del Ayuntamiento de Silao, la presidenta municipal encabez\u00f3 [&hellip;]","protected":false},"author":2,"featured_media":196795,"comment_status":"open","ping_status":"open","sticky":false,"template":"","format":"standard","meta":{"_seopress_robots_primary_cat":"none","_seopress_titles_title":"","_seopress_titles_desc":"","_seopress_robots_index":"","_monsterinsights_skip_tracking":false,"_monsterinsights_sitenote_active":false,"_monsterinsights_sitenote_note":"","_monsterinsights_sitenote_category":0,"footnotes":""},"categories":[3],"tags":[2071,4405,392,12],"class_list":["post-196789","post","type-post","status-publish","format-standard","has-post-thumbnail","hentry","category-politica","tag-calles","tag-melanie-murillo-chavez","tag-obra-publica","tag-silao"],"yoast_head":"<!-- This site is optimized with the Yoast SEO plugin v27.4 - https:\/\/yoast.com\/product\/yoast-seo-wordpress\/ -->\n<title>INAUGURA MELANIE OBRAS EN COLONIA OBRERA - Kuali<\/title>\n<meta name=\"robots\" content=\"index, follow, max-snippet:-1, max-image-preview:large, max-video-preview:-1\" \/>\n<link rel=\"canonical\" href=\"https:\/\/kuali.com.mx\/web\/2026\/02\/11\/inaugura-melanie-obras-en-colonia-obrera\/\" \/>\n<meta property=\"og:locale\" content=\"es_MX\" \/>\n<meta property=\"og:type\" content=\"article\" \/>\n<meta property=\"og:title\" content=\"INAUGURA MELANIE OBRAS EN COLONIA OBRERA - Kuali\" \/>\n<meta property=\"og:description\" content=\"Kuali\/Silao de la Victoria, Gto.- La alcaldesa de Silao, Yanet Melanie Murillo Ch\u00e1vez, puso en marcha el funcionamiento de la calle El Trabajo, que beneficia a a m\u00e1s de 450 habitantes de la zona con una inversi\u00f3n de 5 millones 433 mil 481 pesos. Acompa\u00f1ada por integrantes del Ayuntamiento de Silao, la presidenta municipal encabez\u00f3 [&hellip;]\" \/>\n<meta property=\"og:url\" content=\"https:\/\/kuali.com.mx\/web\/2026\/02\/11\/inaugura-melanie-obras-en-colonia-obrera\/\" \/>\n<meta property=\"og:site_name\" content=\"Kuali\" \/>\n<meta property=\"article:publisher\" content=\"https:\/\/kuali.com.mx\/web\/wp-content\/uploads\/2018\/04\/cropped-kuali_logo-1-1.png\" \/>\n<meta property=\"article:published_time\" content=\"2026-02-11T17:29:31+00:00\" \/>\n<meta property=\"article:modified_time\" content=\"2026-02-12T05:40:30+00:00\" \/>\n<meta property=\"og:image\" content=\"https:\/\/kuali.com.mx\/web\/wp-content\/uploads\/2026\/02\/Pavimento-calle-Silao-1-1.gif\" \/>\n\t<meta property=\"og:image:width\" content=\"1700\" \/>\n\t<meta property=\"og:image:height\" content=\"750\" \/>\n\t<meta property=\"og:image:type\" content=\"image\/gif\" \/>\n<meta name=\"author\" content=\"Kuali Staff\" \/>\n<meta name=\"twitter:card\" content=\"summary_large_image\" \/>\n<meta name=\"twitter:creator\" content=\"@kuali_noticias\" \/>\n<meta name=\"twitter:site\" content=\"@kuali_noticias\" \/>\n<meta name=\"twitter:label1\" content=\"Escrito por\" \/>\n\t<meta name=\"twitter:data1\" content=\"Kuali Staff\" \/>\n\t<meta name=\"twitter:label2\" content=\"Tiempo de lectura\" \/>\n\t<meta name=\"twitter:data2\" content=\"1 minuto\" \/>\n<script type=\"application\/ld+json\" class=\"yoast-schema-graph\">{\"@context\":\"https:\\\/\\\/schema.org\",\"@graph\":[{\"@type\":\"Article\",\"@id\":\"https:\\\/\\\/kuali.com.mx\\\/web\\\/2026\\\/02\\\/11\\\/inaugura-melanie-obras-en-colonia-obrera\\\/#article\",\"isPartOf\":{\"@id\":\"https:\\\/\\\/kuali.com.mx\\\/web\\\/2026\\\/02\\\/11\\\/inaugura-melanie-obras-en-colonia-obrera\\\/\"},\"author\":{\"name\":\"Kuali Staff\",\"@id\":\"https:\\\/\\\/kuali.com.mx\\\/web\\\/#\\\/schema\\\/person\\\/6f89ffa8ecba9dae50662357923c5289\"},\"headline\":\"INAUGURA MELANIE OBRAS EN COLONIA OBRERA\",\"datePublished\":\"2026-02-11T17:29:31+00:00\",\"dateModified\":\"2026-02-12T05:40:30+00:00\",\"mainEntityOfPage\":{\"@id\":\"https:\\\/\\\/kuali.com.mx\\\/web\\\/2026\\\/02\\\/11\\\/inaugura-melanie-obras-en-colonia-obrera\\\/\"},\"wordCount\":243,\"commentCount\":0,\"image\":{\"@id\":\"https:\\\/\\\/kuali.com.mx\\\/web\\\/2026\\\/02\\\/11\\\/inaugura-melanie-obras-en-colonia-obrera\\\/#primaryimage\"},\"thumbnailUrl\":\"https:\\\/\\\/kuali.com.mx\\\/web\\\/wp-content\\\/uploads\\\/2026\\\/02\\\/Pavimento-calle-Silao-1-1.gif\",\"keywords\":[\"Calles\",\"Melanie Murillo Ch\u00e1vez\",\"Obra p\u00fablica\",\"Silao\"],\"articleSection\":[\"Pol\u00edtica\"],\"inLanguage\":\"es\",\"potentialAction\":[{\"@type\":\"CommentAction\",\"name\":\"Comment\",\"target\":[\"https:\\\/\\\/kuali.com.mx\\\/web\\\/2026\\\/02\\\/11\\\/inaugura-melanie-obras-en-colonia-obrera\\\/#respond\"]}]},{\"@type\":\"WebPage\",\"@id\":\"https:\\\/\\\/kuali.com.mx\\\/web\\\/2026\\\/02\\\/11\\\/inaugura-melanie-obras-en-colonia-obrera\\\/\",\"url\":\"https:\\\/\\\/kuali.com.mx\\\/web\\\/2026\\\/02\\\/11\\\/inaugura-melanie-obras-en-colonia-obrera\\\/\",\"name\":\"INAUGURA MELANIE OBRAS EN COLONIA OBRERA - Kuali\",\"isPartOf\":{\"@id\":\"https:\\\/\\\/kuali.com.mx\\\/web\\\/#website\"},\"primaryImageOfPage\":{\"@id\":\"https:\\\/\\\/kuali.com.mx\\\/web\\\/2026\\\/02\\\/11\\\/inaugura-melanie-obras-en-colonia-obrera\\\/#primaryimage\"},\"image\":{\"@id\":\"https:\\\/\\\/kuali.com.mx\\\/web\\\/2026\\\/02\\\/11\\\/inaugura-melanie-obras-en-colonia-obrera\\\/#primaryimage\"},\"thumbnailUrl\":\"https:\\\/\\\/kuali.com.mx\\\/web\\\/wp-content\\\/uploads\\\/2026\\\/02\\\/Pavimento-calle-Silao-1-1.gif\",\"datePublished\":\"2026-02-11T17:29:31+00:00\",\"dateModified\":\"2026-02-12T05:40:30+00:00\",\"author\":{\"@id\":\"https:\\\/\\\/kuali.com.mx\\\/web\\\/#\\\/schema\\\/person\\\/6f89ffa8ecba9dae50662357923c5289\"},\"breadcrumb\":{\"@id\":\"https:\\\/\\\/kuali.com.mx\\\/web\\\/2026\\\/02\\\/11\\\/inaugura-melanie-obras-en-colonia-obrera\\\/#breadcrumb\"},\"inLanguage\":\"es\",\"potentialAction\":[{\"@type\":\"ReadAction\",\"target\":[\"https:\\\/\\\/kuali.com.mx\\\/web\\\/2026\\\/02\\\/11\\\/inaugura-melanie-obras-en-colonia-obrera\\\/\"]}]},{\"@type\":\"ImageObject\",\"inLanguage\":\"es\",\"@id\":\"https:\\\/\\\/kuali.com.mx\\\/web\\\/2026\\\/02\\\/11\\\/inaugura-melanie-obras-en-colonia-obrera\\\/#primaryimage\",\"url\":\"https:\\\/\\\/kuali.com.mx\\\/web\\\/wp-content\\\/uploads\\\/2026\\\/02\\\/Pavimento-calle-Silao-1-1.gif\",\"contentUrl\":\"https:\\\/\\\/kuali.com.mx\\\/web\\\/wp-content\\\/uploads\\\/2026\\\/02\\\/Pavimento-calle-Silao-1-1.gif\",\"width\":1700,\"height\":750},{\"@type\":\"BreadcrumbList\",\"@id\":\"https:\\\/\\\/kuali.com.mx\\\/web\\\/2026\\\/02\\\/11\\\/inaugura-melanie-obras-en-colonia-obrera\\\/#breadcrumb\",\"itemListElement\":[{\"@type\":\"ListItem\",\"position\":1,\"name\":\"Inicio\",\"item\":\"https:\\\/\\\/kuali.com.mx\\\/web\\\/\"},{\"@type\":\"ListItem\",\"position\":2,\"name\":\"INAUGURA MELANIE OBRAS EN COLONIA OBRERA\"}]},{\"@type\":\"WebSite\",\"@id\":\"https:\\\/\\\/kuali.com.mx\\\/web\\\/#website\",\"url\":\"https:\\\/\\\/kuali.com.mx\\\/web\\\/\",\"name\":\"Kuali\",\"description\":\"\",\"potentialAction\":[{\"@type\":\"SearchAction\",\"target\":{\"@type\":\"EntryPoint\",\"urlTemplate\":\"https:\\\/\\\/kuali.com.mx\\\/web\\\/?s={search_term_string}\"},\"query-input\":{\"@type\":\"PropertyValueSpecification\",\"valueRequired\":true,\"valueName\":\"search_term_string\"}}],\"inLanguage\":\"es\"},{\"@type\":\"Person\",\"@id\":\"https:\\\/\\\/kuali.com.mx\\\/web\\\/#\\\/schema\\\/person\\\/6f89ffa8ecba9dae50662357923c5289\",\"name\":\"Kuali Staff\",\"image\":{\"@type\":\"ImageObject\",\"inLanguage\":\"es\",\"@id\":\"https:\\\/\\\/secure.gravatar.com\\\/avatar\\\/f917ad82e5ab71227a733c78b6e60715476f69ee6be59feee4eb5d9920c89e0f?s=96&d=mm&r=g\",\"url\":\"https:\\\/\\\/secure.gravatar.com\\\/avatar\\\/f917ad82e5ab71227a733c78b6e60715476f69ee6be59feee4eb5d9920c89e0f?s=96&d=mm&r=g\",\"contentUrl\":\"https:\\\/\\\/secure.gravatar.com\\\/avatar\\\/f917ad82e5ab71227a733c78b6e60715476f69ee6be59feee4eb5d9920c89e0f?s=96&d=mm&r=g\",\"caption\":\"Kuali Staff\"},\"url\":\"https:\\\/\\\/kuali.com.mx\\\/web\\\/author\\\/lagarto\\\/\"}]}<\/script>\n<!-- \/ Yoast SEO plugin. -->","yoast_head_json":{"title":"INAUGURA MELANIE OBRAS EN COLONIA OBRERA - Kuali","robots":{"index":"index","follow":"follow","max-snippet":"max-snippet:-1","max-image-preview":"max-image-preview:large","max-video-preview":"max-video-preview:-1"},"canonical":"https:\/\/kuali.com.mx\/web\/2026\/02\/11\/inaugura-melanie-obras-en-colonia-obrera\/","og_locale":"es_MX","og_type":"article","og_title":"INAUGURA MELANIE OBRAS EN COLONIA OBRERA - Kuali","og_description":"Kuali\/Silao de la Victoria, Gto.- La alcaldesa de Silao, Yanet Melanie Murillo Ch\u00e1vez, puso en marcha el funcionamiento de la calle El Trabajo, que beneficia a a m\u00e1s de 450 habitantes de la zona con una inversi\u00f3n de 5 millones 433 mil 481 pesos. Acompa\u00f1ada por integrantes del Ayuntamiento de Silao, la presidenta municipal encabez\u00f3 [&hellip;]","og_url":"https:\/\/kuali.com.mx\/web\/2026\/02\/11\/inaugura-melanie-obras-en-colonia-obrera\/","og_site_name":"Kuali","article_publisher":"https:\/\/kuali.com.mx\/web\/wp-content\/uploads\/2018\/04\/cropped-kuali_logo-1-1.png","article_published_time":"2026-02-11T17:29:31+00:00","article_modified_time":"2026-02-12T05:40:30+00:00","og_image":[{"width":1700,"height":750,"url":"https:\/\/kuali.com.mx\/web\/wp-content\/uploads\/2026\/02\/Pavimento-calle-Silao-1-1.gif","type":"image\/gif"}],"author":"Kuali Staff","twitter_card":"summary_large_image","twitter_creator":"@kuali_noticias","twitter_site":"@kuali_noticias","twitter_misc":{"Escrito por":"Kuali Staff","Tiempo de lectura":"1 minuto"},"schema":{"@context":"https:\/\/schema.org","@graph":[{"@type":"Article","@id":"https:\/\/kuali.com.mx\/web\/2026\/02\/11\/inaugura-melanie-obras-en-colonia-obrera\/#article","isPartOf":{"@id":"https:\/\/kuali.com.mx\/web\/2026\/02\/11\/inaugura-melanie-obras-en-colonia-obrera\/"},"author":{"name":"Kuali Staff","@id":"https:\/\/kuali.com.mx\/web\/#\/schema\/person\/6f89ffa8ecba9dae50662357923c5289"},"headline":"INAUGURA MELANIE OBRAS EN COLONIA OBRERA","datePublished":"2026-02-11T17:29:31+00:00","dateModified":"2026-02-12T05:40:30+00:00","mainEntityOfPage":{"@id":"https:\/\/kuali.com.mx\/web\/2026\/02\/11\/inaugura-melanie-obras-en-colonia-obrera\/"},"wordCount":243,"commentCount":0,"image":{"@id":"https:\/\/kuali.com.mx\/web\/2026\/02\/11\/inaugura-melanie-obras-en-colonia-obrera\/#primaryimage"},"thumbnailUrl":"https:\/\/kuali.com.mx\/web\/wp-content\/uploads\/2026\/02\/Pavimento-calle-Silao-1-1.gif","keywords":["Calles","Melanie Murillo Ch\u00e1vez","Obra p\u00fablica","Silao"],"articleSection":["Pol\u00edtica"],"inLanguage":"es","potentialAction":[{"@type":"CommentAction","name":"Comment","target":["https:\/\/kuali.com.mx\/web\/2026\/02\/11\/inaugura-melanie-obras-en-colonia-obrera\/#respond"]}]},{"@type":"WebPage","@id":"https:\/\/kuali.com.mx\/web\/2026\/02\/11\/inaugura-melanie-obras-en-colonia-obrera\/","url":"https:\/\/kuali.com.mx\/web\/2026\/02\/11\/inaugura-melanie-obras-en-colonia-obrera\/","name":"INAUGURA MELANIE OBRAS EN COLONIA OBRERA - Kuali","isPartOf":{"@id":"https:\/\/kuali.com.mx\/web\/#website"},"primaryImageOfPage":{"@id":"https:\/\/kuali.com.mx\/web\/2026\/02\/11\/inaugura-melanie-obras-en-colonia-obrera\/#primaryimage"},"image":{"@id":"https:\/\/kuali.com.mx\/web\/2026\/02\/11\/inaugura-melanie-obras-en-colonia-obrera\/#primaryimage"},"thumbnailUrl":"https:\/\/kuali.com.mx\/web\/wp-content\/uploads\/2026\/02\/Pavimento-calle-Silao-1-1.gif","datePublished":"2026-02-11T17:29:31+00:00","dateModified":"2026-02-12T05:40:30+00:00","author":{"@id":"https:\/\/kuali.com.mx\/web\/#\/schema\/person\/6f89ffa8ecba9dae50662357923c5289"},"breadcrumb":{"@id":"https:\/\/kuali.com.mx\/web\/2026\/02\/11\/inaugura-melanie-obras-en-colonia-obrera\/#breadcrumb"},"inLanguage":"es","potentialAction":[{"@type":"ReadAction","target":["https:\/\/kuali.com.mx\/web\/2026\/02\/11\/inaugura-melanie-obras-en-colonia-obrera\/"]}]},{"@type":"ImageObject","inLanguage":"es","@id":"https:\/\/kuali.com.mx\/web\/2026\/02\/11\/inaugura-melanie-obras-en-colonia-obrera\/#primaryimage","url":"https:\/\/kuali.com.mx\/web\/wp-content\/uploads\/2026\/02\/Pavimento-calle-Silao-1-1.gif","contentUrl":"https:\/\/kuali.com.mx\/web\/wp-content\/uploads\/2026\/02\/Pavimento-calle-Silao-1-1.gif","width":1700,"height":750},{"@type":"BreadcrumbList","@id":"https:\/\/kuali.com.mx\/web\/2026\/02\/11\/inaugura-melanie-obras-en-colonia-obrera\/#breadcrumb","itemListElement":[{"@type":"ListItem","position":1,"name":"Inicio","item":"https:\/\/kuali.com.mx\/web\/"},{"@type":"ListItem","position":2,"name":"INAUGURA MELANIE OBRAS EN COLONIA OBRERA"}]},{"@type":"WebSite","@id":"https:\/\/kuali.com.mx\/web\/#website","url":"https:\/\/kuali.com.mx\/web\/","name":"Kuali","description":"","potentialAction":[{"@type":"SearchAction","target":{"@type":"EntryPoint","urlTemplate":"https:\/\/kuali.com.mx\/web\/?s={search_term_string}"},"query-input":{"@type":"PropertyValueSpecification","valueRequired":true,"valueName":"search_term_string"}}],"inLanguage":"es"},{"@type":"Person","@id":"https:\/\/kuali.com.mx\/web\/#\/schema\/person\/6f89ffa8ecba9dae50662357923c5289","name":"Kuali Staff","image":{"@type":"ImageObject","inLanguage":"es","@id":"https:\/\/secure.gravatar.com\/avatar\/f917ad82e5ab71227a733c78b6e60715476f69ee6be59feee4eb5d9920c89e0f?s=96&d=mm&r=g","url":"https:\/\/secure.gravatar.com\/avatar\/f917ad82e5ab71227a733c78b6e60715476f69ee6be59feee4eb5d9920c89e0f?s=96&d=mm&r=g","contentUrl":"https:\/\/secure.gravatar.com\/avatar\/f917ad82e5ab71227a733c78b6e60715476f69ee6be59feee4eb5d9920c89e0f?s=96&d=mm&r=g","caption":"Kuali Staff"},"url":"https:\/\/kuali.com.mx\/web\/author\/lagarto\/"}]}},"_links":{"self":[{"href":"https:\/\/kuali.com.mx\/web\/wp-json\/wp\/v2\/posts\/196789","targetHints":{"allow":["GET"]}}],"collection":[{"href":"https:\/\/kuali.com.mx\/web\/wp-json\/wp\/v2\/posts"}],"about":[{"href":"https:\/\/kuali.com.mx\/web\/wp-json\/wp\/v2\/types\/post"}],"author":[{"embeddable":true,"href":"https:\/\/kuali.com.mx\/web\/wp-json\/wp\/v2\/users\/2"}],"replies":[{"embeddable":true,"href":"https:\/\/kuali.com.mx\/web\/wp-json\/wp\/v2\/comments?post=196789"}],"version-history":[{"count":1,"href":"https:\/\/kuali.com.mx\/web\/wp-json\/wp\/v2\/posts\/196789\/revisions"}],"predecessor-version":[{"id":196796,"href":"https:\/\/kuali.com.mx\/web\/wp-json\/wp\/v2\/posts\/196789\/revisions\/196796"}],"wp:featuredmedia":[{"embeddable":true,"href":"https:\/\/kuali.com.mx\/web\/wp-json\/wp\/v2\/media\/196795"}],"wp:attachment":[{"href":"https:\/\/kuali.com.mx\/web\/wp-json\/wp\/v2\/media?parent=196789"}],"wp:term":[{"taxonomy":"category","embeddable":true,"href":"https:\/\/kuali.com.mx\/web\/wp-json\/wp\/v2\/categories?post=196789"},{"taxonomy":"post_tag","embeddable":true,"href":"https:\/\/kuali.com.mx\/web\/wp-json\/wp\/v2\/tags?post=196789"}],"curies":[{"name":"wp","href":"https:\/\/api.w.org\/{rel}","templated":true}]}}