{"id":196699,"date":"2026-02-10T12:18:00","date_gmt":"2026-02-10T18:18:00","guid":{"rendered":"https:\/\/kuali.com.mx\/web\/?p=196699"},"modified":"2026-02-10T21:38:11","modified_gmt":"2026-02-11T03:38:11","slug":"instala-disenora-taller-gracias-a-bjx-moda","status":"publish","type":"post","link":"https:\/\/kuali.com.mx\/web\/2026\/02\/10\/instala-disenora-taller-gracias-a-bjx-moda\/","title":{"rendered":"INSTALA DISE\u00d1ORA TALLER GRACIAS A BJX MODA"},"content":{"rendered":"\n<p>Kuali\/Le\u00f3n, Gto.- La dise\u00f1adora de moda,  Julia Fern\u00e1ndez, abrir\u00e1 su primer taller gracias al proyecto \u201cBJXMODA, La Ruta del Dise\u00f1o 2025\u201d, del cual result\u00f3 ganadora con la colecci\u00f3n \u201c\u00cdndigo 1888\u201d.<\/p>\n\n\n\n<p>La dise\u00f1adora leonesa, que gan\u00f3 el concurso Moda In Episodio 2, y se impuso a 30 competidores, recibi\u00f3 la ma\u00f1ana de martes cuatro m\u00e1quinas de coser industrial de la maraca DIMACO con las que abrir\u00e1 su primer taller para consolidar su carrera en el sector de la moda.<\/p>\n\n\n\n<p>El director de la empresa DIMACO, Mauricio Ruiz, destac\u00f3 la importancia de apoyar este tipo de iniciativas que fortalecen el talento local. \u201cPara nosotros es un gusto apoyar esta vinculaci\u00f3n con BJXMODA y el IECA. Como empresa creemos en impulsar el crecimiento personal y comercial de las y los<br>dise\u00f1adores para que tengan un mejor futuro\u201d, expres\u00f3.<\/p>\n\n\n\n<figure class=\"wp-block-image size-large\"><img loading=\"lazy\" decoding=\"async\" width=\"1024\" height=\"682\" src=\"https:\/\/kuali.com.mx\/web\/wp-content\/uploads\/2026\/02\/BJX-Dimaco-1024x682.jpg\" alt=\"\" class=\"wp-image-196711\" srcset=\"https:\/\/kuali.com.mx\/web\/wp-content\/uploads\/2026\/02\/BJX-Dimaco-1024x682.jpg 1024w, https:\/\/kuali.com.mx\/web\/wp-content\/uploads\/2026\/02\/BJX-Dimaco-300x200.jpg 300w, https:\/\/kuali.com.mx\/web\/wp-content\/uploads\/2026\/02\/BJX-Dimaco-768x512.jpg 768w, https:\/\/kuali.com.mx\/web\/wp-content\/uploads\/2026\/02\/BJX-Dimaco-1536x1023.jpg 1536w, https:\/\/kuali.com.mx\/web\/wp-content\/uploads\/2026\/02\/BJX-Dimaco-174x116.jpg 174w, https:\/\/kuali.com.mx\/web\/wp-content\/uploads\/2026\/02\/BJX-Dimaco.jpg 1600w\" sizes=\"auto, (max-width: 1024px) 100vw, 1024px\" \/><figcaption class=\"wp-element-caption\">Al centro \"Paco\" Granados, director general de BJXMODA. FOTO: CORTES\u00cdA<\/figcaption><\/figure>\n\n\n\n<p>En representaci\u00f3n del Instituto Estatal de Capacitaci\u00f3n (IECA) ,Crist\u00f3balGarc\u00eda, subray\u00f3 que Moda In es un proyecto que transforma vidas a trav\u00e9s de la capacitaci\u00f3n y la profesionalizaci\u00f3n: \u201cEste proyecto no solo genera transformaci\u00f3n econ\u00f3mica, tambi\u00e9n social. La capacitaci\u00f3n es donde nacen las competencias que permiten a las y los j\u00f3venes abrir horizontes y nuevas oportunidades\u201d, se\u00f1al\u00f3. <\/p>\n\n\n\n<p>Julia Fern\u00e1ndez agradeci\u00f3 el acompa\u00f1amiento recibido durante su proceso formativo y el respaldo para continuar su desarrollo profesional, asegurando que \"Moda In es un programa que te lleva de la mano: capacitaci\u00f3n, materiales y pr\u00e1ctica. Estoy muy contenta de hacer crecer mi taller y agradecida con BJXMODA y el IECA por creer en mi talento\u201d.<\/p>\n\n\n\n<figure class=\"wp-block-embed is-type-wp-embed is-provider-kuali wp-block-embed-kuali\"><div class=\"wp-block-embed__wrapper\">\n<blockquote class=\"wp-embedded-content\" data-secret=\"XJwDMPpmtx\"><a href=\"https:\/\/kuali.com.mx\/web\/2025\/10\/16\/bjx-moda-presenta-coleccion-inspirada-en-inudacion-de-leon\/\">BJX MODA PRESENTA COLECCI\u00d3N INSPIRADA EN INUNDACI\u00d3N DE LE\u00d3N<\/a><\/blockquote><iframe loading=\"lazy\" class=\"wp-embedded-content\" sandbox=\"allow-scripts\" security=\"restricted\" style=\"position: absolute; visibility: hidden;\" title=\"&#8220;BJX MODA PRESENTA COLECCI\u00d3N INSPIRADA EN INUNDACI\u00d3N DE LE\u00d3N&#8221; &#8212; Kuali\" src=\"https:\/\/kuali.com.mx\/web\/2025\/10\/16\/bjx-moda-presenta-coleccion-inspirada-en-inudacion-de-leon\/embed\/#?secret=uTXJ0xxKKP#?secret=XJwDMPpmtx\" data-secret=\"XJwDMPpmtx\" width=\"600\" height=\"338\" frameborder=\"0\" marginwidth=\"0\" marginheight=\"0\" scrolling=\"no\"><\/iframe>\n<\/div><\/figure>\n\n\n\n<p>Guanajuato se ha consolidado como un referente nacional e internacional en sectores como<br>sombrerer\u00eda, piel, calzado, textiles, ropa, accesorios y artesan\u00eda, y proyectos como Moda In<br>fortalecen esta vocaci\u00f3n productiva al impulsar a nuevas generaciones de dise\u00f1adores y<br>emprendedores.<br><\/p>\n\n\n\n<figure class=\"wp-block-embed is-type-wp-embed is-provider-kuali wp-block-embed-kuali\"><div class=\"wp-block-embed__wrapper\">\n<blockquote class=\"wp-embedded-content\" data-secret=\"lf2ys9EHvN\"><a href=\"https:\/\/kuali.com.mx\/web\/2022\/11\/24\/bjx-moda-el-proyecto-que-mezcla-identidad-y-moda\/\">\u201cBJX MODA\u201d, EL PROYECTO QUE MEZCLA IDENTIDAD Y MODA<\/a><\/blockquote><iframe loading=\"lazy\" class=\"wp-embedded-content\" sandbox=\"allow-scripts\" security=\"restricted\" style=\"position: absolute; visibility: hidden;\" title=\"&#8220;\u201cBJX MODA\u201d, EL PROYECTO QUE MEZCLA IDENTIDAD Y MODA&#8221; &#8212; Kuali\" src=\"https:\/\/kuali.com.mx\/web\/2022\/11\/24\/bjx-moda-el-proyecto-que-mezcla-identidad-y-moda\/embed\/#?secret=CsOZXLlUyK#?secret=lf2ys9EHvN\" data-secret=\"lf2ys9EHvN\" width=\"600\" height=\"338\" frameborder=\"0\" marginwidth=\"0\" marginheight=\"0\" scrolling=\"no\"><\/iframe>\n<\/div><\/figure>\n","protected":false},"excerpt":{"rendered":"Kuali\/Le\u00f3n, Gto.- La dise\u00f1adora de moda, Julia Fern\u00e1ndez, abrir\u00e1 su primer taller gracias al proyecto \u201cBJXMODA, La Ruta del Dise\u00f1o 2025\u201d, del cual result\u00f3 ganadora con la colecci\u00f3n \u201c\u00cdndigo 1888\u201d. La dise\u00f1adora leonesa, que gan\u00f3 el concurso Moda In Episodio 2, y se impuso a 30 competidores, recibi\u00f3 la ma\u00f1ana de martes cuatro m\u00e1quinas de [&hellip;]","protected":false},"author":2,"featured_media":196712,"comment_status":"open","ping_status":"open","sticky":false,"template":"","format":"standard","meta":{"_seopress_robots_primary_cat":"none","_seopress_titles_title":"","_seopress_titles_desc":"","_seopress_robots_index":"","_monsterinsights_skip_tracking":false,"_monsterinsights_sitenote_active":false,"_monsterinsights_sitenote_note":"","_monsterinsights_sitenote_category":0,"footnotes":""},"categories":[701],"tags":[1443,6078,5928,274,4467],"class_list":["post-196699","post","type-post","status-publish","format-standard","has-post-thumbnail","hentry","category-economia","tag-bjxmoda","tag-julia-fernandez","tag-la-ruta-del-diseno","tag-moda","tag-paco-granados"],"yoast_head":"<!-- This site is optimized with the Yoast SEO plugin v27.5 - https:\/\/yoast.com\/product\/yoast-seo-wordpress\/ -->\n<title>INSTALA DISE\u00d1ORA TALLER GRACIAS A BJX MODA - Kuali<\/title>\n<meta name=\"robots\" content=\"index, follow, max-snippet:-1, max-image-preview:large, max-video-preview:-1\" \/>\n<link rel=\"canonical\" href=\"https:\/\/kuali.com.mx\/web\/2026\/02\/10\/instala-disenora-taller-gracias-a-bjx-moda\/\" \/>\n<meta property=\"og:locale\" content=\"es_MX\" \/>\n<meta property=\"og:type\" content=\"article\" \/>\n<meta property=\"og:title\" content=\"INSTALA DISE\u00d1ORA TALLER GRACIAS A BJX MODA - Kuali\" \/>\n<meta property=\"og:description\" content=\"Kuali\/Le\u00f3n, Gto.- La dise\u00f1adora de moda, Julia Fern\u00e1ndez, abrir\u00e1 su primer taller gracias al proyecto \u201cBJXMODA, La Ruta del Dise\u00f1o 2025\u201d, del cual result\u00f3 ganadora con la colecci\u00f3n \u201c\u00cdndigo 1888\u201d. La dise\u00f1adora leonesa, que gan\u00f3 el concurso Moda In Episodio 2, y se impuso a 30 competidores, recibi\u00f3 la ma\u00f1ana de martes cuatro m\u00e1quinas de [&hellip;]\" \/>\n<meta property=\"og:url\" content=\"https:\/\/kuali.com.mx\/web\/2026\/02\/10\/instala-disenora-taller-gracias-a-bjx-moda\/\" \/>\n<meta property=\"og:site_name\" content=\"Kuali\" \/>\n<meta property=\"article:publisher\" content=\"https:\/\/kuali.com.mx\/web\/wp-content\/uploads\/2018\/04\/cropped-kuali_logo-1-1.png\" \/>\n<meta property=\"article:published_time\" content=\"2026-02-10T18:18:00+00:00\" \/>\n<meta property=\"article:modified_time\" content=\"2026-02-11T03:38:11+00:00\" \/>\n<meta property=\"og:image\" content=\"https:\/\/kuali.com.mx\/web\/wp-content\/uploads\/2026\/02\/BJX-Moda-ganadora.gif\" \/>\n\t<meta property=\"og:image:width\" content=\"1700\" \/>\n\t<meta property=\"og:image:height\" content=\"750\" \/>\n\t<meta property=\"og:image:type\" content=\"image\/gif\" \/>\n<meta name=\"author\" content=\"Kuali Staff\" \/>\n<meta name=\"twitter:card\" content=\"summary_large_image\" \/>\n<meta name=\"twitter:creator\" content=\"@kuali_noticias\" \/>\n<meta name=\"twitter:site\" content=\"@kuali_noticias\" \/>\n<meta name=\"twitter:label1\" content=\"Escrito por\" \/>\n\t<meta name=\"twitter:data1\" content=\"Kuali Staff\" \/>\n\t<meta name=\"twitter:label2\" content=\"Tiempo de lectura\" \/>\n\t<meta name=\"twitter:data2\" content=\"2 minutos\" \/>\n<script type=\"application\/ld+json\" class=\"yoast-schema-graph\">{\"@context\":\"https:\\\/\\\/schema.org\",\"@graph\":[{\"@type\":\"Article\",\"@id\":\"https:\\\/\\\/kuali.com.mx\\\/web\\\/2026\\\/02\\\/10\\\/instala-disenora-taller-gracias-a-bjx-moda\\\/#article\",\"isPartOf\":{\"@id\":\"https:\\\/\\\/kuali.com.mx\\\/web\\\/2026\\\/02\\\/10\\\/instala-disenora-taller-gracias-a-bjx-moda\\\/\"},\"author\":{\"name\":\"Kuali Staff\",\"@id\":\"https:\\\/\\\/kuali.com.mx\\\/web\\\/#\\\/schema\\\/person\\\/6f89ffa8ecba9dae50662357923c5289\"},\"headline\":\"INSTALA DISE\u00d1ORA TALLER GRACIAS A BJX MODA\",\"datePublished\":\"2026-02-10T18:18:00+00:00\",\"dateModified\":\"2026-02-11T03:38:11+00:00\",\"mainEntityOfPage\":{\"@id\":\"https:\\\/\\\/kuali.com.mx\\\/web\\\/2026\\\/02\\\/10\\\/instala-disenora-taller-gracias-a-bjx-moda\\\/\"},\"wordCount\":341,\"commentCount\":0,\"image\":{\"@id\":\"https:\\\/\\\/kuali.com.mx\\\/web\\\/2026\\\/02\\\/10\\\/instala-disenora-taller-gracias-a-bjx-moda\\\/#primaryimage\"},\"thumbnailUrl\":\"https:\\\/\\\/kuali.com.mx\\\/web\\\/wp-content\\\/uploads\\\/2026\\\/02\\\/BJX-Moda-ganadora.gif\",\"keywords\":[\"BJXMODA\",\"Julia Fern\u00e1ndez\",\"La Ruta del Dise\u00f1o\",\"Moda\",\"Paco Granados\"],\"articleSection\":[\"Econom\u00eda\"],\"inLanguage\":\"es\",\"potentialAction\":[{\"@type\":\"CommentAction\",\"name\":\"Comment\",\"target\":[\"https:\\\/\\\/kuali.com.mx\\\/web\\\/2026\\\/02\\\/10\\\/instala-disenora-taller-gracias-a-bjx-moda\\\/#respond\"]}]},{\"@type\":\"WebPage\",\"@id\":\"https:\\\/\\\/kuali.com.mx\\\/web\\\/2026\\\/02\\\/10\\\/instala-disenora-taller-gracias-a-bjx-moda\\\/\",\"url\":\"https:\\\/\\\/kuali.com.mx\\\/web\\\/2026\\\/02\\\/10\\\/instala-disenora-taller-gracias-a-bjx-moda\\\/\",\"name\":\"INSTALA DISE\u00d1ORA TALLER GRACIAS A BJX MODA - Kuali\",\"isPartOf\":{\"@id\":\"https:\\\/\\\/kuali.com.mx\\\/web\\\/#website\"},\"primaryImageOfPage\":{\"@id\":\"https:\\\/\\\/kuali.com.mx\\\/web\\\/2026\\\/02\\\/10\\\/instala-disenora-taller-gracias-a-bjx-moda\\\/#primaryimage\"},\"image\":{\"@id\":\"https:\\\/\\\/kuali.com.mx\\\/web\\\/2026\\\/02\\\/10\\\/instala-disenora-taller-gracias-a-bjx-moda\\\/#primaryimage\"},\"thumbnailUrl\":\"https:\\\/\\\/kuali.com.mx\\\/web\\\/wp-content\\\/uploads\\\/2026\\\/02\\\/BJX-Moda-ganadora.gif\",\"datePublished\":\"2026-02-10T18:18:00+00:00\",\"dateModified\":\"2026-02-11T03:38:11+00:00\",\"author\":{\"@id\":\"https:\\\/\\\/kuali.com.mx\\\/web\\\/#\\\/schema\\\/person\\\/6f89ffa8ecba9dae50662357923c5289\"},\"breadcrumb\":{\"@id\":\"https:\\\/\\\/kuali.com.mx\\\/web\\\/2026\\\/02\\\/10\\\/instala-disenora-taller-gracias-a-bjx-moda\\\/#breadcrumb\"},\"inLanguage\":\"es\",\"potentialAction\":[{\"@type\":\"ReadAction\",\"target\":[\"https:\\\/\\\/kuali.com.mx\\\/web\\\/2026\\\/02\\\/10\\\/instala-disenora-taller-gracias-a-bjx-moda\\\/\"]}]},{\"@type\":\"ImageObject\",\"inLanguage\":\"es\",\"@id\":\"https:\\\/\\\/kuali.com.mx\\\/web\\\/2026\\\/02\\\/10\\\/instala-disenora-taller-gracias-a-bjx-moda\\\/#primaryimage\",\"url\":\"https:\\\/\\\/kuali.com.mx\\\/web\\\/wp-content\\\/uploads\\\/2026\\\/02\\\/BJX-Moda-ganadora.gif\",\"contentUrl\":\"https:\\\/\\\/kuali.com.mx\\\/web\\\/wp-content\\\/uploads\\\/2026\\\/02\\\/BJX-Moda-ganadora.gif\",\"width\":1700,\"height\":750},{\"@type\":\"BreadcrumbList\",\"@id\":\"https:\\\/\\\/kuali.com.mx\\\/web\\\/2026\\\/02\\\/10\\\/instala-disenora-taller-gracias-a-bjx-moda\\\/#breadcrumb\",\"itemListElement\":[{\"@type\":\"ListItem\",\"position\":1,\"name\":\"Inicio\",\"item\":\"https:\\\/\\\/kuali.com.mx\\\/web\\\/\"},{\"@type\":\"ListItem\",\"position\":2,\"name\":\"INSTALA DISE\u00d1ORA TALLER GRACIAS A BJX MODA\"}]},{\"@type\":\"WebSite\",\"@id\":\"https:\\\/\\\/kuali.com.mx\\\/web\\\/#website\",\"url\":\"https:\\\/\\\/kuali.com.mx\\\/web\\\/\",\"name\":\"Kuali\",\"description\":\"\",\"potentialAction\":[{\"@type\":\"SearchAction\",\"target\":{\"@type\":\"EntryPoint\",\"urlTemplate\":\"https:\\\/\\\/kuali.com.mx\\\/web\\\/?s={search_term_string}\"},\"query-input\":{\"@type\":\"PropertyValueSpecification\",\"valueRequired\":true,\"valueName\":\"search_term_string\"}}],\"inLanguage\":\"es\"},{\"@type\":\"Person\",\"@id\":\"https:\\\/\\\/kuali.com.mx\\\/web\\\/#\\\/schema\\\/person\\\/6f89ffa8ecba9dae50662357923c5289\",\"name\":\"Kuali Staff\",\"image\":{\"@type\":\"ImageObject\",\"inLanguage\":\"es\",\"@id\":\"https:\\\/\\\/secure.gravatar.com\\\/avatar\\\/f917ad82e5ab71227a733c78b6e60715476f69ee6be59feee4eb5d9920c89e0f?s=96&d=mm&r=g\",\"url\":\"https:\\\/\\\/secure.gravatar.com\\\/avatar\\\/f917ad82e5ab71227a733c78b6e60715476f69ee6be59feee4eb5d9920c89e0f?s=96&d=mm&r=g\",\"contentUrl\":\"https:\\\/\\\/secure.gravatar.com\\\/avatar\\\/f917ad82e5ab71227a733c78b6e60715476f69ee6be59feee4eb5d9920c89e0f?s=96&d=mm&r=g\",\"caption\":\"Kuali Staff\"},\"url\":\"https:\\\/\\\/kuali.com.mx\\\/web\\\/author\\\/lagarto\\\/\"}]}<\/script>\n<!-- \/ Yoast SEO plugin. -->","yoast_head_json":{"title":"INSTALA DISE\u00d1ORA TALLER GRACIAS A BJX MODA - Kuali","robots":{"index":"index","follow":"follow","max-snippet":"max-snippet:-1","max-image-preview":"max-image-preview:large","max-video-preview":"max-video-preview:-1"},"canonical":"https:\/\/kuali.com.mx\/web\/2026\/02\/10\/instala-disenora-taller-gracias-a-bjx-moda\/","og_locale":"es_MX","og_type":"article","og_title":"INSTALA DISE\u00d1ORA TALLER GRACIAS A BJX MODA - Kuali","og_description":"Kuali\/Le\u00f3n, Gto.- La dise\u00f1adora de moda, Julia Fern\u00e1ndez, abrir\u00e1 su primer taller gracias al proyecto \u201cBJXMODA, La Ruta del Dise\u00f1o 2025\u201d, del cual result\u00f3 ganadora con la colecci\u00f3n \u201c\u00cdndigo 1888\u201d. La dise\u00f1adora leonesa, que gan\u00f3 el concurso Moda In Episodio 2, y se impuso a 30 competidores, recibi\u00f3 la ma\u00f1ana de martes cuatro m\u00e1quinas de [&hellip;]","og_url":"https:\/\/kuali.com.mx\/web\/2026\/02\/10\/instala-disenora-taller-gracias-a-bjx-moda\/","og_site_name":"Kuali","article_publisher":"https:\/\/kuali.com.mx\/web\/wp-content\/uploads\/2018\/04\/cropped-kuali_logo-1-1.png","article_published_time":"2026-02-10T18:18:00+00:00","article_modified_time":"2026-02-11T03:38:11+00:00","og_image":[{"width":1700,"height":750,"url":"https:\/\/kuali.com.mx\/web\/wp-content\/uploads\/2026\/02\/BJX-Moda-ganadora.gif","type":"image\/gif"}],"author":"Kuali Staff","twitter_card":"summary_large_image","twitter_creator":"@kuali_noticias","twitter_site":"@kuali_noticias","twitter_misc":{"Escrito por":"Kuali Staff","Tiempo de lectura":"2 minutos"},"schema":{"@context":"https:\/\/schema.org","@graph":[{"@type":"Article","@id":"https:\/\/kuali.com.mx\/web\/2026\/02\/10\/instala-disenora-taller-gracias-a-bjx-moda\/#article","isPartOf":{"@id":"https:\/\/kuali.com.mx\/web\/2026\/02\/10\/instala-disenora-taller-gracias-a-bjx-moda\/"},"author":{"name":"Kuali Staff","@id":"https:\/\/kuali.com.mx\/web\/#\/schema\/person\/6f89ffa8ecba9dae50662357923c5289"},"headline":"INSTALA DISE\u00d1ORA TALLER GRACIAS A BJX MODA","datePublished":"2026-02-10T18:18:00+00:00","dateModified":"2026-02-11T03:38:11+00:00","mainEntityOfPage":{"@id":"https:\/\/kuali.com.mx\/web\/2026\/02\/10\/instala-disenora-taller-gracias-a-bjx-moda\/"},"wordCount":341,"commentCount":0,"image":{"@id":"https:\/\/kuali.com.mx\/web\/2026\/02\/10\/instala-disenora-taller-gracias-a-bjx-moda\/#primaryimage"},"thumbnailUrl":"https:\/\/kuali.com.mx\/web\/wp-content\/uploads\/2026\/02\/BJX-Moda-ganadora.gif","keywords":["BJXMODA","Julia Fern\u00e1ndez","La Ruta del Dise\u00f1o","Moda","Paco Granados"],"articleSection":["Econom\u00eda"],"inLanguage":"es","potentialAction":[{"@type":"CommentAction","name":"Comment","target":["https:\/\/kuali.com.mx\/web\/2026\/02\/10\/instala-disenora-taller-gracias-a-bjx-moda\/#respond"]}]},{"@type":"WebPage","@id":"https:\/\/kuali.com.mx\/web\/2026\/02\/10\/instala-disenora-taller-gracias-a-bjx-moda\/","url":"https:\/\/kuali.com.mx\/web\/2026\/02\/10\/instala-disenora-taller-gracias-a-bjx-moda\/","name":"INSTALA DISE\u00d1ORA TALLER GRACIAS A BJX MODA - Kuali","isPartOf":{"@id":"https:\/\/kuali.com.mx\/web\/#website"},"primaryImageOfPage":{"@id":"https:\/\/kuali.com.mx\/web\/2026\/02\/10\/instala-disenora-taller-gracias-a-bjx-moda\/#primaryimage"},"image":{"@id":"https:\/\/kuali.com.mx\/web\/2026\/02\/10\/instala-disenora-taller-gracias-a-bjx-moda\/#primaryimage"},"thumbnailUrl":"https:\/\/kuali.com.mx\/web\/wp-content\/uploads\/2026\/02\/BJX-Moda-ganadora.gif","datePublished":"2026-02-10T18:18:00+00:00","dateModified":"2026-02-11T03:38:11+00:00","author":{"@id":"https:\/\/kuali.com.mx\/web\/#\/schema\/person\/6f89ffa8ecba9dae50662357923c5289"},"breadcrumb":{"@id":"https:\/\/kuali.com.mx\/web\/2026\/02\/10\/instala-disenora-taller-gracias-a-bjx-moda\/#breadcrumb"},"inLanguage":"es","potentialAction":[{"@type":"ReadAction","target":["https:\/\/kuali.com.mx\/web\/2026\/02\/10\/instala-disenora-taller-gracias-a-bjx-moda\/"]}]},{"@type":"ImageObject","inLanguage":"es","@id":"https:\/\/kuali.com.mx\/web\/2026\/02\/10\/instala-disenora-taller-gracias-a-bjx-moda\/#primaryimage","url":"https:\/\/kuali.com.mx\/web\/wp-content\/uploads\/2026\/02\/BJX-Moda-ganadora.gif","contentUrl":"https:\/\/kuali.com.mx\/web\/wp-content\/uploads\/2026\/02\/BJX-Moda-ganadora.gif","width":1700,"height":750},{"@type":"BreadcrumbList","@id":"https:\/\/kuali.com.mx\/web\/2026\/02\/10\/instala-disenora-taller-gracias-a-bjx-moda\/#breadcrumb","itemListElement":[{"@type":"ListItem","position":1,"name":"Inicio","item":"https:\/\/kuali.com.mx\/web\/"},{"@type":"ListItem","position":2,"name":"INSTALA DISE\u00d1ORA TALLER GRACIAS A BJX MODA"}]},{"@type":"WebSite","@id":"https:\/\/kuali.com.mx\/web\/#website","url":"https:\/\/kuali.com.mx\/web\/","name":"Kuali","description":"","potentialAction":[{"@type":"SearchAction","target":{"@type":"EntryPoint","urlTemplate":"https:\/\/kuali.com.mx\/web\/?s={search_term_string}"},"query-input":{"@type":"PropertyValueSpecification","valueRequired":true,"valueName":"search_term_string"}}],"inLanguage":"es"},{"@type":"Person","@id":"https:\/\/kuali.com.mx\/web\/#\/schema\/person\/6f89ffa8ecba9dae50662357923c5289","name":"Kuali Staff","image":{"@type":"ImageObject","inLanguage":"es","@id":"https:\/\/secure.gravatar.com\/avatar\/f917ad82e5ab71227a733c78b6e60715476f69ee6be59feee4eb5d9920c89e0f?s=96&d=mm&r=g","url":"https:\/\/secure.gravatar.com\/avatar\/f917ad82e5ab71227a733c78b6e60715476f69ee6be59feee4eb5d9920c89e0f?s=96&d=mm&r=g","contentUrl":"https:\/\/secure.gravatar.com\/avatar\/f917ad82e5ab71227a733c78b6e60715476f69ee6be59feee4eb5d9920c89e0f?s=96&d=mm&r=g","caption":"Kuali Staff"},"url":"https:\/\/kuali.com.mx\/web\/author\/lagarto\/"}]}},"_links":{"self":[{"href":"https:\/\/kuali.com.mx\/web\/wp-json\/wp\/v2\/posts\/196699","targetHints":{"allow":["GET"]}}],"collection":[{"href":"https:\/\/kuali.com.mx\/web\/wp-json\/wp\/v2\/posts"}],"about":[{"href":"https:\/\/kuali.com.mx\/web\/wp-json\/wp\/v2\/types\/post"}],"author":[{"embeddable":true,"href":"https:\/\/kuali.com.mx\/web\/wp-json\/wp\/v2\/users\/2"}],"replies":[{"embeddable":true,"href":"https:\/\/kuali.com.mx\/web\/wp-json\/wp\/v2\/comments?post=196699"}],"version-history":[{"count":3,"href":"https:\/\/kuali.com.mx\/web\/wp-json\/wp\/v2\/posts\/196699\/revisions"}],"predecessor-version":[{"id":196724,"href":"https:\/\/kuali.com.mx\/web\/wp-json\/wp\/v2\/posts\/196699\/revisions\/196724"}],"wp:featuredmedia":[{"embeddable":true,"href":"https:\/\/kuali.com.mx\/web\/wp-json\/wp\/v2\/media\/196712"}],"wp:attachment":[{"href":"https:\/\/kuali.com.mx\/web\/wp-json\/wp\/v2\/media?parent=196699"}],"wp:term":[{"taxonomy":"category","embeddable":true,"href":"https:\/\/kuali.com.mx\/web\/wp-json\/wp\/v2\/categories?post=196699"},{"taxonomy":"post_tag","embeddable":true,"href":"https:\/\/kuali.com.mx\/web\/wp-json\/wp\/v2\/tags?post=196699"}],"curies":[{"name":"wp","href":"https:\/\/api.w.org\/{rel}","templated":true}]}}