{"id":196473,"date":"2026-02-08T16:42:15","date_gmt":"2026-02-08T22:42:15","guid":{"rendered":"https:\/\/kuali.com.mx\/web\/?p=196473"},"modified":"2026-02-08T16:42:19","modified_gmt":"2026-02-08T22:42:19","slug":"desaparecen-2-adolescentes-en-san-luis-de-la-paz","status":"publish","type":"post","link":"https:\/\/kuali.com.mx\/web\/2026\/02\/08\/desaparecen-2-adolescentes-en-san-luis-de-la-paz\/","title":{"rendered":"DESAPARECEN 2 ADOLESCENTES EN SAN LUIS DE LA PAZ"},"content":{"rendered":"\n<p><strong>Kuali\/San Luis de la Paz, Guanajuato. -<\/strong> Dos j\u00f3venes de 16 y 17 a\u00f1os han sido reportados como desaparecidos y se han activado los protocolos de la Alerta Amber para solicitar la ayuda social y localizarlos.<\/p>\n\n\n\n<p>Fue el pasado viernes que se hicieron p\u00fablicas las fichas de b\u00fasqueda de Yazmin Guadalupe \u201cN\u201d y Jos\u00e9 Job \u201cN\u201d, de 16 y 17 a\u00f1os, ambos casos en el municipio de San Luis de la Paz, en la regi\u00f3n noreste de Guanajuato.<\/p>\n\n\n\n<p>De Jazm\u00edn, la Alerta Amber detalla que se fue desde el pasado 6 de febrero que sali\u00f3 de su casa y, desde entonces, no se sabe sobre su paradero.<\/p>\n\n\n\n<p>Respecto a Jos\u00e9 Job, se establece que fue desde el 5 de febrero que no se tiene conocimiento sobre su paradero, luego de que saliera de su domicilio.<\/p>\n\n\n\n<p>En ambos casos se hace menci\u00f3n de la importancia de su localizaci\u00f3n, dado que son menores de edad y se teme que puedan ser v\u00edctimas de alg\u00fan delito.<\/p>\n\n\n\n<figure class=\"wp-block-image size-large\"><img loading=\"lazy\" decoding=\"async\" width=\"1024\" height=\"581\" src=\"https:\/\/kuali.com.mx\/web\/wp-content\/uploads\/2026\/02\/WhatsApp-Image-2026-02-07-at-7.38.36-PM-1024x581.jpeg\" alt=\"\" class=\"wp-image-196476\" srcset=\"https:\/\/kuali.com.mx\/web\/wp-content\/uploads\/2026\/02\/WhatsApp-Image-2026-02-07-at-7.38.36-PM-1024x581.jpeg 1024w, https:\/\/kuali.com.mx\/web\/wp-content\/uploads\/2026\/02\/WhatsApp-Image-2026-02-07-at-7.38.36-PM-300x170.jpeg 300w, https:\/\/kuali.com.mx\/web\/wp-content\/uploads\/2026\/02\/WhatsApp-Image-2026-02-07-at-7.38.36-PM-768x435.jpeg 768w, https:\/\/kuali.com.mx\/web\/wp-content\/uploads\/2026\/02\/WhatsApp-Image-2026-02-07-at-7.38.36-PM-205x116.jpeg 205w, https:\/\/kuali.com.mx\/web\/wp-content\/uploads\/2026\/02\/WhatsApp-Image-2026-02-07-at-7.38.36-PM.jpeg 1485w\" sizes=\"auto, (max-width: 1024px) 100vw, 1024px\" \/><\/figure>\n","protected":false},"excerpt":{"rendered":"Kuali\/San Luis de la Paz, Guanajuato. - Dos j\u00f3venes de 16 y 17 a\u00f1os han sido reportados como desaparecidos y se han activado los protocolos de la Alerta Amber para solicitar la ayuda social y localizarlos. Fue el pasado viernes que se hicieron p\u00fablicas las fichas de b\u00fasqueda de Yazmin Guadalupe \u201cN\u201d y Jos\u00e9 Job [&hellip;]","protected":false},"author":2,"featured_media":99907,"comment_status":"open","ping_status":"open","sticky":false,"template":"","format":"standard","meta":{"_seopress_robots_primary_cat":"none","_seopress_titles_title":"","_seopress_titles_desc":"","_seopress_robots_index":"","_monsterinsights_skip_tracking":false,"_monsterinsights_sitenote_active":false,"_monsterinsights_sitenote_note":"","_monsterinsights_sitenote_category":0,"footnotes":""},"categories":[3,69],"tags":[],"class_list":["post-196473","post","type-post","status-publish","format-standard","has-post-thumbnail","hentry","category-politica","category-slider"],"yoast_head":"<!-- This site is optimized with the Yoast SEO plugin v27.4 - https:\/\/yoast.com\/product\/yoast-seo-wordpress\/ -->\n<title>DESAPARECEN 2 ADOLESCENTES EN SAN LUIS DE LA PAZ - Kuali<\/title>\n<meta name=\"robots\" content=\"index, follow, max-snippet:-1, max-image-preview:large, max-video-preview:-1\" \/>\n<link rel=\"canonical\" href=\"https:\/\/kuali.com.mx\/web\/2026\/02\/08\/desaparecen-2-adolescentes-en-san-luis-de-la-paz\/\" \/>\n<meta property=\"og:locale\" content=\"es_MX\" \/>\n<meta property=\"og:type\" content=\"article\" \/>\n<meta property=\"og:title\" content=\"DESAPARECEN 2 ADOLESCENTES EN SAN LUIS DE LA PAZ - Kuali\" \/>\n<meta property=\"og:description\" content=\"Kuali\/San Luis de la Paz, Guanajuato. - Dos j\u00f3venes de 16 y 17 a\u00f1os han sido reportados como desaparecidos y se han activado los protocolos de la Alerta Amber para solicitar la ayuda social y localizarlos. Fue el pasado viernes que se hicieron p\u00fablicas las fichas de b\u00fasqueda de Yazmin Guadalupe \u201cN\u201d y Jos\u00e9 Job [&hellip;]\" \/>\n<meta property=\"og:url\" content=\"https:\/\/kuali.com.mx\/web\/2026\/02\/08\/desaparecen-2-adolescentes-en-san-luis-de-la-paz\/\" \/>\n<meta property=\"og:site_name\" content=\"Kuali\" \/>\n<meta property=\"article:publisher\" content=\"https:\/\/kuali.com.mx\/web\/wp-content\/uploads\/2018\/04\/cropped-kuali_logo-1-1.png\" \/>\n<meta property=\"article:published_time\" content=\"2026-02-08T22:42:15+00:00\" \/>\n<meta property=\"article:modified_time\" content=\"2026-02-08T22:42:19+00:00\" \/>\n<meta property=\"og:image\" content=\"https:\/\/kuali.com.mx\/web\/wp-content\/uploads\/2022\/07\/Presidencia-San-Luis-de-la-Paz.jpg\" \/>\n\t<meta property=\"og:image:width\" content=\"1833\" \/>\n\t<meta property=\"og:image:height\" content=\"750\" \/>\n\t<meta property=\"og:image:type\" content=\"image\/jpeg\" \/>\n<meta name=\"author\" content=\"Kuali Staff\" \/>\n<meta name=\"twitter:card\" content=\"summary_large_image\" \/>\n<meta name=\"twitter:creator\" content=\"@kuali_noticias\" \/>\n<meta name=\"twitter:site\" content=\"@kuali_noticias\" \/>\n<meta name=\"twitter:label1\" content=\"Escrito por\" \/>\n\t<meta name=\"twitter:data1\" content=\"Kuali Staff\" \/>\n\t<meta name=\"twitter:label2\" content=\"Tiempo de lectura\" \/>\n\t<meta name=\"twitter:data2\" content=\"1 minuto\" \/>\n<script type=\"application\/ld+json\" class=\"yoast-schema-graph\">{\"@context\":\"https:\\\/\\\/schema.org\",\"@graph\":[{\"@type\":\"Article\",\"@id\":\"https:\\\/\\\/kuali.com.mx\\\/web\\\/2026\\\/02\\\/08\\\/desaparecen-2-adolescentes-en-san-luis-de-la-paz\\\/#article\",\"isPartOf\":{\"@id\":\"https:\\\/\\\/kuali.com.mx\\\/web\\\/2026\\\/02\\\/08\\\/desaparecen-2-adolescentes-en-san-luis-de-la-paz\\\/\"},\"author\":{\"name\":\"Kuali Staff\",\"@id\":\"https:\\\/\\\/kuali.com.mx\\\/web\\\/#\\\/schema\\\/person\\\/6f89ffa8ecba9dae50662357923c5289\"},\"headline\":\"DESAPARECEN 2 ADOLESCENTES EN SAN LUIS DE LA PAZ\",\"datePublished\":\"2026-02-08T22:42:15+00:00\",\"dateModified\":\"2026-02-08T22:42:19+00:00\",\"mainEntityOfPage\":{\"@id\":\"https:\\\/\\\/kuali.com.mx\\\/web\\\/2026\\\/02\\\/08\\\/desaparecen-2-adolescentes-en-san-luis-de-la-paz\\\/\"},\"wordCount\":177,\"commentCount\":0,\"image\":{\"@id\":\"https:\\\/\\\/kuali.com.mx\\\/web\\\/2026\\\/02\\\/08\\\/desaparecen-2-adolescentes-en-san-luis-de-la-paz\\\/#primaryimage\"},\"thumbnailUrl\":\"https:\\\/\\\/kuali.com.mx\\\/web\\\/wp-content\\\/uploads\\\/2022\\\/07\\\/Presidencia-San-Luis-de-la-Paz.jpg\",\"articleSection\":[\"Pol\u00edtica\",\"slider\"],\"inLanguage\":\"es\",\"potentialAction\":[{\"@type\":\"CommentAction\",\"name\":\"Comment\",\"target\":[\"https:\\\/\\\/kuali.com.mx\\\/web\\\/2026\\\/02\\\/08\\\/desaparecen-2-adolescentes-en-san-luis-de-la-paz\\\/#respond\"]}]},{\"@type\":\"WebPage\",\"@id\":\"https:\\\/\\\/kuali.com.mx\\\/web\\\/2026\\\/02\\\/08\\\/desaparecen-2-adolescentes-en-san-luis-de-la-paz\\\/\",\"url\":\"https:\\\/\\\/kuali.com.mx\\\/web\\\/2026\\\/02\\\/08\\\/desaparecen-2-adolescentes-en-san-luis-de-la-paz\\\/\",\"name\":\"DESAPARECEN 2 ADOLESCENTES EN SAN LUIS DE LA PAZ - Kuali\",\"isPartOf\":{\"@id\":\"https:\\\/\\\/kuali.com.mx\\\/web\\\/#website\"},\"primaryImageOfPage\":{\"@id\":\"https:\\\/\\\/kuali.com.mx\\\/web\\\/2026\\\/02\\\/08\\\/desaparecen-2-adolescentes-en-san-luis-de-la-paz\\\/#primaryimage\"},\"image\":{\"@id\":\"https:\\\/\\\/kuali.com.mx\\\/web\\\/2026\\\/02\\\/08\\\/desaparecen-2-adolescentes-en-san-luis-de-la-paz\\\/#primaryimage\"},\"thumbnailUrl\":\"https:\\\/\\\/kuali.com.mx\\\/web\\\/wp-content\\\/uploads\\\/2022\\\/07\\\/Presidencia-San-Luis-de-la-Paz.jpg\",\"datePublished\":\"2026-02-08T22:42:15+00:00\",\"dateModified\":\"2026-02-08T22:42:19+00:00\",\"author\":{\"@id\":\"https:\\\/\\\/kuali.com.mx\\\/web\\\/#\\\/schema\\\/person\\\/6f89ffa8ecba9dae50662357923c5289\"},\"breadcrumb\":{\"@id\":\"https:\\\/\\\/kuali.com.mx\\\/web\\\/2026\\\/02\\\/08\\\/desaparecen-2-adolescentes-en-san-luis-de-la-paz\\\/#breadcrumb\"},\"inLanguage\":\"es\",\"potentialAction\":[{\"@type\":\"ReadAction\",\"target\":[\"https:\\\/\\\/kuali.com.mx\\\/web\\\/2026\\\/02\\\/08\\\/desaparecen-2-adolescentes-en-san-luis-de-la-paz\\\/\"]}]},{\"@type\":\"ImageObject\",\"inLanguage\":\"es\",\"@id\":\"https:\\\/\\\/kuali.com.mx\\\/web\\\/2026\\\/02\\\/08\\\/desaparecen-2-adolescentes-en-san-luis-de-la-paz\\\/#primaryimage\",\"url\":\"https:\\\/\\\/kuali.com.mx\\\/web\\\/wp-content\\\/uploads\\\/2022\\\/07\\\/Presidencia-San-Luis-de-la-Paz.jpg\",\"contentUrl\":\"https:\\\/\\\/kuali.com.mx\\\/web\\\/wp-content\\\/uploads\\\/2022\\\/07\\\/Presidencia-San-Luis-de-la-Paz.jpg\",\"width\":1833,\"height\":750},{\"@type\":\"BreadcrumbList\",\"@id\":\"https:\\\/\\\/kuali.com.mx\\\/web\\\/2026\\\/02\\\/08\\\/desaparecen-2-adolescentes-en-san-luis-de-la-paz\\\/#breadcrumb\",\"itemListElement\":[{\"@type\":\"ListItem\",\"position\":1,\"name\":\"Inicio\",\"item\":\"https:\\\/\\\/kuali.com.mx\\\/web\\\/\"},{\"@type\":\"ListItem\",\"position\":2,\"name\":\"DESAPARECEN 2 ADOLESCENTES EN SAN LUIS DE LA PAZ\"}]},{\"@type\":\"WebSite\",\"@id\":\"https:\\\/\\\/kuali.com.mx\\\/web\\\/#website\",\"url\":\"https:\\\/\\\/kuali.com.mx\\\/web\\\/\",\"name\":\"Kuali\",\"description\":\"\",\"potentialAction\":[{\"@type\":\"SearchAction\",\"target\":{\"@type\":\"EntryPoint\",\"urlTemplate\":\"https:\\\/\\\/kuali.com.mx\\\/web\\\/?s={search_term_string}\"},\"query-input\":{\"@type\":\"PropertyValueSpecification\",\"valueRequired\":true,\"valueName\":\"search_term_string\"}}],\"inLanguage\":\"es\"},{\"@type\":\"Person\",\"@id\":\"https:\\\/\\\/kuali.com.mx\\\/web\\\/#\\\/schema\\\/person\\\/6f89ffa8ecba9dae50662357923c5289\",\"name\":\"Kuali Staff\",\"image\":{\"@type\":\"ImageObject\",\"inLanguage\":\"es\",\"@id\":\"https:\\\/\\\/secure.gravatar.com\\\/avatar\\\/f917ad82e5ab71227a733c78b6e60715476f69ee6be59feee4eb5d9920c89e0f?s=96&d=mm&r=g\",\"url\":\"https:\\\/\\\/secure.gravatar.com\\\/avatar\\\/f917ad82e5ab71227a733c78b6e60715476f69ee6be59feee4eb5d9920c89e0f?s=96&d=mm&r=g\",\"contentUrl\":\"https:\\\/\\\/secure.gravatar.com\\\/avatar\\\/f917ad82e5ab71227a733c78b6e60715476f69ee6be59feee4eb5d9920c89e0f?s=96&d=mm&r=g\",\"caption\":\"Kuali Staff\"},\"url\":\"https:\\\/\\\/kuali.com.mx\\\/web\\\/author\\\/lagarto\\\/\"}]}<\/script>\n<!-- \/ Yoast SEO plugin. -->","yoast_head_json":{"title":"DESAPARECEN 2 ADOLESCENTES EN SAN LUIS DE LA PAZ - Kuali","robots":{"index":"index","follow":"follow","max-snippet":"max-snippet:-1","max-image-preview":"max-image-preview:large","max-video-preview":"max-video-preview:-1"},"canonical":"https:\/\/kuali.com.mx\/web\/2026\/02\/08\/desaparecen-2-adolescentes-en-san-luis-de-la-paz\/","og_locale":"es_MX","og_type":"article","og_title":"DESAPARECEN 2 ADOLESCENTES EN SAN LUIS DE LA PAZ - Kuali","og_description":"Kuali\/San Luis de la Paz, Guanajuato. - Dos j\u00f3venes de 16 y 17 a\u00f1os han sido reportados como desaparecidos y se han activado los protocolos de la Alerta Amber para solicitar la ayuda social y localizarlos. Fue el pasado viernes que se hicieron p\u00fablicas las fichas de b\u00fasqueda de Yazmin Guadalupe \u201cN\u201d y Jos\u00e9 Job [&hellip;]","og_url":"https:\/\/kuali.com.mx\/web\/2026\/02\/08\/desaparecen-2-adolescentes-en-san-luis-de-la-paz\/","og_site_name":"Kuali","article_publisher":"https:\/\/kuali.com.mx\/web\/wp-content\/uploads\/2018\/04\/cropped-kuali_logo-1-1.png","article_published_time":"2026-02-08T22:42:15+00:00","article_modified_time":"2026-02-08T22:42:19+00:00","og_image":[{"width":1833,"height":750,"url":"https:\/\/kuali.com.mx\/web\/wp-content\/uploads\/2022\/07\/Presidencia-San-Luis-de-la-Paz.jpg","type":"image\/jpeg"}],"author":"Kuali Staff","twitter_card":"summary_large_image","twitter_creator":"@kuali_noticias","twitter_site":"@kuali_noticias","twitter_misc":{"Escrito por":"Kuali Staff","Tiempo de lectura":"1 minuto"},"schema":{"@context":"https:\/\/schema.org","@graph":[{"@type":"Article","@id":"https:\/\/kuali.com.mx\/web\/2026\/02\/08\/desaparecen-2-adolescentes-en-san-luis-de-la-paz\/#article","isPartOf":{"@id":"https:\/\/kuali.com.mx\/web\/2026\/02\/08\/desaparecen-2-adolescentes-en-san-luis-de-la-paz\/"},"author":{"name":"Kuali Staff","@id":"https:\/\/kuali.com.mx\/web\/#\/schema\/person\/6f89ffa8ecba9dae50662357923c5289"},"headline":"DESAPARECEN 2 ADOLESCENTES EN SAN LUIS DE LA PAZ","datePublished":"2026-02-08T22:42:15+00:00","dateModified":"2026-02-08T22:42:19+00:00","mainEntityOfPage":{"@id":"https:\/\/kuali.com.mx\/web\/2026\/02\/08\/desaparecen-2-adolescentes-en-san-luis-de-la-paz\/"},"wordCount":177,"commentCount":0,"image":{"@id":"https:\/\/kuali.com.mx\/web\/2026\/02\/08\/desaparecen-2-adolescentes-en-san-luis-de-la-paz\/#primaryimage"},"thumbnailUrl":"https:\/\/kuali.com.mx\/web\/wp-content\/uploads\/2022\/07\/Presidencia-San-Luis-de-la-Paz.jpg","articleSection":["Pol\u00edtica","slider"],"inLanguage":"es","potentialAction":[{"@type":"CommentAction","name":"Comment","target":["https:\/\/kuali.com.mx\/web\/2026\/02\/08\/desaparecen-2-adolescentes-en-san-luis-de-la-paz\/#respond"]}]},{"@type":"WebPage","@id":"https:\/\/kuali.com.mx\/web\/2026\/02\/08\/desaparecen-2-adolescentes-en-san-luis-de-la-paz\/","url":"https:\/\/kuali.com.mx\/web\/2026\/02\/08\/desaparecen-2-adolescentes-en-san-luis-de-la-paz\/","name":"DESAPARECEN 2 ADOLESCENTES EN SAN LUIS DE LA PAZ - Kuali","isPartOf":{"@id":"https:\/\/kuali.com.mx\/web\/#website"},"primaryImageOfPage":{"@id":"https:\/\/kuali.com.mx\/web\/2026\/02\/08\/desaparecen-2-adolescentes-en-san-luis-de-la-paz\/#primaryimage"},"image":{"@id":"https:\/\/kuali.com.mx\/web\/2026\/02\/08\/desaparecen-2-adolescentes-en-san-luis-de-la-paz\/#primaryimage"},"thumbnailUrl":"https:\/\/kuali.com.mx\/web\/wp-content\/uploads\/2022\/07\/Presidencia-San-Luis-de-la-Paz.jpg","datePublished":"2026-02-08T22:42:15+00:00","dateModified":"2026-02-08T22:42:19+00:00","author":{"@id":"https:\/\/kuali.com.mx\/web\/#\/schema\/person\/6f89ffa8ecba9dae50662357923c5289"},"breadcrumb":{"@id":"https:\/\/kuali.com.mx\/web\/2026\/02\/08\/desaparecen-2-adolescentes-en-san-luis-de-la-paz\/#breadcrumb"},"inLanguage":"es","potentialAction":[{"@type":"ReadAction","target":["https:\/\/kuali.com.mx\/web\/2026\/02\/08\/desaparecen-2-adolescentes-en-san-luis-de-la-paz\/"]}]},{"@type":"ImageObject","inLanguage":"es","@id":"https:\/\/kuali.com.mx\/web\/2026\/02\/08\/desaparecen-2-adolescentes-en-san-luis-de-la-paz\/#primaryimage","url":"https:\/\/kuali.com.mx\/web\/wp-content\/uploads\/2022\/07\/Presidencia-San-Luis-de-la-Paz.jpg","contentUrl":"https:\/\/kuali.com.mx\/web\/wp-content\/uploads\/2022\/07\/Presidencia-San-Luis-de-la-Paz.jpg","width":1833,"height":750},{"@type":"BreadcrumbList","@id":"https:\/\/kuali.com.mx\/web\/2026\/02\/08\/desaparecen-2-adolescentes-en-san-luis-de-la-paz\/#breadcrumb","itemListElement":[{"@type":"ListItem","position":1,"name":"Inicio","item":"https:\/\/kuali.com.mx\/web\/"},{"@type":"ListItem","position":2,"name":"DESAPARECEN 2 ADOLESCENTES EN SAN LUIS DE LA PAZ"}]},{"@type":"WebSite","@id":"https:\/\/kuali.com.mx\/web\/#website","url":"https:\/\/kuali.com.mx\/web\/","name":"Kuali","description":"","potentialAction":[{"@type":"SearchAction","target":{"@type":"EntryPoint","urlTemplate":"https:\/\/kuali.com.mx\/web\/?s={search_term_string}"},"query-input":{"@type":"PropertyValueSpecification","valueRequired":true,"valueName":"search_term_string"}}],"inLanguage":"es"},{"@type":"Person","@id":"https:\/\/kuali.com.mx\/web\/#\/schema\/person\/6f89ffa8ecba9dae50662357923c5289","name":"Kuali Staff","image":{"@type":"ImageObject","inLanguage":"es","@id":"https:\/\/secure.gravatar.com\/avatar\/f917ad82e5ab71227a733c78b6e60715476f69ee6be59feee4eb5d9920c89e0f?s=96&d=mm&r=g","url":"https:\/\/secure.gravatar.com\/avatar\/f917ad82e5ab71227a733c78b6e60715476f69ee6be59feee4eb5d9920c89e0f?s=96&d=mm&r=g","contentUrl":"https:\/\/secure.gravatar.com\/avatar\/f917ad82e5ab71227a733c78b6e60715476f69ee6be59feee4eb5d9920c89e0f?s=96&d=mm&r=g","caption":"Kuali Staff"},"url":"https:\/\/kuali.com.mx\/web\/author\/lagarto\/"}]}},"_links":{"self":[{"href":"https:\/\/kuali.com.mx\/web\/wp-json\/wp\/v2\/posts\/196473","targetHints":{"allow":["GET"]}}],"collection":[{"href":"https:\/\/kuali.com.mx\/web\/wp-json\/wp\/v2\/posts"}],"about":[{"href":"https:\/\/kuali.com.mx\/web\/wp-json\/wp\/v2\/types\/post"}],"author":[{"embeddable":true,"href":"https:\/\/kuali.com.mx\/web\/wp-json\/wp\/v2\/users\/2"}],"replies":[{"embeddable":true,"href":"https:\/\/kuali.com.mx\/web\/wp-json\/wp\/v2\/comments?post=196473"}],"version-history":[{"count":1,"href":"https:\/\/kuali.com.mx\/web\/wp-json\/wp\/v2\/posts\/196473\/revisions"}],"predecessor-version":[{"id":196477,"href":"https:\/\/kuali.com.mx\/web\/wp-json\/wp\/v2\/posts\/196473\/revisions\/196477"}],"wp:featuredmedia":[{"embeddable":true,"href":"https:\/\/kuali.com.mx\/web\/wp-json\/wp\/v2\/media\/99907"}],"wp:attachment":[{"href":"https:\/\/kuali.com.mx\/web\/wp-json\/wp\/v2\/media?parent=196473"}],"wp:term":[{"taxonomy":"category","embeddable":true,"href":"https:\/\/kuali.com.mx\/web\/wp-json\/wp\/v2\/categories?post=196473"},{"taxonomy":"post_tag","embeddable":true,"href":"https:\/\/kuali.com.mx\/web\/wp-json\/wp\/v2\/tags?post=196473"}],"curies":[{"name":"wp","href":"https:\/\/api.w.org\/{rel}","templated":true}]}}