{"id":196459,"date":"2026-02-08T13:04:09","date_gmt":"2026-02-08T19:04:09","guid":{"rendered":"https:\/\/kuali.com.mx\/web\/?p=196459"},"modified":"2026-02-08T13:04:34","modified_gmt":"2026-02-08T19:04:34","slug":"guillermo-hermoso-a-hombros-en-la-corrida-de-leon","status":"publish","type":"post","link":"https:\/\/kuali.com.mx\/web\/2026\/02\/08\/guillermo-hermoso-a-hombros-en-la-corrida-de-leon\/","title":{"rendered":"GUILLERMO HERMOSO A HOMBROS EN LA CORRIDA DE LE\u00d3N"},"content":{"rendered":"\n<p><em><strong>Texto y fotos: Juan Jos\u00e9 L\u00f3pez Luna\/Le\u00f3n, Gto<\/strong><\/em>.-Con poco m\u00e1s de tres cuartos de entrada y ambiente c\u00e1lido y festivo, se dio la tercera corrida del serial taurino en la plaza \u201cLa Luz\u201d con motivo de los 450 a\u00f1os de fundada la ciudad leonesa, el cartel no era de los grandes pero la gente esperaba que tanto Guillermo Hermoso de Mendoza como \u201cEl Payo y Sergio Flores pudieran hacerlos disfrutar del arte del toreo con los 6 toros de la otrora ganader\u00eda de Xajay, pero justamente por el juego complicado y la falta de raza del encierro aparte de lo disparejo, poco pudieron hacer y solamente el rejoneador espa\u00f1ol cort\u00f3 2 orejas, m\u00e1s por el entusiasmo que por la faena, mientras los toreros de a pie perdieron al menos 1 oreja cada uno por sus fallos con la espada, a\u00fan as\u00ed 2 toros fueron premiados con arrastre lento.<\/p>\n\n\n\n<figure class=\"wp-block-image size-large\"><img loading=\"lazy\" decoding=\"async\" width=\"1024\" height=\"619\" src=\"https:\/\/kuali.com.mx\/web\/wp-content\/uploads\/2026\/02\/FOTO-2-1024x619.jpeg\" alt=\"\" class=\"wp-image-196463\" srcset=\"https:\/\/kuali.com.mx\/web\/wp-content\/uploads\/2026\/02\/FOTO-2-1024x619.jpeg 1024w, https:\/\/kuali.com.mx\/web\/wp-content\/uploads\/2026\/02\/FOTO-2-300x181.jpeg 300w, https:\/\/kuali.com.mx\/web\/wp-content\/uploads\/2026\/02\/FOTO-2-768x464.jpeg 768w, https:\/\/kuali.com.mx\/web\/wp-content\/uploads\/2026\/02\/FOTO-2-1536x929.jpeg 1536w, https:\/\/kuali.com.mx\/web\/wp-content\/uploads\/2026\/02\/FOTO-2-192x116.jpeg 192w, https:\/\/kuali.com.mx\/web\/wp-content\/uploads\/2026\/02\/FOTO-2.jpeg 1750w\" sizes=\"auto, (max-width: 1024px) 100vw, 1024px\" \/><\/figure>\n\n\n\n<p>Ser\u00eda tedioso narrar por separado la labor de cada uno de los toreros, as\u00ed que generalizaremos lo sucedido en la plaza de Le\u00f3n; Abri\u00f3 la tarde el joven torero a caballo Guillermo Hermoso, el cual ha heredado a su corta edad todo el arte, valor y t\u00e9cnica de su padre Pablo Hermoso de Mendoza, provocando la emoci\u00f3n en los tendidos al parar con sus cuacos a su primer toro, siguiendo luego con alardes de torer\u00eda y utilizando la grupa como capote o muleta, dejando que los pitones rozaran las ancas y la cola de sus educados caballos, vinieron los rejones de castigo y las banderillas al quiero en unos terrenos muy cortos y hasta comprometidos, lo que la gente jale\u00f3 con fuerte ol\u00e9s y aplausos por la exposici\u00f3n, por desgracia pinch\u00f3 2 veces y todo qued\u00f3 en salida al tercio. Con su segundo que tuvo salida espectacular y unas cuantas embestidas con alegr\u00eda, pronto se aquerenci\u00f3 en el tercio y tablas, dificultando al rejoneador la puesta de rejones de castigo y banderillas, oblig\u00e1ndolo a que las pusiera por dentro con el riego de una cogida a sus caballos, pero la temprana experiencia de Guillermo lo llev\u00f3 a lograrlo con mucha exposici\u00f3n y hasta se dio el lujo de poner un par a dos manos para luego dejar un rejonazo que hizo rodar como pelota al astado y la gente emocionada pidi\u00f3 las orejas para premiarlo.<\/p>\n\n\n\n<figure class=\"wp-block-image size-large\"><img loading=\"lazy\" decoding=\"async\" width=\"1024\" height=\"696\" src=\"https:\/\/kuali.com.mx\/web\/wp-content\/uploads\/2026\/02\/FOTO-3-1024x696.jpeg\" alt=\"\" class=\"wp-image-196464\" srcset=\"https:\/\/kuali.com.mx\/web\/wp-content\/uploads\/2026\/02\/FOTO-3-1024x696.jpeg 1024w, https:\/\/kuali.com.mx\/web\/wp-content\/uploads\/2026\/02\/FOTO-3-300x204.jpeg 300w, https:\/\/kuali.com.mx\/web\/wp-content\/uploads\/2026\/02\/FOTO-3-768x522.jpeg 768w, https:\/\/kuali.com.mx\/web\/wp-content\/uploads\/2026\/02\/FOTO-3-1536x1044.jpeg 1536w, https:\/\/kuali.com.mx\/web\/wp-content\/uploads\/2026\/02\/FOTO-3-171x116.jpeg 171w, https:\/\/kuali.com.mx\/web\/wp-content\/uploads\/2026\/02\/FOTO-3.jpeg 1750w\" sizes=\"auto, (max-width: 1024px) 100vw, 1024px\" \/><\/figure>\n\n\n\n<p>OCTAVIO GARC\u00cdA \u201cEl Payo sali\u00f3 al ruedo con el \u00e1nimo de triunfar y refrendar sus buenas actuaciones en plazas espa\u00f1olas el a\u00f1o pasado, por lo que a su primero lo recibi\u00f3 con varias ver\u00f3nicas de muy buena factura que la gente le jale\u00f3 con fuertes ol\u00e9s, una media y ya con la muleta en los tercios se dio a ligar tandas de derechazos con su torer\u00eda caracter\u00edstica aunque con algunos pases no muy limpios pues el astado ten\u00eda genio y por lo mismo enganchaba la tela, despu\u00e9s vinieron naturales de buena factura y el toro comenz\u00f3 a rajarse y desarrollar m\u00e1s sentido ll\u00e9ndose a las tablas y ah\u00ed peg\u00f3 el diestro otros tantos pases con exposici\u00f3n, pero cuando ya ten\u00eda ganada la oreja se dio a pinchar y se retir\u00f3 entre palmas y pitos. Con su segundo Octavio quiso agradar al p\u00fablico y volvi\u00f3 a torear con el capote toreramente, sinembargo al tomar la muleta el toro se fue a las tablas y con medias embestidas puso a sudar al diestro y estuvo a punto de prenderlo en 2 ocasiones, pases aislados sin mucha est\u00e9tica y arte solamente, de nuevo fall\u00f3 con la espada \u201cEl Payo\u201d. Iba a regalar un toro, pero al parecer no le gustaron los reservas y se tap\u00f3.&nbsp;<\/p>\n\n\n\n<figure class=\"wp-block-image size-large\"><img loading=\"lazy\" decoding=\"async\" width=\"1024\" height=\"690\" src=\"https:\/\/kuali.com.mx\/web\/wp-content\/uploads\/2026\/02\/FOTO-4-1024x690.jpeg\" alt=\"\" class=\"wp-image-196465\" srcset=\"https:\/\/kuali.com.mx\/web\/wp-content\/uploads\/2026\/02\/FOTO-4-1024x690.jpeg 1024w, https:\/\/kuali.com.mx\/web\/wp-content\/uploads\/2026\/02\/FOTO-4-300x202.jpeg 300w, https:\/\/kuali.com.mx\/web\/wp-content\/uploads\/2026\/02\/FOTO-4-768x517.jpeg 768w, https:\/\/kuali.com.mx\/web\/wp-content\/uploads\/2026\/02\/FOTO-4-1536x1035.jpeg 1536w, https:\/\/kuali.com.mx\/web\/wp-content\/uploads\/2026\/02\/FOTO-4-172x116.jpeg 172w, https:\/\/kuali.com.mx\/web\/wp-content\/uploads\/2026\/02\/FOTO-4.jpeg 1750w\" sizes=\"auto, (max-width: 1024px) 100vw, 1024px\" \/><\/figure>\n\n\n\n<p>SERGIO FLORES, mostr\u00f3 en el ruedo leon\u00e9s que ha madurado y se est\u00e1 convirtiendo en un torero poderoso y de arte, pues a su primero que sali\u00f3 con algo de guasa y sentido lo comenz\u00f3 a someter desde el capote para m\u00e1s tarde con la muleta pegarle unos doblones muy toreros y efectivos, ya en los tercios pudo el torero tlaxcalteca ligar tandas de derechazos y naturales que gustaron a la concurrencia y le fueron jaleados con fuerza, pero poco a poco el astado se vi\u00f3 podido y se meti\u00f3 a las tablas, hasta all\u00e1 fue el diestro para seguir toreando al son de la m\u00fasica, la gente ya preparaba los pa\u00f1uelos cuando mont\u00f3 la espada, pero se puso a pinchar y todo qued\u00f3 en palmas y pitos. Con su segundo Flores volvi\u00f3 a mostrar su conocimiento del toro y m\u00e1s que torearlo lo lidi\u00f3 pues ten\u00eda sentido el burel y agarrado al piso, luego al sentirse dominado en cada pase se iba suelta y as\u00ed dio varias vueltas al ruedo completas, la gente comenz\u00f3 a desesperarse por el mal comportamiento del toro y pidi\u00f3 que lo despacharan mejor, cosa que hizo Sergio y lo despidieron con palmas.<\/p>\n","protected":false},"excerpt":{"rendered":"Texto y fotos: Juan Jos\u00e9 L\u00f3pez Luna\/Le\u00f3n, Gto.-Con poco m\u00e1s de tres cuartos de entrada y ambiente c\u00e1lido y festivo, se dio la tercera corrida del serial taurino en la plaza \u201cLa Luz\u201d con motivo de los 450 a\u00f1os de fundada la ciudad leonesa, el cartel no era de los grandes pero la gente esperaba [&hellip;]","protected":false},"author":2,"featured_media":196460,"comment_status":"open","ping_status":"open","sticky":false,"template":"","format":"standard","meta":{"_seopress_robots_primary_cat":"none","_seopress_titles_title":"","_seopress_titles_desc":"","_seopress_robots_index":"","_monsterinsights_skip_tracking":false,"_monsterinsights_sitenote_active":false,"_monsterinsights_sitenote_note":"","_monsterinsights_sitenote_category":0,"footnotes":""},"categories":[16],"tags":[],"class_list":["post-196459","post","type-post","status-publish","format-standard","has-post-thumbnail","hentry","category-deportes"],"yoast_head":"<!-- This site is optimized with the Yoast SEO plugin v27.4 - https:\/\/yoast.com\/product\/yoast-seo-wordpress\/ -->\n<title>GUILLERMO HERMOSO A HOMBROS EN LA CORRIDA DE LE\u00d3N - Kuali<\/title>\n<meta name=\"robots\" content=\"index, follow, max-snippet:-1, max-image-preview:large, max-video-preview:-1\" \/>\n<link rel=\"canonical\" href=\"https:\/\/kuali.com.mx\/web\/2026\/02\/08\/guillermo-hermoso-a-hombros-en-la-corrida-de-leon\/\" \/>\n<meta property=\"og:locale\" content=\"es_MX\" \/>\n<meta property=\"og:type\" content=\"article\" \/>\n<meta property=\"og:title\" content=\"GUILLERMO HERMOSO A HOMBROS EN LA CORRIDA DE LE\u00d3N - Kuali\" \/>\n<meta property=\"og:description\" content=\"Texto y fotos: Juan Jos\u00e9 L\u00f3pez Luna\/Le\u00f3n, Gto.-Con poco m\u00e1s de tres cuartos de entrada y ambiente c\u00e1lido y festivo, se dio la tercera corrida del serial taurino en la plaza \u201cLa Luz\u201d con motivo de los 450 a\u00f1os de fundada la ciudad leonesa, el cartel no era de los grandes pero la gente esperaba [&hellip;]\" \/>\n<meta property=\"og:url\" content=\"https:\/\/kuali.com.mx\/web\/2026\/02\/08\/guillermo-hermoso-a-hombros-en-la-corrida-de-leon\/\" \/>\n<meta property=\"og:site_name\" content=\"Kuali\" \/>\n<meta property=\"article:publisher\" content=\"https:\/\/kuali.com.mx\/web\/wp-content\/uploads\/2018\/04\/cropped-kuali_logo-1-1.png\" \/>\n<meta property=\"article:published_time\" content=\"2026-02-08T19:04:09+00:00\" \/>\n<meta property=\"article:modified_time\" content=\"2026-02-08T19:04:34+00:00\" \/>\n<meta property=\"og:image\" content=\"https:\/\/kuali.com.mx\/web\/wp-content\/uploads\/2026\/02\/FOTO-1.jpeg\" \/>\n\t<meta property=\"og:image:width\" content=\"1750\" \/>\n\t<meta property=\"og:image:height\" content=\"1026\" \/>\n\t<meta property=\"og:image:type\" content=\"image\/jpeg\" \/>\n<meta name=\"author\" content=\"Kuali Staff\" \/>\n<meta name=\"twitter:card\" content=\"summary_large_image\" \/>\n<meta name=\"twitter:creator\" content=\"@kuali_noticias\" \/>\n<meta name=\"twitter:site\" content=\"@kuali_noticias\" \/>\n<meta name=\"twitter:label1\" content=\"Escrito por\" \/>\n\t<meta name=\"twitter:data1\" content=\"Kuali Staff\" \/>\n\t<meta name=\"twitter:label2\" content=\"Tiempo de lectura\" \/>\n\t<meta name=\"twitter:data2\" content=\"4 minutos\" \/>\n<script type=\"application\/ld+json\" class=\"yoast-schema-graph\">{\"@context\":\"https:\\\/\\\/schema.org\",\"@graph\":[{\"@type\":\"Article\",\"@id\":\"https:\\\/\\\/kuali.com.mx\\\/web\\\/2026\\\/02\\\/08\\\/guillermo-hermoso-a-hombros-en-la-corrida-de-leon\\\/#article\",\"isPartOf\":{\"@id\":\"https:\\\/\\\/kuali.com.mx\\\/web\\\/2026\\\/02\\\/08\\\/guillermo-hermoso-a-hombros-en-la-corrida-de-leon\\\/\"},\"author\":{\"name\":\"Kuali Staff\",\"@id\":\"https:\\\/\\\/kuali.com.mx\\\/web\\\/#\\\/schema\\\/person\\\/6f89ffa8ecba9dae50662357923c5289\"},\"headline\":\"GUILLERMO HERMOSO A HOMBROS EN LA CORRIDA DE LE\u00d3N\",\"datePublished\":\"2026-02-08T19:04:09+00:00\",\"dateModified\":\"2026-02-08T19:04:34+00:00\",\"mainEntityOfPage\":{\"@id\":\"https:\\\/\\\/kuali.com.mx\\\/web\\\/2026\\\/02\\\/08\\\/guillermo-hermoso-a-hombros-en-la-corrida-de-leon\\\/\"},\"wordCount\":839,\"commentCount\":0,\"image\":{\"@id\":\"https:\\\/\\\/kuali.com.mx\\\/web\\\/2026\\\/02\\\/08\\\/guillermo-hermoso-a-hombros-en-la-corrida-de-leon\\\/#primaryimage\"},\"thumbnailUrl\":\"https:\\\/\\\/kuali.com.mx\\\/web\\\/wp-content\\\/uploads\\\/2026\\\/02\\\/FOTO-1.jpeg\",\"articleSection\":[\"Deportes\"],\"inLanguage\":\"es\",\"potentialAction\":[{\"@type\":\"CommentAction\",\"name\":\"Comment\",\"target\":[\"https:\\\/\\\/kuali.com.mx\\\/web\\\/2026\\\/02\\\/08\\\/guillermo-hermoso-a-hombros-en-la-corrida-de-leon\\\/#respond\"]}]},{\"@type\":\"WebPage\",\"@id\":\"https:\\\/\\\/kuali.com.mx\\\/web\\\/2026\\\/02\\\/08\\\/guillermo-hermoso-a-hombros-en-la-corrida-de-leon\\\/\",\"url\":\"https:\\\/\\\/kuali.com.mx\\\/web\\\/2026\\\/02\\\/08\\\/guillermo-hermoso-a-hombros-en-la-corrida-de-leon\\\/\",\"name\":\"GUILLERMO HERMOSO A HOMBROS EN LA CORRIDA DE LE\u00d3N - Kuali\",\"isPartOf\":{\"@id\":\"https:\\\/\\\/kuali.com.mx\\\/web\\\/#website\"},\"primaryImageOfPage\":{\"@id\":\"https:\\\/\\\/kuali.com.mx\\\/web\\\/2026\\\/02\\\/08\\\/guillermo-hermoso-a-hombros-en-la-corrida-de-leon\\\/#primaryimage\"},\"image\":{\"@id\":\"https:\\\/\\\/kuali.com.mx\\\/web\\\/2026\\\/02\\\/08\\\/guillermo-hermoso-a-hombros-en-la-corrida-de-leon\\\/#primaryimage\"},\"thumbnailUrl\":\"https:\\\/\\\/kuali.com.mx\\\/web\\\/wp-content\\\/uploads\\\/2026\\\/02\\\/FOTO-1.jpeg\",\"datePublished\":\"2026-02-08T19:04:09+00:00\",\"dateModified\":\"2026-02-08T19:04:34+00:00\",\"author\":{\"@id\":\"https:\\\/\\\/kuali.com.mx\\\/web\\\/#\\\/schema\\\/person\\\/6f89ffa8ecba9dae50662357923c5289\"},\"breadcrumb\":{\"@id\":\"https:\\\/\\\/kuali.com.mx\\\/web\\\/2026\\\/02\\\/08\\\/guillermo-hermoso-a-hombros-en-la-corrida-de-leon\\\/#breadcrumb\"},\"inLanguage\":\"es\",\"potentialAction\":[{\"@type\":\"ReadAction\",\"target\":[\"https:\\\/\\\/kuali.com.mx\\\/web\\\/2026\\\/02\\\/08\\\/guillermo-hermoso-a-hombros-en-la-corrida-de-leon\\\/\"]}]},{\"@type\":\"ImageObject\",\"inLanguage\":\"es\",\"@id\":\"https:\\\/\\\/kuali.com.mx\\\/web\\\/2026\\\/02\\\/08\\\/guillermo-hermoso-a-hombros-en-la-corrida-de-leon\\\/#primaryimage\",\"url\":\"https:\\\/\\\/kuali.com.mx\\\/web\\\/wp-content\\\/uploads\\\/2026\\\/02\\\/FOTO-1.jpeg\",\"contentUrl\":\"https:\\\/\\\/kuali.com.mx\\\/web\\\/wp-content\\\/uploads\\\/2026\\\/02\\\/FOTO-1.jpeg\",\"width\":1750,\"height\":1026},{\"@type\":\"BreadcrumbList\",\"@id\":\"https:\\\/\\\/kuali.com.mx\\\/web\\\/2026\\\/02\\\/08\\\/guillermo-hermoso-a-hombros-en-la-corrida-de-leon\\\/#breadcrumb\",\"itemListElement\":[{\"@type\":\"ListItem\",\"position\":1,\"name\":\"Inicio\",\"item\":\"https:\\\/\\\/kuali.com.mx\\\/web\\\/\"},{\"@type\":\"ListItem\",\"position\":2,\"name\":\"GUILLERMO HERMOSO A HOMBROS EN LA CORRIDA DE LE\u00d3N\"}]},{\"@type\":\"WebSite\",\"@id\":\"https:\\\/\\\/kuali.com.mx\\\/web\\\/#website\",\"url\":\"https:\\\/\\\/kuali.com.mx\\\/web\\\/\",\"name\":\"Kuali\",\"description\":\"\",\"potentialAction\":[{\"@type\":\"SearchAction\",\"target\":{\"@type\":\"EntryPoint\",\"urlTemplate\":\"https:\\\/\\\/kuali.com.mx\\\/web\\\/?s={search_term_string}\"},\"query-input\":{\"@type\":\"PropertyValueSpecification\",\"valueRequired\":true,\"valueName\":\"search_term_string\"}}],\"inLanguage\":\"es\"},{\"@type\":\"Person\",\"@id\":\"https:\\\/\\\/kuali.com.mx\\\/web\\\/#\\\/schema\\\/person\\\/6f89ffa8ecba9dae50662357923c5289\",\"name\":\"Kuali Staff\",\"image\":{\"@type\":\"ImageObject\",\"inLanguage\":\"es\",\"@id\":\"https:\\\/\\\/secure.gravatar.com\\\/avatar\\\/f917ad82e5ab71227a733c78b6e60715476f69ee6be59feee4eb5d9920c89e0f?s=96&d=mm&r=g\",\"url\":\"https:\\\/\\\/secure.gravatar.com\\\/avatar\\\/f917ad82e5ab71227a733c78b6e60715476f69ee6be59feee4eb5d9920c89e0f?s=96&d=mm&r=g\",\"contentUrl\":\"https:\\\/\\\/secure.gravatar.com\\\/avatar\\\/f917ad82e5ab71227a733c78b6e60715476f69ee6be59feee4eb5d9920c89e0f?s=96&d=mm&r=g\",\"caption\":\"Kuali Staff\"},\"url\":\"https:\\\/\\\/kuali.com.mx\\\/web\\\/author\\\/lagarto\\\/\"}]}<\/script>\n<!-- \/ Yoast SEO plugin. -->","yoast_head_json":{"title":"GUILLERMO HERMOSO A HOMBROS EN LA CORRIDA DE LE\u00d3N - Kuali","robots":{"index":"index","follow":"follow","max-snippet":"max-snippet:-1","max-image-preview":"max-image-preview:large","max-video-preview":"max-video-preview:-1"},"canonical":"https:\/\/kuali.com.mx\/web\/2026\/02\/08\/guillermo-hermoso-a-hombros-en-la-corrida-de-leon\/","og_locale":"es_MX","og_type":"article","og_title":"GUILLERMO HERMOSO A HOMBROS EN LA CORRIDA DE LE\u00d3N - Kuali","og_description":"Texto y fotos: Juan Jos\u00e9 L\u00f3pez Luna\/Le\u00f3n, Gto.-Con poco m\u00e1s de tres cuartos de entrada y ambiente c\u00e1lido y festivo, se dio la tercera corrida del serial taurino en la plaza \u201cLa Luz\u201d con motivo de los 450 a\u00f1os de fundada la ciudad leonesa, el cartel no era de los grandes pero la gente esperaba [&hellip;]","og_url":"https:\/\/kuali.com.mx\/web\/2026\/02\/08\/guillermo-hermoso-a-hombros-en-la-corrida-de-leon\/","og_site_name":"Kuali","article_publisher":"https:\/\/kuali.com.mx\/web\/wp-content\/uploads\/2018\/04\/cropped-kuali_logo-1-1.png","article_published_time":"2026-02-08T19:04:09+00:00","article_modified_time":"2026-02-08T19:04:34+00:00","og_image":[{"width":1750,"height":1026,"url":"https:\/\/kuali.com.mx\/web\/wp-content\/uploads\/2026\/02\/FOTO-1.jpeg","type":"image\/jpeg"}],"author":"Kuali Staff","twitter_card":"summary_large_image","twitter_creator":"@kuali_noticias","twitter_site":"@kuali_noticias","twitter_misc":{"Escrito por":"Kuali Staff","Tiempo de lectura":"4 minutos"},"schema":{"@context":"https:\/\/schema.org","@graph":[{"@type":"Article","@id":"https:\/\/kuali.com.mx\/web\/2026\/02\/08\/guillermo-hermoso-a-hombros-en-la-corrida-de-leon\/#article","isPartOf":{"@id":"https:\/\/kuali.com.mx\/web\/2026\/02\/08\/guillermo-hermoso-a-hombros-en-la-corrida-de-leon\/"},"author":{"name":"Kuali Staff","@id":"https:\/\/kuali.com.mx\/web\/#\/schema\/person\/6f89ffa8ecba9dae50662357923c5289"},"headline":"GUILLERMO HERMOSO A HOMBROS EN LA CORRIDA DE LE\u00d3N","datePublished":"2026-02-08T19:04:09+00:00","dateModified":"2026-02-08T19:04:34+00:00","mainEntityOfPage":{"@id":"https:\/\/kuali.com.mx\/web\/2026\/02\/08\/guillermo-hermoso-a-hombros-en-la-corrida-de-leon\/"},"wordCount":839,"commentCount":0,"image":{"@id":"https:\/\/kuali.com.mx\/web\/2026\/02\/08\/guillermo-hermoso-a-hombros-en-la-corrida-de-leon\/#primaryimage"},"thumbnailUrl":"https:\/\/kuali.com.mx\/web\/wp-content\/uploads\/2026\/02\/FOTO-1.jpeg","articleSection":["Deportes"],"inLanguage":"es","potentialAction":[{"@type":"CommentAction","name":"Comment","target":["https:\/\/kuali.com.mx\/web\/2026\/02\/08\/guillermo-hermoso-a-hombros-en-la-corrida-de-leon\/#respond"]}]},{"@type":"WebPage","@id":"https:\/\/kuali.com.mx\/web\/2026\/02\/08\/guillermo-hermoso-a-hombros-en-la-corrida-de-leon\/","url":"https:\/\/kuali.com.mx\/web\/2026\/02\/08\/guillermo-hermoso-a-hombros-en-la-corrida-de-leon\/","name":"GUILLERMO HERMOSO A HOMBROS EN LA CORRIDA DE LE\u00d3N - Kuali","isPartOf":{"@id":"https:\/\/kuali.com.mx\/web\/#website"},"primaryImageOfPage":{"@id":"https:\/\/kuali.com.mx\/web\/2026\/02\/08\/guillermo-hermoso-a-hombros-en-la-corrida-de-leon\/#primaryimage"},"image":{"@id":"https:\/\/kuali.com.mx\/web\/2026\/02\/08\/guillermo-hermoso-a-hombros-en-la-corrida-de-leon\/#primaryimage"},"thumbnailUrl":"https:\/\/kuali.com.mx\/web\/wp-content\/uploads\/2026\/02\/FOTO-1.jpeg","datePublished":"2026-02-08T19:04:09+00:00","dateModified":"2026-02-08T19:04:34+00:00","author":{"@id":"https:\/\/kuali.com.mx\/web\/#\/schema\/person\/6f89ffa8ecba9dae50662357923c5289"},"breadcrumb":{"@id":"https:\/\/kuali.com.mx\/web\/2026\/02\/08\/guillermo-hermoso-a-hombros-en-la-corrida-de-leon\/#breadcrumb"},"inLanguage":"es","potentialAction":[{"@type":"ReadAction","target":["https:\/\/kuali.com.mx\/web\/2026\/02\/08\/guillermo-hermoso-a-hombros-en-la-corrida-de-leon\/"]}]},{"@type":"ImageObject","inLanguage":"es","@id":"https:\/\/kuali.com.mx\/web\/2026\/02\/08\/guillermo-hermoso-a-hombros-en-la-corrida-de-leon\/#primaryimage","url":"https:\/\/kuali.com.mx\/web\/wp-content\/uploads\/2026\/02\/FOTO-1.jpeg","contentUrl":"https:\/\/kuali.com.mx\/web\/wp-content\/uploads\/2026\/02\/FOTO-1.jpeg","width":1750,"height":1026},{"@type":"BreadcrumbList","@id":"https:\/\/kuali.com.mx\/web\/2026\/02\/08\/guillermo-hermoso-a-hombros-en-la-corrida-de-leon\/#breadcrumb","itemListElement":[{"@type":"ListItem","position":1,"name":"Inicio","item":"https:\/\/kuali.com.mx\/web\/"},{"@type":"ListItem","position":2,"name":"GUILLERMO HERMOSO A HOMBROS EN LA CORRIDA DE LE\u00d3N"}]},{"@type":"WebSite","@id":"https:\/\/kuali.com.mx\/web\/#website","url":"https:\/\/kuali.com.mx\/web\/","name":"Kuali","description":"","potentialAction":[{"@type":"SearchAction","target":{"@type":"EntryPoint","urlTemplate":"https:\/\/kuali.com.mx\/web\/?s={search_term_string}"},"query-input":{"@type":"PropertyValueSpecification","valueRequired":true,"valueName":"search_term_string"}}],"inLanguage":"es"},{"@type":"Person","@id":"https:\/\/kuali.com.mx\/web\/#\/schema\/person\/6f89ffa8ecba9dae50662357923c5289","name":"Kuali Staff","image":{"@type":"ImageObject","inLanguage":"es","@id":"https:\/\/secure.gravatar.com\/avatar\/f917ad82e5ab71227a733c78b6e60715476f69ee6be59feee4eb5d9920c89e0f?s=96&d=mm&r=g","url":"https:\/\/secure.gravatar.com\/avatar\/f917ad82e5ab71227a733c78b6e60715476f69ee6be59feee4eb5d9920c89e0f?s=96&d=mm&r=g","contentUrl":"https:\/\/secure.gravatar.com\/avatar\/f917ad82e5ab71227a733c78b6e60715476f69ee6be59feee4eb5d9920c89e0f?s=96&d=mm&r=g","caption":"Kuali Staff"},"url":"https:\/\/kuali.com.mx\/web\/author\/lagarto\/"}]}},"_links":{"self":[{"href":"https:\/\/kuali.com.mx\/web\/wp-json\/wp\/v2\/posts\/196459","targetHints":{"allow":["GET"]}}],"collection":[{"href":"https:\/\/kuali.com.mx\/web\/wp-json\/wp\/v2\/posts"}],"about":[{"href":"https:\/\/kuali.com.mx\/web\/wp-json\/wp\/v2\/types\/post"}],"author":[{"embeddable":true,"href":"https:\/\/kuali.com.mx\/web\/wp-json\/wp\/v2\/users\/2"}],"replies":[{"embeddable":true,"href":"https:\/\/kuali.com.mx\/web\/wp-json\/wp\/v2\/comments?post=196459"}],"version-history":[{"count":1,"href":"https:\/\/kuali.com.mx\/web\/wp-json\/wp\/v2\/posts\/196459\/revisions"}],"predecessor-version":[{"id":196466,"href":"https:\/\/kuali.com.mx\/web\/wp-json\/wp\/v2\/posts\/196459\/revisions\/196466"}],"wp:featuredmedia":[{"embeddable":true,"href":"https:\/\/kuali.com.mx\/web\/wp-json\/wp\/v2\/media\/196460"}],"wp:attachment":[{"href":"https:\/\/kuali.com.mx\/web\/wp-json\/wp\/v2\/media?parent=196459"}],"wp:term":[{"taxonomy":"category","embeddable":true,"href":"https:\/\/kuali.com.mx\/web\/wp-json\/wp\/v2\/categories?post=196459"},{"taxonomy":"post_tag","embeddable":true,"href":"https:\/\/kuali.com.mx\/web\/wp-json\/wp\/v2\/tags?post=196459"}],"curies":[{"name":"wp","href":"https:\/\/api.w.org\/{rel}","templated":true}]}}