{"id":196453,"date":"2026-02-08T12:39:04","date_gmt":"2026-02-08T18:39:04","guid":{"rendered":"https:\/\/kuali.com.mx\/web\/?p=196453"},"modified":"2026-02-09T14:05:59","modified_gmt":"2026-02-09T20:05:59","slug":"javier-camarena-engalana-el-festival-de-irapuato","status":"publish","type":"post","link":"https:\/\/kuali.com.mx\/web\/2026\/02\/08\/javier-camarena-engalana-el-festival-de-irapuato\/","title":{"rendered":"JAVIER CAMARENA ENGALANA EL FESTIVAL DE IRAPUATO"},"content":{"rendered":"\n<p><em><strong>Paula Vega\/Irapuato, Gto<\/strong><\/em>.-El tenor mexicano Javier Camarena ofreci\u00f3 una presentaci\u00f3n memorable en el Teatro de la Ciudad, en el marco del Festival de la Ciudad 2026, en una velada que combin\u00f3 la grandeza de la \u00f3pera con la intimidad de la m\u00fasica mexicana y el profundo v\u00ednculo personal que lo une a Guanajuato.<\/p>\n\n\n\n<p>El concierto inici\u00f3 con un programa oper\u00edstico que permiti\u00f3 al p\u00fablico apreciar la potencia, elegancia y expresividad de la voz de Camarena, acompa\u00f1ado al piano por el m\u00fasico cubano \u00c1ngel Rodr\u00edguez, con quien mantuvo un di\u00e1logo musical preciso y sensible que marc\u00f3 el tono de la primera parte de la noche.<\/p>\n\n\n\n<p>Tras un breve intermedio, el tenor regres\u00f3 al escenario para compartir palabras que conmovieron al p\u00fablico. Expres\u00f3 el cari\u00f1o especial que siente por Guanajuato y, de manera particular, por Irapuato, ciudad que forma parte de su historia familiar, al ser el lugar de origen de la familia de su esposa, la guitarrista Marisol Rangel, con quien ha compartido 23 a\u00f1os de matrimonio.<\/p>\n\n\n\n<p>Enseguida, Camarena, acompa\u00f1ado de Marisol Rinc\u00f3n, interpret\u00f3 del bolero Madrigal, del compositor puertorrique\u00f1o Felipe Rosario Goyco, conocido como Don Felo, escrito en 1948. Antes de cantar, el tenor dedic\u00f3 la pieza a su esposa, explicando que se trata de un tema muy especial para ella, pues era la canci\u00f3n con la que la arrullaban a ella y a sus hermanos durante su infancia. La interpretaci\u00f3n fue recibida con una c\u00e1lida ovaci\u00f3n, y la guitarrista se despidi\u00f3 del escenario entre aplausos.<\/p>\n\n\n\n<p>La segunda mitad del concierto estuvo dedicada a compositores guanajuatenses, rindiendo homenaje a la leonesa Mar\u00eda Grever y al originario de Dolores Hidalgo, Jos\u00e9 Alfredo Jim\u00e9nez. De ellos interpret\u00f3 piezas entra\u00f1ables como Cuando vuelva a tu lado, Tipitipit\u00edn, Serenata huasteca y Caminos de Guanajuato, que despertaron la emoci\u00f3n y la nostalgia del p\u00fablico.<\/p>\n\n\n\n<p>A petici\u00f3n de los asistentes, el programa se extendi\u00f3 con temas adicionales, en un ambiente de cercan\u00eda y entusiasmo. Para el cierre, Camarena fue acompa\u00f1ado por la Estudiantina de la Universidad de Guanajuato, sumando voces y tradici\u00f3n a una noche ya inolvidable.<\/p>\n\n\n\n<p>El p\u00fablico ovacion\u00f3 de pie al tenor y a todos los m\u00fasicos que lo acompa\u00f1aron, sellando as\u00ed un concierto que no solo celebr\u00f3 la excelencia art\u00edstica, sino tambi\u00e9n el amor, la memoria y las ra\u00edces que unen a Javier Camarena con Irapuato.<\/p>\n\n\n\n<figure class=\"wp-block-image size-large\"><img loading=\"lazy\" decoding=\"async\" width=\"1024\" height=\"611\" src=\"https:\/\/kuali.com.mx\/web\/wp-content\/uploads\/2026\/02\/CAMARENA-2-1024x611.jpg\" alt=\"\" class=\"wp-image-196457\" srcset=\"https:\/\/kuali.com.mx\/web\/wp-content\/uploads\/2026\/02\/CAMARENA-2-1024x611.jpg 1024w, https:\/\/kuali.com.mx\/web\/wp-content\/uploads\/2026\/02\/CAMARENA-2-300x179.jpg 300w, https:\/\/kuali.com.mx\/web\/wp-content\/uploads\/2026\/02\/CAMARENA-2-768x458.jpg 768w, https:\/\/kuali.com.mx\/web\/wp-content\/uploads\/2026\/02\/CAMARENA-2-194x116.jpg 194w, https:\/\/kuali.com.mx\/web\/wp-content\/uploads\/2026\/02\/CAMARENA-2.jpg 1280w\" sizes=\"auto, (max-width: 1024px) 100vw, 1024px\" \/><\/figure>\n","protected":false},"excerpt":{"rendered":"Paula Vega\/Irapuato, Gto.-El tenor mexicano Javier Camarena ofreci\u00f3 una presentaci\u00f3n memorable en el Teatro de la Ciudad, en el marco del Festival de la Ciudad 2026, en una velada que combin\u00f3 la grandeza de la \u00f3pera con la intimidad de la m\u00fasica mexicana y el profundo v\u00ednculo personal que lo une a Guanajuato. El concierto [&hellip;]","protected":false},"author":2,"featured_media":196456,"comment_status":"open","ping_status":"open","sticky":false,"template":"","format":"standard","meta":{"_seopress_robots_primary_cat":"none","_seopress_titles_title":"","_seopress_titles_desc":"","_seopress_robots_index":"","_monsterinsights_skip_tracking":false,"_monsterinsights_sitenote_active":false,"_monsterinsights_sitenote_note":"","_monsterinsights_sitenote_category":0,"footnotes":""},"categories":[8],"tags":[],"class_list":["post-196453","post","type-post","status-publish","format-standard","has-post-thumbnail","hentry","category-espectaculos"],"yoast_head":"<!-- This site is optimized with the Yoast SEO plugin v27.4 - https:\/\/yoast.com\/product\/yoast-seo-wordpress\/ -->\n<title>JAVIER CAMARENA ENGALANA EL FESTIVAL DE IRAPUATO - Kuali<\/title>\n<meta name=\"robots\" content=\"index, follow, max-snippet:-1, max-image-preview:large, max-video-preview:-1\" \/>\n<link rel=\"canonical\" href=\"https:\/\/kuali.com.mx\/web\/2026\/02\/08\/javier-camarena-engalana-el-festival-de-irapuato\/\" \/>\n<meta property=\"og:locale\" content=\"es_MX\" \/>\n<meta property=\"og:type\" content=\"article\" \/>\n<meta property=\"og:title\" content=\"JAVIER CAMARENA ENGALANA EL FESTIVAL DE IRAPUATO - Kuali\" \/>\n<meta property=\"og:description\" content=\"Paula Vega\/Irapuato, Gto.-El tenor mexicano Javier Camarena ofreci\u00f3 una presentaci\u00f3n memorable en el Teatro de la Ciudad, en el marco del Festival de la Ciudad 2026, en una velada que combin\u00f3 la grandeza de la \u00f3pera con la intimidad de la m\u00fasica mexicana y el profundo v\u00ednculo personal que lo une a Guanajuato. El concierto [&hellip;]\" \/>\n<meta property=\"og:url\" content=\"https:\/\/kuali.com.mx\/web\/2026\/02\/08\/javier-camarena-engalana-el-festival-de-irapuato\/\" \/>\n<meta property=\"og:site_name\" content=\"Kuali\" \/>\n<meta property=\"article:publisher\" content=\"https:\/\/kuali.com.mx\/web\/wp-content\/uploads\/2018\/04\/cropped-kuali_logo-1-1.png\" \/>\n<meta property=\"article:published_time\" content=\"2026-02-08T18:39:04+00:00\" \/>\n<meta property=\"article:modified_time\" content=\"2026-02-09T20:05:59+00:00\" \/>\n<meta property=\"og:image\" content=\"https:\/\/kuali.com.mx\/web\/wp-content\/uploads\/2026\/02\/CAMARENA.png\" \/>\n\t<meta property=\"og:image:width\" content=\"1750\" \/>\n\t<meta property=\"og:image:height\" content=\"922\" \/>\n\t<meta property=\"og:image:type\" content=\"image\/png\" \/>\n<meta name=\"author\" content=\"Kuali Staff\" \/>\n<meta name=\"twitter:card\" content=\"summary_large_image\" \/>\n<meta name=\"twitter:creator\" content=\"@kuali_noticias\" \/>\n<meta name=\"twitter:site\" content=\"@kuali_noticias\" \/>\n<meta name=\"twitter:label1\" content=\"Escrito por\" \/>\n\t<meta name=\"twitter:data1\" content=\"Kuali Staff\" \/>\n\t<meta name=\"twitter:label2\" content=\"Tiempo de lectura\" \/>\n\t<meta name=\"twitter:data2\" content=\"2 minutos\" \/>\n<script type=\"application\/ld+json\" class=\"yoast-schema-graph\">{\"@context\":\"https:\\\/\\\/schema.org\",\"@graph\":[{\"@type\":\"Article\",\"@id\":\"https:\\\/\\\/kuali.com.mx\\\/web\\\/2026\\\/02\\\/08\\\/javier-camarena-engalana-el-festival-de-irapuato\\\/#article\",\"isPartOf\":{\"@id\":\"https:\\\/\\\/kuali.com.mx\\\/web\\\/2026\\\/02\\\/08\\\/javier-camarena-engalana-el-festival-de-irapuato\\\/\"},\"author\":{\"name\":\"Kuali Staff\",\"@id\":\"https:\\\/\\\/kuali.com.mx\\\/web\\\/#\\\/schema\\\/person\\\/6f89ffa8ecba9dae50662357923c5289\"},\"headline\":\"JAVIER CAMARENA ENGALANA EL FESTIVAL DE IRAPUATO\",\"datePublished\":\"2026-02-08T18:39:04+00:00\",\"dateModified\":\"2026-02-09T20:05:59+00:00\",\"mainEntityOfPage\":{\"@id\":\"https:\\\/\\\/kuali.com.mx\\\/web\\\/2026\\\/02\\\/08\\\/javier-camarena-engalana-el-festival-de-irapuato\\\/\"},\"wordCount\":424,\"commentCount\":0,\"image\":{\"@id\":\"https:\\\/\\\/kuali.com.mx\\\/web\\\/2026\\\/02\\\/08\\\/javier-camarena-engalana-el-festival-de-irapuato\\\/#primaryimage\"},\"thumbnailUrl\":\"https:\\\/\\\/kuali.com.mx\\\/web\\\/wp-content\\\/uploads\\\/2026\\\/02\\\/CAMARENA.png\",\"articleSection\":[\"Cultura\"],\"inLanguage\":\"es\",\"potentialAction\":[{\"@type\":\"CommentAction\",\"name\":\"Comment\",\"target\":[\"https:\\\/\\\/kuali.com.mx\\\/web\\\/2026\\\/02\\\/08\\\/javier-camarena-engalana-el-festival-de-irapuato\\\/#respond\"]}]},{\"@type\":\"WebPage\",\"@id\":\"https:\\\/\\\/kuali.com.mx\\\/web\\\/2026\\\/02\\\/08\\\/javier-camarena-engalana-el-festival-de-irapuato\\\/\",\"url\":\"https:\\\/\\\/kuali.com.mx\\\/web\\\/2026\\\/02\\\/08\\\/javier-camarena-engalana-el-festival-de-irapuato\\\/\",\"name\":\"JAVIER CAMARENA ENGALANA EL FESTIVAL DE IRAPUATO - Kuali\",\"isPartOf\":{\"@id\":\"https:\\\/\\\/kuali.com.mx\\\/web\\\/#website\"},\"primaryImageOfPage\":{\"@id\":\"https:\\\/\\\/kuali.com.mx\\\/web\\\/2026\\\/02\\\/08\\\/javier-camarena-engalana-el-festival-de-irapuato\\\/#primaryimage\"},\"image\":{\"@id\":\"https:\\\/\\\/kuali.com.mx\\\/web\\\/2026\\\/02\\\/08\\\/javier-camarena-engalana-el-festival-de-irapuato\\\/#primaryimage\"},\"thumbnailUrl\":\"https:\\\/\\\/kuali.com.mx\\\/web\\\/wp-content\\\/uploads\\\/2026\\\/02\\\/CAMARENA.png\",\"datePublished\":\"2026-02-08T18:39:04+00:00\",\"dateModified\":\"2026-02-09T20:05:59+00:00\",\"author\":{\"@id\":\"https:\\\/\\\/kuali.com.mx\\\/web\\\/#\\\/schema\\\/person\\\/6f89ffa8ecba9dae50662357923c5289\"},\"breadcrumb\":{\"@id\":\"https:\\\/\\\/kuali.com.mx\\\/web\\\/2026\\\/02\\\/08\\\/javier-camarena-engalana-el-festival-de-irapuato\\\/#breadcrumb\"},\"inLanguage\":\"es\",\"potentialAction\":[{\"@type\":\"ReadAction\",\"target\":[\"https:\\\/\\\/kuali.com.mx\\\/web\\\/2026\\\/02\\\/08\\\/javier-camarena-engalana-el-festival-de-irapuato\\\/\"]}]},{\"@type\":\"ImageObject\",\"inLanguage\":\"es\",\"@id\":\"https:\\\/\\\/kuali.com.mx\\\/web\\\/2026\\\/02\\\/08\\\/javier-camarena-engalana-el-festival-de-irapuato\\\/#primaryimage\",\"url\":\"https:\\\/\\\/kuali.com.mx\\\/web\\\/wp-content\\\/uploads\\\/2026\\\/02\\\/CAMARENA.png\",\"contentUrl\":\"https:\\\/\\\/kuali.com.mx\\\/web\\\/wp-content\\\/uploads\\\/2026\\\/02\\\/CAMARENA.png\",\"width\":1750,\"height\":922},{\"@type\":\"BreadcrumbList\",\"@id\":\"https:\\\/\\\/kuali.com.mx\\\/web\\\/2026\\\/02\\\/08\\\/javier-camarena-engalana-el-festival-de-irapuato\\\/#breadcrumb\",\"itemListElement\":[{\"@type\":\"ListItem\",\"position\":1,\"name\":\"Inicio\",\"item\":\"https:\\\/\\\/kuali.com.mx\\\/web\\\/\"},{\"@type\":\"ListItem\",\"position\":2,\"name\":\"JAVIER CAMARENA ENGALANA EL FESTIVAL DE IRAPUATO\"}]},{\"@type\":\"WebSite\",\"@id\":\"https:\\\/\\\/kuali.com.mx\\\/web\\\/#website\",\"url\":\"https:\\\/\\\/kuali.com.mx\\\/web\\\/\",\"name\":\"Kuali\",\"description\":\"\",\"potentialAction\":[{\"@type\":\"SearchAction\",\"target\":{\"@type\":\"EntryPoint\",\"urlTemplate\":\"https:\\\/\\\/kuali.com.mx\\\/web\\\/?s={search_term_string}\"},\"query-input\":{\"@type\":\"PropertyValueSpecification\",\"valueRequired\":true,\"valueName\":\"search_term_string\"}}],\"inLanguage\":\"es\"},{\"@type\":\"Person\",\"@id\":\"https:\\\/\\\/kuali.com.mx\\\/web\\\/#\\\/schema\\\/person\\\/6f89ffa8ecba9dae50662357923c5289\",\"name\":\"Kuali Staff\",\"image\":{\"@type\":\"ImageObject\",\"inLanguage\":\"es\",\"@id\":\"https:\\\/\\\/secure.gravatar.com\\\/avatar\\\/f917ad82e5ab71227a733c78b6e60715476f69ee6be59feee4eb5d9920c89e0f?s=96&d=mm&r=g\",\"url\":\"https:\\\/\\\/secure.gravatar.com\\\/avatar\\\/f917ad82e5ab71227a733c78b6e60715476f69ee6be59feee4eb5d9920c89e0f?s=96&d=mm&r=g\",\"contentUrl\":\"https:\\\/\\\/secure.gravatar.com\\\/avatar\\\/f917ad82e5ab71227a733c78b6e60715476f69ee6be59feee4eb5d9920c89e0f?s=96&d=mm&r=g\",\"caption\":\"Kuali Staff\"},\"url\":\"https:\\\/\\\/kuali.com.mx\\\/web\\\/author\\\/lagarto\\\/\"}]}<\/script>\n<!-- \/ Yoast SEO plugin. -->","yoast_head_json":{"title":"JAVIER CAMARENA ENGALANA EL FESTIVAL DE IRAPUATO - Kuali","robots":{"index":"index","follow":"follow","max-snippet":"max-snippet:-1","max-image-preview":"max-image-preview:large","max-video-preview":"max-video-preview:-1"},"canonical":"https:\/\/kuali.com.mx\/web\/2026\/02\/08\/javier-camarena-engalana-el-festival-de-irapuato\/","og_locale":"es_MX","og_type":"article","og_title":"JAVIER CAMARENA ENGALANA EL FESTIVAL DE IRAPUATO - Kuali","og_description":"Paula Vega\/Irapuato, Gto.-El tenor mexicano Javier Camarena ofreci\u00f3 una presentaci\u00f3n memorable en el Teatro de la Ciudad, en el marco del Festival de la Ciudad 2026, en una velada que combin\u00f3 la grandeza de la \u00f3pera con la intimidad de la m\u00fasica mexicana y el profundo v\u00ednculo personal que lo une a Guanajuato. El concierto [&hellip;]","og_url":"https:\/\/kuali.com.mx\/web\/2026\/02\/08\/javier-camarena-engalana-el-festival-de-irapuato\/","og_site_name":"Kuali","article_publisher":"https:\/\/kuali.com.mx\/web\/wp-content\/uploads\/2018\/04\/cropped-kuali_logo-1-1.png","article_published_time":"2026-02-08T18:39:04+00:00","article_modified_time":"2026-02-09T20:05:59+00:00","og_image":[{"width":1750,"height":922,"url":"https:\/\/kuali.com.mx\/web\/wp-content\/uploads\/2026\/02\/CAMARENA.png","type":"image\/png"}],"author":"Kuali Staff","twitter_card":"summary_large_image","twitter_creator":"@kuali_noticias","twitter_site":"@kuali_noticias","twitter_misc":{"Escrito por":"Kuali Staff","Tiempo de lectura":"2 minutos"},"schema":{"@context":"https:\/\/schema.org","@graph":[{"@type":"Article","@id":"https:\/\/kuali.com.mx\/web\/2026\/02\/08\/javier-camarena-engalana-el-festival-de-irapuato\/#article","isPartOf":{"@id":"https:\/\/kuali.com.mx\/web\/2026\/02\/08\/javier-camarena-engalana-el-festival-de-irapuato\/"},"author":{"name":"Kuali Staff","@id":"https:\/\/kuali.com.mx\/web\/#\/schema\/person\/6f89ffa8ecba9dae50662357923c5289"},"headline":"JAVIER CAMARENA ENGALANA EL FESTIVAL DE IRAPUATO","datePublished":"2026-02-08T18:39:04+00:00","dateModified":"2026-02-09T20:05:59+00:00","mainEntityOfPage":{"@id":"https:\/\/kuali.com.mx\/web\/2026\/02\/08\/javier-camarena-engalana-el-festival-de-irapuato\/"},"wordCount":424,"commentCount":0,"image":{"@id":"https:\/\/kuali.com.mx\/web\/2026\/02\/08\/javier-camarena-engalana-el-festival-de-irapuato\/#primaryimage"},"thumbnailUrl":"https:\/\/kuali.com.mx\/web\/wp-content\/uploads\/2026\/02\/CAMARENA.png","articleSection":["Cultura"],"inLanguage":"es","potentialAction":[{"@type":"CommentAction","name":"Comment","target":["https:\/\/kuali.com.mx\/web\/2026\/02\/08\/javier-camarena-engalana-el-festival-de-irapuato\/#respond"]}]},{"@type":"WebPage","@id":"https:\/\/kuali.com.mx\/web\/2026\/02\/08\/javier-camarena-engalana-el-festival-de-irapuato\/","url":"https:\/\/kuali.com.mx\/web\/2026\/02\/08\/javier-camarena-engalana-el-festival-de-irapuato\/","name":"JAVIER CAMARENA ENGALANA EL FESTIVAL DE IRAPUATO - Kuali","isPartOf":{"@id":"https:\/\/kuali.com.mx\/web\/#website"},"primaryImageOfPage":{"@id":"https:\/\/kuali.com.mx\/web\/2026\/02\/08\/javier-camarena-engalana-el-festival-de-irapuato\/#primaryimage"},"image":{"@id":"https:\/\/kuali.com.mx\/web\/2026\/02\/08\/javier-camarena-engalana-el-festival-de-irapuato\/#primaryimage"},"thumbnailUrl":"https:\/\/kuali.com.mx\/web\/wp-content\/uploads\/2026\/02\/CAMARENA.png","datePublished":"2026-02-08T18:39:04+00:00","dateModified":"2026-02-09T20:05:59+00:00","author":{"@id":"https:\/\/kuali.com.mx\/web\/#\/schema\/person\/6f89ffa8ecba9dae50662357923c5289"},"breadcrumb":{"@id":"https:\/\/kuali.com.mx\/web\/2026\/02\/08\/javier-camarena-engalana-el-festival-de-irapuato\/#breadcrumb"},"inLanguage":"es","potentialAction":[{"@type":"ReadAction","target":["https:\/\/kuali.com.mx\/web\/2026\/02\/08\/javier-camarena-engalana-el-festival-de-irapuato\/"]}]},{"@type":"ImageObject","inLanguage":"es","@id":"https:\/\/kuali.com.mx\/web\/2026\/02\/08\/javier-camarena-engalana-el-festival-de-irapuato\/#primaryimage","url":"https:\/\/kuali.com.mx\/web\/wp-content\/uploads\/2026\/02\/CAMARENA.png","contentUrl":"https:\/\/kuali.com.mx\/web\/wp-content\/uploads\/2026\/02\/CAMARENA.png","width":1750,"height":922},{"@type":"BreadcrumbList","@id":"https:\/\/kuali.com.mx\/web\/2026\/02\/08\/javier-camarena-engalana-el-festival-de-irapuato\/#breadcrumb","itemListElement":[{"@type":"ListItem","position":1,"name":"Inicio","item":"https:\/\/kuali.com.mx\/web\/"},{"@type":"ListItem","position":2,"name":"JAVIER CAMARENA ENGALANA EL FESTIVAL DE IRAPUATO"}]},{"@type":"WebSite","@id":"https:\/\/kuali.com.mx\/web\/#website","url":"https:\/\/kuali.com.mx\/web\/","name":"Kuali","description":"","potentialAction":[{"@type":"SearchAction","target":{"@type":"EntryPoint","urlTemplate":"https:\/\/kuali.com.mx\/web\/?s={search_term_string}"},"query-input":{"@type":"PropertyValueSpecification","valueRequired":true,"valueName":"search_term_string"}}],"inLanguage":"es"},{"@type":"Person","@id":"https:\/\/kuali.com.mx\/web\/#\/schema\/person\/6f89ffa8ecba9dae50662357923c5289","name":"Kuali Staff","image":{"@type":"ImageObject","inLanguage":"es","@id":"https:\/\/secure.gravatar.com\/avatar\/f917ad82e5ab71227a733c78b6e60715476f69ee6be59feee4eb5d9920c89e0f?s=96&d=mm&r=g","url":"https:\/\/secure.gravatar.com\/avatar\/f917ad82e5ab71227a733c78b6e60715476f69ee6be59feee4eb5d9920c89e0f?s=96&d=mm&r=g","contentUrl":"https:\/\/secure.gravatar.com\/avatar\/f917ad82e5ab71227a733c78b6e60715476f69ee6be59feee4eb5d9920c89e0f?s=96&d=mm&r=g","caption":"Kuali Staff"},"url":"https:\/\/kuali.com.mx\/web\/author\/lagarto\/"}]}},"_links":{"self":[{"href":"https:\/\/kuali.com.mx\/web\/wp-json\/wp\/v2\/posts\/196453","targetHints":{"allow":["GET"]}}],"collection":[{"href":"https:\/\/kuali.com.mx\/web\/wp-json\/wp\/v2\/posts"}],"about":[{"href":"https:\/\/kuali.com.mx\/web\/wp-json\/wp\/v2\/types\/post"}],"author":[{"embeddable":true,"href":"https:\/\/kuali.com.mx\/web\/wp-json\/wp\/v2\/users\/2"}],"replies":[{"embeddable":true,"href":"https:\/\/kuali.com.mx\/web\/wp-json\/wp\/v2\/comments?post=196453"}],"version-history":[{"count":2,"href":"https:\/\/kuali.com.mx\/web\/wp-json\/wp\/v2\/posts\/196453\/revisions"}],"predecessor-version":[{"id":196551,"href":"https:\/\/kuali.com.mx\/web\/wp-json\/wp\/v2\/posts\/196453\/revisions\/196551"}],"wp:featuredmedia":[{"embeddable":true,"href":"https:\/\/kuali.com.mx\/web\/wp-json\/wp\/v2\/media\/196456"}],"wp:attachment":[{"href":"https:\/\/kuali.com.mx\/web\/wp-json\/wp\/v2\/media?parent=196453"}],"wp:term":[{"taxonomy":"category","embeddable":true,"href":"https:\/\/kuali.com.mx\/web\/wp-json\/wp\/v2\/categories?post=196453"},{"taxonomy":"post_tag","embeddable":true,"href":"https:\/\/kuali.com.mx\/web\/wp-json\/wp\/v2\/tags?post=196453"}],"curies":[{"name":"wp","href":"https:\/\/api.w.org\/{rel}","templated":true}]}}