{"id":194031,"date":"2026-01-08T14:01:09","date_gmt":"2026-01-08T20:01:09","guid":{"rendered":"https:\/\/kuali.com.mx\/web\/?p=194031"},"modified":"2026-01-08T22:12:24","modified_gmt":"2026-01-09T04:12:24","slug":"sufren-depresion-mas-de-65-mil-guanajuatenses","status":"publish","type":"post","link":"https:\/\/kuali.com.mx\/web\/2026\/01\/08\/sufren-depresion-mas-de-65-mil-guanajuatenses\/","title":{"rendered":"SUFREN DEPRESI\u00d3N M\u00c1S DE 65 MIL GUANAJUATENSES"},"content":{"rendered":"\n<p><strong>Kuali\/Guanajuato, Gto.- <\/strong>La Secretar\u00eda de Salud del Estado de Guanajuato (SSG) ha atendido a 65 mil 520 personas con depresi\u00f3n.<\/p>\n\n\n\n<p>La atenci\u00f3n de personas en depresi\u00f3n requiere atenci\u00f3n especializada de profesionales de la salud mental y, sobre todo, el acompa\u00f1amiento de una red de apoyo afectiva y familiar, inform\u00f3 el secretario de salud, Gabriel Cort\u00e9s Alcal\u00e1, quien se\u00f1al\u00f3 que superar un episodio depresivo s\u00ed es posible con el apoyo de una Red de Servicios de Salud Mental que brinda atenci\u00f3n oportuna.\u00a0 <\/p>\n\n\n\n<p>\"La empat\u00eda, el respeto y la escucha activa son herramientas poderosas para quienes atraviesan esta experiencia\", expres\u00f3 el secretario al recordar que conmemorar el D\u00eda de la Depresi\u00f3n este 13 de enero es reconocer que la depresi\u00f3n no define a las personas porque son mucho m\u00e1s que un diagn\u00f3stico.<\/p>\n\n\n\n<p>Llam\u00f3 a construir comunidades m\u00e1s solidarias, libres de estigma y comprometidas con el bienestar emocional de todas las personas y destac\u00f3 que la dependencia que dirige cuenta con la l\u00ednea de atenci\u00f3n psicol\u00f3gica 800 2900024 disponible las 24 horas del d\u00eda los 365 d\u00edas del a\u00f1o, por medio de la cual un equipo de profesionales de la salud mental ofrece atenci\u00f3n gratuita.<\/p>\n\n\n\n<p>La depresi\u00f3n no distingue edad, g\u00e9nero ni condici\u00f3n social; sin embargo, adolescentes y personas adultas mayores suelen ser quienes enfrentan mayores riesgos y desaf\u00edos, inform\u00f3 la SSG.<\/p>\n\n\n\n<p>De acuerdo con la Organizaci\u00f3n Mundial de la Salud (OMS), m\u00e1s de 300 millones de personas viven con depresi\u00f3n. Detr\u00e1s de cada cifra hay historias, rostros y familias que requieren acompa\u00f1amiento, comprensi\u00f3n y apoyo. <\/p>\n\n\n\n<p>Por ello se instaur\u00f3 el D\u00eda de la Depresi\u00f3n con el objetivo de sensibilizar, orientar y prevenir, recordando que la salud mental es parte esencial del bienestar.<\/p>\n\n\n\n<p><strong>\u00bfC\u00f3mo se manifiesta la depresi\u00f3n?<\/strong><\/p>\n\n\n\n<p>La depresi\u00f3n puede expresarse de distintas maneras, pero algunos signos frecuentes son:<\/p>\n\n\n\n<p>-&nbsp;&nbsp;&nbsp;&nbsp;&nbsp;&nbsp;Tristeza persistente y sensaci\u00f3n de vac\u00edo.<\/p>\n\n\n\n<p>-&nbsp;&nbsp;&nbsp;&nbsp;&nbsp;&nbsp;P\u00e9rdida de inter\u00e9s o placer en actividades cotidianas.<\/p>\n\n\n\n<p>-&nbsp;&nbsp;&nbsp;&nbsp;&nbsp;&nbsp;Aislamiento social.<\/p>\n\n\n\n<p>-&nbsp;&nbsp;&nbsp;&nbsp;&nbsp;&nbsp;Alteraciones en el sue\u00f1o y el apetito.<\/p>\n\n\n\n<p>-&nbsp;&nbsp;&nbsp;&nbsp;&nbsp;&nbsp;Dificultad para concentrarse y cansancio constante.<\/p>\n\n\n\n<p>-&nbsp;&nbsp;&nbsp;&nbsp;&nbsp;&nbsp;Incapacidad para realizar tareas diarias durante al menos dos semanas.<\/p>\n\n\n\n<p><strong>Tipos de depresi\u00f3n m\u00e1s frecuentes<\/strong><\/p>\n\n\n\n<p>La depresi\u00f3n no es igual para todas las personas. Existen diferentes formas que var\u00edan en intensidad, duraci\u00f3n y efectos en la vida cotidiana:<\/p>\n\n\n\n<p>-&nbsp;&nbsp;&nbsp;&nbsp;&nbsp;&nbsp;Trastorno depresivo mayor: prolongado y recurrente, afecta funciones b\u00e1sicas como dormir, comer y concentrarse.<\/p>\n\n\n\n<p>-&nbsp;&nbsp;&nbsp;&nbsp;&nbsp;&nbsp;Trastorno depresivo persistente: s\u00edntomas moderados pero constantes, como baja autoestima, desesperanza y falta de energ\u00eda.<\/p>\n\n\n\n<p>-\u00a0\u00a0\u00a0\u00a0\u00a0\u00a0Depresi\u00f3n postparto: aparece tras el nacimiento de un beb\u00e9, con s\u00edntomas como insomnio, irritabilidad y desapego.<\/p>\n\n\n\n<p>-\u00a0\u00a0\u00a0\u00a0\u00a0\u00a0Trastorno afectivo estacional: ocurre en \u00e9pocas con menos luz solar, generando retraimiento social y desesperanza.<\/p>\n\n\n\n<p><br>- Episodio depresivo grave con s\u00edntomas psic\u00f3ticos combina s\u00edntomas depresivos con alucinaciones o episodios psic\u00f3ticos.<\/p>\n\n\n\n<p>-&nbsp;&nbsp;&nbsp;&nbsp;&nbsp;&nbsp;Trastorno bipolar: alterna episodios de man\u00eda o hipoman\u00eda con periodos de tristeza profunda.<\/p>\n\n\n\n<p>Superar un episodio depresivo requiere atenci\u00f3n especializada por un profesional de la salud mental y apoyo por parte del entorno afectivo y\/o familiar (Red de apoyo)\u00a0de la persona afectada.\u00a0<\/p>\n","protected":false},"excerpt":{"rendered":"Kuali\/Guanajuato, Gto.- La Secretar\u00eda de Salud del Estado de Guanajuato (SSG) ha atendido a 65 mil 520 personas con depresi\u00f3n. La atenci\u00f3n de personas en depresi\u00f3n requiere atenci\u00f3n especializada de profesionales de la salud mental y, sobre todo, el acompa\u00f1amiento de una red de apoyo afectiva y familiar, inform\u00f3 el secretario de salud, Gabriel Cort\u00e9s [&hellip;]","protected":false},"author":2,"featured_media":129231,"comment_status":"open","ping_status":"open","sticky":false,"template":"","format":"standard","meta":{"_seopress_robots_primary_cat":"none","_seopress_titles_title":"","_seopress_titles_desc":"","_seopress_robots_index":"","_monsterinsights_skip_tracking":false,"_monsterinsights_sitenote_active":false,"_monsterinsights_sitenote_note":"","_monsterinsights_sitenote_category":0,"footnotes":""},"categories":[7],"tags":[6265,45,9,78],"class_list":["post-194031","post","type-post","status-publish","format-standard","has-post-thumbnail","hentry","category-salud","tag-depresioin","tag-depresion","tag-guanajuato","tag-salud"],"yoast_head":"<!-- This site is optimized with the Yoast SEO plugin v27.4 - https:\/\/yoast.com\/product\/yoast-seo-wordpress\/ -->\n<title>SUFREN DEPRESI\u00d3N M\u00c1S DE 65 MIL GUANAJUATENSES - Kuali<\/title>\n<meta name=\"robots\" content=\"index, follow, max-snippet:-1, max-image-preview:large, max-video-preview:-1\" \/>\n<link rel=\"canonical\" href=\"https:\/\/kuali.com.mx\/web\/2026\/01\/08\/sufren-depresion-mas-de-65-mil-guanajuatenses\/\" \/>\n<meta property=\"og:locale\" content=\"es_MX\" \/>\n<meta property=\"og:type\" content=\"article\" \/>\n<meta property=\"og:title\" content=\"SUFREN DEPRESI\u00d3N M\u00c1S DE 65 MIL GUANAJUATENSES - Kuali\" \/>\n<meta property=\"og:description\" content=\"Kuali\/Guanajuato, Gto.- La Secretar\u00eda de Salud del Estado de Guanajuato (SSG) ha atendido a 65 mil 520 personas con depresi\u00f3n. La atenci\u00f3n de personas en depresi\u00f3n requiere atenci\u00f3n especializada de profesionales de la salud mental y, sobre todo, el acompa\u00f1amiento de una red de apoyo afectiva y familiar, inform\u00f3 el secretario de salud, Gabriel Cort\u00e9s [&hellip;]\" \/>\n<meta property=\"og:url\" content=\"https:\/\/kuali.com.mx\/web\/2026\/01\/08\/sufren-depresion-mas-de-65-mil-guanajuatenses\/\" \/>\n<meta property=\"og:site_name\" content=\"Kuali\" \/>\n<meta property=\"article:publisher\" content=\"https:\/\/kuali.com.mx\/web\/wp-content\/uploads\/2018\/04\/cropped-kuali_logo-1-1.png\" \/>\n<meta property=\"article:published_time\" content=\"2026-01-08T20:01:09+00:00\" \/>\n<meta property=\"article:modified_time\" content=\"2026-01-09T04:12:24+00:00\" \/>\n<meta property=\"og:image\" content=\"https:\/\/kuali.com.mx\/web\/wp-content\/uploads\/2023\/10\/DEPRESION-.gif\" \/>\n\t<meta property=\"og:image:width\" content=\"1700\" \/>\n\t<meta property=\"og:image:height\" content=\"750\" \/>\n\t<meta property=\"og:image:type\" content=\"image\/gif\" \/>\n<meta name=\"author\" content=\"Kuali Staff\" \/>\n<meta name=\"twitter:card\" content=\"summary_large_image\" \/>\n<meta name=\"twitter:creator\" content=\"@kuali_noticias\" \/>\n<meta name=\"twitter:site\" content=\"@kuali_noticias\" \/>\n<meta name=\"twitter:label1\" content=\"Escrito por\" \/>\n\t<meta name=\"twitter:data1\" content=\"Kuali Staff\" \/>\n\t<meta name=\"twitter:label2\" content=\"Tiempo de lectura\" \/>\n\t<meta name=\"twitter:data2\" content=\"3 minutos\" \/>\n<script type=\"application\/ld+json\" class=\"yoast-schema-graph\">{\"@context\":\"https:\\\/\\\/schema.org\",\"@graph\":[{\"@type\":\"Article\",\"@id\":\"https:\\\/\\\/kuali.com.mx\\\/web\\\/2026\\\/01\\\/08\\\/sufren-depresion-mas-de-65-mil-guanajuatenses\\\/#article\",\"isPartOf\":{\"@id\":\"https:\\\/\\\/kuali.com.mx\\\/web\\\/2026\\\/01\\\/08\\\/sufren-depresion-mas-de-65-mil-guanajuatenses\\\/\"},\"author\":{\"name\":\"Kuali Staff\",\"@id\":\"https:\\\/\\\/kuali.com.mx\\\/web\\\/#\\\/schema\\\/person\\\/6f89ffa8ecba9dae50662357923c5289\"},\"headline\":\"SUFREN DEPRESI\u00d3N M\u00c1S DE 65 MIL GUANAJUATENSES\",\"datePublished\":\"2026-01-08T20:01:09+00:00\",\"dateModified\":\"2026-01-09T04:12:24+00:00\",\"mainEntityOfPage\":{\"@id\":\"https:\\\/\\\/kuali.com.mx\\\/web\\\/2026\\\/01\\\/08\\\/sufren-depresion-mas-de-65-mil-guanajuatenses\\\/\"},\"wordCount\":610,\"commentCount\":0,\"image\":{\"@id\":\"https:\\\/\\\/kuali.com.mx\\\/web\\\/2026\\\/01\\\/08\\\/sufren-depresion-mas-de-65-mil-guanajuatenses\\\/#primaryimage\"},\"thumbnailUrl\":\"https:\\\/\\\/kuali.com.mx\\\/web\\\/wp-content\\\/uploads\\\/2023\\\/10\\\/DEPRESION-.gif\",\"keywords\":[\"Depresi\u00f3in\",\"depresi\u00f3n\",\"Guanajuato\",\"Salud\"],\"articleSection\":[\"Salud\"],\"inLanguage\":\"es\",\"potentialAction\":[{\"@type\":\"CommentAction\",\"name\":\"Comment\",\"target\":[\"https:\\\/\\\/kuali.com.mx\\\/web\\\/2026\\\/01\\\/08\\\/sufren-depresion-mas-de-65-mil-guanajuatenses\\\/#respond\"]}]},{\"@type\":\"WebPage\",\"@id\":\"https:\\\/\\\/kuali.com.mx\\\/web\\\/2026\\\/01\\\/08\\\/sufren-depresion-mas-de-65-mil-guanajuatenses\\\/\",\"url\":\"https:\\\/\\\/kuali.com.mx\\\/web\\\/2026\\\/01\\\/08\\\/sufren-depresion-mas-de-65-mil-guanajuatenses\\\/\",\"name\":\"SUFREN DEPRESI\u00d3N M\u00c1S DE 65 MIL GUANAJUATENSES - Kuali\",\"isPartOf\":{\"@id\":\"https:\\\/\\\/kuali.com.mx\\\/web\\\/#website\"},\"primaryImageOfPage\":{\"@id\":\"https:\\\/\\\/kuali.com.mx\\\/web\\\/2026\\\/01\\\/08\\\/sufren-depresion-mas-de-65-mil-guanajuatenses\\\/#primaryimage\"},\"image\":{\"@id\":\"https:\\\/\\\/kuali.com.mx\\\/web\\\/2026\\\/01\\\/08\\\/sufren-depresion-mas-de-65-mil-guanajuatenses\\\/#primaryimage\"},\"thumbnailUrl\":\"https:\\\/\\\/kuali.com.mx\\\/web\\\/wp-content\\\/uploads\\\/2023\\\/10\\\/DEPRESION-.gif\",\"datePublished\":\"2026-01-08T20:01:09+00:00\",\"dateModified\":\"2026-01-09T04:12:24+00:00\",\"author\":{\"@id\":\"https:\\\/\\\/kuali.com.mx\\\/web\\\/#\\\/schema\\\/person\\\/6f89ffa8ecba9dae50662357923c5289\"},\"breadcrumb\":{\"@id\":\"https:\\\/\\\/kuali.com.mx\\\/web\\\/2026\\\/01\\\/08\\\/sufren-depresion-mas-de-65-mil-guanajuatenses\\\/#breadcrumb\"},\"inLanguage\":\"es\",\"potentialAction\":[{\"@type\":\"ReadAction\",\"target\":[\"https:\\\/\\\/kuali.com.mx\\\/web\\\/2026\\\/01\\\/08\\\/sufren-depresion-mas-de-65-mil-guanajuatenses\\\/\"]}]},{\"@type\":\"ImageObject\",\"inLanguage\":\"es\",\"@id\":\"https:\\\/\\\/kuali.com.mx\\\/web\\\/2026\\\/01\\\/08\\\/sufren-depresion-mas-de-65-mil-guanajuatenses\\\/#primaryimage\",\"url\":\"https:\\\/\\\/kuali.com.mx\\\/web\\\/wp-content\\\/uploads\\\/2023\\\/10\\\/DEPRESION-.gif\",\"contentUrl\":\"https:\\\/\\\/kuali.com.mx\\\/web\\\/wp-content\\\/uploads\\\/2023\\\/10\\\/DEPRESION-.gif\",\"width\":1700,\"height\":750},{\"@type\":\"BreadcrumbList\",\"@id\":\"https:\\\/\\\/kuali.com.mx\\\/web\\\/2026\\\/01\\\/08\\\/sufren-depresion-mas-de-65-mil-guanajuatenses\\\/#breadcrumb\",\"itemListElement\":[{\"@type\":\"ListItem\",\"position\":1,\"name\":\"Inicio\",\"item\":\"https:\\\/\\\/kuali.com.mx\\\/web\\\/\"},{\"@type\":\"ListItem\",\"position\":2,\"name\":\"SUFREN DEPRESI\u00d3N M\u00c1S DE 65 MIL GUANAJUATENSES\"}]},{\"@type\":\"WebSite\",\"@id\":\"https:\\\/\\\/kuali.com.mx\\\/web\\\/#website\",\"url\":\"https:\\\/\\\/kuali.com.mx\\\/web\\\/\",\"name\":\"Kuali\",\"description\":\"\",\"potentialAction\":[{\"@type\":\"SearchAction\",\"target\":{\"@type\":\"EntryPoint\",\"urlTemplate\":\"https:\\\/\\\/kuali.com.mx\\\/web\\\/?s={search_term_string}\"},\"query-input\":{\"@type\":\"PropertyValueSpecification\",\"valueRequired\":true,\"valueName\":\"search_term_string\"}}],\"inLanguage\":\"es\"},{\"@type\":\"Person\",\"@id\":\"https:\\\/\\\/kuali.com.mx\\\/web\\\/#\\\/schema\\\/person\\\/6f89ffa8ecba9dae50662357923c5289\",\"name\":\"Kuali Staff\",\"image\":{\"@type\":\"ImageObject\",\"inLanguage\":\"es\",\"@id\":\"https:\\\/\\\/secure.gravatar.com\\\/avatar\\\/f917ad82e5ab71227a733c78b6e60715476f69ee6be59feee4eb5d9920c89e0f?s=96&d=mm&r=g\",\"url\":\"https:\\\/\\\/secure.gravatar.com\\\/avatar\\\/f917ad82e5ab71227a733c78b6e60715476f69ee6be59feee4eb5d9920c89e0f?s=96&d=mm&r=g\",\"contentUrl\":\"https:\\\/\\\/secure.gravatar.com\\\/avatar\\\/f917ad82e5ab71227a733c78b6e60715476f69ee6be59feee4eb5d9920c89e0f?s=96&d=mm&r=g\",\"caption\":\"Kuali Staff\"},\"url\":\"https:\\\/\\\/kuali.com.mx\\\/web\\\/author\\\/lagarto\\\/\"}]}<\/script>\n<!-- \/ Yoast SEO plugin. -->","yoast_head_json":{"title":"SUFREN DEPRESI\u00d3N M\u00c1S DE 65 MIL GUANAJUATENSES - Kuali","robots":{"index":"index","follow":"follow","max-snippet":"max-snippet:-1","max-image-preview":"max-image-preview:large","max-video-preview":"max-video-preview:-1"},"canonical":"https:\/\/kuali.com.mx\/web\/2026\/01\/08\/sufren-depresion-mas-de-65-mil-guanajuatenses\/","og_locale":"es_MX","og_type":"article","og_title":"SUFREN DEPRESI\u00d3N M\u00c1S DE 65 MIL GUANAJUATENSES - Kuali","og_description":"Kuali\/Guanajuato, Gto.- La Secretar\u00eda de Salud del Estado de Guanajuato (SSG) ha atendido a 65 mil 520 personas con depresi\u00f3n. La atenci\u00f3n de personas en depresi\u00f3n requiere atenci\u00f3n especializada de profesionales de la salud mental y, sobre todo, el acompa\u00f1amiento de una red de apoyo afectiva y familiar, inform\u00f3 el secretario de salud, Gabriel Cort\u00e9s [&hellip;]","og_url":"https:\/\/kuali.com.mx\/web\/2026\/01\/08\/sufren-depresion-mas-de-65-mil-guanajuatenses\/","og_site_name":"Kuali","article_publisher":"https:\/\/kuali.com.mx\/web\/wp-content\/uploads\/2018\/04\/cropped-kuali_logo-1-1.png","article_published_time":"2026-01-08T20:01:09+00:00","article_modified_time":"2026-01-09T04:12:24+00:00","og_image":[{"width":1700,"height":750,"url":"https:\/\/kuali.com.mx\/web\/wp-content\/uploads\/2023\/10\/DEPRESION-.gif","type":"image\/gif"}],"author":"Kuali Staff","twitter_card":"summary_large_image","twitter_creator":"@kuali_noticias","twitter_site":"@kuali_noticias","twitter_misc":{"Escrito por":"Kuali Staff","Tiempo de lectura":"3 minutos"},"schema":{"@context":"https:\/\/schema.org","@graph":[{"@type":"Article","@id":"https:\/\/kuali.com.mx\/web\/2026\/01\/08\/sufren-depresion-mas-de-65-mil-guanajuatenses\/#article","isPartOf":{"@id":"https:\/\/kuali.com.mx\/web\/2026\/01\/08\/sufren-depresion-mas-de-65-mil-guanajuatenses\/"},"author":{"name":"Kuali Staff","@id":"https:\/\/kuali.com.mx\/web\/#\/schema\/person\/6f89ffa8ecba9dae50662357923c5289"},"headline":"SUFREN DEPRESI\u00d3N M\u00c1S DE 65 MIL GUANAJUATENSES","datePublished":"2026-01-08T20:01:09+00:00","dateModified":"2026-01-09T04:12:24+00:00","mainEntityOfPage":{"@id":"https:\/\/kuali.com.mx\/web\/2026\/01\/08\/sufren-depresion-mas-de-65-mil-guanajuatenses\/"},"wordCount":610,"commentCount":0,"image":{"@id":"https:\/\/kuali.com.mx\/web\/2026\/01\/08\/sufren-depresion-mas-de-65-mil-guanajuatenses\/#primaryimage"},"thumbnailUrl":"https:\/\/kuali.com.mx\/web\/wp-content\/uploads\/2023\/10\/DEPRESION-.gif","keywords":["Depresi\u00f3in","depresi\u00f3n","Guanajuato","Salud"],"articleSection":["Salud"],"inLanguage":"es","potentialAction":[{"@type":"CommentAction","name":"Comment","target":["https:\/\/kuali.com.mx\/web\/2026\/01\/08\/sufren-depresion-mas-de-65-mil-guanajuatenses\/#respond"]}]},{"@type":"WebPage","@id":"https:\/\/kuali.com.mx\/web\/2026\/01\/08\/sufren-depresion-mas-de-65-mil-guanajuatenses\/","url":"https:\/\/kuali.com.mx\/web\/2026\/01\/08\/sufren-depresion-mas-de-65-mil-guanajuatenses\/","name":"SUFREN DEPRESI\u00d3N M\u00c1S DE 65 MIL GUANAJUATENSES - Kuali","isPartOf":{"@id":"https:\/\/kuali.com.mx\/web\/#website"},"primaryImageOfPage":{"@id":"https:\/\/kuali.com.mx\/web\/2026\/01\/08\/sufren-depresion-mas-de-65-mil-guanajuatenses\/#primaryimage"},"image":{"@id":"https:\/\/kuali.com.mx\/web\/2026\/01\/08\/sufren-depresion-mas-de-65-mil-guanajuatenses\/#primaryimage"},"thumbnailUrl":"https:\/\/kuali.com.mx\/web\/wp-content\/uploads\/2023\/10\/DEPRESION-.gif","datePublished":"2026-01-08T20:01:09+00:00","dateModified":"2026-01-09T04:12:24+00:00","author":{"@id":"https:\/\/kuali.com.mx\/web\/#\/schema\/person\/6f89ffa8ecba9dae50662357923c5289"},"breadcrumb":{"@id":"https:\/\/kuali.com.mx\/web\/2026\/01\/08\/sufren-depresion-mas-de-65-mil-guanajuatenses\/#breadcrumb"},"inLanguage":"es","potentialAction":[{"@type":"ReadAction","target":["https:\/\/kuali.com.mx\/web\/2026\/01\/08\/sufren-depresion-mas-de-65-mil-guanajuatenses\/"]}]},{"@type":"ImageObject","inLanguage":"es","@id":"https:\/\/kuali.com.mx\/web\/2026\/01\/08\/sufren-depresion-mas-de-65-mil-guanajuatenses\/#primaryimage","url":"https:\/\/kuali.com.mx\/web\/wp-content\/uploads\/2023\/10\/DEPRESION-.gif","contentUrl":"https:\/\/kuali.com.mx\/web\/wp-content\/uploads\/2023\/10\/DEPRESION-.gif","width":1700,"height":750},{"@type":"BreadcrumbList","@id":"https:\/\/kuali.com.mx\/web\/2026\/01\/08\/sufren-depresion-mas-de-65-mil-guanajuatenses\/#breadcrumb","itemListElement":[{"@type":"ListItem","position":1,"name":"Inicio","item":"https:\/\/kuali.com.mx\/web\/"},{"@type":"ListItem","position":2,"name":"SUFREN DEPRESI\u00d3N M\u00c1S DE 65 MIL GUANAJUATENSES"}]},{"@type":"WebSite","@id":"https:\/\/kuali.com.mx\/web\/#website","url":"https:\/\/kuali.com.mx\/web\/","name":"Kuali","description":"","potentialAction":[{"@type":"SearchAction","target":{"@type":"EntryPoint","urlTemplate":"https:\/\/kuali.com.mx\/web\/?s={search_term_string}"},"query-input":{"@type":"PropertyValueSpecification","valueRequired":true,"valueName":"search_term_string"}}],"inLanguage":"es"},{"@type":"Person","@id":"https:\/\/kuali.com.mx\/web\/#\/schema\/person\/6f89ffa8ecba9dae50662357923c5289","name":"Kuali Staff","image":{"@type":"ImageObject","inLanguage":"es","@id":"https:\/\/secure.gravatar.com\/avatar\/f917ad82e5ab71227a733c78b6e60715476f69ee6be59feee4eb5d9920c89e0f?s=96&d=mm&r=g","url":"https:\/\/secure.gravatar.com\/avatar\/f917ad82e5ab71227a733c78b6e60715476f69ee6be59feee4eb5d9920c89e0f?s=96&d=mm&r=g","contentUrl":"https:\/\/secure.gravatar.com\/avatar\/f917ad82e5ab71227a733c78b6e60715476f69ee6be59feee4eb5d9920c89e0f?s=96&d=mm&r=g","caption":"Kuali Staff"},"url":"https:\/\/kuali.com.mx\/web\/author\/lagarto\/"}]}},"_links":{"self":[{"href":"https:\/\/kuali.com.mx\/web\/wp-json\/wp\/v2\/posts\/194031","targetHints":{"allow":["GET"]}}],"collection":[{"href":"https:\/\/kuali.com.mx\/web\/wp-json\/wp\/v2\/posts"}],"about":[{"href":"https:\/\/kuali.com.mx\/web\/wp-json\/wp\/v2\/types\/post"}],"author":[{"embeddable":true,"href":"https:\/\/kuali.com.mx\/web\/wp-json\/wp\/v2\/users\/2"}],"replies":[{"embeddable":true,"href":"https:\/\/kuali.com.mx\/web\/wp-json\/wp\/v2\/comments?post=194031"}],"version-history":[{"count":2,"href":"https:\/\/kuali.com.mx\/web\/wp-json\/wp\/v2\/posts\/194031\/revisions"}],"predecessor-version":[{"id":194035,"href":"https:\/\/kuali.com.mx\/web\/wp-json\/wp\/v2\/posts\/194031\/revisions\/194035"}],"wp:featuredmedia":[{"embeddable":true,"href":"https:\/\/kuali.com.mx\/web\/wp-json\/wp\/v2\/media\/129231"}],"wp:attachment":[{"href":"https:\/\/kuali.com.mx\/web\/wp-json\/wp\/v2\/media?parent=194031"}],"wp:term":[{"taxonomy":"category","embeddable":true,"href":"https:\/\/kuali.com.mx\/web\/wp-json\/wp\/v2\/categories?post=194031"},{"taxonomy":"post_tag","embeddable":true,"href":"https:\/\/kuali.com.mx\/web\/wp-json\/wp\/v2\/tags?post=194031"}],"curies":[{"name":"wp","href":"https:\/\/api.w.org\/{rel}","templated":true}]}}