{"id":193792,"date":"2026-01-05T12:18:21","date_gmt":"2026-01-05T18:18:21","guid":{"rendered":"https:\/\/kuali.com.mx\/web\/?p=193792"},"modified":"2026-01-05T20:47:40","modified_gmt":"2026-01-06T02:47:40","slug":"guanajuato-si-sabe-llegara-a-la-feria-de-leon","status":"publish","type":"post","link":"https:\/\/kuali.com.mx\/web\/2026\/01\/05\/guanajuato-si-sabe-llegara-a-la-feria-de-leon\/","title":{"rendered":"&#8220;GUANAJUATO \u00a1S\u00cd SABE!&#8221; LLEGAR\u00c1 A LA FERIA DE LE\u00d3N"},"content":{"rendered":"\n<p>Alicia Arias\/Le\u00f3n, Gto.- Este a\u00f1o se estrenar\u00e1 en la Feria Estatal de Le\u00f3n el Pabell\u00f3n Guanajuato \u00a1S\u00ed sabe!, un espacio protagonizado por 24 cocineras tradicionales de las siete regiones tur\u00edsticas de la entidad, donde los sabores guanajuatenses ser\u00e1n los protagonistas. <\/p>\n\n\n\n<p>La Secretar\u00eda der Turismo e Identidad (Secturi) del Gobierno del Estado de Guanajuato, ofrecer\u00e1 por primera vez un espacio para honrar la memoria, el legado y la identidad culinaria del estado en el que participar\u00e1n 20 de los 46 municipios de Guanajuato.<\/p>\n\n\n\n<p>Guanajuato \u00a1S\u00ed sabe! \"surge como un homenaje vivo a la cocina tradicional que, a lo largo de generaciones, ha dado arraigo, orgullo y sentido de comunidad a las y los guanajuatenses\", inform\u00f3 la secretar\u00eda de turimo.<\/p>\n\n\n\n<p>Cocineras y cocineros representativos de las siete regiones tur\u00edsticas del estado se reunir\u00e1n en un mismo lugar para compartir la riqueza gastron\u00f3mica que distingue al territorio guanajuatense, donde cada regi\u00f3n aporta su propio acervo de ingredientes, t\u00e9cnicas, utensilios, rituales y recetas transmitidas de manera oral y de generaci\u00f3n en generaci\u00f3n, muchas de ellas preservadas dentro de los hogares, cocinas familiares y comunidades desde tiempos prehisp\u00e1nicos y virreinales.&nbsp;<\/p>\n\n\n\n<figure class=\"wp-block-image size-large\"><img loading=\"lazy\" decoding=\"async\" width=\"956\" height=\"1024\" src=\"https:\/\/kuali.com.mx\/web\/wp-content\/uploads\/2026\/01\/Comida-cocineras-tradicionales-1-1-956x1024.gif\" alt=\"\" class=\"wp-image-193799\" srcset=\"https:\/\/kuali.com.mx\/web\/wp-content\/uploads\/2026\/01\/Comida-cocineras-tradicionales-1-1-956x1024.gif 956w, https:\/\/kuali.com.mx\/web\/wp-content\/uploads\/2026\/01\/Comida-cocineras-tradicionales-1-1-280x300.gif 280w, https:\/\/kuali.com.mx\/web\/wp-content\/uploads\/2026\/01\/Comida-cocineras-tradicionales-1-1-768x823.gif 768w, https:\/\/kuali.com.mx\/web\/wp-content\/uploads\/2026\/01\/Comida-cocineras-tradicionales-1-1-1433x1536.gif 1433w, https:\/\/kuali.com.mx\/web\/wp-content\/uploads\/2026\/01\/Comida-cocineras-tradicionales-1-1-108x116.gif 108w\" sizes=\"auto, (max-width: 956px) 100vw, 956px\" \/><\/figure>\n\n\n\n<p>El Pabell\u00f3n Guanajuato \u00a1S\u00ed Sabe! no solo reunir\u00e1 platillos emblem\u00e1ticos, sino tambi\u00e9n historias, procesos y formas de preparar los alimentos que hablan de identidad, territorio y memoria colectiva. Cada preparaci\u00f3n ser\u00e1 un puente entre pasado y presente, entre tradici\u00f3n y contemporaneidad, permitiendo al p\u00fablico comprender que la gastronom\u00eda no es \u00fanicamente una pr\u00e1ctica alimentaria, sino un patrimonio cultural que fortalece el sentido de pertenencia y comunidad.<\/p>\n\n\n\n<p>Los comensales podr\u00e1n degustar la tortilla ceremonial otom\u00ed, una de las expresiones m\u00e1s simb\u00f3licas de la cultura h\u00f1\u00e4h\u00f1u y un referente espiritual, comunitario y cultural, especialmente en municipios como Comonfort, Tierra Blanca y distintas zonas del noreste del estado. <\/p>\n\n\n<div class=\"wp-block-image\">\n<figure class=\"aligncenter size-large\"><img loading=\"lazy\" decoding=\"async\" width=\"1024\" height=\"768\" src=\"https:\/\/kuali.com.mx\/web\/wp-content\/uploads\/2026\/01\/Comida-tortillas-ceremoniales-1024x768.jpeg\" alt=\"\" class=\"wp-image-193802\" srcset=\"https:\/\/kuali.com.mx\/web\/wp-content\/uploads\/2026\/01\/Comida-tortillas-ceremoniales-1024x768.jpeg 1024w, https:\/\/kuali.com.mx\/web\/wp-content\/uploads\/2026\/01\/Comida-tortillas-ceremoniales-300x225.jpeg 300w, https:\/\/kuali.com.mx\/web\/wp-content\/uploads\/2026\/01\/Comida-tortillas-ceremoniales-768x576.jpeg 768w, https:\/\/kuali.com.mx\/web\/wp-content\/uploads\/2026\/01\/Comida-tortillas-ceremoniales-1536x1152.jpeg 1536w, https:\/\/kuali.com.mx\/web\/wp-content\/uploads\/2026\/01\/Comida-tortillas-ceremoniales-155x116.jpeg 155w, https:\/\/kuali.com.mx\/web\/wp-content\/uploads\/2026\/01\/Comida-tortillas-ceremoniales.jpeg 2048w\" sizes=\"auto, (max-width: 1024px) 100vw, 1024px\" \/><figcaption class=\"wp-element-caption\">Tortilla ceremonial Otom\u00ed<\/figcaption><\/figure>\n<\/div>\n\n\n<p>A lo largo del recorrido por el pabell\u00f3n, el p\u00fablico podr\u00e1 conocer m\u00e1s sobre el uso ritual y cotidiano de ingredientes originarios del estado, la preparaci\u00f3n de moles, salsas y guisos tradicionales, as\u00ed como recetas que incorporan productos end\u00e9micos, como hierbas arom\u00e1ticas locales, variedades de chiles, granos, frutos, insectos comestibles y ma\u00edces nativos. <\/p>\n\n\n<div class=\"wp-block-image\">\n<figure class=\"aligncenter size-large\"><img loading=\"lazy\" decoding=\"async\" width=\"768\" height=\"1024\" src=\"https:\/\/kuali.com.mx\/web\/wp-content\/uploads\/2026\/01\/Molcajete-salsa-chile-768x1024.jpeg\" alt=\"\" class=\"wp-image-193803\" srcset=\"https:\/\/kuali.com.mx\/web\/wp-content\/uploads\/2026\/01\/Molcajete-salsa-chile-768x1024.jpeg 768w, https:\/\/kuali.com.mx\/web\/wp-content\/uploads\/2026\/01\/Molcajete-salsa-chile-225x300.jpeg 225w, https:\/\/kuali.com.mx\/web\/wp-content\/uploads\/2026\/01\/Molcajete-salsa-chile-1152x1536.jpeg 1152w, https:\/\/kuali.com.mx\/web\/wp-content\/uploads\/2026\/01\/Molcajete-salsa-chile-87x116.jpeg 87w, https:\/\/kuali.com.mx\/web\/wp-content\/uploads\/2026\/01\/Molcajete-salsa-chile.jpeg 1536w\" sizes=\"auto, (max-width: 768px) 100vw, 768px\" \/><\/figure>\n<\/div>\n\n\n<p>Cada demostraci\u00f3n permitir\u00e1 reconocer el valor cultural, agr\u00edcola y simb\u00f3lico de los alimentos que forman parte del paisaje gastron\u00f3mico de Guanajuato.<\/p>\n\n\n\n<p>Adem\u00e1s de la degustaci\u00f3n de platillos, habr\u00e1 demostraciones culinarias, expresiones culturales, narrativas de tradici\u00f3n oral y venta de productos locales.<\/p>\n\n\n\n<p>El pabell\u00f3n representa una oportunidad para visibilizar el trabajo de las personas portadoras del patrimonio gastron\u00f3mico: cocineras, productores, artesanos del alimento y guardianes de la tradici\u00f3n.<\/p>\n\n\n\n<p>El objetivo es que el pabell\u00f3n se convierta en un referente anual dentro de la feria, un punto de encuentro que celebre la diversidad gastron\u00f3mica del estado y que sensibilice al p\u00fablico sobre la importancia de respetar, proteger y fortalecer este patrimonio vivo.<\/p>\n\n\n\n<figure class=\"wp-block-image size-large\"><img loading=\"lazy\" decoding=\"async\" width=\"1024\" height=\"427\" src=\"https:\/\/kuali.com.mx\/web\/wp-content\/uploads\/2026\/01\/Comida-carne-cecina-enchiladas-1024x427.gif\" alt=\"\" class=\"wp-image-193804\" srcset=\"https:\/\/kuali.com.mx\/web\/wp-content\/uploads\/2026\/01\/Comida-carne-cecina-enchiladas-1024x427.gif 1024w, https:\/\/kuali.com.mx\/web\/wp-content\/uploads\/2026\/01\/Comida-carne-cecina-enchiladas-300x125.gif 300w, https:\/\/kuali.com.mx\/web\/wp-content\/uploads\/2026\/01\/Comida-carne-cecina-enchiladas-768x320.gif 768w, https:\/\/kuali.com.mx\/web\/wp-content\/uploads\/2026\/01\/Comida-carne-cecina-enchiladas-1536x640.gif 1536w, https:\/\/kuali.com.mx\/web\/wp-content\/uploads\/2026\/01\/Comida-carne-cecina-enchiladas-228x95.gif 228w\" sizes=\"auto, (max-width: 1024px) 100vw, 1024px\" \/><figcaption class=\"wp-element-caption\">Las enchiladas con cecina son una delicia de la gastronom\u00eda de Pur\u00edsima del Rinc\u00f3n, Gto.<\/figcaption><\/figure>\n\n\n\n<p>Pabell\u00f3n Guanajuato \u00a1S\u00ed Sabe! estar\u00e1 ubicado en la zona de la calzada gastron\u00f3mica, a la altura de la Plaza Bicentenario.<\/p>\n\n\n\n<p><strong>Municipios participantes<\/strong><\/p>\n\n\n\n<p>Ocampo <\/p>\n\n\n\n<p>San Jos\u00e9 de Iturbide<\/p>\n\n\n\n<p>Le\u00f3n&nbsp;<\/p>\n\n\n\n<p>San Francisco del Rinc\u00f3n&nbsp;<\/p>\n\n\n\n<p>P\u00e9njamo&nbsp;<\/p>\n\n\n\n<p>Celaya<\/p>\n\n\n\n<p>Dolores Hidalgo&nbsp;<\/p>\n\n\n\n<p>Irapuato<\/p>\n\n\n\n<p>Apaseo el Grande&nbsp;<\/p>\n\n\n\n<p>Romita<\/p>\n\n\n\n<p>Yuriria<\/p>\n\n\n\n<p>Comonfort&nbsp;<\/p>\n\n\n\n<p>Ac\u00e1mbaro&nbsp;<\/p>\n\n\n\n<p>Pur\u00edsima del Rinc\u00f3n&nbsp;<\/p>\n\n\n\n<p>Valle de Santiago<\/p>\n\n\n\n<p>San Luis de la Paz&nbsp;<\/p>\n\n\n\n<p>Guanajuato<\/p>\n\n\n\n<p>Salvatierra<\/p>\n\n\n\n<p>Juventino Rosas&nbsp;<\/p>\n\n\n\n<p>San Diego de la Uni\u00f3n<\/p>\n\n\n\n<p><\/p>\n\n\n\n<figure class=\"wp-block-embed is-type-wp-embed is-provider-kuali wp-block-embed-kuali\"><div class=\"wp-block-embed__wrapper\">\n<blockquote class=\"wp-embedded-content\" data-secret=\"Z4mn0OuSfQ\"><a href=\"https:\/\/kuali.com.mx\/web\/2026\/01\/04\/anuncia-gobernadora-acceso-gratuito-a-la-feria-de-leon\/\">ANUNCIA GOBERNADORA ACCESO GRATUITO A LA FERIA DE LE\u00d3N<\/a><\/blockquote><iframe loading=\"lazy\" class=\"wp-embedded-content\" sandbox=\"allow-scripts\" security=\"restricted\" style=\"position: absolute; visibility: hidden;\" title=\"&#8220;ANUNCIA GOBERNADORA ACCESO GRATUITO A LA FERIA DE LE\u00d3N&#8221; &#8212; Kuali\" src=\"https:\/\/kuali.com.mx\/web\/2026\/01\/04\/anuncia-gobernadora-acceso-gratuito-a-la-feria-de-leon\/embed\/#?secret=HBGsnO7f7l#?secret=Z4mn0OuSfQ\" data-secret=\"Z4mn0OuSfQ\" width=\"600\" height=\"338\" frameborder=\"0\" marginwidth=\"0\" marginheight=\"0\" scrolling=\"no\"><\/iframe>\n<\/div><\/figure>\n","protected":false},"excerpt":{"rendered":"Alicia Arias\/Le\u00f3n, Gto.- Este a\u00f1o se estrenar\u00e1 en la Feria Estatal de Le\u00f3n el Pabell\u00f3n Guanajuato \u00a1S\u00ed sabe!, un espacio protagonizado por 24 cocineras tradicionales de las siete regiones tur\u00edsticas de la entidad, donde los sabores guanajuatenses ser\u00e1n los protagonistas. La Secretar\u00eda der Turismo e Identidad (Secturi) del Gobierno del Estado de Guanajuato, ofrecer\u00e1 por [&hellip;]","protected":false},"author":2,"featured_media":193798,"comment_status":"open","ping_status":"open","sticky":false,"template":"","format":"standard","meta":{"_seopress_robots_primary_cat":"none","_seopress_titles_title":"","_seopress_titles_desc":"","_seopress_robots_index":"","_monsterinsights_skip_tracking":false,"_monsterinsights_sitenote_active":false,"_monsterinsights_sitenote_note":"","_monsterinsights_sitenote_category":0,"footnotes":""},"categories":[13],"tags":[534,234,195,9,2561,6255,93],"class_list":["post-193792","post","type-post","status-publish","format-standard","has-post-thumbnail","hentry","category-turismo","tag-cocina-guanajuatense","tag-feria-de-leon","tag-gastronomia","tag-guanajuato","tag-sabores","tag-tradicion","tag-turismo"],"yoast_head":"<!-- This site is optimized with the Yoast SEO plugin v27.5 - https:\/\/yoast.com\/product\/yoast-seo-wordpress\/ -->\n<title>&quot;GUANAJUATO \u00a1S\u00cd SABE!&quot; LLEGAR\u00c1 A LA FERIA DE LE\u00d3N - Kuali<\/title>\n<meta name=\"robots\" content=\"index, follow, max-snippet:-1, max-image-preview:large, max-video-preview:-1\" \/>\n<link rel=\"canonical\" href=\"https:\/\/kuali.com.mx\/web\/2026\/01\/05\/guanajuato-si-sabe-llegara-a-la-feria-de-leon\/\" \/>\n<meta property=\"og:locale\" content=\"es_MX\" \/>\n<meta property=\"og:type\" content=\"article\" \/>\n<meta property=\"og:title\" content=\"&quot;GUANAJUATO \u00a1S\u00cd SABE!&quot; LLEGAR\u00c1 A LA FERIA DE LE\u00d3N - Kuali\" \/>\n<meta property=\"og:description\" content=\"Alicia Arias\/Le\u00f3n, Gto.- Este a\u00f1o se estrenar\u00e1 en la Feria Estatal de Le\u00f3n el Pabell\u00f3n Guanajuato \u00a1S\u00ed sabe!, un espacio protagonizado por 24 cocineras tradicionales de las siete regiones tur\u00edsticas de la entidad, donde los sabores guanajuatenses ser\u00e1n los protagonistas. La Secretar\u00eda der Turismo e Identidad (Secturi) del Gobierno del Estado de Guanajuato, ofrecer\u00e1 por [&hellip;]\" \/>\n<meta property=\"og:url\" content=\"https:\/\/kuali.com.mx\/web\/2026\/01\/05\/guanajuato-si-sabe-llegara-a-la-feria-de-leon\/\" \/>\n<meta property=\"og:site_name\" content=\"Kuali\" \/>\n<meta property=\"article:publisher\" content=\"https:\/\/kuali.com.mx\/web\/wp-content\/uploads\/2018\/04\/cropped-kuali_logo-1-1.png\" \/>\n<meta property=\"article:published_time\" content=\"2026-01-05T18:18:21+00:00\" \/>\n<meta property=\"article:modified_time\" content=\"2026-01-06T02:47:40+00:00\" \/>\n<meta property=\"og:image\" content=\"https:\/\/kuali.com.mx\/web\/wp-content\/uploads\/2026\/01\/Comida-cocineras-tradicionales-1-2.gif\" \/>\n\t<meta property=\"og:image:width\" content=\"1800\" \/>\n\t<meta property=\"og:image:height\" content=\"750\" \/>\n\t<meta property=\"og:image:type\" content=\"image\/gif\" \/>\n<meta name=\"author\" content=\"Kuali Staff\" \/>\n<meta name=\"twitter:card\" content=\"summary_large_image\" \/>\n<meta name=\"twitter:creator\" content=\"@kuali_noticias\" \/>\n<meta name=\"twitter:site\" content=\"@kuali_noticias\" \/>\n<meta name=\"twitter:label1\" content=\"Escrito por\" \/>\n\t<meta name=\"twitter:data1\" content=\"Kuali Staff\" \/>\n\t<meta name=\"twitter:label2\" content=\"Tiempo de lectura\" \/>\n\t<meta name=\"twitter:data2\" content=\"3 minutos\" \/>\n<script type=\"application\/ld+json\" class=\"yoast-schema-graph\">{\"@context\":\"https:\\\/\\\/schema.org\",\"@graph\":[{\"@type\":\"Article\",\"@id\":\"https:\\\/\\\/kuali.com.mx\\\/web\\\/2026\\\/01\\\/05\\\/guanajuato-si-sabe-llegara-a-la-feria-de-leon\\\/#article\",\"isPartOf\":{\"@id\":\"https:\\\/\\\/kuali.com.mx\\\/web\\\/2026\\\/01\\\/05\\\/guanajuato-si-sabe-llegara-a-la-feria-de-leon\\\/\"},\"author\":{\"name\":\"Kuali Staff\",\"@id\":\"https:\\\/\\\/kuali.com.mx\\\/web\\\/#\\\/schema\\\/person\\\/6f89ffa8ecba9dae50662357923c5289\"},\"headline\":\"&#8220;GUANAJUATO \u00a1S\u00cd SABE!&#8221; LLEGAR\u00c1 A LA FERIA DE LE\u00d3N\",\"datePublished\":\"2026-01-05T18:18:21+00:00\",\"dateModified\":\"2026-01-06T02:47:40+00:00\",\"mainEntityOfPage\":{\"@id\":\"https:\\\/\\\/kuali.com.mx\\\/web\\\/2026\\\/01\\\/05\\\/guanajuato-si-sabe-llegara-a-la-feria-de-leon\\\/\"},\"wordCount\":623,\"commentCount\":0,\"image\":{\"@id\":\"https:\\\/\\\/kuali.com.mx\\\/web\\\/2026\\\/01\\\/05\\\/guanajuato-si-sabe-llegara-a-la-feria-de-leon\\\/#primaryimage\"},\"thumbnailUrl\":\"https:\\\/\\\/kuali.com.mx\\\/web\\\/wp-content\\\/uploads\\\/2026\\\/01\\\/Comida-cocineras-tradicionales-1-2.gif\",\"keywords\":[\"Cocina guanajuatense\",\"Feria de Le\u00f3n\",\"Gastronom\u00eda\",\"Guanajuato\",\"Sabores\",\"Tradici\u00f3n\",\"turismo\"],\"articleSection\":[\"Turismo\"],\"inLanguage\":\"es\",\"potentialAction\":[{\"@type\":\"CommentAction\",\"name\":\"Comment\",\"target\":[\"https:\\\/\\\/kuali.com.mx\\\/web\\\/2026\\\/01\\\/05\\\/guanajuato-si-sabe-llegara-a-la-feria-de-leon\\\/#respond\"]}]},{\"@type\":\"WebPage\",\"@id\":\"https:\\\/\\\/kuali.com.mx\\\/web\\\/2026\\\/01\\\/05\\\/guanajuato-si-sabe-llegara-a-la-feria-de-leon\\\/\",\"url\":\"https:\\\/\\\/kuali.com.mx\\\/web\\\/2026\\\/01\\\/05\\\/guanajuato-si-sabe-llegara-a-la-feria-de-leon\\\/\",\"name\":\"\\\"GUANAJUATO \u00a1S\u00cd SABE!\\\" LLEGAR\u00c1 A LA FERIA DE LE\u00d3N - Kuali\",\"isPartOf\":{\"@id\":\"https:\\\/\\\/kuali.com.mx\\\/web\\\/#website\"},\"primaryImageOfPage\":{\"@id\":\"https:\\\/\\\/kuali.com.mx\\\/web\\\/2026\\\/01\\\/05\\\/guanajuato-si-sabe-llegara-a-la-feria-de-leon\\\/#primaryimage\"},\"image\":{\"@id\":\"https:\\\/\\\/kuali.com.mx\\\/web\\\/2026\\\/01\\\/05\\\/guanajuato-si-sabe-llegara-a-la-feria-de-leon\\\/#primaryimage\"},\"thumbnailUrl\":\"https:\\\/\\\/kuali.com.mx\\\/web\\\/wp-content\\\/uploads\\\/2026\\\/01\\\/Comida-cocineras-tradicionales-1-2.gif\",\"datePublished\":\"2026-01-05T18:18:21+00:00\",\"dateModified\":\"2026-01-06T02:47:40+00:00\",\"author\":{\"@id\":\"https:\\\/\\\/kuali.com.mx\\\/web\\\/#\\\/schema\\\/person\\\/6f89ffa8ecba9dae50662357923c5289\"},\"breadcrumb\":{\"@id\":\"https:\\\/\\\/kuali.com.mx\\\/web\\\/2026\\\/01\\\/05\\\/guanajuato-si-sabe-llegara-a-la-feria-de-leon\\\/#breadcrumb\"},\"inLanguage\":\"es\",\"potentialAction\":[{\"@type\":\"ReadAction\",\"target\":[\"https:\\\/\\\/kuali.com.mx\\\/web\\\/2026\\\/01\\\/05\\\/guanajuato-si-sabe-llegara-a-la-feria-de-leon\\\/\"]}]},{\"@type\":\"ImageObject\",\"inLanguage\":\"es\",\"@id\":\"https:\\\/\\\/kuali.com.mx\\\/web\\\/2026\\\/01\\\/05\\\/guanajuato-si-sabe-llegara-a-la-feria-de-leon\\\/#primaryimage\",\"url\":\"https:\\\/\\\/kuali.com.mx\\\/web\\\/wp-content\\\/uploads\\\/2026\\\/01\\\/Comida-cocineras-tradicionales-1-2.gif\",\"contentUrl\":\"https:\\\/\\\/kuali.com.mx\\\/web\\\/wp-content\\\/uploads\\\/2026\\\/01\\\/Comida-cocineras-tradicionales-1-2.gif\",\"width\":1800,\"height\":750},{\"@type\":\"BreadcrumbList\",\"@id\":\"https:\\\/\\\/kuali.com.mx\\\/web\\\/2026\\\/01\\\/05\\\/guanajuato-si-sabe-llegara-a-la-feria-de-leon\\\/#breadcrumb\",\"itemListElement\":[{\"@type\":\"ListItem\",\"position\":1,\"name\":\"Inicio\",\"item\":\"https:\\\/\\\/kuali.com.mx\\\/web\\\/\"},{\"@type\":\"ListItem\",\"position\":2,\"name\":\"&#8220;GUANAJUATO \u00a1S\u00cd SABE!&#8221; LLEGAR\u00c1 A LA FERIA DE LE\u00d3N\"}]},{\"@type\":\"WebSite\",\"@id\":\"https:\\\/\\\/kuali.com.mx\\\/web\\\/#website\",\"url\":\"https:\\\/\\\/kuali.com.mx\\\/web\\\/\",\"name\":\"Kuali\",\"description\":\"\",\"potentialAction\":[{\"@type\":\"SearchAction\",\"target\":{\"@type\":\"EntryPoint\",\"urlTemplate\":\"https:\\\/\\\/kuali.com.mx\\\/web\\\/?s={search_term_string}\"},\"query-input\":{\"@type\":\"PropertyValueSpecification\",\"valueRequired\":true,\"valueName\":\"search_term_string\"}}],\"inLanguage\":\"es\"},{\"@type\":\"Person\",\"@id\":\"https:\\\/\\\/kuali.com.mx\\\/web\\\/#\\\/schema\\\/person\\\/6f89ffa8ecba9dae50662357923c5289\",\"name\":\"Kuali Staff\",\"image\":{\"@type\":\"ImageObject\",\"inLanguage\":\"es\",\"@id\":\"https:\\\/\\\/secure.gravatar.com\\\/avatar\\\/f917ad82e5ab71227a733c78b6e60715476f69ee6be59feee4eb5d9920c89e0f?s=96&d=mm&r=g\",\"url\":\"https:\\\/\\\/secure.gravatar.com\\\/avatar\\\/f917ad82e5ab71227a733c78b6e60715476f69ee6be59feee4eb5d9920c89e0f?s=96&d=mm&r=g\",\"contentUrl\":\"https:\\\/\\\/secure.gravatar.com\\\/avatar\\\/f917ad82e5ab71227a733c78b6e60715476f69ee6be59feee4eb5d9920c89e0f?s=96&d=mm&r=g\",\"caption\":\"Kuali Staff\"},\"url\":\"https:\\\/\\\/kuali.com.mx\\\/web\\\/author\\\/lagarto\\\/\"}]}<\/script>\n<!-- \/ Yoast SEO plugin. -->","yoast_head_json":{"title":"\"GUANAJUATO \u00a1S\u00cd SABE!\" LLEGAR\u00c1 A LA FERIA DE LE\u00d3N - Kuali","robots":{"index":"index","follow":"follow","max-snippet":"max-snippet:-1","max-image-preview":"max-image-preview:large","max-video-preview":"max-video-preview:-1"},"canonical":"https:\/\/kuali.com.mx\/web\/2026\/01\/05\/guanajuato-si-sabe-llegara-a-la-feria-de-leon\/","og_locale":"es_MX","og_type":"article","og_title":"\"GUANAJUATO \u00a1S\u00cd SABE!\" LLEGAR\u00c1 A LA FERIA DE LE\u00d3N - Kuali","og_description":"Alicia Arias\/Le\u00f3n, Gto.- Este a\u00f1o se estrenar\u00e1 en la Feria Estatal de Le\u00f3n el Pabell\u00f3n Guanajuato \u00a1S\u00ed sabe!, un espacio protagonizado por 24 cocineras tradicionales de las siete regiones tur\u00edsticas de la entidad, donde los sabores guanajuatenses ser\u00e1n los protagonistas. La Secretar\u00eda der Turismo e Identidad (Secturi) del Gobierno del Estado de Guanajuato, ofrecer\u00e1 por [&hellip;]","og_url":"https:\/\/kuali.com.mx\/web\/2026\/01\/05\/guanajuato-si-sabe-llegara-a-la-feria-de-leon\/","og_site_name":"Kuali","article_publisher":"https:\/\/kuali.com.mx\/web\/wp-content\/uploads\/2018\/04\/cropped-kuali_logo-1-1.png","article_published_time":"2026-01-05T18:18:21+00:00","article_modified_time":"2026-01-06T02:47:40+00:00","og_image":[{"width":1800,"height":750,"url":"https:\/\/kuali.com.mx\/web\/wp-content\/uploads\/2026\/01\/Comida-cocineras-tradicionales-1-2.gif","type":"image\/gif"}],"author":"Kuali Staff","twitter_card":"summary_large_image","twitter_creator":"@kuali_noticias","twitter_site":"@kuali_noticias","twitter_misc":{"Escrito por":"Kuali Staff","Tiempo de lectura":"3 minutos"},"schema":{"@context":"https:\/\/schema.org","@graph":[{"@type":"Article","@id":"https:\/\/kuali.com.mx\/web\/2026\/01\/05\/guanajuato-si-sabe-llegara-a-la-feria-de-leon\/#article","isPartOf":{"@id":"https:\/\/kuali.com.mx\/web\/2026\/01\/05\/guanajuato-si-sabe-llegara-a-la-feria-de-leon\/"},"author":{"name":"Kuali Staff","@id":"https:\/\/kuali.com.mx\/web\/#\/schema\/person\/6f89ffa8ecba9dae50662357923c5289"},"headline":"&#8220;GUANAJUATO \u00a1S\u00cd SABE!&#8221; LLEGAR\u00c1 A LA FERIA DE LE\u00d3N","datePublished":"2026-01-05T18:18:21+00:00","dateModified":"2026-01-06T02:47:40+00:00","mainEntityOfPage":{"@id":"https:\/\/kuali.com.mx\/web\/2026\/01\/05\/guanajuato-si-sabe-llegara-a-la-feria-de-leon\/"},"wordCount":623,"commentCount":0,"image":{"@id":"https:\/\/kuali.com.mx\/web\/2026\/01\/05\/guanajuato-si-sabe-llegara-a-la-feria-de-leon\/#primaryimage"},"thumbnailUrl":"https:\/\/kuali.com.mx\/web\/wp-content\/uploads\/2026\/01\/Comida-cocineras-tradicionales-1-2.gif","keywords":["Cocina guanajuatense","Feria de Le\u00f3n","Gastronom\u00eda","Guanajuato","Sabores","Tradici\u00f3n","turismo"],"articleSection":["Turismo"],"inLanguage":"es","potentialAction":[{"@type":"CommentAction","name":"Comment","target":["https:\/\/kuali.com.mx\/web\/2026\/01\/05\/guanajuato-si-sabe-llegara-a-la-feria-de-leon\/#respond"]}]},{"@type":"WebPage","@id":"https:\/\/kuali.com.mx\/web\/2026\/01\/05\/guanajuato-si-sabe-llegara-a-la-feria-de-leon\/","url":"https:\/\/kuali.com.mx\/web\/2026\/01\/05\/guanajuato-si-sabe-llegara-a-la-feria-de-leon\/","name":"\"GUANAJUATO \u00a1S\u00cd SABE!\" LLEGAR\u00c1 A LA FERIA DE LE\u00d3N - Kuali","isPartOf":{"@id":"https:\/\/kuali.com.mx\/web\/#website"},"primaryImageOfPage":{"@id":"https:\/\/kuali.com.mx\/web\/2026\/01\/05\/guanajuato-si-sabe-llegara-a-la-feria-de-leon\/#primaryimage"},"image":{"@id":"https:\/\/kuali.com.mx\/web\/2026\/01\/05\/guanajuato-si-sabe-llegara-a-la-feria-de-leon\/#primaryimage"},"thumbnailUrl":"https:\/\/kuali.com.mx\/web\/wp-content\/uploads\/2026\/01\/Comida-cocineras-tradicionales-1-2.gif","datePublished":"2026-01-05T18:18:21+00:00","dateModified":"2026-01-06T02:47:40+00:00","author":{"@id":"https:\/\/kuali.com.mx\/web\/#\/schema\/person\/6f89ffa8ecba9dae50662357923c5289"},"breadcrumb":{"@id":"https:\/\/kuali.com.mx\/web\/2026\/01\/05\/guanajuato-si-sabe-llegara-a-la-feria-de-leon\/#breadcrumb"},"inLanguage":"es","potentialAction":[{"@type":"ReadAction","target":["https:\/\/kuali.com.mx\/web\/2026\/01\/05\/guanajuato-si-sabe-llegara-a-la-feria-de-leon\/"]}]},{"@type":"ImageObject","inLanguage":"es","@id":"https:\/\/kuali.com.mx\/web\/2026\/01\/05\/guanajuato-si-sabe-llegara-a-la-feria-de-leon\/#primaryimage","url":"https:\/\/kuali.com.mx\/web\/wp-content\/uploads\/2026\/01\/Comida-cocineras-tradicionales-1-2.gif","contentUrl":"https:\/\/kuali.com.mx\/web\/wp-content\/uploads\/2026\/01\/Comida-cocineras-tradicionales-1-2.gif","width":1800,"height":750},{"@type":"BreadcrumbList","@id":"https:\/\/kuali.com.mx\/web\/2026\/01\/05\/guanajuato-si-sabe-llegara-a-la-feria-de-leon\/#breadcrumb","itemListElement":[{"@type":"ListItem","position":1,"name":"Inicio","item":"https:\/\/kuali.com.mx\/web\/"},{"@type":"ListItem","position":2,"name":"&#8220;GUANAJUATO \u00a1S\u00cd SABE!&#8221; LLEGAR\u00c1 A LA FERIA DE LE\u00d3N"}]},{"@type":"WebSite","@id":"https:\/\/kuali.com.mx\/web\/#website","url":"https:\/\/kuali.com.mx\/web\/","name":"Kuali","description":"","potentialAction":[{"@type":"SearchAction","target":{"@type":"EntryPoint","urlTemplate":"https:\/\/kuali.com.mx\/web\/?s={search_term_string}"},"query-input":{"@type":"PropertyValueSpecification","valueRequired":true,"valueName":"search_term_string"}}],"inLanguage":"es"},{"@type":"Person","@id":"https:\/\/kuali.com.mx\/web\/#\/schema\/person\/6f89ffa8ecba9dae50662357923c5289","name":"Kuali Staff","image":{"@type":"ImageObject","inLanguage":"es","@id":"https:\/\/secure.gravatar.com\/avatar\/f917ad82e5ab71227a733c78b6e60715476f69ee6be59feee4eb5d9920c89e0f?s=96&d=mm&r=g","url":"https:\/\/secure.gravatar.com\/avatar\/f917ad82e5ab71227a733c78b6e60715476f69ee6be59feee4eb5d9920c89e0f?s=96&d=mm&r=g","contentUrl":"https:\/\/secure.gravatar.com\/avatar\/f917ad82e5ab71227a733c78b6e60715476f69ee6be59feee4eb5d9920c89e0f?s=96&d=mm&r=g","caption":"Kuali Staff"},"url":"https:\/\/kuali.com.mx\/web\/author\/lagarto\/"}]}},"_links":{"self":[{"href":"https:\/\/kuali.com.mx\/web\/wp-json\/wp\/v2\/posts\/193792","targetHints":{"allow":["GET"]}}],"collection":[{"href":"https:\/\/kuali.com.mx\/web\/wp-json\/wp\/v2\/posts"}],"about":[{"href":"https:\/\/kuali.com.mx\/web\/wp-json\/wp\/v2\/types\/post"}],"author":[{"embeddable":true,"href":"https:\/\/kuali.com.mx\/web\/wp-json\/wp\/v2\/users\/2"}],"replies":[{"embeddable":true,"href":"https:\/\/kuali.com.mx\/web\/wp-json\/wp\/v2\/comments?post=193792"}],"version-history":[{"count":2,"href":"https:\/\/kuali.com.mx\/web\/wp-json\/wp\/v2\/posts\/193792\/revisions"}],"predecessor-version":[{"id":193832,"href":"https:\/\/kuali.com.mx\/web\/wp-json\/wp\/v2\/posts\/193792\/revisions\/193832"}],"wp:featuredmedia":[{"embeddable":true,"href":"https:\/\/kuali.com.mx\/web\/wp-json\/wp\/v2\/media\/193798"}],"wp:attachment":[{"href":"https:\/\/kuali.com.mx\/web\/wp-json\/wp\/v2\/media?parent=193792"}],"wp:term":[{"taxonomy":"category","embeddable":true,"href":"https:\/\/kuali.com.mx\/web\/wp-json\/wp\/v2\/categories?post=193792"},{"taxonomy":"post_tag","embeddable":true,"href":"https:\/\/kuali.com.mx\/web\/wp-json\/wp\/v2\/tags?post=193792"}],"curies":[{"name":"wp","href":"https:\/\/api.w.org\/{rel}","templated":true}]}}