{"id":193715,"date":"2026-01-04T14:29:03","date_gmt":"2026-01-04T20:29:03","guid":{"rendered":"https:\/\/kuali.com.mx\/web\/?p=193715"},"modified":"2026-01-05T15:45:23","modified_gmt":"2026-01-05T21:45:23","slug":"anuncia-gobernadora-acceso-gratuito-a-la-feria-de-leon","status":"publish","type":"post","link":"https:\/\/kuali.com.mx\/web\/2026\/01\/04\/anuncia-gobernadora-acceso-gratuito-a-la-feria-de-leon\/","title":{"rendered":"ANUNCIA GOBERNADORA ACCESO GRATUITO A LA FERIA DE LE\u00d3N"},"content":{"rendered":"\n<p><strong>Milagros Tadeo\/Le\u00f3n, Gto.-<\/strong>&nbsp;La gobernadora de Guanajuato, Libia Dennise Garc\u00eda Mu\u00f1oz Ledo, anunci\u00f3 que el pr\u00f3ximo 9 de enero, d\u00eda de la inauguraci\u00f3n de la Feria Estatal de Le\u00f3n 2026, el acceso ser\u00e1 gratuito para todos los asistentes.<\/p>\n\n\n\n<p>La mandataria estatal explic\u00f3 que este a\u00f1o la celebraci\u00f3n ser\u00e1 doble, pues se conmemoran los 450 a\u00f1os de la fundaci\u00f3n de Le\u00f3n y los 150 a\u00f1os de la feria m\u00e1s importante de M\u00e9xico, motivo por el cual se instituy\u00f3 el llamado \u201cD\u00eda de la Gente\u201d.<\/p>\n\n\n\n<p>\u201cQueridas familias, por fin lleg\u00f3 el momento. Este 2026 la fiesta es doble y el orgullo tambi\u00e9n. Vamos a celebrar a lo grande los 450 a\u00f1os de nuestro querido Le\u00f3n y los 150 a\u00f1os de la mejor feria familiar de M\u00e9xico. Por eso hemos instituido el D\u00eda de la Gente, para que en la inauguraci\u00f3n, el pr\u00f3ximo 9 de enero, la entrada sea gratuita para todas y todos ustedes\u201d, anunci\u00f3 a trav\u00e9s de las redes sociales.<\/p>\n\n\n\n<figure class=\"wp-block-embed is-type-wp-embed is-provider-kuali wp-block-embed-kuali\"><div class=\"wp-block-embed__wrapper\">\n<blockquote class=\"wp-embedded-content\" data-secret=\"wGIAaTjm7a\"><a href=\"https:\/\/kuali.com.mx\/web\/2025\/11\/26\/foo-fighters-y-tiesto-en-la-feria-leon-2026\/\">FOO FIGHTERS Y TI\u00cbSTO EN LA FERIA LE\u00d3N 2026<\/a><\/blockquote><iframe loading=\"lazy\" class=\"wp-embedded-content\" sandbox=\"allow-scripts\" security=\"restricted\" style=\"position: absolute; visibility: hidden;\" title=\"&#8220;FOO FIGHTERS Y TI\u00cbSTO EN LA FERIA LE\u00d3N 2026&#8221; &#8212; Kuali\" src=\"https:\/\/kuali.com.mx\/web\/2025\/11\/26\/foo-fighters-y-tiesto-en-la-feria-leon-2026\/embed\/#?secret=TGYRqqrdmS#?secret=wGIAaTjm7a\" data-secret=\"wGIAaTjm7a\" width=\"600\" height=\"338\" frameborder=\"0\" marginwidth=\"0\" marginheight=\"0\" scrolling=\"no\"><\/iframe>\n<\/div><\/figure>\n\n\n\n<p>La gobernadora destac\u00f3 que la feria ofrecer\u00e1 espect\u00e1culos gratuitos de calidad mundial, como la magia de Disney, el show de patinaje sobre hielo y el tradicional Circo Roberts.<\/p>\n\n\n\n<p>Asimismo, coment\u00f3 que los visitantes podr\u00e1n disfrutar de productos marca Guanajuato y del nuevo Pabell\u00f3n Guanajuato S\u00ed Sabe, donde cocineras tradicionales compartir\u00e1n la riqueza gastron\u00f3mica del estado.<\/p>\n","protected":false},"excerpt":{"rendered":"Milagros Tadeo\/Le\u00f3n, Gto.-&nbsp;La gobernadora de Guanajuato, Libia Dennise Garc\u00eda Mu\u00f1oz Ledo, anunci\u00f3 que el pr\u00f3ximo 9 de enero, d\u00eda de la inauguraci\u00f3n de la Feria Estatal de Le\u00f3n 2026, el acceso ser\u00e1 gratuito para todos los asistentes. La mandataria estatal explic\u00f3 que este a\u00f1o la celebraci\u00f3n ser\u00e1 doble, pues se conmemoran los 450 a\u00f1os de [&hellip;]","protected":false},"author":2,"featured_media":111132,"comment_status":"open","ping_status":"open","sticky":false,"template":"","format":"standard","meta":{"_seopress_robots_primary_cat":"none","_seopress_titles_title":"","_seopress_titles_desc":"","_seopress_robots_index":"","_monsterinsights_skip_tracking":false,"_monsterinsights_sitenote_active":false,"_monsterinsights_sitenote_note":"","_monsterinsights_sitenote_category":0,"footnotes":""},"categories":[69,13],"tags":[],"class_list":["post-193715","post","type-post","status-publish","format-standard","has-post-thumbnail","hentry","category-slider","category-turismo"],"yoast_head":"<!-- This site is optimized with the Yoast SEO plugin v27.5 - https:\/\/yoast.com\/product\/yoast-seo-wordpress\/ -->\n<title>ANUNCIA GOBERNADORA ACCESO GRATUITO A LA FERIA DE LE\u00d3N - Kuali<\/title>\n<meta name=\"robots\" content=\"index, follow, max-snippet:-1, max-image-preview:large, max-video-preview:-1\" \/>\n<link rel=\"canonical\" href=\"https:\/\/kuali.com.mx\/web\/2026\/01\/04\/anuncia-gobernadora-acceso-gratuito-a-la-feria-de-leon\/\" \/>\n<meta property=\"og:locale\" content=\"es_MX\" \/>\n<meta property=\"og:type\" content=\"article\" \/>\n<meta property=\"og:title\" content=\"ANUNCIA GOBERNADORA ACCESO GRATUITO A LA FERIA DE LE\u00d3N - Kuali\" \/>\n<meta property=\"og:description\" content=\"Milagros Tadeo\/Le\u00f3n, Gto.-&nbsp;La gobernadora de Guanajuato, Libia Dennise Garc\u00eda Mu\u00f1oz Ledo, anunci\u00f3 que el pr\u00f3ximo 9 de enero, d\u00eda de la inauguraci\u00f3n de la Feria Estatal de Le\u00f3n 2026, el acceso ser\u00e1 gratuito para todos los asistentes. La mandataria estatal explic\u00f3 que este a\u00f1o la celebraci\u00f3n ser\u00e1 doble, pues se conmemoran los 450 a\u00f1os de [&hellip;]\" \/>\n<meta property=\"og:url\" content=\"https:\/\/kuali.com.mx\/web\/2026\/01\/04\/anuncia-gobernadora-acceso-gratuito-a-la-feria-de-leon\/\" \/>\n<meta property=\"og:site_name\" content=\"Kuali\" \/>\n<meta property=\"article:publisher\" content=\"https:\/\/kuali.com.mx\/web\/wp-content\/uploads\/2018\/04\/cropped-kuali_logo-1-1.png\" \/>\n<meta property=\"article:published_time\" content=\"2026-01-04T20:29:03+00:00\" \/>\n<meta property=\"article:modified_time\" content=\"2026-01-05T21:45:23+00:00\" \/>\n<meta property=\"og:image\" content=\"https:\/\/kuali.com.mx\/web\/wp-content\/uploads\/2023\/01\/Desfile-Feria-Leon.gif\" \/>\n\t<meta property=\"og:image:width\" content=\"1700\" \/>\n\t<meta property=\"og:image:height\" content=\"750\" \/>\n\t<meta property=\"og:image:type\" content=\"image\/gif\" \/>\n<meta name=\"author\" content=\"Kuali Staff\" \/>\n<meta name=\"twitter:card\" content=\"summary_large_image\" \/>\n<meta name=\"twitter:creator\" content=\"@kuali_noticias\" \/>\n<meta name=\"twitter:site\" content=\"@kuali_noticias\" \/>\n<meta name=\"twitter:label1\" content=\"Escrito por\" \/>\n\t<meta name=\"twitter:data1\" content=\"Kuali Staff\" \/>\n\t<meta name=\"twitter:label2\" content=\"Tiempo de lectura\" \/>\n\t<meta name=\"twitter:data2\" content=\"1 minuto\" \/>\n<script type=\"application\/ld+json\" class=\"yoast-schema-graph\">{\"@context\":\"https:\\\/\\\/schema.org\",\"@graph\":[{\"@type\":\"Article\",\"@id\":\"https:\\\/\\\/kuali.com.mx\\\/web\\\/2026\\\/01\\\/04\\\/anuncia-gobernadora-acceso-gratuito-a-la-feria-de-leon\\\/#article\",\"isPartOf\":{\"@id\":\"https:\\\/\\\/kuali.com.mx\\\/web\\\/2026\\\/01\\\/04\\\/anuncia-gobernadora-acceso-gratuito-a-la-feria-de-leon\\\/\"},\"author\":{\"name\":\"Kuali Staff\",\"@id\":\"https:\\\/\\\/kuali.com.mx\\\/web\\\/#\\\/schema\\\/person\\\/6f89ffa8ecba9dae50662357923c5289\"},\"headline\":\"ANUNCIA GOBERNADORA ACCESO GRATUITO A LA FERIA DE LE\u00d3N\",\"datePublished\":\"2026-01-04T20:29:03+00:00\",\"dateModified\":\"2026-01-05T21:45:23+00:00\",\"mainEntityOfPage\":{\"@id\":\"https:\\\/\\\/kuali.com.mx\\\/web\\\/2026\\\/01\\\/04\\\/anuncia-gobernadora-acceso-gratuito-a-la-feria-de-leon\\\/\"},\"wordCount\":255,\"commentCount\":0,\"image\":{\"@id\":\"https:\\\/\\\/kuali.com.mx\\\/web\\\/2026\\\/01\\\/04\\\/anuncia-gobernadora-acceso-gratuito-a-la-feria-de-leon\\\/#primaryimage\"},\"thumbnailUrl\":\"https:\\\/\\\/kuali.com.mx\\\/web\\\/wp-content\\\/uploads\\\/2023\\\/01\\\/Desfile-Feria-Leon.gif\",\"articleSection\":[\"slider\",\"Turismo\"],\"inLanguage\":\"es\",\"potentialAction\":[{\"@type\":\"CommentAction\",\"name\":\"Comment\",\"target\":[\"https:\\\/\\\/kuali.com.mx\\\/web\\\/2026\\\/01\\\/04\\\/anuncia-gobernadora-acceso-gratuito-a-la-feria-de-leon\\\/#respond\"]}]},{\"@type\":\"WebPage\",\"@id\":\"https:\\\/\\\/kuali.com.mx\\\/web\\\/2026\\\/01\\\/04\\\/anuncia-gobernadora-acceso-gratuito-a-la-feria-de-leon\\\/\",\"url\":\"https:\\\/\\\/kuali.com.mx\\\/web\\\/2026\\\/01\\\/04\\\/anuncia-gobernadora-acceso-gratuito-a-la-feria-de-leon\\\/\",\"name\":\"ANUNCIA GOBERNADORA ACCESO GRATUITO A LA FERIA DE LE\u00d3N - Kuali\",\"isPartOf\":{\"@id\":\"https:\\\/\\\/kuali.com.mx\\\/web\\\/#website\"},\"primaryImageOfPage\":{\"@id\":\"https:\\\/\\\/kuali.com.mx\\\/web\\\/2026\\\/01\\\/04\\\/anuncia-gobernadora-acceso-gratuito-a-la-feria-de-leon\\\/#primaryimage\"},\"image\":{\"@id\":\"https:\\\/\\\/kuali.com.mx\\\/web\\\/2026\\\/01\\\/04\\\/anuncia-gobernadora-acceso-gratuito-a-la-feria-de-leon\\\/#primaryimage\"},\"thumbnailUrl\":\"https:\\\/\\\/kuali.com.mx\\\/web\\\/wp-content\\\/uploads\\\/2023\\\/01\\\/Desfile-Feria-Leon.gif\",\"datePublished\":\"2026-01-04T20:29:03+00:00\",\"dateModified\":\"2026-01-05T21:45:23+00:00\",\"author\":{\"@id\":\"https:\\\/\\\/kuali.com.mx\\\/web\\\/#\\\/schema\\\/person\\\/6f89ffa8ecba9dae50662357923c5289\"},\"breadcrumb\":{\"@id\":\"https:\\\/\\\/kuali.com.mx\\\/web\\\/2026\\\/01\\\/04\\\/anuncia-gobernadora-acceso-gratuito-a-la-feria-de-leon\\\/#breadcrumb\"},\"inLanguage\":\"es\",\"potentialAction\":[{\"@type\":\"ReadAction\",\"target\":[\"https:\\\/\\\/kuali.com.mx\\\/web\\\/2026\\\/01\\\/04\\\/anuncia-gobernadora-acceso-gratuito-a-la-feria-de-leon\\\/\"]}]},{\"@type\":\"ImageObject\",\"inLanguage\":\"es\",\"@id\":\"https:\\\/\\\/kuali.com.mx\\\/web\\\/2026\\\/01\\\/04\\\/anuncia-gobernadora-acceso-gratuito-a-la-feria-de-leon\\\/#primaryimage\",\"url\":\"https:\\\/\\\/kuali.com.mx\\\/web\\\/wp-content\\\/uploads\\\/2023\\\/01\\\/Desfile-Feria-Leon.gif\",\"contentUrl\":\"https:\\\/\\\/kuali.com.mx\\\/web\\\/wp-content\\\/uploads\\\/2023\\\/01\\\/Desfile-Feria-Leon.gif\",\"width\":1700,\"height\":750},{\"@type\":\"BreadcrumbList\",\"@id\":\"https:\\\/\\\/kuali.com.mx\\\/web\\\/2026\\\/01\\\/04\\\/anuncia-gobernadora-acceso-gratuito-a-la-feria-de-leon\\\/#breadcrumb\",\"itemListElement\":[{\"@type\":\"ListItem\",\"position\":1,\"name\":\"Inicio\",\"item\":\"https:\\\/\\\/kuali.com.mx\\\/web\\\/\"},{\"@type\":\"ListItem\",\"position\":2,\"name\":\"ANUNCIA GOBERNADORA ACCESO GRATUITO A LA FERIA DE LE\u00d3N\"}]},{\"@type\":\"WebSite\",\"@id\":\"https:\\\/\\\/kuali.com.mx\\\/web\\\/#website\",\"url\":\"https:\\\/\\\/kuali.com.mx\\\/web\\\/\",\"name\":\"Kuali\",\"description\":\"\",\"potentialAction\":[{\"@type\":\"SearchAction\",\"target\":{\"@type\":\"EntryPoint\",\"urlTemplate\":\"https:\\\/\\\/kuali.com.mx\\\/web\\\/?s={search_term_string}\"},\"query-input\":{\"@type\":\"PropertyValueSpecification\",\"valueRequired\":true,\"valueName\":\"search_term_string\"}}],\"inLanguage\":\"es\"},{\"@type\":\"Person\",\"@id\":\"https:\\\/\\\/kuali.com.mx\\\/web\\\/#\\\/schema\\\/person\\\/6f89ffa8ecba9dae50662357923c5289\",\"name\":\"Kuali Staff\",\"image\":{\"@type\":\"ImageObject\",\"inLanguage\":\"es\",\"@id\":\"https:\\\/\\\/secure.gravatar.com\\\/avatar\\\/f917ad82e5ab71227a733c78b6e60715476f69ee6be59feee4eb5d9920c89e0f?s=96&d=mm&r=g\",\"url\":\"https:\\\/\\\/secure.gravatar.com\\\/avatar\\\/f917ad82e5ab71227a733c78b6e60715476f69ee6be59feee4eb5d9920c89e0f?s=96&d=mm&r=g\",\"contentUrl\":\"https:\\\/\\\/secure.gravatar.com\\\/avatar\\\/f917ad82e5ab71227a733c78b6e60715476f69ee6be59feee4eb5d9920c89e0f?s=96&d=mm&r=g\",\"caption\":\"Kuali Staff\"},\"url\":\"https:\\\/\\\/kuali.com.mx\\\/web\\\/author\\\/lagarto\\\/\"}]}<\/script>\n<!-- \/ Yoast SEO plugin. -->","yoast_head_json":{"title":"ANUNCIA GOBERNADORA ACCESO GRATUITO A LA FERIA DE LE\u00d3N - Kuali","robots":{"index":"index","follow":"follow","max-snippet":"max-snippet:-1","max-image-preview":"max-image-preview:large","max-video-preview":"max-video-preview:-1"},"canonical":"https:\/\/kuali.com.mx\/web\/2026\/01\/04\/anuncia-gobernadora-acceso-gratuito-a-la-feria-de-leon\/","og_locale":"es_MX","og_type":"article","og_title":"ANUNCIA GOBERNADORA ACCESO GRATUITO A LA FERIA DE LE\u00d3N - Kuali","og_description":"Milagros Tadeo\/Le\u00f3n, Gto.-&nbsp;La gobernadora de Guanajuato, Libia Dennise Garc\u00eda Mu\u00f1oz Ledo, anunci\u00f3 que el pr\u00f3ximo 9 de enero, d\u00eda de la inauguraci\u00f3n de la Feria Estatal de Le\u00f3n 2026, el acceso ser\u00e1 gratuito para todos los asistentes. La mandataria estatal explic\u00f3 que este a\u00f1o la celebraci\u00f3n ser\u00e1 doble, pues se conmemoran los 450 a\u00f1os de [&hellip;]","og_url":"https:\/\/kuali.com.mx\/web\/2026\/01\/04\/anuncia-gobernadora-acceso-gratuito-a-la-feria-de-leon\/","og_site_name":"Kuali","article_publisher":"https:\/\/kuali.com.mx\/web\/wp-content\/uploads\/2018\/04\/cropped-kuali_logo-1-1.png","article_published_time":"2026-01-04T20:29:03+00:00","article_modified_time":"2026-01-05T21:45:23+00:00","og_image":[{"width":1700,"height":750,"url":"https:\/\/kuali.com.mx\/web\/wp-content\/uploads\/2023\/01\/Desfile-Feria-Leon.gif","type":"image\/gif"}],"author":"Kuali Staff","twitter_card":"summary_large_image","twitter_creator":"@kuali_noticias","twitter_site":"@kuali_noticias","twitter_misc":{"Escrito por":"Kuali Staff","Tiempo de lectura":"1 minuto"},"schema":{"@context":"https:\/\/schema.org","@graph":[{"@type":"Article","@id":"https:\/\/kuali.com.mx\/web\/2026\/01\/04\/anuncia-gobernadora-acceso-gratuito-a-la-feria-de-leon\/#article","isPartOf":{"@id":"https:\/\/kuali.com.mx\/web\/2026\/01\/04\/anuncia-gobernadora-acceso-gratuito-a-la-feria-de-leon\/"},"author":{"name":"Kuali Staff","@id":"https:\/\/kuali.com.mx\/web\/#\/schema\/person\/6f89ffa8ecba9dae50662357923c5289"},"headline":"ANUNCIA GOBERNADORA ACCESO GRATUITO A LA FERIA DE LE\u00d3N","datePublished":"2026-01-04T20:29:03+00:00","dateModified":"2026-01-05T21:45:23+00:00","mainEntityOfPage":{"@id":"https:\/\/kuali.com.mx\/web\/2026\/01\/04\/anuncia-gobernadora-acceso-gratuito-a-la-feria-de-leon\/"},"wordCount":255,"commentCount":0,"image":{"@id":"https:\/\/kuali.com.mx\/web\/2026\/01\/04\/anuncia-gobernadora-acceso-gratuito-a-la-feria-de-leon\/#primaryimage"},"thumbnailUrl":"https:\/\/kuali.com.mx\/web\/wp-content\/uploads\/2023\/01\/Desfile-Feria-Leon.gif","articleSection":["slider","Turismo"],"inLanguage":"es","potentialAction":[{"@type":"CommentAction","name":"Comment","target":["https:\/\/kuali.com.mx\/web\/2026\/01\/04\/anuncia-gobernadora-acceso-gratuito-a-la-feria-de-leon\/#respond"]}]},{"@type":"WebPage","@id":"https:\/\/kuali.com.mx\/web\/2026\/01\/04\/anuncia-gobernadora-acceso-gratuito-a-la-feria-de-leon\/","url":"https:\/\/kuali.com.mx\/web\/2026\/01\/04\/anuncia-gobernadora-acceso-gratuito-a-la-feria-de-leon\/","name":"ANUNCIA GOBERNADORA ACCESO GRATUITO A LA FERIA DE LE\u00d3N - Kuali","isPartOf":{"@id":"https:\/\/kuali.com.mx\/web\/#website"},"primaryImageOfPage":{"@id":"https:\/\/kuali.com.mx\/web\/2026\/01\/04\/anuncia-gobernadora-acceso-gratuito-a-la-feria-de-leon\/#primaryimage"},"image":{"@id":"https:\/\/kuali.com.mx\/web\/2026\/01\/04\/anuncia-gobernadora-acceso-gratuito-a-la-feria-de-leon\/#primaryimage"},"thumbnailUrl":"https:\/\/kuali.com.mx\/web\/wp-content\/uploads\/2023\/01\/Desfile-Feria-Leon.gif","datePublished":"2026-01-04T20:29:03+00:00","dateModified":"2026-01-05T21:45:23+00:00","author":{"@id":"https:\/\/kuali.com.mx\/web\/#\/schema\/person\/6f89ffa8ecba9dae50662357923c5289"},"breadcrumb":{"@id":"https:\/\/kuali.com.mx\/web\/2026\/01\/04\/anuncia-gobernadora-acceso-gratuito-a-la-feria-de-leon\/#breadcrumb"},"inLanguage":"es","potentialAction":[{"@type":"ReadAction","target":["https:\/\/kuali.com.mx\/web\/2026\/01\/04\/anuncia-gobernadora-acceso-gratuito-a-la-feria-de-leon\/"]}]},{"@type":"ImageObject","inLanguage":"es","@id":"https:\/\/kuali.com.mx\/web\/2026\/01\/04\/anuncia-gobernadora-acceso-gratuito-a-la-feria-de-leon\/#primaryimage","url":"https:\/\/kuali.com.mx\/web\/wp-content\/uploads\/2023\/01\/Desfile-Feria-Leon.gif","contentUrl":"https:\/\/kuali.com.mx\/web\/wp-content\/uploads\/2023\/01\/Desfile-Feria-Leon.gif","width":1700,"height":750},{"@type":"BreadcrumbList","@id":"https:\/\/kuali.com.mx\/web\/2026\/01\/04\/anuncia-gobernadora-acceso-gratuito-a-la-feria-de-leon\/#breadcrumb","itemListElement":[{"@type":"ListItem","position":1,"name":"Inicio","item":"https:\/\/kuali.com.mx\/web\/"},{"@type":"ListItem","position":2,"name":"ANUNCIA GOBERNADORA ACCESO GRATUITO A LA FERIA DE LE\u00d3N"}]},{"@type":"WebSite","@id":"https:\/\/kuali.com.mx\/web\/#website","url":"https:\/\/kuali.com.mx\/web\/","name":"Kuali","description":"","potentialAction":[{"@type":"SearchAction","target":{"@type":"EntryPoint","urlTemplate":"https:\/\/kuali.com.mx\/web\/?s={search_term_string}"},"query-input":{"@type":"PropertyValueSpecification","valueRequired":true,"valueName":"search_term_string"}}],"inLanguage":"es"},{"@type":"Person","@id":"https:\/\/kuali.com.mx\/web\/#\/schema\/person\/6f89ffa8ecba9dae50662357923c5289","name":"Kuali Staff","image":{"@type":"ImageObject","inLanguage":"es","@id":"https:\/\/secure.gravatar.com\/avatar\/f917ad82e5ab71227a733c78b6e60715476f69ee6be59feee4eb5d9920c89e0f?s=96&d=mm&r=g","url":"https:\/\/secure.gravatar.com\/avatar\/f917ad82e5ab71227a733c78b6e60715476f69ee6be59feee4eb5d9920c89e0f?s=96&d=mm&r=g","contentUrl":"https:\/\/secure.gravatar.com\/avatar\/f917ad82e5ab71227a733c78b6e60715476f69ee6be59feee4eb5d9920c89e0f?s=96&d=mm&r=g","caption":"Kuali Staff"},"url":"https:\/\/kuali.com.mx\/web\/author\/lagarto\/"}]}},"_links":{"self":[{"href":"https:\/\/kuali.com.mx\/web\/wp-json\/wp\/v2\/posts\/193715","targetHints":{"allow":["GET"]}}],"collection":[{"href":"https:\/\/kuali.com.mx\/web\/wp-json\/wp\/v2\/posts"}],"about":[{"href":"https:\/\/kuali.com.mx\/web\/wp-json\/wp\/v2\/types\/post"}],"author":[{"embeddable":true,"href":"https:\/\/kuali.com.mx\/web\/wp-json\/wp\/v2\/users\/2"}],"replies":[{"embeddable":true,"href":"https:\/\/kuali.com.mx\/web\/wp-json\/wp\/v2\/comments?post=193715"}],"version-history":[{"count":2,"href":"https:\/\/kuali.com.mx\/web\/wp-json\/wp\/v2\/posts\/193715\/revisions"}],"predecessor-version":[{"id":193776,"href":"https:\/\/kuali.com.mx\/web\/wp-json\/wp\/v2\/posts\/193715\/revisions\/193776"}],"wp:featuredmedia":[{"embeddable":true,"href":"https:\/\/kuali.com.mx\/web\/wp-json\/wp\/v2\/media\/111132"}],"wp:attachment":[{"href":"https:\/\/kuali.com.mx\/web\/wp-json\/wp\/v2\/media?parent=193715"}],"wp:term":[{"taxonomy":"category","embeddable":true,"href":"https:\/\/kuali.com.mx\/web\/wp-json\/wp\/v2\/categories?post=193715"},{"taxonomy":"post_tag","embeddable":true,"href":"https:\/\/kuali.com.mx\/web\/wp-json\/wp\/v2\/tags?post=193715"}],"curies":[{"name":"wp","href":"https:\/\/api.w.org\/{rel}","templated":true}]}}