{"id":193183,"date":"2025-12-26T03:20:32","date_gmt":"2025-12-26T09:20:32","guid":{"rendered":"https:\/\/kuali.com.mx\/web\/?p=193183"},"modified":"2025-12-27T09:03:03","modified_gmt":"2025-12-27T15:03:03","slug":"1-de-cada-4-ninos-del-mundo-habita-en-zonas-de-guerra","status":"publish","type":"post","link":"https:\/\/kuali.com.mx\/web\/2025\/12\/26\/1-de-cada-4-ninos-del-mundo-habita-en-zonas-de-guerra\/","title":{"rendered":"1 DE CADA 4 NI\u00d1OS DEL MUNDO HABITA EN ZONAS DE GUERRA"},"content":{"rendered":"\n<p><em><strong>ENCUENTRO CON GOROSITO\u2026<\/strong><\/em><\/p>\n\n\n\n<p>Un informe de la Organizaci\u00f3n No Gubernamental (ONG) Save the Children nos da a conocer que el pasado a\u00f1o 2024, se registr\u00f3 un n\u00famero record global de 520 millones de ni\u00f1os viviendo en \u00e1reas de conflicto b\u00e9lico activo.<\/p>\n\n\n\n<p>El n\u00famero de 520 millones de ni\u00f1os, viviendo en zonas de guerra en alguna regi\u00f3n del planeta, equivale a 1 de cada 4 menores a nivel global, lo que representa un incremento del 60% respecto al a\u00f1o 2010.<\/p>\n\n\n\n<p>En el 2024, se registr\u00f3 el mayor n\u00famero de conflictos entre Estados desde el final de la Segunda Guerra Mundial, junto con un incremento del 30% en las violaciones graves confirmadas en zonas de guerra, incluyendo asesinatos, mutilaciones, agresiones sexuales y secuestros.<\/p>\n\n\n\n<p>As\u00ed lo revela el informe denominado: \u201cStop the War on Children: Security for Whom\u201d de la ONG Save the Children, organizaci\u00f3n que desde hace m\u00e1s de un siglo trabaja para proteger a la infancia en riesgo y garantizarles un futuro.<\/p>\n\n\n\n<p>A lo largo del a\u00f1o 2024, se registraron 41.763 violaciones graves contra ni\u00f1os, ni\u00f1as y adolescentes en contextos de conflicto. El aumento fue del 30% con respecto al a\u00f1o anterior; del 70% en comparaci\u00f3n con el a\u00f1o 2022 y del 373% frente al a\u00f1o 2010, se\u00f1ala el documento de Save the Children.<\/p>\n\n\n\n<p>M\u00e1s de la mitad de estos abusos registrados ocurrieron en cuatro lugares: los Territorios Palestinos Ocupados, la Rep\u00fablica Democr\u00e1tica del Congo, Nigeria y Somalia.<\/p>\n\n\n\n<p>En el a\u00f1o 2024, m\u00e1s del 11% de la superficie terrestre&nbsp; del planeta se encontraba a menos de 50 kil\u00f3metros de un evento b\u00e9lico, la proporci\u00f3n m\u00e1s alta jam\u00e1s registrada. Adem\u00e1s, el n\u00famero de incidentes relacionados con conflictos armados en el mundo, aument\u00f3 de 24.000 en el a\u00f1o 2023, a casi 27.000 en el 2024.<\/p>\n\n\n\n<p>\u00c1frica concentra actualmente, tanto el n\u00famero absoluto como el porcentaje m\u00e1s alto de menores que viven en zonas de conflicto: 218 millones de ni\u00f1os, ni\u00f1as y adolescentes, equivalentes al 32,6% de la poblaci\u00f3n infantil que vive en el continente africano, superando por primera vez desde el a\u00f1o 2007 la proporci\u00f3n registrada en el Medio Oriente.<\/p>\n\n\n\n<p>En promedio, 78 menores al d\u00eda en zonas de conflicto sufrieron violaciones graves, adem\u00e1s de estar expuestos a ataques contra escuelas y hospitales, y al bloqueo de ayuda humanitaria,<\/p>\n\n\n\n<p>Desde que se iniciaron los registros, en el a\u00f1o 2005 se han documentado m\u00e1s de 400 mil violaciones graves contra menores en conflictos de 33 pa\u00edses, incluidos casi 160 mil ni\u00f1os y ni\u00f1as asesinados o mutilados y m\u00e1s de 100 mil reclutados por fuerzas o grupos armados.<\/p>\n\n\n\n<p>El informe de Save the Children, no se limita a enumerar datos y porcentajes: cuenta historias de vida truncadas. Habla de Ali, obligado a huir del norte de Gaza junto a sus siete hermanos, tan gravemente desnutrido que desarrollo osteomalacia, la llamada \u201cenfermedad de los huesos blandos\u201d y ahora ya no puede caminar.<\/p>\n\n\n\n<p>El documento tambi\u00e9n habla del caso de Bahati, una ni\u00f1a de 12 a\u00f1os cuya escuela, en el este de la Rep\u00fablica Democr\u00e1tica del Congo, fue atacada, y que tuvo que caminar durante dos d\u00edas bajo fuego cruzado.<\/p>\n\n\n\n<p>El informe retrata a millones de ni\u00f1os y ni\u00f1as en todo el mundo que viven inmersos en el terror, el dolor, el duelo, el hambre y la desesperaci\u00f3n.<\/p>\n\n\n\n<p>Inger Ashing, directora general de Save the Children International, en la presentaci\u00f3n del documento, declar\u00f3: \u201cEl mundo est\u00e1 en una encrucijada. Los conflictos armados aumentan, las violaciones graves contra menores alcanzan niveles record, mientras el sistema humanitario y las Naciones Unidas se tambalean\u201d, afirm\u00f3.<\/p>\n\n\n\n<p>Continu\u00f3 Inger: \u201cLos Estados deben actuar con decisi\u00f3n para prevenir los conflictos, promover la paz, proteger la infancia, garantizar justicia y escuchar de verdad a ni\u00f1as, ni\u00f1os y adolescentes\u201d, dijo la directora de Save the Children International.<\/p>\n\n\n\n<p>El informe cuestiona el enfoque global sobre la seguridad, al destacar que menos del 2% del gasto mundial en este \u00e1mbito se destina a la construcci\u00f3n o el mantenimiento de la paz, pese a los presupuestos militares hist\u00f3ricos.<\/p>\n\n\n\n<p>Como conclusi\u00f3n del informe, Save the Children insta a los Estados a respetar el derecho internacional humanitario, garantizar el acceso seguro a la ayuda , aumentar los fondos destinados a la ni\u00f1ez en situaciones de emergencia, y aprobar e implementar tratados y declaraciones clave que protejan a los menores y la educaci\u00f3n en zonas de guerra.<\/p>\n\n\n\n<p>&nbsp;&nbsp;&nbsp;&nbsp;&nbsp;&nbsp;&nbsp;&nbsp; \u00a1Hasta el pr\u00f3ximo encuentro\u2026!<\/p>\n\n\n\n<p>\u00a0\u00a0\u00a0\u00a0\u00a0\u00a0\u00a0\u00a0\u00a0\u00a0\u00a0\u00a0\u00a0\u00a0\u00a0\u00a0\u00a0\u00a0\u00a0\u00a0\u00a0\u00a0\u00a0\u00a0\u00a0\u00a0\u00a0\u00a0\u00a0\u00a0\u00a0\u00a0\u00a0\u00a0\u00a0\u00a0\u00a0\u00a0\u00a0\u00a0\u00a0\u00a0\u00a0\u00a0\u00a0\u00a0\u00a0\u00a0\u00a0\u00a0\u00a0\u00a0\u00a0\u00a0\u00a0<em><strong>\u00a0 Dr.(c).Washington Daniel Gorosito P\u00e9rez<\/strong><\/em><\/p>\n","protected":false},"excerpt":{"rendered":"ENCUENTRO CON GOROSITO\u2026 Un informe de la Organizaci\u00f3n No Gubernamental (ONG) Save the Children nos da a conocer que el pasado a\u00f1o 2024, se registr\u00f3 un n\u00famero record global de 520 millones de ni\u00f1os viviendo en \u00e1reas de conflicto b\u00e9lico activo. El n\u00famero de 520 millones de ni\u00f1os, viviendo en zonas de guerra en alguna [&hellip;]","protected":false},"author":2,"featured_media":193186,"comment_status":"open","ping_status":"open","sticky":false,"template":"","format":"standard","meta":{"_seopress_robots_primary_cat":"none","_seopress_titles_title":"","_seopress_titles_desc":"","_seopress_robots_index":"","_monsterinsights_skip_tracking":false,"_monsterinsights_sitenote_active":false,"_monsterinsights_sitenote_note":"","_monsterinsights_sitenote_category":0,"footnotes":""},"categories":[3],"tags":[],"class_list":["post-193183","post","type-post","status-publish","format-standard","has-post-thumbnail","hentry","category-politica"],"yoast_head":"<!-- This site is optimized with the Yoast SEO plugin v27.4 - https:\/\/yoast.com\/product\/yoast-seo-wordpress\/ -->\n<title>1 DE CADA 4 NI\u00d1OS DEL MUNDO HABITA EN ZONAS DE GUERRA - Kuali<\/title>\n<meta name=\"robots\" content=\"index, follow, max-snippet:-1, max-image-preview:large, max-video-preview:-1\" \/>\n<link rel=\"canonical\" href=\"https:\/\/kuali.com.mx\/web\/2025\/12\/26\/1-de-cada-4-ninos-del-mundo-habita-en-zonas-de-guerra\/\" \/>\n<meta property=\"og:locale\" content=\"es_MX\" \/>\n<meta property=\"og:type\" content=\"article\" \/>\n<meta property=\"og:title\" content=\"1 DE CADA 4 NI\u00d1OS DEL MUNDO HABITA EN ZONAS DE GUERRA - Kuali\" \/>\n<meta property=\"og:description\" content=\"ENCUENTRO CON GOROSITO\u2026 Un informe de la Organizaci\u00f3n No Gubernamental (ONG) Save the Children nos da a conocer que el pasado a\u00f1o 2024, se registr\u00f3 un n\u00famero record global de 520 millones de ni\u00f1os viviendo en \u00e1reas de conflicto b\u00e9lico activo. El n\u00famero de 520 millones de ni\u00f1os, viviendo en zonas de guerra en alguna [&hellip;]\" \/>\n<meta property=\"og:url\" content=\"https:\/\/kuali.com.mx\/web\/2025\/12\/26\/1-de-cada-4-ninos-del-mundo-habita-en-zonas-de-guerra\/\" \/>\n<meta property=\"og:site_name\" content=\"Kuali\" \/>\n<meta property=\"article:publisher\" content=\"https:\/\/kuali.com.mx\/web\/wp-content\/uploads\/2018\/04\/cropped-kuali_logo-1-1.png\" \/>\n<meta property=\"article:published_time\" content=\"2025-12-26T09:20:32+00:00\" \/>\n<meta property=\"article:modified_time\" content=\"2025-12-27T15:03:03+00:00\" \/>\n<meta property=\"og:image\" content=\"https:\/\/kuali.com.mx\/web\/wp-content\/uploads\/2025\/12\/ninos.png\" \/>\n\t<meta property=\"og:image:width\" content=\"1750\" \/>\n\t<meta property=\"og:image:height\" content=\"764\" \/>\n\t<meta property=\"og:image:type\" content=\"image\/png\" \/>\n<meta name=\"author\" content=\"Kuali Staff\" \/>\n<meta name=\"twitter:card\" content=\"summary_large_image\" \/>\n<meta name=\"twitter:creator\" content=\"@kuali_noticias\" \/>\n<meta name=\"twitter:site\" content=\"@kuali_noticias\" \/>\n<meta name=\"twitter:label1\" content=\"Escrito por\" \/>\n\t<meta name=\"twitter:data1\" content=\"Kuali Staff\" \/>\n\t<meta name=\"twitter:label2\" content=\"Tiempo de lectura\" \/>\n\t<meta name=\"twitter:data2\" content=\"4 minutos\" \/>\n<script type=\"application\/ld+json\" class=\"yoast-schema-graph\">{\"@context\":\"https:\\\/\\\/schema.org\",\"@graph\":[{\"@type\":\"Article\",\"@id\":\"https:\\\/\\\/kuali.com.mx\\\/web\\\/2025\\\/12\\\/26\\\/1-de-cada-4-ninos-del-mundo-habita-en-zonas-de-guerra\\\/#article\",\"isPartOf\":{\"@id\":\"https:\\\/\\\/kuali.com.mx\\\/web\\\/2025\\\/12\\\/26\\\/1-de-cada-4-ninos-del-mundo-habita-en-zonas-de-guerra\\\/\"},\"author\":{\"name\":\"Kuali Staff\",\"@id\":\"https:\\\/\\\/kuali.com.mx\\\/web\\\/#\\\/schema\\\/person\\\/6f89ffa8ecba9dae50662357923c5289\"},\"headline\":\"1 DE CADA 4 NI\u00d1OS DEL MUNDO HABITA EN ZONAS DE GUERRA\",\"datePublished\":\"2025-12-26T09:20:32+00:00\",\"dateModified\":\"2025-12-27T15:03:03+00:00\",\"mainEntityOfPage\":{\"@id\":\"https:\\\/\\\/kuali.com.mx\\\/web\\\/2025\\\/12\\\/26\\\/1-de-cada-4-ninos-del-mundo-habita-en-zonas-de-guerra\\\/\"},\"wordCount\":779,\"commentCount\":0,\"image\":{\"@id\":\"https:\\\/\\\/kuali.com.mx\\\/web\\\/2025\\\/12\\\/26\\\/1-de-cada-4-ninos-del-mundo-habita-en-zonas-de-guerra\\\/#primaryimage\"},\"thumbnailUrl\":\"https:\\\/\\\/kuali.com.mx\\\/web\\\/wp-content\\\/uploads\\\/2025\\\/12\\\/ninos.png\",\"articleSection\":[\"Pol\u00edtica\"],\"inLanguage\":\"es\",\"potentialAction\":[{\"@type\":\"CommentAction\",\"name\":\"Comment\",\"target\":[\"https:\\\/\\\/kuali.com.mx\\\/web\\\/2025\\\/12\\\/26\\\/1-de-cada-4-ninos-del-mundo-habita-en-zonas-de-guerra\\\/#respond\"]}]},{\"@type\":\"WebPage\",\"@id\":\"https:\\\/\\\/kuali.com.mx\\\/web\\\/2025\\\/12\\\/26\\\/1-de-cada-4-ninos-del-mundo-habita-en-zonas-de-guerra\\\/\",\"url\":\"https:\\\/\\\/kuali.com.mx\\\/web\\\/2025\\\/12\\\/26\\\/1-de-cada-4-ninos-del-mundo-habita-en-zonas-de-guerra\\\/\",\"name\":\"1 DE CADA 4 NI\u00d1OS DEL MUNDO HABITA EN ZONAS DE GUERRA - Kuali\",\"isPartOf\":{\"@id\":\"https:\\\/\\\/kuali.com.mx\\\/web\\\/#website\"},\"primaryImageOfPage\":{\"@id\":\"https:\\\/\\\/kuali.com.mx\\\/web\\\/2025\\\/12\\\/26\\\/1-de-cada-4-ninos-del-mundo-habita-en-zonas-de-guerra\\\/#primaryimage\"},\"image\":{\"@id\":\"https:\\\/\\\/kuali.com.mx\\\/web\\\/2025\\\/12\\\/26\\\/1-de-cada-4-ninos-del-mundo-habita-en-zonas-de-guerra\\\/#primaryimage\"},\"thumbnailUrl\":\"https:\\\/\\\/kuali.com.mx\\\/web\\\/wp-content\\\/uploads\\\/2025\\\/12\\\/ninos.png\",\"datePublished\":\"2025-12-26T09:20:32+00:00\",\"dateModified\":\"2025-12-27T15:03:03+00:00\",\"author\":{\"@id\":\"https:\\\/\\\/kuali.com.mx\\\/web\\\/#\\\/schema\\\/person\\\/6f89ffa8ecba9dae50662357923c5289\"},\"breadcrumb\":{\"@id\":\"https:\\\/\\\/kuali.com.mx\\\/web\\\/2025\\\/12\\\/26\\\/1-de-cada-4-ninos-del-mundo-habita-en-zonas-de-guerra\\\/#breadcrumb\"},\"inLanguage\":\"es\",\"potentialAction\":[{\"@type\":\"ReadAction\",\"target\":[\"https:\\\/\\\/kuali.com.mx\\\/web\\\/2025\\\/12\\\/26\\\/1-de-cada-4-ninos-del-mundo-habita-en-zonas-de-guerra\\\/\"]}]},{\"@type\":\"ImageObject\",\"inLanguage\":\"es\",\"@id\":\"https:\\\/\\\/kuali.com.mx\\\/web\\\/2025\\\/12\\\/26\\\/1-de-cada-4-ninos-del-mundo-habita-en-zonas-de-guerra\\\/#primaryimage\",\"url\":\"https:\\\/\\\/kuali.com.mx\\\/web\\\/wp-content\\\/uploads\\\/2025\\\/12\\\/ninos.png\",\"contentUrl\":\"https:\\\/\\\/kuali.com.mx\\\/web\\\/wp-content\\\/uploads\\\/2025\\\/12\\\/ninos.png\",\"width\":1750,\"height\":764},{\"@type\":\"BreadcrumbList\",\"@id\":\"https:\\\/\\\/kuali.com.mx\\\/web\\\/2025\\\/12\\\/26\\\/1-de-cada-4-ninos-del-mundo-habita-en-zonas-de-guerra\\\/#breadcrumb\",\"itemListElement\":[{\"@type\":\"ListItem\",\"position\":1,\"name\":\"Inicio\",\"item\":\"https:\\\/\\\/kuali.com.mx\\\/web\\\/\"},{\"@type\":\"ListItem\",\"position\":2,\"name\":\"1 DE CADA 4 NI\u00d1OS DEL MUNDO HABITA EN ZONAS DE GUERRA\"}]},{\"@type\":\"WebSite\",\"@id\":\"https:\\\/\\\/kuali.com.mx\\\/web\\\/#website\",\"url\":\"https:\\\/\\\/kuali.com.mx\\\/web\\\/\",\"name\":\"Kuali\",\"description\":\"\",\"potentialAction\":[{\"@type\":\"SearchAction\",\"target\":{\"@type\":\"EntryPoint\",\"urlTemplate\":\"https:\\\/\\\/kuali.com.mx\\\/web\\\/?s={search_term_string}\"},\"query-input\":{\"@type\":\"PropertyValueSpecification\",\"valueRequired\":true,\"valueName\":\"search_term_string\"}}],\"inLanguage\":\"es\"},{\"@type\":\"Person\",\"@id\":\"https:\\\/\\\/kuali.com.mx\\\/web\\\/#\\\/schema\\\/person\\\/6f89ffa8ecba9dae50662357923c5289\",\"name\":\"Kuali Staff\",\"image\":{\"@type\":\"ImageObject\",\"inLanguage\":\"es\",\"@id\":\"https:\\\/\\\/secure.gravatar.com\\\/avatar\\\/f917ad82e5ab71227a733c78b6e60715476f69ee6be59feee4eb5d9920c89e0f?s=96&d=mm&r=g\",\"url\":\"https:\\\/\\\/secure.gravatar.com\\\/avatar\\\/f917ad82e5ab71227a733c78b6e60715476f69ee6be59feee4eb5d9920c89e0f?s=96&d=mm&r=g\",\"contentUrl\":\"https:\\\/\\\/secure.gravatar.com\\\/avatar\\\/f917ad82e5ab71227a733c78b6e60715476f69ee6be59feee4eb5d9920c89e0f?s=96&d=mm&r=g\",\"caption\":\"Kuali Staff\"},\"url\":\"https:\\\/\\\/kuali.com.mx\\\/web\\\/author\\\/lagarto\\\/\"}]}<\/script>\n<!-- \/ Yoast SEO plugin. -->","yoast_head_json":{"title":"1 DE CADA 4 NI\u00d1OS DEL MUNDO HABITA EN ZONAS DE GUERRA - Kuali","robots":{"index":"index","follow":"follow","max-snippet":"max-snippet:-1","max-image-preview":"max-image-preview:large","max-video-preview":"max-video-preview:-1"},"canonical":"https:\/\/kuali.com.mx\/web\/2025\/12\/26\/1-de-cada-4-ninos-del-mundo-habita-en-zonas-de-guerra\/","og_locale":"es_MX","og_type":"article","og_title":"1 DE CADA 4 NI\u00d1OS DEL MUNDO HABITA EN ZONAS DE GUERRA - Kuali","og_description":"ENCUENTRO CON GOROSITO\u2026 Un informe de la Organizaci\u00f3n No Gubernamental (ONG) Save the Children nos da a conocer que el pasado a\u00f1o 2024, se registr\u00f3 un n\u00famero record global de 520 millones de ni\u00f1os viviendo en \u00e1reas de conflicto b\u00e9lico activo. El n\u00famero de 520 millones de ni\u00f1os, viviendo en zonas de guerra en alguna [&hellip;]","og_url":"https:\/\/kuali.com.mx\/web\/2025\/12\/26\/1-de-cada-4-ninos-del-mundo-habita-en-zonas-de-guerra\/","og_site_name":"Kuali","article_publisher":"https:\/\/kuali.com.mx\/web\/wp-content\/uploads\/2018\/04\/cropped-kuali_logo-1-1.png","article_published_time":"2025-12-26T09:20:32+00:00","article_modified_time":"2025-12-27T15:03:03+00:00","og_image":[{"width":1750,"height":764,"url":"https:\/\/kuali.com.mx\/web\/wp-content\/uploads\/2025\/12\/ninos.png","type":"image\/png"}],"author":"Kuali Staff","twitter_card":"summary_large_image","twitter_creator":"@kuali_noticias","twitter_site":"@kuali_noticias","twitter_misc":{"Escrito por":"Kuali Staff","Tiempo de lectura":"4 minutos"},"schema":{"@context":"https:\/\/schema.org","@graph":[{"@type":"Article","@id":"https:\/\/kuali.com.mx\/web\/2025\/12\/26\/1-de-cada-4-ninos-del-mundo-habita-en-zonas-de-guerra\/#article","isPartOf":{"@id":"https:\/\/kuali.com.mx\/web\/2025\/12\/26\/1-de-cada-4-ninos-del-mundo-habita-en-zonas-de-guerra\/"},"author":{"name":"Kuali Staff","@id":"https:\/\/kuali.com.mx\/web\/#\/schema\/person\/6f89ffa8ecba9dae50662357923c5289"},"headline":"1 DE CADA 4 NI\u00d1OS DEL MUNDO HABITA EN ZONAS DE GUERRA","datePublished":"2025-12-26T09:20:32+00:00","dateModified":"2025-12-27T15:03:03+00:00","mainEntityOfPage":{"@id":"https:\/\/kuali.com.mx\/web\/2025\/12\/26\/1-de-cada-4-ninos-del-mundo-habita-en-zonas-de-guerra\/"},"wordCount":779,"commentCount":0,"image":{"@id":"https:\/\/kuali.com.mx\/web\/2025\/12\/26\/1-de-cada-4-ninos-del-mundo-habita-en-zonas-de-guerra\/#primaryimage"},"thumbnailUrl":"https:\/\/kuali.com.mx\/web\/wp-content\/uploads\/2025\/12\/ninos.png","articleSection":["Pol\u00edtica"],"inLanguage":"es","potentialAction":[{"@type":"CommentAction","name":"Comment","target":["https:\/\/kuali.com.mx\/web\/2025\/12\/26\/1-de-cada-4-ninos-del-mundo-habita-en-zonas-de-guerra\/#respond"]}]},{"@type":"WebPage","@id":"https:\/\/kuali.com.mx\/web\/2025\/12\/26\/1-de-cada-4-ninos-del-mundo-habita-en-zonas-de-guerra\/","url":"https:\/\/kuali.com.mx\/web\/2025\/12\/26\/1-de-cada-4-ninos-del-mundo-habita-en-zonas-de-guerra\/","name":"1 DE CADA 4 NI\u00d1OS DEL MUNDO HABITA EN ZONAS DE GUERRA - Kuali","isPartOf":{"@id":"https:\/\/kuali.com.mx\/web\/#website"},"primaryImageOfPage":{"@id":"https:\/\/kuali.com.mx\/web\/2025\/12\/26\/1-de-cada-4-ninos-del-mundo-habita-en-zonas-de-guerra\/#primaryimage"},"image":{"@id":"https:\/\/kuali.com.mx\/web\/2025\/12\/26\/1-de-cada-4-ninos-del-mundo-habita-en-zonas-de-guerra\/#primaryimage"},"thumbnailUrl":"https:\/\/kuali.com.mx\/web\/wp-content\/uploads\/2025\/12\/ninos.png","datePublished":"2025-12-26T09:20:32+00:00","dateModified":"2025-12-27T15:03:03+00:00","author":{"@id":"https:\/\/kuali.com.mx\/web\/#\/schema\/person\/6f89ffa8ecba9dae50662357923c5289"},"breadcrumb":{"@id":"https:\/\/kuali.com.mx\/web\/2025\/12\/26\/1-de-cada-4-ninos-del-mundo-habita-en-zonas-de-guerra\/#breadcrumb"},"inLanguage":"es","potentialAction":[{"@type":"ReadAction","target":["https:\/\/kuali.com.mx\/web\/2025\/12\/26\/1-de-cada-4-ninos-del-mundo-habita-en-zonas-de-guerra\/"]}]},{"@type":"ImageObject","inLanguage":"es","@id":"https:\/\/kuali.com.mx\/web\/2025\/12\/26\/1-de-cada-4-ninos-del-mundo-habita-en-zonas-de-guerra\/#primaryimage","url":"https:\/\/kuali.com.mx\/web\/wp-content\/uploads\/2025\/12\/ninos.png","contentUrl":"https:\/\/kuali.com.mx\/web\/wp-content\/uploads\/2025\/12\/ninos.png","width":1750,"height":764},{"@type":"BreadcrumbList","@id":"https:\/\/kuali.com.mx\/web\/2025\/12\/26\/1-de-cada-4-ninos-del-mundo-habita-en-zonas-de-guerra\/#breadcrumb","itemListElement":[{"@type":"ListItem","position":1,"name":"Inicio","item":"https:\/\/kuali.com.mx\/web\/"},{"@type":"ListItem","position":2,"name":"1 DE CADA 4 NI\u00d1OS DEL MUNDO HABITA EN ZONAS DE GUERRA"}]},{"@type":"WebSite","@id":"https:\/\/kuali.com.mx\/web\/#website","url":"https:\/\/kuali.com.mx\/web\/","name":"Kuali","description":"","potentialAction":[{"@type":"SearchAction","target":{"@type":"EntryPoint","urlTemplate":"https:\/\/kuali.com.mx\/web\/?s={search_term_string}"},"query-input":{"@type":"PropertyValueSpecification","valueRequired":true,"valueName":"search_term_string"}}],"inLanguage":"es"},{"@type":"Person","@id":"https:\/\/kuali.com.mx\/web\/#\/schema\/person\/6f89ffa8ecba9dae50662357923c5289","name":"Kuali Staff","image":{"@type":"ImageObject","inLanguage":"es","@id":"https:\/\/secure.gravatar.com\/avatar\/f917ad82e5ab71227a733c78b6e60715476f69ee6be59feee4eb5d9920c89e0f?s=96&d=mm&r=g","url":"https:\/\/secure.gravatar.com\/avatar\/f917ad82e5ab71227a733c78b6e60715476f69ee6be59feee4eb5d9920c89e0f?s=96&d=mm&r=g","contentUrl":"https:\/\/secure.gravatar.com\/avatar\/f917ad82e5ab71227a733c78b6e60715476f69ee6be59feee4eb5d9920c89e0f?s=96&d=mm&r=g","caption":"Kuali Staff"},"url":"https:\/\/kuali.com.mx\/web\/author\/lagarto\/"}]}},"_links":{"self":[{"href":"https:\/\/kuali.com.mx\/web\/wp-json\/wp\/v2\/posts\/193183","targetHints":{"allow":["GET"]}}],"collection":[{"href":"https:\/\/kuali.com.mx\/web\/wp-json\/wp\/v2\/posts"}],"about":[{"href":"https:\/\/kuali.com.mx\/web\/wp-json\/wp\/v2\/types\/post"}],"author":[{"embeddable":true,"href":"https:\/\/kuali.com.mx\/web\/wp-json\/wp\/v2\/users\/2"}],"replies":[{"embeddable":true,"href":"https:\/\/kuali.com.mx\/web\/wp-json\/wp\/v2\/comments?post=193183"}],"version-history":[{"count":1,"href":"https:\/\/kuali.com.mx\/web\/wp-json\/wp\/v2\/posts\/193183\/revisions"}],"predecessor-version":[{"id":193190,"href":"https:\/\/kuali.com.mx\/web\/wp-json\/wp\/v2\/posts\/193183\/revisions\/193190"}],"wp:featuredmedia":[{"embeddable":true,"href":"https:\/\/kuali.com.mx\/web\/wp-json\/wp\/v2\/media\/193186"}],"wp:attachment":[{"href":"https:\/\/kuali.com.mx\/web\/wp-json\/wp\/v2\/media?parent=193183"}],"wp:term":[{"taxonomy":"category","embeddable":true,"href":"https:\/\/kuali.com.mx\/web\/wp-json\/wp\/v2\/categories?post=193183"},{"taxonomy":"post_tag","embeddable":true,"href":"https:\/\/kuali.com.mx\/web\/wp-json\/wp\/v2\/tags?post=193183"}],"curies":[{"name":"wp","href":"https:\/\/api.w.org\/{rel}","templated":true}]}}