{"id":192986,"date":"2025-12-23T23:46:14","date_gmt":"2025-12-24T05:46:14","guid":{"rendered":"https:\/\/kuali.com.mx\/web\/?p=192986"},"modified":"2025-12-23T23:46:31","modified_gmt":"2025-12-24T05:46:31","slug":"papa-leon-xiv-venezuela-oriente-medio-paz-e-iglesia-alemana","status":"publish","type":"post","link":"https:\/\/kuali.com.mx\/web\/2025\/12\/23\/papa-leon-xiv-venezuela-oriente-medio-paz-e-iglesia-alemana\/","title":{"rendered":"PAPA LE\u00d3N XIV: \u201cVENEZUELA, ORIENTE MEDIO, PAZ, E IGLESIA ALEMANA\u201d"},"content":{"rendered":"\n<p><em><strong>ENCUENTRO CON GOROSITO\u2026<\/strong><\/em><\/p>\n\n\n\n<p>El Pont\u00edfice realiz\u00f3 una rueda de prensa a bordo del avi\u00f3n en su regreso a Roma, tras su viaje a T\u00fcrkiye y L\u00edbano. En la misma expres\u00f3 su preocupaci\u00f3n ante el riesgo de una posible invasi\u00f3n a la Rep\u00fablica Bolivariana de Venezuela, por parte de Estados Unidos de Am\u00e9rica.<\/p>\n\n\n\n<p>Su Santidad, asegur\u00f3 que est\u00e1 siguiendo muy de cerca los acontecimientos, en su comunicaci\u00f3n con los obispos venezolanos y el nuncio apost\u00f3lico en Caracas. Constat\u00f3 que las versiones provenientes de Estados Unidos sobre la situaci\u00f3n son cambiantes.<\/p>\n\n\n\n<p>En ese sentido el Papa Le\u00f3n XIV, mencion\u00f3 la posible conversaci\u00f3n telef\u00f3nica entre los \u201cdos presidentes Trump y Maduro\u201d. Sin embargo, alert\u00f3 sobre la existencia de \u201cese peligro esa posibilidad de que haya alguna operaci\u00f3n, alguna actividad incluso invadiendo territorio de Venezuela\u201d.<\/p>\n\n\n\n<p>Por otra parte, el Papa revel\u00f3 su deseo que su pr\u00f3ximo viaje pastoral sea a \u00c1frica. Aunque aclar\u00f3 que \u201cno hay nada seguro\u201d, manifest\u00f3 su inter\u00e9s particular en visitar Argelia para honrar los lugares donde vivi\u00f3 San Agust\u00edn de Hipona, y as\u00ed \u201ccontinuar el di\u00e1logo y tender puentes entre el mundo cristiano y el mundo musulm\u00e1n\u201d.<\/p>\n\n\n\n<p>Adem\u00e1s, el Santo Padre mencion\u00f3 a la prensa que se consideran otros destinos de Am\u00e9rica Latina para 2026 y 2027, &nbsp;incluyendo un posible viaje a Argentina y Uruguay, que est\u00e1n esperando su visita, y a Per\u00fa donde \u201ccreo que me recibir\u00e1n tambi\u00e9n\u201d, afirm\u00f3 el Papa Le\u00f3n XIV.<\/p>\n\n\n\n<p>Lo anterior fue teniendo en cuenta que hasta su nombramiento (por el Papa Francisco),&nbsp; como Prefecto del Dicasterio para los Obispos en el a\u00f1o 2023, Monse\u00f1or Robert Prevost hab\u00eda servido como administrador apost\u00f3lico&nbsp; y obispo de Chiclayo en Per\u00fa, desde el a\u00f1o 2014.<\/p>\n\n\n\n<p>Le\u00f3n XIV en la rueda de prensa, abord\u00f3 diversos temas internacionales y eclesi\u00e1sticos. El Pont\u00edfice destac\u00f3 la \u201cnecesidad de detener la violencia en el \u00e1mbito global\u201d, asegurando que ha mantenido conversaciones telef\u00f3nicas con Donald Trump, y el primer ministro israel\u00ed Benjam\u00edn Netanyahu, sobre la b\u00fasqueda de soluciones en Oriente Medio.<\/p>\n\n\n\n<p>Sobre la violencia en Oriente Medio, Su Santidad revel\u00f3 que ha sostenido reuniones personales con representantes de grupos no identificados, involucrados en conflictos regionales, para intentar convencerlos que \u201cdepongan las armas y la violencia y se sienten a la mesa de di\u00e1logo\u201d. \u201cNuestro trabajo no es algo que anunciemos p\u00fablicamente \u201c, afirm\u00f3 el Papa Le\u00f3n XIV, al ser consultado sobre el grupo Hezbol\u00e1.<\/p>\n\n\n\n<p>El Pont\u00edfice tambi\u00e9n abord\u00f3 el tema de las preocupaciones que genera el Islam en Europa, atribuyendo este miedo a menudo a personas que est\u00e1n en \u201ccontra de la inmigraci\u00f3n\u201d.<\/p>\n\n\n\n<p>En contraste resalt\u00f3 que Oriente Medio, particularmente el L\u00edbano, ofrece un modelo alternativo al mostrar una tierra donde \u201cel Islam y el Cristianismo est\u00e1n presentes y son respetados, y donde existe la posibilidad de convivir\u201d.<\/p>\n\n\n\n<p>Sobre la situaci\u00f3n interna de la Iglesia. Le\u00f3n XIV expres\u00f3 la preocupaci\u00f3n de muchos cat\u00f3licos alemanes por el hecho que \u201cciertos caminos del aspecto sinodal\u2026no representan su propia esperanza para la Iglesia\u201d.<\/p>\n\n\n\n<p>Subray\u00f3 la necesidad de \u201cdi\u00e1logo y la escucha\u201d para evitar que la voz de los m\u00e1s poderosos silencie a los dem\u00e1s, al tiempo que expres\u00f3 su esperanza que las reuniones entre los obispos alemanes y la Curia Romana logren \u201cgarantizar que el camino sinodal alem\u00e1n no se aleje\u2026del camino de la Iglesia universal\u201d, afirm\u00f3 el Papa Le\u00f3n XIV en la rueda de prensa.<\/p>\n\n\n\n<p>Finalmente el Pont\u00edfice comparti\u00f3 sus sentimientos al ser elegido sucesor de Pedro en el c\u00f3nclave de los Cardenales tras la muerte del Papa Francisco, recordando que en alg\u00fan momento hab\u00eda pensado jubilarse.<\/p>\n\n\n\n<p>Cuando se confirm\u00f3 el resultado del c\u00f3nclave, \u201cRespir\u00e9 hondo. Dije: aqu\u00ed vamos, Se\u00f1or, t\u00fa est\u00e1s al mando\u201d.<\/p>\n\n\n\n<p>Ya culminando este art\u00edculo y el presente a\u00f1o, quiero agradecer a nuestros amigos lectores la predilecci\u00f3n Kuali.com.mx, y el generoso apoyo que todos los lunes le brindan a esta columna con su lectura.<\/p>\n\n\n\n<p>Les deseo a cada uno de ustedes y sus familias, una hermosa noche buena y muy \u00a1\u00a1\u00a1Feliz Navidad!!!. Y como dijo el Papa Le\u00f3n XIV: \u201cSe\u00f1or, t\u00fa est\u00e1s al mando\u201d.<\/p>\n\n\n\n<p>&nbsp;&nbsp;&nbsp;&nbsp;&nbsp;&nbsp;&nbsp;&nbsp;&nbsp; \u00a1Hasta el pr\u00f3ximo encuentro\u2026!<\/p>\n\n\n\n<p>\u00a0\u00a0\u00a0\u00a0\u00a0\u00a0\u00a0\u00a0\u00a0\u00a0\u00a0\u00a0\u00a0\u00a0\u00a0\u00a0\u00a0\u00a0\u00a0\u00a0\u00a0\u00a0\u00a0\u00a0\u00a0\u00a0\u00a0\u00a0\u00a0\u00a0\u00a0\u00a0\u00a0\u00a0\u00a0\u00a0\u00a0\u00a0\u00a0\u00a0\u00a0\u00a0\u00a0\u00a0\u00a0\u00a0\u00a0\u00a0\u00a0\u00a0\u00a0\u00a0\u00a0\u00a0\u00a0<em><strong>\u00a0\u00a0\u00a0 Dr.(c).Washington Daniel Gorosito P\u00e9rez<\/strong><\/em><\/p>\n","protected":false},"excerpt":{"rendered":"ENCUENTRO CON GOROSITO\u2026 El Pont\u00edfice realiz\u00f3 una rueda de prensa a bordo del avi\u00f3n en su regreso a Roma, tras su viaje a T\u00fcrkiye y L\u00edbano. En la misma expres\u00f3 su preocupaci\u00f3n ante el riesgo de una posible invasi\u00f3n a la Rep\u00fablica Bolivariana de Venezuela, por parte de Estados Unidos de Am\u00e9rica. Su Santidad, asegur\u00f3 [&hellip;]","protected":false},"author":2,"featured_media":192989,"comment_status":"open","ping_status":"open","sticky":false,"template":"","format":"standard","meta":{"_seopress_robots_primary_cat":"none","_seopress_titles_title":"","_seopress_titles_desc":"","_seopress_robots_index":"","_monsterinsights_skip_tracking":false,"_monsterinsights_sitenote_active":false,"_monsterinsights_sitenote_note":"","_monsterinsights_sitenote_category":0,"footnotes":""},"categories":[3],"tags":[],"class_list":["post-192986","post","type-post","status-publish","format-standard","has-post-thumbnail","hentry","category-politica"],"yoast_head":"<!-- This site is optimized with the Yoast SEO plugin v27.4 - https:\/\/yoast.com\/product\/yoast-seo-wordpress\/ -->\n<title>PAPA LE\u00d3N XIV: \u201cVENEZUELA, ORIENTE MEDIO, PAZ, E IGLESIA ALEMANA\u201d - Kuali<\/title>\n<meta name=\"robots\" content=\"index, follow, max-snippet:-1, max-image-preview:large, max-video-preview:-1\" \/>\n<link rel=\"canonical\" href=\"https:\/\/kuali.com.mx\/web\/2025\/12\/23\/papa-leon-xiv-venezuela-oriente-medio-paz-e-iglesia-alemana\/\" \/>\n<meta property=\"og:locale\" content=\"es_MX\" \/>\n<meta property=\"og:type\" content=\"article\" \/>\n<meta property=\"og:title\" content=\"PAPA LE\u00d3N XIV: \u201cVENEZUELA, ORIENTE MEDIO, PAZ, E IGLESIA ALEMANA\u201d - Kuali\" \/>\n<meta property=\"og:description\" content=\"ENCUENTRO CON GOROSITO\u2026 El Pont\u00edfice realiz\u00f3 una rueda de prensa a bordo del avi\u00f3n en su regreso a Roma, tras su viaje a T\u00fcrkiye y L\u00edbano. En la misma expres\u00f3 su preocupaci\u00f3n ante el riesgo de una posible invasi\u00f3n a la Rep\u00fablica Bolivariana de Venezuela, por parte de Estados Unidos de Am\u00e9rica. Su Santidad, asegur\u00f3 [&hellip;]\" \/>\n<meta property=\"og:url\" content=\"https:\/\/kuali.com.mx\/web\/2025\/12\/23\/papa-leon-xiv-venezuela-oriente-medio-paz-e-iglesia-alemana\/\" \/>\n<meta property=\"og:site_name\" content=\"Kuali\" \/>\n<meta property=\"article:publisher\" content=\"https:\/\/kuali.com.mx\/web\/wp-content\/uploads\/2018\/04\/cropped-kuali_logo-1-1.png\" \/>\n<meta property=\"article:published_time\" content=\"2025-12-24T05:46:14+00:00\" \/>\n<meta property=\"article:modified_time\" content=\"2025-12-24T05:46:31+00:00\" \/>\n<meta property=\"og:image\" content=\"https:\/\/kuali.com.mx\/web\/wp-content\/uploads\/2025\/12\/papa-leon.png\" \/>\n\t<meta property=\"og:image:width\" content=\"1750\" \/>\n\t<meta property=\"og:image:height\" content=\"832\" \/>\n\t<meta property=\"og:image:type\" content=\"image\/png\" \/>\n<meta name=\"author\" content=\"Kuali Staff\" \/>\n<meta name=\"twitter:card\" content=\"summary_large_image\" \/>\n<meta name=\"twitter:creator\" content=\"@kuali_noticias\" \/>\n<meta name=\"twitter:site\" content=\"@kuali_noticias\" \/>\n<meta name=\"twitter:label1\" content=\"Escrito por\" \/>\n\t<meta name=\"twitter:data1\" content=\"Kuali Staff\" \/>\n\t<meta name=\"twitter:label2\" content=\"Tiempo de lectura\" \/>\n\t<meta name=\"twitter:data2\" content=\"4 minutos\" \/>\n<script type=\"application\/ld+json\" class=\"yoast-schema-graph\">{\"@context\":\"https:\\\/\\\/schema.org\",\"@graph\":[{\"@type\":\"Article\",\"@id\":\"https:\\\/\\\/kuali.com.mx\\\/web\\\/2025\\\/12\\\/23\\\/papa-leon-xiv-venezuela-oriente-medio-paz-e-iglesia-alemana\\\/#article\",\"isPartOf\":{\"@id\":\"https:\\\/\\\/kuali.com.mx\\\/web\\\/2025\\\/12\\\/23\\\/papa-leon-xiv-venezuela-oriente-medio-paz-e-iglesia-alemana\\\/\"},\"author\":{\"name\":\"Kuali Staff\",\"@id\":\"https:\\\/\\\/kuali.com.mx\\\/web\\\/#\\\/schema\\\/person\\\/6f89ffa8ecba9dae50662357923c5289\"},\"headline\":\"PAPA LE\u00d3N XIV: \u201cVENEZUELA, ORIENTE MEDIO, PAZ, E IGLESIA ALEMANA\u201d\",\"datePublished\":\"2025-12-24T05:46:14+00:00\",\"dateModified\":\"2025-12-24T05:46:31+00:00\",\"mainEntityOfPage\":{\"@id\":\"https:\\\/\\\/kuali.com.mx\\\/web\\\/2025\\\/12\\\/23\\\/papa-leon-xiv-venezuela-oriente-medio-paz-e-iglesia-alemana\\\/\"},\"wordCount\":763,\"commentCount\":0,\"image\":{\"@id\":\"https:\\\/\\\/kuali.com.mx\\\/web\\\/2025\\\/12\\\/23\\\/papa-leon-xiv-venezuela-oriente-medio-paz-e-iglesia-alemana\\\/#primaryimage\"},\"thumbnailUrl\":\"https:\\\/\\\/kuali.com.mx\\\/web\\\/wp-content\\\/uploads\\\/2025\\\/12\\\/papa-leon.png\",\"articleSection\":[\"Pol\u00edtica\"],\"inLanguage\":\"es\",\"potentialAction\":[{\"@type\":\"CommentAction\",\"name\":\"Comment\",\"target\":[\"https:\\\/\\\/kuali.com.mx\\\/web\\\/2025\\\/12\\\/23\\\/papa-leon-xiv-venezuela-oriente-medio-paz-e-iglesia-alemana\\\/#respond\"]}]},{\"@type\":\"WebPage\",\"@id\":\"https:\\\/\\\/kuali.com.mx\\\/web\\\/2025\\\/12\\\/23\\\/papa-leon-xiv-venezuela-oriente-medio-paz-e-iglesia-alemana\\\/\",\"url\":\"https:\\\/\\\/kuali.com.mx\\\/web\\\/2025\\\/12\\\/23\\\/papa-leon-xiv-venezuela-oriente-medio-paz-e-iglesia-alemana\\\/\",\"name\":\"PAPA LE\u00d3N XIV: \u201cVENEZUELA, ORIENTE MEDIO, PAZ, E IGLESIA ALEMANA\u201d - Kuali\",\"isPartOf\":{\"@id\":\"https:\\\/\\\/kuali.com.mx\\\/web\\\/#website\"},\"primaryImageOfPage\":{\"@id\":\"https:\\\/\\\/kuali.com.mx\\\/web\\\/2025\\\/12\\\/23\\\/papa-leon-xiv-venezuela-oriente-medio-paz-e-iglesia-alemana\\\/#primaryimage\"},\"image\":{\"@id\":\"https:\\\/\\\/kuali.com.mx\\\/web\\\/2025\\\/12\\\/23\\\/papa-leon-xiv-venezuela-oriente-medio-paz-e-iglesia-alemana\\\/#primaryimage\"},\"thumbnailUrl\":\"https:\\\/\\\/kuali.com.mx\\\/web\\\/wp-content\\\/uploads\\\/2025\\\/12\\\/papa-leon.png\",\"datePublished\":\"2025-12-24T05:46:14+00:00\",\"dateModified\":\"2025-12-24T05:46:31+00:00\",\"author\":{\"@id\":\"https:\\\/\\\/kuali.com.mx\\\/web\\\/#\\\/schema\\\/person\\\/6f89ffa8ecba9dae50662357923c5289\"},\"breadcrumb\":{\"@id\":\"https:\\\/\\\/kuali.com.mx\\\/web\\\/2025\\\/12\\\/23\\\/papa-leon-xiv-venezuela-oriente-medio-paz-e-iglesia-alemana\\\/#breadcrumb\"},\"inLanguage\":\"es\",\"potentialAction\":[{\"@type\":\"ReadAction\",\"target\":[\"https:\\\/\\\/kuali.com.mx\\\/web\\\/2025\\\/12\\\/23\\\/papa-leon-xiv-venezuela-oriente-medio-paz-e-iglesia-alemana\\\/\"]}]},{\"@type\":\"ImageObject\",\"inLanguage\":\"es\",\"@id\":\"https:\\\/\\\/kuali.com.mx\\\/web\\\/2025\\\/12\\\/23\\\/papa-leon-xiv-venezuela-oriente-medio-paz-e-iglesia-alemana\\\/#primaryimage\",\"url\":\"https:\\\/\\\/kuali.com.mx\\\/web\\\/wp-content\\\/uploads\\\/2025\\\/12\\\/papa-leon.png\",\"contentUrl\":\"https:\\\/\\\/kuali.com.mx\\\/web\\\/wp-content\\\/uploads\\\/2025\\\/12\\\/papa-leon.png\",\"width\":1750,\"height\":832},{\"@type\":\"BreadcrumbList\",\"@id\":\"https:\\\/\\\/kuali.com.mx\\\/web\\\/2025\\\/12\\\/23\\\/papa-leon-xiv-venezuela-oriente-medio-paz-e-iglesia-alemana\\\/#breadcrumb\",\"itemListElement\":[{\"@type\":\"ListItem\",\"position\":1,\"name\":\"Inicio\",\"item\":\"https:\\\/\\\/kuali.com.mx\\\/web\\\/\"},{\"@type\":\"ListItem\",\"position\":2,\"name\":\"PAPA LE\u00d3N XIV: \u201cVENEZUELA, ORIENTE MEDIO, PAZ, E IGLESIA ALEMANA\u201d\"}]},{\"@type\":\"WebSite\",\"@id\":\"https:\\\/\\\/kuali.com.mx\\\/web\\\/#website\",\"url\":\"https:\\\/\\\/kuali.com.mx\\\/web\\\/\",\"name\":\"Kuali\",\"description\":\"\",\"potentialAction\":[{\"@type\":\"SearchAction\",\"target\":{\"@type\":\"EntryPoint\",\"urlTemplate\":\"https:\\\/\\\/kuali.com.mx\\\/web\\\/?s={search_term_string}\"},\"query-input\":{\"@type\":\"PropertyValueSpecification\",\"valueRequired\":true,\"valueName\":\"search_term_string\"}}],\"inLanguage\":\"es\"},{\"@type\":\"Person\",\"@id\":\"https:\\\/\\\/kuali.com.mx\\\/web\\\/#\\\/schema\\\/person\\\/6f89ffa8ecba9dae50662357923c5289\",\"name\":\"Kuali Staff\",\"image\":{\"@type\":\"ImageObject\",\"inLanguage\":\"es\",\"@id\":\"https:\\\/\\\/secure.gravatar.com\\\/avatar\\\/f917ad82e5ab71227a733c78b6e60715476f69ee6be59feee4eb5d9920c89e0f?s=96&d=mm&r=g\",\"url\":\"https:\\\/\\\/secure.gravatar.com\\\/avatar\\\/f917ad82e5ab71227a733c78b6e60715476f69ee6be59feee4eb5d9920c89e0f?s=96&d=mm&r=g\",\"contentUrl\":\"https:\\\/\\\/secure.gravatar.com\\\/avatar\\\/f917ad82e5ab71227a733c78b6e60715476f69ee6be59feee4eb5d9920c89e0f?s=96&d=mm&r=g\",\"caption\":\"Kuali Staff\"},\"url\":\"https:\\\/\\\/kuali.com.mx\\\/web\\\/author\\\/lagarto\\\/\"}]}<\/script>\n<!-- \/ Yoast SEO plugin. -->","yoast_head_json":{"title":"PAPA LE\u00d3N XIV: \u201cVENEZUELA, ORIENTE MEDIO, PAZ, E IGLESIA ALEMANA\u201d - Kuali","robots":{"index":"index","follow":"follow","max-snippet":"max-snippet:-1","max-image-preview":"max-image-preview:large","max-video-preview":"max-video-preview:-1"},"canonical":"https:\/\/kuali.com.mx\/web\/2025\/12\/23\/papa-leon-xiv-venezuela-oriente-medio-paz-e-iglesia-alemana\/","og_locale":"es_MX","og_type":"article","og_title":"PAPA LE\u00d3N XIV: \u201cVENEZUELA, ORIENTE MEDIO, PAZ, E IGLESIA ALEMANA\u201d - Kuali","og_description":"ENCUENTRO CON GOROSITO\u2026 El Pont\u00edfice realiz\u00f3 una rueda de prensa a bordo del avi\u00f3n en su regreso a Roma, tras su viaje a T\u00fcrkiye y L\u00edbano. En la misma expres\u00f3 su preocupaci\u00f3n ante el riesgo de una posible invasi\u00f3n a la Rep\u00fablica Bolivariana de Venezuela, por parte de Estados Unidos de Am\u00e9rica. Su Santidad, asegur\u00f3 [&hellip;]","og_url":"https:\/\/kuali.com.mx\/web\/2025\/12\/23\/papa-leon-xiv-venezuela-oriente-medio-paz-e-iglesia-alemana\/","og_site_name":"Kuali","article_publisher":"https:\/\/kuali.com.mx\/web\/wp-content\/uploads\/2018\/04\/cropped-kuali_logo-1-1.png","article_published_time":"2025-12-24T05:46:14+00:00","article_modified_time":"2025-12-24T05:46:31+00:00","og_image":[{"width":1750,"height":832,"url":"https:\/\/kuali.com.mx\/web\/wp-content\/uploads\/2025\/12\/papa-leon.png","type":"image\/png"}],"author":"Kuali Staff","twitter_card":"summary_large_image","twitter_creator":"@kuali_noticias","twitter_site":"@kuali_noticias","twitter_misc":{"Escrito por":"Kuali Staff","Tiempo de lectura":"4 minutos"},"schema":{"@context":"https:\/\/schema.org","@graph":[{"@type":"Article","@id":"https:\/\/kuali.com.mx\/web\/2025\/12\/23\/papa-leon-xiv-venezuela-oriente-medio-paz-e-iglesia-alemana\/#article","isPartOf":{"@id":"https:\/\/kuali.com.mx\/web\/2025\/12\/23\/papa-leon-xiv-venezuela-oriente-medio-paz-e-iglesia-alemana\/"},"author":{"name":"Kuali Staff","@id":"https:\/\/kuali.com.mx\/web\/#\/schema\/person\/6f89ffa8ecba9dae50662357923c5289"},"headline":"PAPA LE\u00d3N XIV: \u201cVENEZUELA, ORIENTE MEDIO, PAZ, E IGLESIA ALEMANA\u201d","datePublished":"2025-12-24T05:46:14+00:00","dateModified":"2025-12-24T05:46:31+00:00","mainEntityOfPage":{"@id":"https:\/\/kuali.com.mx\/web\/2025\/12\/23\/papa-leon-xiv-venezuela-oriente-medio-paz-e-iglesia-alemana\/"},"wordCount":763,"commentCount":0,"image":{"@id":"https:\/\/kuali.com.mx\/web\/2025\/12\/23\/papa-leon-xiv-venezuela-oriente-medio-paz-e-iglesia-alemana\/#primaryimage"},"thumbnailUrl":"https:\/\/kuali.com.mx\/web\/wp-content\/uploads\/2025\/12\/papa-leon.png","articleSection":["Pol\u00edtica"],"inLanguage":"es","potentialAction":[{"@type":"CommentAction","name":"Comment","target":["https:\/\/kuali.com.mx\/web\/2025\/12\/23\/papa-leon-xiv-venezuela-oriente-medio-paz-e-iglesia-alemana\/#respond"]}]},{"@type":"WebPage","@id":"https:\/\/kuali.com.mx\/web\/2025\/12\/23\/papa-leon-xiv-venezuela-oriente-medio-paz-e-iglesia-alemana\/","url":"https:\/\/kuali.com.mx\/web\/2025\/12\/23\/papa-leon-xiv-venezuela-oriente-medio-paz-e-iglesia-alemana\/","name":"PAPA LE\u00d3N XIV: \u201cVENEZUELA, ORIENTE MEDIO, PAZ, E IGLESIA ALEMANA\u201d - Kuali","isPartOf":{"@id":"https:\/\/kuali.com.mx\/web\/#website"},"primaryImageOfPage":{"@id":"https:\/\/kuali.com.mx\/web\/2025\/12\/23\/papa-leon-xiv-venezuela-oriente-medio-paz-e-iglesia-alemana\/#primaryimage"},"image":{"@id":"https:\/\/kuali.com.mx\/web\/2025\/12\/23\/papa-leon-xiv-venezuela-oriente-medio-paz-e-iglesia-alemana\/#primaryimage"},"thumbnailUrl":"https:\/\/kuali.com.mx\/web\/wp-content\/uploads\/2025\/12\/papa-leon.png","datePublished":"2025-12-24T05:46:14+00:00","dateModified":"2025-12-24T05:46:31+00:00","author":{"@id":"https:\/\/kuali.com.mx\/web\/#\/schema\/person\/6f89ffa8ecba9dae50662357923c5289"},"breadcrumb":{"@id":"https:\/\/kuali.com.mx\/web\/2025\/12\/23\/papa-leon-xiv-venezuela-oriente-medio-paz-e-iglesia-alemana\/#breadcrumb"},"inLanguage":"es","potentialAction":[{"@type":"ReadAction","target":["https:\/\/kuali.com.mx\/web\/2025\/12\/23\/papa-leon-xiv-venezuela-oriente-medio-paz-e-iglesia-alemana\/"]}]},{"@type":"ImageObject","inLanguage":"es","@id":"https:\/\/kuali.com.mx\/web\/2025\/12\/23\/papa-leon-xiv-venezuela-oriente-medio-paz-e-iglesia-alemana\/#primaryimage","url":"https:\/\/kuali.com.mx\/web\/wp-content\/uploads\/2025\/12\/papa-leon.png","contentUrl":"https:\/\/kuali.com.mx\/web\/wp-content\/uploads\/2025\/12\/papa-leon.png","width":1750,"height":832},{"@type":"BreadcrumbList","@id":"https:\/\/kuali.com.mx\/web\/2025\/12\/23\/papa-leon-xiv-venezuela-oriente-medio-paz-e-iglesia-alemana\/#breadcrumb","itemListElement":[{"@type":"ListItem","position":1,"name":"Inicio","item":"https:\/\/kuali.com.mx\/web\/"},{"@type":"ListItem","position":2,"name":"PAPA LE\u00d3N XIV: \u201cVENEZUELA, ORIENTE MEDIO, PAZ, E IGLESIA ALEMANA\u201d"}]},{"@type":"WebSite","@id":"https:\/\/kuali.com.mx\/web\/#website","url":"https:\/\/kuali.com.mx\/web\/","name":"Kuali","description":"","potentialAction":[{"@type":"SearchAction","target":{"@type":"EntryPoint","urlTemplate":"https:\/\/kuali.com.mx\/web\/?s={search_term_string}"},"query-input":{"@type":"PropertyValueSpecification","valueRequired":true,"valueName":"search_term_string"}}],"inLanguage":"es"},{"@type":"Person","@id":"https:\/\/kuali.com.mx\/web\/#\/schema\/person\/6f89ffa8ecba9dae50662357923c5289","name":"Kuali Staff","image":{"@type":"ImageObject","inLanguage":"es","@id":"https:\/\/secure.gravatar.com\/avatar\/f917ad82e5ab71227a733c78b6e60715476f69ee6be59feee4eb5d9920c89e0f?s=96&d=mm&r=g","url":"https:\/\/secure.gravatar.com\/avatar\/f917ad82e5ab71227a733c78b6e60715476f69ee6be59feee4eb5d9920c89e0f?s=96&d=mm&r=g","contentUrl":"https:\/\/secure.gravatar.com\/avatar\/f917ad82e5ab71227a733c78b6e60715476f69ee6be59feee4eb5d9920c89e0f?s=96&d=mm&r=g","caption":"Kuali Staff"},"url":"https:\/\/kuali.com.mx\/web\/author\/lagarto\/"}]}},"_links":{"self":[{"href":"https:\/\/kuali.com.mx\/web\/wp-json\/wp\/v2\/posts\/192986","targetHints":{"allow":["GET"]}}],"collection":[{"href":"https:\/\/kuali.com.mx\/web\/wp-json\/wp\/v2\/posts"}],"about":[{"href":"https:\/\/kuali.com.mx\/web\/wp-json\/wp\/v2\/types\/post"}],"author":[{"embeddable":true,"href":"https:\/\/kuali.com.mx\/web\/wp-json\/wp\/v2\/users\/2"}],"replies":[{"embeddable":true,"href":"https:\/\/kuali.com.mx\/web\/wp-json\/wp\/v2\/comments?post=192986"}],"version-history":[{"count":1,"href":"https:\/\/kuali.com.mx\/web\/wp-json\/wp\/v2\/posts\/192986\/revisions"}],"predecessor-version":[{"id":192990,"href":"https:\/\/kuali.com.mx\/web\/wp-json\/wp\/v2\/posts\/192986\/revisions\/192990"}],"wp:featuredmedia":[{"embeddable":true,"href":"https:\/\/kuali.com.mx\/web\/wp-json\/wp\/v2\/media\/192989"}],"wp:attachment":[{"href":"https:\/\/kuali.com.mx\/web\/wp-json\/wp\/v2\/media?parent=192986"}],"wp:term":[{"taxonomy":"category","embeddable":true,"href":"https:\/\/kuali.com.mx\/web\/wp-json\/wp\/v2\/categories?post=192986"},{"taxonomy":"post_tag","embeddable":true,"href":"https:\/\/kuali.com.mx\/web\/wp-json\/wp\/v2\/tags?post=192986"}],"curies":[{"name":"wp","href":"https:\/\/api.w.org\/{rel}","templated":true}]}}