{"id":192954,"date":"2025-12-23T22:29:52","date_gmt":"2025-12-24T04:29:52","guid":{"rendered":"https:\/\/kuali.com.mx\/web\/?p=192954"},"modified":"2025-12-23T22:29:56","modified_gmt":"2025-12-24T04:29:56","slug":"nueva-variante-de-influenza-afectaria-a-20-de-poblacion","status":"publish","type":"post","link":"https:\/\/kuali.com.mx\/web\/2025\/12\/23\/nueva-variante-de-influenza-afectaria-a-20-de-poblacion\/","title":{"rendered":"NUEVA VARIANTE DE INFLUENZA AFECTAR\u00cdA A 20% DE POBLACI\u00d3N"},"content":{"rendered":"\n<p><strong>Milagros Tadeo\/Le\u00f3n, Gto.-\u00a0<\/strong>El infect\u00f3logo y ex comisionado nacional para el control de la influenza, Alejandro Mac\u00edas Hern\u00e1ndez, advirti\u00f3 que la variante H3N2 subclado K podr\u00eda impactar hasta a un 20 por ciento de la poblaci\u00f3n durante la pr\u00f3xima temporada de influenza.<\/p>\n\n\n\n<p>Aunque reconoci\u00f3 que esta nueva subvariante de influenza no puede considerarse un \u201cregalo de Dios\u201d, el especialista subray\u00f3 que no debe provocar p\u00e1nico entre la poblaci\u00f3n, ya que se encuentra muy lejos de convertirse en una pandemia.<\/p>\n\n\n\n<p>Dijo que lo m\u00e1s que llegar\u00e1 a causar es una estaci\u00f3n intensa de casos de influenza y una mayor demanda de atenci\u00f3n m\u00e9dica en las unidades de salud y cierta saturaci\u00f3n en algunos hospitales durante los meses de enero y febrero.<\/p>\n\n\n\n<p>\u201cHay que tomar las cosas con ecuanimidad, s\u00ed es una alerta, este virus no es un regalo del cielo, s\u00ed va a causar una estaci\u00f3n intensa. Las estaciones se miden, por ejemplo, en qu\u00e9 porcentaje de la poblaci\u00f3n de enferm\u00f3, verdad, en una epidemia se enferma el 100% de la poblaci\u00f3n en un tiempo muy breve\u201d, indic\u00f3.<\/p>\n\n\n\n<p>Se\u00f1al\u00f3 que ser\u00e1 poco el porcentaje de la poblaci\u00f3n que presentar\u00e1 un cuadro grave que requiera hospitalizaci\u00f3n.<\/p>\n\n\n\n<p>\u201cUna estaci\u00f3n cuando es leve infecta al 5 o 10% de la poblaci\u00f3n, una estaci\u00f3n intensa puede infectar al 20% de la poblaci\u00f3n, y de este porcentaje la mayor\u00eda tendr\u00e1 un cuadro leve, sin embargo, tendremos una cantidad que va a necesitar ox\u00edgeno, atenci\u00f3n de urgencias y un medicamento\u201d, resalt\u00f3.<\/p>\n\n\n\n<p>Alejandro Macias destac\u00f3 que la influenza H3N2 subclado K no es una nueva influenza sino una variante m\u00e1s contagiosa o que se expande con mayor celeridad.<\/p>\n\n\n\n<p>\u201cTe va a dar una influenza como la de siempre, no es como un virus epid\u00e9mico que causa mucho da\u00f1o, este no, este nada m\u00e1s se transmite m\u00e1s celeridad y tiene otras implicaciones, este virus tiene 7 mutaciones y la vacuna se prepar\u00f3 con el virus anterior (\u2026) es decir, s\u00ed protege\u201d, resalt\u00f3.<\/p>\n\n\n\n<p>El infect\u00f3logo guanajuatense dijo que es muy importante que la poblaci\u00f3n se vacune contra la influenza y contin\u00fae con las medidas preventivas como la ventilaci\u00f3n de espacios, el lavado de manos y el uso de cubrebocas en caso de estar enfermo.&nbsp;<\/p>\n","protected":false},"excerpt":{"rendered":"Milagros Tadeo\/Le\u00f3n, Gto.-\u00a0El infect\u00f3logo y ex comisionado nacional para el control de la influenza, Alejandro Mac\u00edas Hern\u00e1ndez, advirti\u00f3 que la variante H3N2 subclado K podr\u00eda impactar hasta a un 20 por ciento de la poblaci\u00f3n durante la pr\u00f3xima temporada de influenza. Aunque reconoci\u00f3 que esta nueva subvariante de influenza no puede considerarse un \u201cregalo de [&hellip;]","protected":false},"author":2,"featured_media":192957,"comment_status":"open","ping_status":"open","sticky":false,"template":"","format":"standard","meta":{"_seopress_robots_primary_cat":"none","_seopress_titles_title":"","_seopress_titles_desc":"","_seopress_robots_index":"","_monsterinsights_skip_tracking":false,"_monsterinsights_sitenote_active":false,"_monsterinsights_sitenote_note":"","_monsterinsights_sitenote_category":0,"footnotes":""},"categories":[7,69],"tags":[3276,6145,1566,78,6144],"class_list":["post-192954","post","type-post","status-publish","format-standard","has-post-thumbnail","hentry","category-salud","category-slider","tag-alejandro-macias","tag-h3n2-subclado-k","tag-influenza","tag-salud","tag-variante"],"yoast_head":"<!-- This site is optimized with the Yoast SEO plugin v27.4 - https:\/\/yoast.com\/product\/yoast-seo-wordpress\/ -->\n<title>NUEVA VARIANTE DE INFLUENZA AFECTAR\u00cdA A 20% DE POBLACI\u00d3N - Kuali<\/title>\n<meta name=\"robots\" content=\"index, follow, max-snippet:-1, max-image-preview:large, max-video-preview:-1\" \/>\n<link rel=\"canonical\" href=\"https:\/\/kuali.com.mx\/web\/2025\/12\/23\/nueva-variante-de-influenza-afectaria-a-20-de-poblacion\/\" \/>\n<meta property=\"og:locale\" content=\"es_MX\" \/>\n<meta property=\"og:type\" content=\"article\" \/>\n<meta property=\"og:title\" content=\"NUEVA VARIANTE DE INFLUENZA AFECTAR\u00cdA A 20% DE POBLACI\u00d3N - Kuali\" \/>\n<meta property=\"og:description\" content=\"Milagros Tadeo\/Le\u00f3n, Gto.-\u00a0El infect\u00f3logo y ex comisionado nacional para el control de la influenza, Alejandro Mac\u00edas Hern\u00e1ndez, advirti\u00f3 que la variante H3N2 subclado K podr\u00eda impactar hasta a un 20 por ciento de la poblaci\u00f3n durante la pr\u00f3xima temporada de influenza. Aunque reconoci\u00f3 que esta nueva subvariante de influenza no puede considerarse un \u201cregalo de [&hellip;]\" \/>\n<meta property=\"og:url\" content=\"https:\/\/kuali.com.mx\/web\/2025\/12\/23\/nueva-variante-de-influenza-afectaria-a-20-de-poblacion\/\" \/>\n<meta property=\"og:site_name\" content=\"Kuali\" \/>\n<meta property=\"article:publisher\" content=\"https:\/\/kuali.com.mx\/web\/wp-content\/uploads\/2018\/04\/cropped-kuali_logo-1-1.png\" \/>\n<meta property=\"article:published_time\" content=\"2025-12-24T04:29:52+00:00\" \/>\n<meta property=\"article:modified_time\" content=\"2025-12-24T04:29:56+00:00\" \/>\n<meta property=\"og:image\" content=\"https:\/\/kuali.com.mx\/web\/wp-content\/uploads\/2025\/12\/Alejandro-Macias.gif\" \/>\n\t<meta property=\"og:image:width\" content=\"1700\" \/>\n\t<meta property=\"og:image:height\" content=\"750\" \/>\n\t<meta property=\"og:image:type\" content=\"image\/gif\" \/>\n<meta name=\"author\" content=\"Kuali Staff\" \/>\n<meta name=\"twitter:card\" content=\"summary_large_image\" \/>\n<meta name=\"twitter:creator\" content=\"@kuali_noticias\" \/>\n<meta name=\"twitter:site\" content=\"@kuali_noticias\" \/>\n<meta name=\"twitter:label1\" content=\"Escrito por\" \/>\n\t<meta name=\"twitter:data1\" content=\"Kuali Staff\" \/>\n\t<meta name=\"twitter:label2\" content=\"Tiempo de lectura\" \/>\n\t<meta name=\"twitter:data2\" content=\"2 minutos\" \/>\n<script type=\"application\/ld+json\" class=\"yoast-schema-graph\">{\"@context\":\"https:\\\/\\\/schema.org\",\"@graph\":[{\"@type\":\"Article\",\"@id\":\"https:\\\/\\\/kuali.com.mx\\\/web\\\/2025\\\/12\\\/23\\\/nueva-variante-de-influenza-afectaria-a-20-de-poblacion\\\/#article\",\"isPartOf\":{\"@id\":\"https:\\\/\\\/kuali.com.mx\\\/web\\\/2025\\\/12\\\/23\\\/nueva-variante-de-influenza-afectaria-a-20-de-poblacion\\\/\"},\"author\":{\"name\":\"Kuali Staff\",\"@id\":\"https:\\\/\\\/kuali.com.mx\\\/web\\\/#\\\/schema\\\/person\\\/6f89ffa8ecba9dae50662357923c5289\"},\"headline\":\"NUEVA VARIANTE DE INFLUENZA AFECTAR\u00cdA A 20% DE POBLACI\u00d3N\",\"datePublished\":\"2025-12-24T04:29:52+00:00\",\"dateModified\":\"2025-12-24T04:29:56+00:00\",\"mainEntityOfPage\":{\"@id\":\"https:\\\/\\\/kuali.com.mx\\\/web\\\/2025\\\/12\\\/23\\\/nueva-variante-de-influenza-afectaria-a-20-de-poblacion\\\/\"},\"wordCount\":408,\"commentCount\":0,\"image\":{\"@id\":\"https:\\\/\\\/kuali.com.mx\\\/web\\\/2025\\\/12\\\/23\\\/nueva-variante-de-influenza-afectaria-a-20-de-poblacion\\\/#primaryimage\"},\"thumbnailUrl\":\"https:\\\/\\\/kuali.com.mx\\\/web\\\/wp-content\\\/uploads\\\/2025\\\/12\\\/Alejandro-Macias.gif\",\"keywords\":[\"Alejandro Mac\u00edas\",\"H3N2 subclado K\",\"Influenza\",\"Salud\",\"Variante\"],\"articleSection\":[\"Salud\",\"slider\"],\"inLanguage\":\"es\",\"potentialAction\":[{\"@type\":\"CommentAction\",\"name\":\"Comment\",\"target\":[\"https:\\\/\\\/kuali.com.mx\\\/web\\\/2025\\\/12\\\/23\\\/nueva-variante-de-influenza-afectaria-a-20-de-poblacion\\\/#respond\"]}]},{\"@type\":\"WebPage\",\"@id\":\"https:\\\/\\\/kuali.com.mx\\\/web\\\/2025\\\/12\\\/23\\\/nueva-variante-de-influenza-afectaria-a-20-de-poblacion\\\/\",\"url\":\"https:\\\/\\\/kuali.com.mx\\\/web\\\/2025\\\/12\\\/23\\\/nueva-variante-de-influenza-afectaria-a-20-de-poblacion\\\/\",\"name\":\"NUEVA VARIANTE DE INFLUENZA AFECTAR\u00cdA A 20% DE POBLACI\u00d3N - Kuali\",\"isPartOf\":{\"@id\":\"https:\\\/\\\/kuali.com.mx\\\/web\\\/#website\"},\"primaryImageOfPage\":{\"@id\":\"https:\\\/\\\/kuali.com.mx\\\/web\\\/2025\\\/12\\\/23\\\/nueva-variante-de-influenza-afectaria-a-20-de-poblacion\\\/#primaryimage\"},\"image\":{\"@id\":\"https:\\\/\\\/kuali.com.mx\\\/web\\\/2025\\\/12\\\/23\\\/nueva-variante-de-influenza-afectaria-a-20-de-poblacion\\\/#primaryimage\"},\"thumbnailUrl\":\"https:\\\/\\\/kuali.com.mx\\\/web\\\/wp-content\\\/uploads\\\/2025\\\/12\\\/Alejandro-Macias.gif\",\"datePublished\":\"2025-12-24T04:29:52+00:00\",\"dateModified\":\"2025-12-24T04:29:56+00:00\",\"author\":{\"@id\":\"https:\\\/\\\/kuali.com.mx\\\/web\\\/#\\\/schema\\\/person\\\/6f89ffa8ecba9dae50662357923c5289\"},\"breadcrumb\":{\"@id\":\"https:\\\/\\\/kuali.com.mx\\\/web\\\/2025\\\/12\\\/23\\\/nueva-variante-de-influenza-afectaria-a-20-de-poblacion\\\/#breadcrumb\"},\"inLanguage\":\"es\",\"potentialAction\":[{\"@type\":\"ReadAction\",\"target\":[\"https:\\\/\\\/kuali.com.mx\\\/web\\\/2025\\\/12\\\/23\\\/nueva-variante-de-influenza-afectaria-a-20-de-poblacion\\\/\"]}]},{\"@type\":\"ImageObject\",\"inLanguage\":\"es\",\"@id\":\"https:\\\/\\\/kuali.com.mx\\\/web\\\/2025\\\/12\\\/23\\\/nueva-variante-de-influenza-afectaria-a-20-de-poblacion\\\/#primaryimage\",\"url\":\"https:\\\/\\\/kuali.com.mx\\\/web\\\/wp-content\\\/uploads\\\/2025\\\/12\\\/Alejandro-Macias.gif\",\"contentUrl\":\"https:\\\/\\\/kuali.com.mx\\\/web\\\/wp-content\\\/uploads\\\/2025\\\/12\\\/Alejandro-Macias.gif\",\"width\":1700,\"height\":750},{\"@type\":\"BreadcrumbList\",\"@id\":\"https:\\\/\\\/kuali.com.mx\\\/web\\\/2025\\\/12\\\/23\\\/nueva-variante-de-influenza-afectaria-a-20-de-poblacion\\\/#breadcrumb\",\"itemListElement\":[{\"@type\":\"ListItem\",\"position\":1,\"name\":\"Inicio\",\"item\":\"https:\\\/\\\/kuali.com.mx\\\/web\\\/\"},{\"@type\":\"ListItem\",\"position\":2,\"name\":\"NUEVA VARIANTE DE INFLUENZA AFECTAR\u00cdA A 20% DE POBLACI\u00d3N\"}]},{\"@type\":\"WebSite\",\"@id\":\"https:\\\/\\\/kuali.com.mx\\\/web\\\/#website\",\"url\":\"https:\\\/\\\/kuali.com.mx\\\/web\\\/\",\"name\":\"Kuali\",\"description\":\"\",\"potentialAction\":[{\"@type\":\"SearchAction\",\"target\":{\"@type\":\"EntryPoint\",\"urlTemplate\":\"https:\\\/\\\/kuali.com.mx\\\/web\\\/?s={search_term_string}\"},\"query-input\":{\"@type\":\"PropertyValueSpecification\",\"valueRequired\":true,\"valueName\":\"search_term_string\"}}],\"inLanguage\":\"es\"},{\"@type\":\"Person\",\"@id\":\"https:\\\/\\\/kuali.com.mx\\\/web\\\/#\\\/schema\\\/person\\\/6f89ffa8ecba9dae50662357923c5289\",\"name\":\"Kuali Staff\",\"image\":{\"@type\":\"ImageObject\",\"inLanguage\":\"es\",\"@id\":\"https:\\\/\\\/secure.gravatar.com\\\/avatar\\\/f917ad82e5ab71227a733c78b6e60715476f69ee6be59feee4eb5d9920c89e0f?s=96&d=mm&r=g\",\"url\":\"https:\\\/\\\/secure.gravatar.com\\\/avatar\\\/f917ad82e5ab71227a733c78b6e60715476f69ee6be59feee4eb5d9920c89e0f?s=96&d=mm&r=g\",\"contentUrl\":\"https:\\\/\\\/secure.gravatar.com\\\/avatar\\\/f917ad82e5ab71227a733c78b6e60715476f69ee6be59feee4eb5d9920c89e0f?s=96&d=mm&r=g\",\"caption\":\"Kuali Staff\"},\"url\":\"https:\\\/\\\/kuali.com.mx\\\/web\\\/author\\\/lagarto\\\/\"}]}<\/script>\n<!-- \/ Yoast SEO plugin. -->","yoast_head_json":{"title":"NUEVA VARIANTE DE INFLUENZA AFECTAR\u00cdA A 20% DE POBLACI\u00d3N - Kuali","robots":{"index":"index","follow":"follow","max-snippet":"max-snippet:-1","max-image-preview":"max-image-preview:large","max-video-preview":"max-video-preview:-1"},"canonical":"https:\/\/kuali.com.mx\/web\/2025\/12\/23\/nueva-variante-de-influenza-afectaria-a-20-de-poblacion\/","og_locale":"es_MX","og_type":"article","og_title":"NUEVA VARIANTE DE INFLUENZA AFECTAR\u00cdA A 20% DE POBLACI\u00d3N - Kuali","og_description":"Milagros Tadeo\/Le\u00f3n, Gto.-\u00a0El infect\u00f3logo y ex comisionado nacional para el control de la influenza, Alejandro Mac\u00edas Hern\u00e1ndez, advirti\u00f3 que la variante H3N2 subclado K podr\u00eda impactar hasta a un 20 por ciento de la poblaci\u00f3n durante la pr\u00f3xima temporada de influenza. Aunque reconoci\u00f3 que esta nueva subvariante de influenza no puede considerarse un \u201cregalo de [&hellip;]","og_url":"https:\/\/kuali.com.mx\/web\/2025\/12\/23\/nueva-variante-de-influenza-afectaria-a-20-de-poblacion\/","og_site_name":"Kuali","article_publisher":"https:\/\/kuali.com.mx\/web\/wp-content\/uploads\/2018\/04\/cropped-kuali_logo-1-1.png","article_published_time":"2025-12-24T04:29:52+00:00","article_modified_time":"2025-12-24T04:29:56+00:00","og_image":[{"width":1700,"height":750,"url":"https:\/\/kuali.com.mx\/web\/wp-content\/uploads\/2025\/12\/Alejandro-Macias.gif","type":"image\/gif"}],"author":"Kuali Staff","twitter_card":"summary_large_image","twitter_creator":"@kuali_noticias","twitter_site":"@kuali_noticias","twitter_misc":{"Escrito por":"Kuali Staff","Tiempo de lectura":"2 minutos"},"schema":{"@context":"https:\/\/schema.org","@graph":[{"@type":"Article","@id":"https:\/\/kuali.com.mx\/web\/2025\/12\/23\/nueva-variante-de-influenza-afectaria-a-20-de-poblacion\/#article","isPartOf":{"@id":"https:\/\/kuali.com.mx\/web\/2025\/12\/23\/nueva-variante-de-influenza-afectaria-a-20-de-poblacion\/"},"author":{"name":"Kuali Staff","@id":"https:\/\/kuali.com.mx\/web\/#\/schema\/person\/6f89ffa8ecba9dae50662357923c5289"},"headline":"NUEVA VARIANTE DE INFLUENZA AFECTAR\u00cdA A 20% DE POBLACI\u00d3N","datePublished":"2025-12-24T04:29:52+00:00","dateModified":"2025-12-24T04:29:56+00:00","mainEntityOfPage":{"@id":"https:\/\/kuali.com.mx\/web\/2025\/12\/23\/nueva-variante-de-influenza-afectaria-a-20-de-poblacion\/"},"wordCount":408,"commentCount":0,"image":{"@id":"https:\/\/kuali.com.mx\/web\/2025\/12\/23\/nueva-variante-de-influenza-afectaria-a-20-de-poblacion\/#primaryimage"},"thumbnailUrl":"https:\/\/kuali.com.mx\/web\/wp-content\/uploads\/2025\/12\/Alejandro-Macias.gif","keywords":["Alejandro Mac\u00edas","H3N2 subclado K","Influenza","Salud","Variante"],"articleSection":["Salud","slider"],"inLanguage":"es","potentialAction":[{"@type":"CommentAction","name":"Comment","target":["https:\/\/kuali.com.mx\/web\/2025\/12\/23\/nueva-variante-de-influenza-afectaria-a-20-de-poblacion\/#respond"]}]},{"@type":"WebPage","@id":"https:\/\/kuali.com.mx\/web\/2025\/12\/23\/nueva-variante-de-influenza-afectaria-a-20-de-poblacion\/","url":"https:\/\/kuali.com.mx\/web\/2025\/12\/23\/nueva-variante-de-influenza-afectaria-a-20-de-poblacion\/","name":"NUEVA VARIANTE DE INFLUENZA AFECTAR\u00cdA A 20% DE POBLACI\u00d3N - Kuali","isPartOf":{"@id":"https:\/\/kuali.com.mx\/web\/#website"},"primaryImageOfPage":{"@id":"https:\/\/kuali.com.mx\/web\/2025\/12\/23\/nueva-variante-de-influenza-afectaria-a-20-de-poblacion\/#primaryimage"},"image":{"@id":"https:\/\/kuali.com.mx\/web\/2025\/12\/23\/nueva-variante-de-influenza-afectaria-a-20-de-poblacion\/#primaryimage"},"thumbnailUrl":"https:\/\/kuali.com.mx\/web\/wp-content\/uploads\/2025\/12\/Alejandro-Macias.gif","datePublished":"2025-12-24T04:29:52+00:00","dateModified":"2025-12-24T04:29:56+00:00","author":{"@id":"https:\/\/kuali.com.mx\/web\/#\/schema\/person\/6f89ffa8ecba9dae50662357923c5289"},"breadcrumb":{"@id":"https:\/\/kuali.com.mx\/web\/2025\/12\/23\/nueva-variante-de-influenza-afectaria-a-20-de-poblacion\/#breadcrumb"},"inLanguage":"es","potentialAction":[{"@type":"ReadAction","target":["https:\/\/kuali.com.mx\/web\/2025\/12\/23\/nueva-variante-de-influenza-afectaria-a-20-de-poblacion\/"]}]},{"@type":"ImageObject","inLanguage":"es","@id":"https:\/\/kuali.com.mx\/web\/2025\/12\/23\/nueva-variante-de-influenza-afectaria-a-20-de-poblacion\/#primaryimage","url":"https:\/\/kuali.com.mx\/web\/wp-content\/uploads\/2025\/12\/Alejandro-Macias.gif","contentUrl":"https:\/\/kuali.com.mx\/web\/wp-content\/uploads\/2025\/12\/Alejandro-Macias.gif","width":1700,"height":750},{"@type":"BreadcrumbList","@id":"https:\/\/kuali.com.mx\/web\/2025\/12\/23\/nueva-variante-de-influenza-afectaria-a-20-de-poblacion\/#breadcrumb","itemListElement":[{"@type":"ListItem","position":1,"name":"Inicio","item":"https:\/\/kuali.com.mx\/web\/"},{"@type":"ListItem","position":2,"name":"NUEVA VARIANTE DE INFLUENZA AFECTAR\u00cdA A 20% DE POBLACI\u00d3N"}]},{"@type":"WebSite","@id":"https:\/\/kuali.com.mx\/web\/#website","url":"https:\/\/kuali.com.mx\/web\/","name":"Kuali","description":"","potentialAction":[{"@type":"SearchAction","target":{"@type":"EntryPoint","urlTemplate":"https:\/\/kuali.com.mx\/web\/?s={search_term_string}"},"query-input":{"@type":"PropertyValueSpecification","valueRequired":true,"valueName":"search_term_string"}}],"inLanguage":"es"},{"@type":"Person","@id":"https:\/\/kuali.com.mx\/web\/#\/schema\/person\/6f89ffa8ecba9dae50662357923c5289","name":"Kuali Staff","image":{"@type":"ImageObject","inLanguage":"es","@id":"https:\/\/secure.gravatar.com\/avatar\/f917ad82e5ab71227a733c78b6e60715476f69ee6be59feee4eb5d9920c89e0f?s=96&d=mm&r=g","url":"https:\/\/secure.gravatar.com\/avatar\/f917ad82e5ab71227a733c78b6e60715476f69ee6be59feee4eb5d9920c89e0f?s=96&d=mm&r=g","contentUrl":"https:\/\/secure.gravatar.com\/avatar\/f917ad82e5ab71227a733c78b6e60715476f69ee6be59feee4eb5d9920c89e0f?s=96&d=mm&r=g","caption":"Kuali Staff"},"url":"https:\/\/kuali.com.mx\/web\/author\/lagarto\/"}]}},"_links":{"self":[{"href":"https:\/\/kuali.com.mx\/web\/wp-json\/wp\/v2\/posts\/192954","targetHints":{"allow":["GET"]}}],"collection":[{"href":"https:\/\/kuali.com.mx\/web\/wp-json\/wp\/v2\/posts"}],"about":[{"href":"https:\/\/kuali.com.mx\/web\/wp-json\/wp\/v2\/types\/post"}],"author":[{"embeddable":true,"href":"https:\/\/kuali.com.mx\/web\/wp-json\/wp\/v2\/users\/2"}],"replies":[{"embeddable":true,"href":"https:\/\/kuali.com.mx\/web\/wp-json\/wp\/v2\/comments?post=192954"}],"version-history":[{"count":1,"href":"https:\/\/kuali.com.mx\/web\/wp-json\/wp\/v2\/posts\/192954\/revisions"}],"predecessor-version":[{"id":192958,"href":"https:\/\/kuali.com.mx\/web\/wp-json\/wp\/v2\/posts\/192954\/revisions\/192958"}],"wp:featuredmedia":[{"embeddable":true,"href":"https:\/\/kuali.com.mx\/web\/wp-json\/wp\/v2\/media\/192957"}],"wp:attachment":[{"href":"https:\/\/kuali.com.mx\/web\/wp-json\/wp\/v2\/media?parent=192954"}],"wp:term":[{"taxonomy":"category","embeddable":true,"href":"https:\/\/kuali.com.mx\/web\/wp-json\/wp\/v2\/categories?post=192954"},{"taxonomy":"post_tag","embeddable":true,"href":"https:\/\/kuali.com.mx\/web\/wp-json\/wp\/v2\/tags?post=192954"}],"curies":[{"name":"wp","href":"https:\/\/api.w.org\/{rel}","templated":true}]}}