{"id":192248,"date":"2025-12-13T13:10:04","date_gmt":"2025-12-13T19:10:04","guid":{"rendered":"https:\/\/kuali.com.mx\/web\/?p=192248"},"modified":"2025-12-13T14:45:32","modified_gmt":"2025-12-13T20:45:32","slug":"acuden-450-mil-irapuatenses-al-festejo-de-la-virgen","status":"publish","type":"post","link":"https:\/\/kuali.com.mx\/web\/2025\/12\/13\/acuden-450-mil-irapuatenses-al-festejo-de-la-virgen\/","title":{"rendered":"ACUDEN 450 MIL IRAPUATENSES AL FESTEJO DE LA VIRGEN"},"content":{"rendered":"\n<p>Kuali\/Irapuato, Gto.- Como resultado de las estrategias de seguridad y la implementaci\u00f3n de operativos antes, durante y despu\u00e9s de los festejos en el templo de la Virgen de Guadalupe, la Secretar\u00eda de Seguridad Ciudadana Municipal (SSCM) reporta las actividades religiosas sin incidencias durante esta tradicional celebraci\u00f3n.<\/p>\n\n\n\n<p>La Coordinaci\u00f3n Municipal de Protecci\u00f3n Civil y Bomberos inform\u00f3 que, durante los d\u00edas 11 y 12 de diciembre, se registr\u00f3 una afluencia estimada de 445 mil personas, incluyendo peregrinaciones. <\/p>\n\n\n\n<p>El d\u00eda 11 se contabilizaron aproximadamente 110 mil asistentes y el d\u00eda 12 alrededor de 335 mil, con mayor concentraci\u00f3n entre las 12:00 del mediod\u00eda y las 22:00 horas. Las actividades se desarrollaron principalmente en el interior del templo de la Virgen de Guadalupe, as\u00ed como en el bulevar D\u00edaz Ordaz y Calzada Insurgentes, donde se instal\u00f3 la verbena popular.<\/p>\n\n\n\n<p>Como parte de las acciones preventivas, Protecci\u00f3n Civil realiz\u00f3 la revisi\u00f3n de 110 tanques de gas LP en puestos de comida, sin detectarse anomal\u00edas, adem\u00e1s de supervisar instalaciones el\u00e9ctricas y estructuras de juegos mec\u00e1nicos. Asimismo, param\u00e9dicos brindaron 14 atenciones ambulatorias, sin que se presentaran situaciones de gravedad.<\/p>\n\n\n\n<p>Desde un centro de mando instalado al interior del templo, se coordin\u00f3 la atenci\u00f3n oportuna de emergencias y posibles contingencias.Por su parte, la Direcci\u00f3n de Polic\u00eda Municipal mantuvo presencia permanente en puntos estrat\u00e9gicos para garantizar el orden y la paz p\u00fablica, mientras que la Direcci\u00f3n de Tr\u00e1nsito Municipal report\u00f3 saldo blanco en materia vial, derivado del operativo preventivo implementado en el circuito que rodea al templo y vialidades aleda\u00f1as.<\/p>\n\n\n\n<p><\/p>\n","protected":false},"excerpt":{"rendered":"Kuali\/Irapuato, Gto.- Como resultado de las estrategias de seguridad y la implementaci\u00f3n de operativos antes, durante y despu\u00e9s de los festejos en el templo de la Virgen de Guadalupe, la Secretar\u00eda de Seguridad Ciudadana Municipal (SSCM) reporta las actividades religiosas sin incidencias durante esta tradicional celebraci\u00f3n. La Coordinaci\u00f3n Municipal de Protecci\u00f3n Civil y Bomberos inform\u00f3 [&hellip;]","protected":false},"author":2,"featured_media":192249,"comment_status":"open","ping_status":"open","sticky":false,"template":"","format":"standard","meta":{"_seopress_robots_primary_cat":"none","_seopress_titles_title":"","_seopress_titles_desc":"","_seopress_robots_index":"","_monsterinsights_skip_tracking":false,"_monsterinsights_sitenote_active":false,"_monsterinsights_sitenote_note":"","_monsterinsights_sitenote_category":0,"footnotes":""},"categories":[3],"tags":[],"class_list":["post-192248","post","type-post","status-publish","format-standard","has-post-thumbnail","hentry","category-politica"],"yoast_head":"<!-- This site is optimized with the Yoast SEO plugin v27.4 - https:\/\/yoast.com\/product\/yoast-seo-wordpress\/ -->\n<title>ACUDEN 450 MIL IRAPUATENSES AL FESTEJO DE LA VIRGEN - Kuali<\/title>\n<meta name=\"robots\" content=\"index, follow, max-snippet:-1, max-image-preview:large, max-video-preview:-1\" \/>\n<link rel=\"canonical\" href=\"https:\/\/kuali.com.mx\/web\/2025\/12\/13\/acuden-450-mil-irapuatenses-al-festejo-de-la-virgen\/\" \/>\n<meta property=\"og:locale\" content=\"es_MX\" \/>\n<meta property=\"og:type\" content=\"article\" \/>\n<meta property=\"og:title\" content=\"ACUDEN 450 MIL IRAPUATENSES AL FESTEJO DE LA VIRGEN - Kuali\" \/>\n<meta property=\"og:description\" content=\"Kuali\/Irapuato, Gto.- Como resultado de las estrategias de seguridad y la implementaci\u00f3n de operativos antes, durante y despu\u00e9s de los festejos en el templo de la Virgen de Guadalupe, la Secretar\u00eda de Seguridad Ciudadana Municipal (SSCM) reporta las actividades religiosas sin incidencias durante esta tradicional celebraci\u00f3n. La Coordinaci\u00f3n Municipal de Protecci\u00f3n Civil y Bomberos inform\u00f3 [&hellip;]\" \/>\n<meta property=\"og:url\" content=\"https:\/\/kuali.com.mx\/web\/2025\/12\/13\/acuden-450-mil-irapuatenses-al-festejo-de-la-virgen\/\" \/>\n<meta property=\"og:site_name\" content=\"Kuali\" \/>\n<meta property=\"article:publisher\" content=\"https:\/\/kuali.com.mx\/web\/wp-content\/uploads\/2018\/04\/cropped-kuali_logo-1-1.png\" \/>\n<meta property=\"article:published_time\" content=\"2025-12-13T19:10:04+00:00\" \/>\n<meta property=\"article:modified_time\" content=\"2025-12-13T20:45:32+00:00\" \/>\n<meta property=\"og:image\" content=\"https:\/\/kuali.com.mx\/web\/wp-content\/uploads\/2025\/12\/festejo-1.jpg\" \/>\n\t<meta property=\"og:image:width\" content=\"1750\" \/>\n\t<meta property=\"og:image:height\" content=\"854\" \/>\n\t<meta property=\"og:image:type\" content=\"image\/jpeg\" \/>\n<meta name=\"author\" content=\"Kuali Staff\" \/>\n<meta name=\"twitter:card\" content=\"summary_large_image\" \/>\n<meta name=\"twitter:creator\" content=\"@kuali_noticias\" \/>\n<meta name=\"twitter:site\" content=\"@kuali_noticias\" \/>\n<meta name=\"twitter:label1\" content=\"Escrito por\" \/>\n\t<meta name=\"twitter:data1\" content=\"Kuali Staff\" \/>\n\t<meta name=\"twitter:label2\" content=\"Tiempo de lectura\" \/>\n\t<meta name=\"twitter:data2\" content=\"1 minuto\" \/>\n<script type=\"application\/ld+json\" class=\"yoast-schema-graph\">{\"@context\":\"https:\\\/\\\/schema.org\",\"@graph\":[{\"@type\":\"Article\",\"@id\":\"https:\\\/\\\/kuali.com.mx\\\/web\\\/2025\\\/12\\\/13\\\/acuden-450-mil-irapuatenses-al-festejo-de-la-virgen\\\/#article\",\"isPartOf\":{\"@id\":\"https:\\\/\\\/kuali.com.mx\\\/web\\\/2025\\\/12\\\/13\\\/acuden-450-mil-irapuatenses-al-festejo-de-la-virgen\\\/\"},\"author\":{\"name\":\"Kuali Staff\",\"@id\":\"https:\\\/\\\/kuali.com.mx\\\/web\\\/#\\\/schema\\\/person\\\/6f89ffa8ecba9dae50662357923c5289\"},\"headline\":\"ACUDEN 450 MIL IRAPUATENSES AL FESTEJO DE LA VIRGEN\",\"datePublished\":\"2025-12-13T19:10:04+00:00\",\"dateModified\":\"2025-12-13T20:45:32+00:00\",\"mainEntityOfPage\":{\"@id\":\"https:\\\/\\\/kuali.com.mx\\\/web\\\/2025\\\/12\\\/13\\\/acuden-450-mil-irapuatenses-al-festejo-de-la-virgen\\\/\"},\"wordCount\":278,\"commentCount\":0,\"image\":{\"@id\":\"https:\\\/\\\/kuali.com.mx\\\/web\\\/2025\\\/12\\\/13\\\/acuden-450-mil-irapuatenses-al-festejo-de-la-virgen\\\/#primaryimage\"},\"thumbnailUrl\":\"https:\\\/\\\/kuali.com.mx\\\/web\\\/wp-content\\\/uploads\\\/2025\\\/12\\\/festejo-1.jpg\",\"articleSection\":[\"Pol\u00edtica\"],\"inLanguage\":\"es\",\"potentialAction\":[{\"@type\":\"CommentAction\",\"name\":\"Comment\",\"target\":[\"https:\\\/\\\/kuali.com.mx\\\/web\\\/2025\\\/12\\\/13\\\/acuden-450-mil-irapuatenses-al-festejo-de-la-virgen\\\/#respond\"]}]},{\"@type\":\"WebPage\",\"@id\":\"https:\\\/\\\/kuali.com.mx\\\/web\\\/2025\\\/12\\\/13\\\/acuden-450-mil-irapuatenses-al-festejo-de-la-virgen\\\/\",\"url\":\"https:\\\/\\\/kuali.com.mx\\\/web\\\/2025\\\/12\\\/13\\\/acuden-450-mil-irapuatenses-al-festejo-de-la-virgen\\\/\",\"name\":\"ACUDEN 450 MIL IRAPUATENSES AL FESTEJO DE LA VIRGEN - Kuali\",\"isPartOf\":{\"@id\":\"https:\\\/\\\/kuali.com.mx\\\/web\\\/#website\"},\"primaryImageOfPage\":{\"@id\":\"https:\\\/\\\/kuali.com.mx\\\/web\\\/2025\\\/12\\\/13\\\/acuden-450-mil-irapuatenses-al-festejo-de-la-virgen\\\/#primaryimage\"},\"image\":{\"@id\":\"https:\\\/\\\/kuali.com.mx\\\/web\\\/2025\\\/12\\\/13\\\/acuden-450-mil-irapuatenses-al-festejo-de-la-virgen\\\/#primaryimage\"},\"thumbnailUrl\":\"https:\\\/\\\/kuali.com.mx\\\/web\\\/wp-content\\\/uploads\\\/2025\\\/12\\\/festejo-1.jpg\",\"datePublished\":\"2025-12-13T19:10:04+00:00\",\"dateModified\":\"2025-12-13T20:45:32+00:00\",\"author\":{\"@id\":\"https:\\\/\\\/kuali.com.mx\\\/web\\\/#\\\/schema\\\/person\\\/6f89ffa8ecba9dae50662357923c5289\"},\"breadcrumb\":{\"@id\":\"https:\\\/\\\/kuali.com.mx\\\/web\\\/2025\\\/12\\\/13\\\/acuden-450-mil-irapuatenses-al-festejo-de-la-virgen\\\/#breadcrumb\"},\"inLanguage\":\"es\",\"potentialAction\":[{\"@type\":\"ReadAction\",\"target\":[\"https:\\\/\\\/kuali.com.mx\\\/web\\\/2025\\\/12\\\/13\\\/acuden-450-mil-irapuatenses-al-festejo-de-la-virgen\\\/\"]}]},{\"@type\":\"ImageObject\",\"inLanguage\":\"es\",\"@id\":\"https:\\\/\\\/kuali.com.mx\\\/web\\\/2025\\\/12\\\/13\\\/acuden-450-mil-irapuatenses-al-festejo-de-la-virgen\\\/#primaryimage\",\"url\":\"https:\\\/\\\/kuali.com.mx\\\/web\\\/wp-content\\\/uploads\\\/2025\\\/12\\\/festejo-1.jpg\",\"contentUrl\":\"https:\\\/\\\/kuali.com.mx\\\/web\\\/wp-content\\\/uploads\\\/2025\\\/12\\\/festejo-1.jpg\",\"width\":1750,\"height\":854},{\"@type\":\"BreadcrumbList\",\"@id\":\"https:\\\/\\\/kuali.com.mx\\\/web\\\/2025\\\/12\\\/13\\\/acuden-450-mil-irapuatenses-al-festejo-de-la-virgen\\\/#breadcrumb\",\"itemListElement\":[{\"@type\":\"ListItem\",\"position\":1,\"name\":\"Inicio\",\"item\":\"https:\\\/\\\/kuali.com.mx\\\/web\\\/\"},{\"@type\":\"ListItem\",\"position\":2,\"name\":\"ACUDEN 450 MIL IRAPUATENSES AL FESTEJO DE LA VIRGEN\"}]},{\"@type\":\"WebSite\",\"@id\":\"https:\\\/\\\/kuali.com.mx\\\/web\\\/#website\",\"url\":\"https:\\\/\\\/kuali.com.mx\\\/web\\\/\",\"name\":\"Kuali\",\"description\":\"\",\"potentialAction\":[{\"@type\":\"SearchAction\",\"target\":{\"@type\":\"EntryPoint\",\"urlTemplate\":\"https:\\\/\\\/kuali.com.mx\\\/web\\\/?s={search_term_string}\"},\"query-input\":{\"@type\":\"PropertyValueSpecification\",\"valueRequired\":true,\"valueName\":\"search_term_string\"}}],\"inLanguage\":\"es\"},{\"@type\":\"Person\",\"@id\":\"https:\\\/\\\/kuali.com.mx\\\/web\\\/#\\\/schema\\\/person\\\/6f89ffa8ecba9dae50662357923c5289\",\"name\":\"Kuali Staff\",\"image\":{\"@type\":\"ImageObject\",\"inLanguage\":\"es\",\"@id\":\"https:\\\/\\\/secure.gravatar.com\\\/avatar\\\/f917ad82e5ab71227a733c78b6e60715476f69ee6be59feee4eb5d9920c89e0f?s=96&d=mm&r=g\",\"url\":\"https:\\\/\\\/secure.gravatar.com\\\/avatar\\\/f917ad82e5ab71227a733c78b6e60715476f69ee6be59feee4eb5d9920c89e0f?s=96&d=mm&r=g\",\"contentUrl\":\"https:\\\/\\\/secure.gravatar.com\\\/avatar\\\/f917ad82e5ab71227a733c78b6e60715476f69ee6be59feee4eb5d9920c89e0f?s=96&d=mm&r=g\",\"caption\":\"Kuali Staff\"},\"url\":\"https:\\\/\\\/kuali.com.mx\\\/web\\\/author\\\/lagarto\\\/\"}]}<\/script>\n<!-- \/ Yoast SEO plugin. -->","yoast_head_json":{"title":"ACUDEN 450 MIL IRAPUATENSES AL FESTEJO DE LA VIRGEN - Kuali","robots":{"index":"index","follow":"follow","max-snippet":"max-snippet:-1","max-image-preview":"max-image-preview:large","max-video-preview":"max-video-preview:-1"},"canonical":"https:\/\/kuali.com.mx\/web\/2025\/12\/13\/acuden-450-mil-irapuatenses-al-festejo-de-la-virgen\/","og_locale":"es_MX","og_type":"article","og_title":"ACUDEN 450 MIL IRAPUATENSES AL FESTEJO DE LA VIRGEN - Kuali","og_description":"Kuali\/Irapuato, Gto.- Como resultado de las estrategias de seguridad y la implementaci\u00f3n de operativos antes, durante y despu\u00e9s de los festejos en el templo de la Virgen de Guadalupe, la Secretar\u00eda de Seguridad Ciudadana Municipal (SSCM) reporta las actividades religiosas sin incidencias durante esta tradicional celebraci\u00f3n. La Coordinaci\u00f3n Municipal de Protecci\u00f3n Civil y Bomberos inform\u00f3 [&hellip;]","og_url":"https:\/\/kuali.com.mx\/web\/2025\/12\/13\/acuden-450-mil-irapuatenses-al-festejo-de-la-virgen\/","og_site_name":"Kuali","article_publisher":"https:\/\/kuali.com.mx\/web\/wp-content\/uploads\/2018\/04\/cropped-kuali_logo-1-1.png","article_published_time":"2025-12-13T19:10:04+00:00","article_modified_time":"2025-12-13T20:45:32+00:00","og_image":[{"width":1750,"height":854,"url":"https:\/\/kuali.com.mx\/web\/wp-content\/uploads\/2025\/12\/festejo-1.jpg","type":"image\/jpeg"}],"author":"Kuali Staff","twitter_card":"summary_large_image","twitter_creator":"@kuali_noticias","twitter_site":"@kuali_noticias","twitter_misc":{"Escrito por":"Kuali Staff","Tiempo de lectura":"1 minuto"},"schema":{"@context":"https:\/\/schema.org","@graph":[{"@type":"Article","@id":"https:\/\/kuali.com.mx\/web\/2025\/12\/13\/acuden-450-mil-irapuatenses-al-festejo-de-la-virgen\/#article","isPartOf":{"@id":"https:\/\/kuali.com.mx\/web\/2025\/12\/13\/acuden-450-mil-irapuatenses-al-festejo-de-la-virgen\/"},"author":{"name":"Kuali Staff","@id":"https:\/\/kuali.com.mx\/web\/#\/schema\/person\/6f89ffa8ecba9dae50662357923c5289"},"headline":"ACUDEN 450 MIL IRAPUATENSES AL FESTEJO DE LA VIRGEN","datePublished":"2025-12-13T19:10:04+00:00","dateModified":"2025-12-13T20:45:32+00:00","mainEntityOfPage":{"@id":"https:\/\/kuali.com.mx\/web\/2025\/12\/13\/acuden-450-mil-irapuatenses-al-festejo-de-la-virgen\/"},"wordCount":278,"commentCount":0,"image":{"@id":"https:\/\/kuali.com.mx\/web\/2025\/12\/13\/acuden-450-mil-irapuatenses-al-festejo-de-la-virgen\/#primaryimage"},"thumbnailUrl":"https:\/\/kuali.com.mx\/web\/wp-content\/uploads\/2025\/12\/festejo-1.jpg","articleSection":["Pol\u00edtica"],"inLanguage":"es","potentialAction":[{"@type":"CommentAction","name":"Comment","target":["https:\/\/kuali.com.mx\/web\/2025\/12\/13\/acuden-450-mil-irapuatenses-al-festejo-de-la-virgen\/#respond"]}]},{"@type":"WebPage","@id":"https:\/\/kuali.com.mx\/web\/2025\/12\/13\/acuden-450-mil-irapuatenses-al-festejo-de-la-virgen\/","url":"https:\/\/kuali.com.mx\/web\/2025\/12\/13\/acuden-450-mil-irapuatenses-al-festejo-de-la-virgen\/","name":"ACUDEN 450 MIL IRAPUATENSES AL FESTEJO DE LA VIRGEN - Kuali","isPartOf":{"@id":"https:\/\/kuali.com.mx\/web\/#website"},"primaryImageOfPage":{"@id":"https:\/\/kuali.com.mx\/web\/2025\/12\/13\/acuden-450-mil-irapuatenses-al-festejo-de-la-virgen\/#primaryimage"},"image":{"@id":"https:\/\/kuali.com.mx\/web\/2025\/12\/13\/acuden-450-mil-irapuatenses-al-festejo-de-la-virgen\/#primaryimage"},"thumbnailUrl":"https:\/\/kuali.com.mx\/web\/wp-content\/uploads\/2025\/12\/festejo-1.jpg","datePublished":"2025-12-13T19:10:04+00:00","dateModified":"2025-12-13T20:45:32+00:00","author":{"@id":"https:\/\/kuali.com.mx\/web\/#\/schema\/person\/6f89ffa8ecba9dae50662357923c5289"},"breadcrumb":{"@id":"https:\/\/kuali.com.mx\/web\/2025\/12\/13\/acuden-450-mil-irapuatenses-al-festejo-de-la-virgen\/#breadcrumb"},"inLanguage":"es","potentialAction":[{"@type":"ReadAction","target":["https:\/\/kuali.com.mx\/web\/2025\/12\/13\/acuden-450-mil-irapuatenses-al-festejo-de-la-virgen\/"]}]},{"@type":"ImageObject","inLanguage":"es","@id":"https:\/\/kuali.com.mx\/web\/2025\/12\/13\/acuden-450-mil-irapuatenses-al-festejo-de-la-virgen\/#primaryimage","url":"https:\/\/kuali.com.mx\/web\/wp-content\/uploads\/2025\/12\/festejo-1.jpg","contentUrl":"https:\/\/kuali.com.mx\/web\/wp-content\/uploads\/2025\/12\/festejo-1.jpg","width":1750,"height":854},{"@type":"BreadcrumbList","@id":"https:\/\/kuali.com.mx\/web\/2025\/12\/13\/acuden-450-mil-irapuatenses-al-festejo-de-la-virgen\/#breadcrumb","itemListElement":[{"@type":"ListItem","position":1,"name":"Inicio","item":"https:\/\/kuali.com.mx\/web\/"},{"@type":"ListItem","position":2,"name":"ACUDEN 450 MIL IRAPUATENSES AL FESTEJO DE LA VIRGEN"}]},{"@type":"WebSite","@id":"https:\/\/kuali.com.mx\/web\/#website","url":"https:\/\/kuali.com.mx\/web\/","name":"Kuali","description":"","potentialAction":[{"@type":"SearchAction","target":{"@type":"EntryPoint","urlTemplate":"https:\/\/kuali.com.mx\/web\/?s={search_term_string}"},"query-input":{"@type":"PropertyValueSpecification","valueRequired":true,"valueName":"search_term_string"}}],"inLanguage":"es"},{"@type":"Person","@id":"https:\/\/kuali.com.mx\/web\/#\/schema\/person\/6f89ffa8ecba9dae50662357923c5289","name":"Kuali Staff","image":{"@type":"ImageObject","inLanguage":"es","@id":"https:\/\/secure.gravatar.com\/avatar\/f917ad82e5ab71227a733c78b6e60715476f69ee6be59feee4eb5d9920c89e0f?s=96&d=mm&r=g","url":"https:\/\/secure.gravatar.com\/avatar\/f917ad82e5ab71227a733c78b6e60715476f69ee6be59feee4eb5d9920c89e0f?s=96&d=mm&r=g","contentUrl":"https:\/\/secure.gravatar.com\/avatar\/f917ad82e5ab71227a733c78b6e60715476f69ee6be59feee4eb5d9920c89e0f?s=96&d=mm&r=g","caption":"Kuali Staff"},"url":"https:\/\/kuali.com.mx\/web\/author\/lagarto\/"}]}},"_links":{"self":[{"href":"https:\/\/kuali.com.mx\/web\/wp-json\/wp\/v2\/posts\/192248","targetHints":{"allow":["GET"]}}],"collection":[{"href":"https:\/\/kuali.com.mx\/web\/wp-json\/wp\/v2\/posts"}],"about":[{"href":"https:\/\/kuali.com.mx\/web\/wp-json\/wp\/v2\/types\/post"}],"author":[{"embeddable":true,"href":"https:\/\/kuali.com.mx\/web\/wp-json\/wp\/v2\/users\/2"}],"replies":[{"embeddable":true,"href":"https:\/\/kuali.com.mx\/web\/wp-json\/wp\/v2\/comments?post=192248"}],"version-history":[{"count":1,"href":"https:\/\/kuali.com.mx\/web\/wp-json\/wp\/v2\/posts\/192248\/revisions"}],"predecessor-version":[{"id":192252,"href":"https:\/\/kuali.com.mx\/web\/wp-json\/wp\/v2\/posts\/192248\/revisions\/192252"}],"wp:featuredmedia":[{"embeddable":true,"href":"https:\/\/kuali.com.mx\/web\/wp-json\/wp\/v2\/media\/192249"}],"wp:attachment":[{"href":"https:\/\/kuali.com.mx\/web\/wp-json\/wp\/v2\/media?parent=192248"}],"wp:term":[{"taxonomy":"category","embeddable":true,"href":"https:\/\/kuali.com.mx\/web\/wp-json\/wp\/v2\/categories?post=192248"},{"taxonomy":"post_tag","embeddable":true,"href":"https:\/\/kuali.com.mx\/web\/wp-json\/wp\/v2\/tags?post=192248"}],"curies":[{"name":"wp","href":"https:\/\/api.w.org\/{rel}","templated":true}]}}