{"id":192237,"date":"2025-12-13T13:17:10","date_gmt":"2025-12-13T19:17:10","guid":{"rendered":"https:\/\/kuali.com.mx\/web\/?p=192237"},"modified":"2025-12-13T13:52:26","modified_gmt":"2025-12-13T19:52:26","slug":"abrira-el-zooira-en-vacaciones-de-fin-de-ano","status":"publish","type":"post","link":"https:\/\/kuali.com.mx\/web\/2025\/12\/13\/abrira-el-zooira-en-vacaciones-de-fin-de-ano\/","title":{"rendered":"ABRIR\u00c1 EL ZOOIRA EN VACACIONES DE FIN DE A\u00d1O"},"content":{"rendered":"\n<p><em><strong>Kuali\/Irapuato, Gto<\/strong><\/em>. Ya se acercan las vacaciones de fin de a\u00f1o y el Zool\u00f3gico de Irapuato ya se prepara para recibir a los visitantes, ya que durante dicho lapso, abrir\u00e1 todos los d\u00edas.<\/p>\n\n\n\n<p>Isabel Buenrostro, de Relaciones P\u00fablicas del ZooIra, confirm\u00f3 que desde el inicio oficial de las vacaciones abrir\u00e1n todos los d\u00edas en horario normal.<\/p>\n\n\n\n<p>\u201cInvitamos a todos a que vengan al Zool\u00f3gico, estaremos abiertos en el periodo de vacaciones todos los d\u00edas, de lunes a domingo. Abrimos a partir del lunes 22 de diciembre hasta el domingo 11 de enero, todos los d\u00edas de 9 de la ma\u00f1ana a las 6 de la tarde\u201d.<\/p>\n\n\n\n<p>Los d\u00edas 24, 25 y 31 de diciembre as\u00ed como 1 de enero del 2026, tambi\u00e9n estar\u00e1 abierto.<\/p>\n\n\n\n<p>As\u00ed podr\u00e1s disfrutar de la tirolesa, el trenecito, las lanchas en el lago as\u00ed como la pesca, atracciones que se suman a los m\u00e1s de 500 animales de unas 120 especies distintas que puedes ver en el ZooIra.<\/p>\n\n\n\n<p>La Tirolesa tiene un costo de 70 pesos el viaje; el muro escalador son 3 intentos por 50 pesos, aunque hay un combo de tirolesa y muro escalador por cien pesos. El viaje en el trenecito cuesta 15 pesos, las lancha 50 pesos por media hora hasta 3 personas, adem\u00e1s que puedes interactuar con la Jirafa Zid, acompa\u00f1ado de un veterinario especializado.<\/p>\n\n\n\n<p>Otra de las opciones es que puedes desayunar y comer en el restaurante \u201cEl rinc\u00f3n de Tom\u00e9\u201d, donde podr\u00e1s deleitar tu paladar con exquisitos platillos y a precios muy accesibles.&nbsp;<\/p>\n\n\n\n<p>Isabel Buenrostro invit\u00f3 a las familias, as\u00ed como a los \u201cpaisanos\u201d que vienen de Estados Unidos, a que visiten el parque para ver los animalitos, como los monos ara\u00f1a, hipop\u00f3tamos, bisontes, los grandes felinos, los aviarios, las aves rapaces, el herpetario y la granjita para los peque\u00f1os.<\/p>\n\n\n\n<p>As\u00ed que ya sabes, en el pr\u00f3ximo periodo vacacional, el ZooIra estar\u00e1 abierto todos los d\u00edas para que puedas disfrutar un fin de a\u00f1o \u00a1naturalmente divertido!.<\/p>\n","protected":false},"excerpt":{"rendered":"Kuali\/Irapuato, Gto. Ya se acercan las vacaciones de fin de a\u00f1o y el Zool\u00f3gico de Irapuato ya se prepara para recibir a los visitantes, ya que durante dicho lapso, abrir\u00e1 todos los d\u00edas. Isabel Buenrostro, de Relaciones P\u00fablicas del ZooIra, confirm\u00f3 que desde el inicio oficial de las vacaciones abrir\u00e1n todos los d\u00edas en horario [&hellip;]","protected":false},"author":2,"featured_media":192240,"comment_status":"open","ping_status":"open","sticky":false,"template":"","format":"standard","meta":{"_seopress_robots_primary_cat":"none","_seopress_titles_title":"","_seopress_titles_desc":"","_seopress_robots_index":"","_monsterinsights_skip_tracking":false,"_monsterinsights_sitenote_active":false,"_monsterinsights_sitenote_note":"","_monsterinsights_sitenote_category":0,"footnotes":""},"categories":[13],"tags":[],"class_list":["post-192237","post","type-post","status-publish","format-standard","has-post-thumbnail","hentry","category-turismo"],"yoast_head":"<!-- This site is optimized with the Yoast SEO plugin v27.4 - https:\/\/yoast.com\/product\/yoast-seo-wordpress\/ -->\n<title>ABRIR\u00c1 EL ZOOIRA EN VACACIONES DE FIN DE A\u00d1O - Kuali<\/title>\n<meta name=\"robots\" content=\"index, follow, max-snippet:-1, max-image-preview:large, max-video-preview:-1\" \/>\n<link rel=\"canonical\" href=\"https:\/\/kuali.com.mx\/web\/2025\/12\/13\/abrira-el-zooira-en-vacaciones-de-fin-de-ano\/\" \/>\n<meta property=\"og:locale\" content=\"es_MX\" \/>\n<meta property=\"og:type\" content=\"article\" \/>\n<meta property=\"og:title\" content=\"ABRIR\u00c1 EL ZOOIRA EN VACACIONES DE FIN DE A\u00d1O - Kuali\" \/>\n<meta property=\"og:description\" content=\"Kuali\/Irapuato, Gto. Ya se acercan las vacaciones de fin de a\u00f1o y el Zool\u00f3gico de Irapuato ya se prepara para recibir a los visitantes, ya que durante dicho lapso, abrir\u00e1 todos los d\u00edas. Isabel Buenrostro, de Relaciones P\u00fablicas del ZooIra, confirm\u00f3 que desde el inicio oficial de las vacaciones abrir\u00e1n todos los d\u00edas en horario [&hellip;]\" \/>\n<meta property=\"og:url\" content=\"https:\/\/kuali.com.mx\/web\/2025\/12\/13\/abrira-el-zooira-en-vacaciones-de-fin-de-ano\/\" \/>\n<meta property=\"og:site_name\" content=\"Kuali\" \/>\n<meta property=\"article:publisher\" content=\"https:\/\/kuali.com.mx\/web\/wp-content\/uploads\/2018\/04\/cropped-kuali_logo-1-1.png\" \/>\n<meta property=\"article:published_time\" content=\"2025-12-13T19:17:10+00:00\" \/>\n<meta property=\"article:modified_time\" content=\"2025-12-13T19:52:26+00:00\" \/>\n<meta property=\"og:image\" content=\"https:\/\/kuali.com.mx\/web\/wp-content\/uploads\/2025\/12\/ZOOIRA.jpg\" \/>\n\t<meta property=\"og:image:width\" content=\"1750\" \/>\n\t<meta property=\"og:image:height\" content=\"890\" \/>\n\t<meta property=\"og:image:type\" content=\"image\/jpeg\" \/>\n<meta name=\"author\" content=\"Kuali Staff\" \/>\n<meta name=\"twitter:card\" content=\"summary_large_image\" \/>\n<meta name=\"twitter:creator\" content=\"@kuali_noticias\" \/>\n<meta name=\"twitter:site\" content=\"@kuali_noticias\" \/>\n<meta name=\"twitter:label1\" content=\"Escrito por\" \/>\n\t<meta name=\"twitter:data1\" content=\"Kuali Staff\" \/>\n\t<meta name=\"twitter:label2\" content=\"Tiempo de lectura\" \/>\n\t<meta name=\"twitter:data2\" content=\"2 minutos\" \/>\n<script type=\"application\/ld+json\" class=\"yoast-schema-graph\">{\"@context\":\"https:\\\/\\\/schema.org\",\"@graph\":[{\"@type\":\"Article\",\"@id\":\"https:\\\/\\\/kuali.com.mx\\\/web\\\/2025\\\/12\\\/13\\\/abrira-el-zooira-en-vacaciones-de-fin-de-ano\\\/#article\",\"isPartOf\":{\"@id\":\"https:\\\/\\\/kuali.com.mx\\\/web\\\/2025\\\/12\\\/13\\\/abrira-el-zooira-en-vacaciones-de-fin-de-ano\\\/\"},\"author\":{\"name\":\"Kuali Staff\",\"@id\":\"https:\\\/\\\/kuali.com.mx\\\/web\\\/#\\\/schema\\\/person\\\/6f89ffa8ecba9dae50662357923c5289\"},\"headline\":\"ABRIR\u00c1 EL ZOOIRA EN VACACIONES DE FIN DE A\u00d1O\",\"datePublished\":\"2025-12-13T19:17:10+00:00\",\"dateModified\":\"2025-12-13T19:52:26+00:00\",\"mainEntityOfPage\":{\"@id\":\"https:\\\/\\\/kuali.com.mx\\\/web\\\/2025\\\/12\\\/13\\\/abrira-el-zooira-en-vacaciones-de-fin-de-ano\\\/\"},\"wordCount\":346,\"commentCount\":0,\"image\":{\"@id\":\"https:\\\/\\\/kuali.com.mx\\\/web\\\/2025\\\/12\\\/13\\\/abrira-el-zooira-en-vacaciones-de-fin-de-ano\\\/#primaryimage\"},\"thumbnailUrl\":\"https:\\\/\\\/kuali.com.mx\\\/web\\\/wp-content\\\/uploads\\\/2025\\\/12\\\/ZOOIRA.jpg\",\"articleSection\":[\"Turismo\"],\"inLanguage\":\"es\",\"potentialAction\":[{\"@type\":\"CommentAction\",\"name\":\"Comment\",\"target\":[\"https:\\\/\\\/kuali.com.mx\\\/web\\\/2025\\\/12\\\/13\\\/abrira-el-zooira-en-vacaciones-de-fin-de-ano\\\/#respond\"]}]},{\"@type\":\"WebPage\",\"@id\":\"https:\\\/\\\/kuali.com.mx\\\/web\\\/2025\\\/12\\\/13\\\/abrira-el-zooira-en-vacaciones-de-fin-de-ano\\\/\",\"url\":\"https:\\\/\\\/kuali.com.mx\\\/web\\\/2025\\\/12\\\/13\\\/abrira-el-zooira-en-vacaciones-de-fin-de-ano\\\/\",\"name\":\"ABRIR\u00c1 EL ZOOIRA EN VACACIONES DE FIN DE A\u00d1O - Kuali\",\"isPartOf\":{\"@id\":\"https:\\\/\\\/kuali.com.mx\\\/web\\\/#website\"},\"primaryImageOfPage\":{\"@id\":\"https:\\\/\\\/kuali.com.mx\\\/web\\\/2025\\\/12\\\/13\\\/abrira-el-zooira-en-vacaciones-de-fin-de-ano\\\/#primaryimage\"},\"image\":{\"@id\":\"https:\\\/\\\/kuali.com.mx\\\/web\\\/2025\\\/12\\\/13\\\/abrira-el-zooira-en-vacaciones-de-fin-de-ano\\\/#primaryimage\"},\"thumbnailUrl\":\"https:\\\/\\\/kuali.com.mx\\\/web\\\/wp-content\\\/uploads\\\/2025\\\/12\\\/ZOOIRA.jpg\",\"datePublished\":\"2025-12-13T19:17:10+00:00\",\"dateModified\":\"2025-12-13T19:52:26+00:00\",\"author\":{\"@id\":\"https:\\\/\\\/kuali.com.mx\\\/web\\\/#\\\/schema\\\/person\\\/6f89ffa8ecba9dae50662357923c5289\"},\"breadcrumb\":{\"@id\":\"https:\\\/\\\/kuali.com.mx\\\/web\\\/2025\\\/12\\\/13\\\/abrira-el-zooira-en-vacaciones-de-fin-de-ano\\\/#breadcrumb\"},\"inLanguage\":\"es\",\"potentialAction\":[{\"@type\":\"ReadAction\",\"target\":[\"https:\\\/\\\/kuali.com.mx\\\/web\\\/2025\\\/12\\\/13\\\/abrira-el-zooira-en-vacaciones-de-fin-de-ano\\\/\"]}]},{\"@type\":\"ImageObject\",\"inLanguage\":\"es\",\"@id\":\"https:\\\/\\\/kuali.com.mx\\\/web\\\/2025\\\/12\\\/13\\\/abrira-el-zooira-en-vacaciones-de-fin-de-ano\\\/#primaryimage\",\"url\":\"https:\\\/\\\/kuali.com.mx\\\/web\\\/wp-content\\\/uploads\\\/2025\\\/12\\\/ZOOIRA.jpg\",\"contentUrl\":\"https:\\\/\\\/kuali.com.mx\\\/web\\\/wp-content\\\/uploads\\\/2025\\\/12\\\/ZOOIRA.jpg\",\"width\":1750,\"height\":890},{\"@type\":\"BreadcrumbList\",\"@id\":\"https:\\\/\\\/kuali.com.mx\\\/web\\\/2025\\\/12\\\/13\\\/abrira-el-zooira-en-vacaciones-de-fin-de-ano\\\/#breadcrumb\",\"itemListElement\":[{\"@type\":\"ListItem\",\"position\":1,\"name\":\"Inicio\",\"item\":\"https:\\\/\\\/kuali.com.mx\\\/web\\\/\"},{\"@type\":\"ListItem\",\"position\":2,\"name\":\"ABRIR\u00c1 EL ZOOIRA EN VACACIONES DE FIN DE A\u00d1O\"}]},{\"@type\":\"WebSite\",\"@id\":\"https:\\\/\\\/kuali.com.mx\\\/web\\\/#website\",\"url\":\"https:\\\/\\\/kuali.com.mx\\\/web\\\/\",\"name\":\"Kuali\",\"description\":\"\",\"potentialAction\":[{\"@type\":\"SearchAction\",\"target\":{\"@type\":\"EntryPoint\",\"urlTemplate\":\"https:\\\/\\\/kuali.com.mx\\\/web\\\/?s={search_term_string}\"},\"query-input\":{\"@type\":\"PropertyValueSpecification\",\"valueRequired\":true,\"valueName\":\"search_term_string\"}}],\"inLanguage\":\"es\"},{\"@type\":\"Person\",\"@id\":\"https:\\\/\\\/kuali.com.mx\\\/web\\\/#\\\/schema\\\/person\\\/6f89ffa8ecba9dae50662357923c5289\",\"name\":\"Kuali Staff\",\"image\":{\"@type\":\"ImageObject\",\"inLanguage\":\"es\",\"@id\":\"https:\\\/\\\/secure.gravatar.com\\\/avatar\\\/f917ad82e5ab71227a733c78b6e60715476f69ee6be59feee4eb5d9920c89e0f?s=96&d=mm&r=g\",\"url\":\"https:\\\/\\\/secure.gravatar.com\\\/avatar\\\/f917ad82e5ab71227a733c78b6e60715476f69ee6be59feee4eb5d9920c89e0f?s=96&d=mm&r=g\",\"contentUrl\":\"https:\\\/\\\/secure.gravatar.com\\\/avatar\\\/f917ad82e5ab71227a733c78b6e60715476f69ee6be59feee4eb5d9920c89e0f?s=96&d=mm&r=g\",\"caption\":\"Kuali Staff\"},\"url\":\"https:\\\/\\\/kuali.com.mx\\\/web\\\/author\\\/lagarto\\\/\"}]}<\/script>\n<!-- \/ Yoast SEO plugin. -->","yoast_head_json":{"title":"ABRIR\u00c1 EL ZOOIRA EN VACACIONES DE FIN DE A\u00d1O - Kuali","robots":{"index":"index","follow":"follow","max-snippet":"max-snippet:-1","max-image-preview":"max-image-preview:large","max-video-preview":"max-video-preview:-1"},"canonical":"https:\/\/kuali.com.mx\/web\/2025\/12\/13\/abrira-el-zooira-en-vacaciones-de-fin-de-ano\/","og_locale":"es_MX","og_type":"article","og_title":"ABRIR\u00c1 EL ZOOIRA EN VACACIONES DE FIN DE A\u00d1O - Kuali","og_description":"Kuali\/Irapuato, Gto. Ya se acercan las vacaciones de fin de a\u00f1o y el Zool\u00f3gico de Irapuato ya se prepara para recibir a los visitantes, ya que durante dicho lapso, abrir\u00e1 todos los d\u00edas. Isabel Buenrostro, de Relaciones P\u00fablicas del ZooIra, confirm\u00f3 que desde el inicio oficial de las vacaciones abrir\u00e1n todos los d\u00edas en horario [&hellip;]","og_url":"https:\/\/kuali.com.mx\/web\/2025\/12\/13\/abrira-el-zooira-en-vacaciones-de-fin-de-ano\/","og_site_name":"Kuali","article_publisher":"https:\/\/kuali.com.mx\/web\/wp-content\/uploads\/2018\/04\/cropped-kuali_logo-1-1.png","article_published_time":"2025-12-13T19:17:10+00:00","article_modified_time":"2025-12-13T19:52:26+00:00","og_image":[{"width":1750,"height":890,"url":"https:\/\/kuali.com.mx\/web\/wp-content\/uploads\/2025\/12\/ZOOIRA.jpg","type":"image\/jpeg"}],"author":"Kuali Staff","twitter_card":"summary_large_image","twitter_creator":"@kuali_noticias","twitter_site":"@kuali_noticias","twitter_misc":{"Escrito por":"Kuali Staff","Tiempo de lectura":"2 minutos"},"schema":{"@context":"https:\/\/schema.org","@graph":[{"@type":"Article","@id":"https:\/\/kuali.com.mx\/web\/2025\/12\/13\/abrira-el-zooira-en-vacaciones-de-fin-de-ano\/#article","isPartOf":{"@id":"https:\/\/kuali.com.mx\/web\/2025\/12\/13\/abrira-el-zooira-en-vacaciones-de-fin-de-ano\/"},"author":{"name":"Kuali Staff","@id":"https:\/\/kuali.com.mx\/web\/#\/schema\/person\/6f89ffa8ecba9dae50662357923c5289"},"headline":"ABRIR\u00c1 EL ZOOIRA EN VACACIONES DE FIN DE A\u00d1O","datePublished":"2025-12-13T19:17:10+00:00","dateModified":"2025-12-13T19:52:26+00:00","mainEntityOfPage":{"@id":"https:\/\/kuali.com.mx\/web\/2025\/12\/13\/abrira-el-zooira-en-vacaciones-de-fin-de-ano\/"},"wordCount":346,"commentCount":0,"image":{"@id":"https:\/\/kuali.com.mx\/web\/2025\/12\/13\/abrira-el-zooira-en-vacaciones-de-fin-de-ano\/#primaryimage"},"thumbnailUrl":"https:\/\/kuali.com.mx\/web\/wp-content\/uploads\/2025\/12\/ZOOIRA.jpg","articleSection":["Turismo"],"inLanguage":"es","potentialAction":[{"@type":"CommentAction","name":"Comment","target":["https:\/\/kuali.com.mx\/web\/2025\/12\/13\/abrira-el-zooira-en-vacaciones-de-fin-de-ano\/#respond"]}]},{"@type":"WebPage","@id":"https:\/\/kuali.com.mx\/web\/2025\/12\/13\/abrira-el-zooira-en-vacaciones-de-fin-de-ano\/","url":"https:\/\/kuali.com.mx\/web\/2025\/12\/13\/abrira-el-zooira-en-vacaciones-de-fin-de-ano\/","name":"ABRIR\u00c1 EL ZOOIRA EN VACACIONES DE FIN DE A\u00d1O - Kuali","isPartOf":{"@id":"https:\/\/kuali.com.mx\/web\/#website"},"primaryImageOfPage":{"@id":"https:\/\/kuali.com.mx\/web\/2025\/12\/13\/abrira-el-zooira-en-vacaciones-de-fin-de-ano\/#primaryimage"},"image":{"@id":"https:\/\/kuali.com.mx\/web\/2025\/12\/13\/abrira-el-zooira-en-vacaciones-de-fin-de-ano\/#primaryimage"},"thumbnailUrl":"https:\/\/kuali.com.mx\/web\/wp-content\/uploads\/2025\/12\/ZOOIRA.jpg","datePublished":"2025-12-13T19:17:10+00:00","dateModified":"2025-12-13T19:52:26+00:00","author":{"@id":"https:\/\/kuali.com.mx\/web\/#\/schema\/person\/6f89ffa8ecba9dae50662357923c5289"},"breadcrumb":{"@id":"https:\/\/kuali.com.mx\/web\/2025\/12\/13\/abrira-el-zooira-en-vacaciones-de-fin-de-ano\/#breadcrumb"},"inLanguage":"es","potentialAction":[{"@type":"ReadAction","target":["https:\/\/kuali.com.mx\/web\/2025\/12\/13\/abrira-el-zooira-en-vacaciones-de-fin-de-ano\/"]}]},{"@type":"ImageObject","inLanguage":"es","@id":"https:\/\/kuali.com.mx\/web\/2025\/12\/13\/abrira-el-zooira-en-vacaciones-de-fin-de-ano\/#primaryimage","url":"https:\/\/kuali.com.mx\/web\/wp-content\/uploads\/2025\/12\/ZOOIRA.jpg","contentUrl":"https:\/\/kuali.com.mx\/web\/wp-content\/uploads\/2025\/12\/ZOOIRA.jpg","width":1750,"height":890},{"@type":"BreadcrumbList","@id":"https:\/\/kuali.com.mx\/web\/2025\/12\/13\/abrira-el-zooira-en-vacaciones-de-fin-de-ano\/#breadcrumb","itemListElement":[{"@type":"ListItem","position":1,"name":"Inicio","item":"https:\/\/kuali.com.mx\/web\/"},{"@type":"ListItem","position":2,"name":"ABRIR\u00c1 EL ZOOIRA EN VACACIONES DE FIN DE A\u00d1O"}]},{"@type":"WebSite","@id":"https:\/\/kuali.com.mx\/web\/#website","url":"https:\/\/kuali.com.mx\/web\/","name":"Kuali","description":"","potentialAction":[{"@type":"SearchAction","target":{"@type":"EntryPoint","urlTemplate":"https:\/\/kuali.com.mx\/web\/?s={search_term_string}"},"query-input":{"@type":"PropertyValueSpecification","valueRequired":true,"valueName":"search_term_string"}}],"inLanguage":"es"},{"@type":"Person","@id":"https:\/\/kuali.com.mx\/web\/#\/schema\/person\/6f89ffa8ecba9dae50662357923c5289","name":"Kuali Staff","image":{"@type":"ImageObject","inLanguage":"es","@id":"https:\/\/secure.gravatar.com\/avatar\/f917ad82e5ab71227a733c78b6e60715476f69ee6be59feee4eb5d9920c89e0f?s=96&d=mm&r=g","url":"https:\/\/secure.gravatar.com\/avatar\/f917ad82e5ab71227a733c78b6e60715476f69ee6be59feee4eb5d9920c89e0f?s=96&d=mm&r=g","contentUrl":"https:\/\/secure.gravatar.com\/avatar\/f917ad82e5ab71227a733c78b6e60715476f69ee6be59feee4eb5d9920c89e0f?s=96&d=mm&r=g","caption":"Kuali Staff"},"url":"https:\/\/kuali.com.mx\/web\/author\/lagarto\/"}]}},"_links":{"self":[{"href":"https:\/\/kuali.com.mx\/web\/wp-json\/wp\/v2\/posts\/192237","targetHints":{"allow":["GET"]}}],"collection":[{"href":"https:\/\/kuali.com.mx\/web\/wp-json\/wp\/v2\/posts"}],"about":[{"href":"https:\/\/kuali.com.mx\/web\/wp-json\/wp\/v2\/types\/post"}],"author":[{"embeddable":true,"href":"https:\/\/kuali.com.mx\/web\/wp-json\/wp\/v2\/users\/2"}],"replies":[{"embeddable":true,"href":"https:\/\/kuali.com.mx\/web\/wp-json\/wp\/v2\/comments?post=192237"}],"version-history":[{"count":2,"href":"https:\/\/kuali.com.mx\/web\/wp-json\/wp\/v2\/posts\/192237\/revisions"}],"predecessor-version":[{"id":192246,"href":"https:\/\/kuali.com.mx\/web\/wp-json\/wp\/v2\/posts\/192237\/revisions\/192246"}],"wp:featuredmedia":[{"embeddable":true,"href":"https:\/\/kuali.com.mx\/web\/wp-json\/wp\/v2\/media\/192240"}],"wp:attachment":[{"href":"https:\/\/kuali.com.mx\/web\/wp-json\/wp\/v2\/media?parent=192237"}],"wp:term":[{"taxonomy":"category","embeddable":true,"href":"https:\/\/kuali.com.mx\/web\/wp-json\/wp\/v2\/categories?post=192237"},{"taxonomy":"post_tag","embeddable":true,"href":"https:\/\/kuali.com.mx\/web\/wp-json\/wp\/v2\/tags?post=192237"}],"curies":[{"name":"wp","href":"https:\/\/api.w.org\/{rel}","templated":true}]}}