{"id":191295,"date":"2025-12-01T15:59:52","date_gmt":"2025-12-01T21:59:52","guid":{"rendered":"https:\/\/kuali.com.mx\/web\/?p=191295"},"modified":"2025-12-01T21:36:05","modified_gmt":"2025-12-02T03:36:05","slug":"ataques-vienen-del-pan-municipal-acusa-alcaldesa","status":"publish","type":"post","link":"https:\/\/kuali.com.mx\/web\/2025\/12\/01\/ataques-vienen-del-pan-municipal-acusa-alcaldesa\/","title":{"rendered":"ATAQUES VIENEN DEL PAN MUNICIPAL, ACUSA ALCALDESA"},"content":{"rendered":"\n<p><strong><em>Carlos Garc\u00eda\/Le\u00f3n, Gto.-<\/em><\/strong> La alcaldesa de Le\u00f3n, Alejandra Guti\u00e9rrez Campos, acus\u00f3 al Comit\u00e9 Municipal del PAN, que encabeza Antonio Guerrero Horta, de orquestar ataques en su contra y de difundir el rumor de que renunciar\u00eda al blanquiazul.<\/p>\n\n\n\n<p>\u201cLo chistoso es que los ataques vengan del propio Comit\u00e9 Municipal, por eso mis cr\u00edticas hacia el interior y lo seguir\u00e9 haciendo\u201d, expuso.<\/p>\n\n\n\n<p>Agreg\u00f3 que tambi\u00e9n han filtrado el tema sobre una disminuci\u00f3n en los pagos de sus cuotas partidistas.<\/p>\n\n\n\n<p>La presidenta explic\u00f3 que sus cotas estaban domiciliadas, pero por cuestiones fiscales el Comit\u00e9 pidi\u00f3 que los pagos ya no fueran cobrados autom\u00e1ticamente.<\/p>\n\n\n\n<p>Ahora los tr\u00e1mites para pagar las cuotas son \u201ctan engorrosos\u201d que muchas militantes pierden hasta un d\u00eda para cubrir las aportaciones, se\u00f1al\u00f3.<\/p>\n\n\n\n<p>\u201cSi alguien ha pagado de manera puntual toda la vida, y lo podr\u00e1n decir los que han estado de presidentes del Comit\u00e9, ha sido su servidora\u201d, manifest\u00f3.<\/p>\n\n\n\n<p>Guti\u00e9rrez Campos dijo que su postura cr\u00edtica es inc\u00f3moda para algunos personajes del PAN \u201cque les encantar\u00eda que fuera a la brevedad\u201d.<\/p>\n\n\n\n<p>\u201cSigo siendo parte de Acci\u00f3n Nacional, yo no he presentado renuncia, aun cuando hubo personal del propio Comit\u00e9 Municipal que empez\u00f3 a mandar WhatsApp diciendo que ya hab\u00eda renunciado\u201d, denunci\u00f3.<\/p>\n\n\n\n<p>Despu\u00e9s de la reuni\u00f3n que sostuvo con el l\u00edder nacional del PAN, Jorge Romero; el l\u00edder estatal, Aldo M\u00e1rquez Becerra, no la ha convocado a un di\u00e1logo, manifest\u00f3.<\/p>\n\n\n\n<p>A\u00f1adi\u00f3 que ella dialog\u00f3 con Jorge Romero para levantar la voz y llevar las inquietudes de muchos militantes porque \u201cno me voy a quedar callada\u201d.<\/p>\n\n\n\n<p>\u201cMi responsabilidad es trabajar por las leonesas y los leoneses, y no hacer grilla barata como algunos lo est\u00e1n haciendo; pareciera que su trabajo es atacar y no trabajar\u201d, expuso.<\/p>\n","protected":false},"excerpt":{"rendered":"Carlos Garc\u00eda\/Le\u00f3n, Gto.- La alcaldesa de Le\u00f3n, Alejandra Guti\u00e9rrez Campos, acus\u00f3 al Comit\u00e9 Municipal del PAN, que encabeza Antonio Guerrero Horta, de orquestar ataques en su contra y de difundir el rumor de que renunciar\u00eda al blanquiazul. \u201cLo chistoso es que los ataques vengan del propio Comit\u00e9 Municipal, por eso mis cr\u00edticas hacia el interior [&hellip;]","protected":false},"author":2,"featured_media":191298,"comment_status":"open","ping_status":"open","sticky":false,"template":"","format":"standard","meta":{"_seopress_robots_primary_cat":"none","_seopress_titles_title":"","_seopress_titles_desc":"","_seopress_robots_index":"","_monsterinsights_skip_tracking":false,"_monsterinsights_sitenote_active":false,"_monsterinsights_sitenote_note":"","_monsterinsights_sitenote_category":0,"footnotes":""},"categories":[3,69],"tags":[],"class_list":["post-191295","post","type-post","status-publish","format-standard","has-post-thumbnail","hentry","category-politica","category-slider"],"yoast_head":"<!-- This site is optimized with the Yoast SEO plugin v27.4 - https:\/\/yoast.com\/product\/yoast-seo-wordpress\/ -->\n<title>ATAQUES VIENEN DEL PAN MUNICIPAL, ACUSA ALCALDESA - Kuali<\/title>\n<meta name=\"robots\" content=\"index, follow, max-snippet:-1, max-image-preview:large, max-video-preview:-1\" \/>\n<link rel=\"canonical\" href=\"https:\/\/kuali.com.mx\/web\/2025\/12\/01\/ataques-vienen-del-pan-municipal-acusa-alcaldesa\/\" \/>\n<meta property=\"og:locale\" content=\"es_MX\" \/>\n<meta property=\"og:type\" content=\"article\" \/>\n<meta property=\"og:title\" content=\"ATAQUES VIENEN DEL PAN MUNICIPAL, ACUSA ALCALDESA - Kuali\" \/>\n<meta property=\"og:description\" content=\"Carlos Garc\u00eda\/Le\u00f3n, Gto.- La alcaldesa de Le\u00f3n, Alejandra Guti\u00e9rrez Campos, acus\u00f3 al Comit\u00e9 Municipal del PAN, que encabeza Antonio Guerrero Horta, de orquestar ataques en su contra y de difundir el rumor de que renunciar\u00eda al blanquiazul. \u201cLo chistoso es que los ataques vengan del propio Comit\u00e9 Municipal, por eso mis cr\u00edticas hacia el interior [&hellip;]\" \/>\n<meta property=\"og:url\" content=\"https:\/\/kuali.com.mx\/web\/2025\/12\/01\/ataques-vienen-del-pan-municipal-acusa-alcaldesa\/\" \/>\n<meta property=\"og:site_name\" content=\"Kuali\" \/>\n<meta property=\"article:publisher\" content=\"https:\/\/kuali.com.mx\/web\/wp-content\/uploads\/2018\/04\/cropped-kuali_logo-1-1.png\" \/>\n<meta property=\"article:published_time\" content=\"2025-12-01T21:59:52+00:00\" \/>\n<meta property=\"article:modified_time\" content=\"2025-12-02T03:36:05+00:00\" \/>\n<meta property=\"og:image\" content=\"https:\/\/kuali.com.mx\/web\/wp-content\/uploads\/2025\/12\/Alcaldesa-Alejandra-Gutierrez.jpg\" \/>\n\t<meta property=\"og:image:width\" content=\"1778\" \/>\n\t<meta property=\"og:image:height\" content=\"750\" \/>\n\t<meta property=\"og:image:type\" content=\"image\/jpeg\" \/>\n<meta name=\"author\" content=\"Kuali Staff\" \/>\n<meta name=\"twitter:card\" content=\"summary_large_image\" \/>\n<meta name=\"twitter:creator\" content=\"@kuali_noticias\" \/>\n<meta name=\"twitter:site\" content=\"@kuali_noticias\" \/>\n<meta name=\"twitter:label1\" content=\"Escrito por\" \/>\n\t<meta name=\"twitter:data1\" content=\"Kuali Staff\" \/>\n\t<meta name=\"twitter:label2\" content=\"Tiempo de lectura\" \/>\n\t<meta name=\"twitter:data2\" content=\"2 minutos\" \/>\n<script type=\"application\/ld+json\" class=\"yoast-schema-graph\">{\"@context\":\"https:\\\/\\\/schema.org\",\"@graph\":[{\"@type\":\"Article\",\"@id\":\"https:\\\/\\\/kuali.com.mx\\\/web\\\/2025\\\/12\\\/01\\\/ataques-vienen-del-pan-municipal-acusa-alcaldesa\\\/#article\",\"isPartOf\":{\"@id\":\"https:\\\/\\\/kuali.com.mx\\\/web\\\/2025\\\/12\\\/01\\\/ataques-vienen-del-pan-municipal-acusa-alcaldesa\\\/\"},\"author\":{\"name\":\"Kuali Staff\",\"@id\":\"https:\\\/\\\/kuali.com.mx\\\/web\\\/#\\\/schema\\\/person\\\/6f89ffa8ecba9dae50662357923c5289\"},\"headline\":\"ATAQUES VIENEN DEL PAN MUNICIPAL, ACUSA ALCALDESA\",\"datePublished\":\"2025-12-01T21:59:52+00:00\",\"dateModified\":\"2025-12-02T03:36:05+00:00\",\"mainEntityOfPage\":{\"@id\":\"https:\\\/\\\/kuali.com.mx\\\/web\\\/2025\\\/12\\\/01\\\/ataques-vienen-del-pan-municipal-acusa-alcaldesa\\\/\"},\"wordCount\":320,\"commentCount\":0,\"image\":{\"@id\":\"https:\\\/\\\/kuali.com.mx\\\/web\\\/2025\\\/12\\\/01\\\/ataques-vienen-del-pan-municipal-acusa-alcaldesa\\\/#primaryimage\"},\"thumbnailUrl\":\"https:\\\/\\\/kuali.com.mx\\\/web\\\/wp-content\\\/uploads\\\/2025\\\/12\\\/Alcaldesa-Alejandra-Gutierrez.jpg\",\"articleSection\":[\"Pol\u00edtica\",\"slider\"],\"inLanguage\":\"es\",\"potentialAction\":[{\"@type\":\"CommentAction\",\"name\":\"Comment\",\"target\":[\"https:\\\/\\\/kuali.com.mx\\\/web\\\/2025\\\/12\\\/01\\\/ataques-vienen-del-pan-municipal-acusa-alcaldesa\\\/#respond\"]}]},{\"@type\":\"WebPage\",\"@id\":\"https:\\\/\\\/kuali.com.mx\\\/web\\\/2025\\\/12\\\/01\\\/ataques-vienen-del-pan-municipal-acusa-alcaldesa\\\/\",\"url\":\"https:\\\/\\\/kuali.com.mx\\\/web\\\/2025\\\/12\\\/01\\\/ataques-vienen-del-pan-municipal-acusa-alcaldesa\\\/\",\"name\":\"ATAQUES VIENEN DEL PAN MUNICIPAL, ACUSA ALCALDESA - Kuali\",\"isPartOf\":{\"@id\":\"https:\\\/\\\/kuali.com.mx\\\/web\\\/#website\"},\"primaryImageOfPage\":{\"@id\":\"https:\\\/\\\/kuali.com.mx\\\/web\\\/2025\\\/12\\\/01\\\/ataques-vienen-del-pan-municipal-acusa-alcaldesa\\\/#primaryimage\"},\"image\":{\"@id\":\"https:\\\/\\\/kuali.com.mx\\\/web\\\/2025\\\/12\\\/01\\\/ataques-vienen-del-pan-municipal-acusa-alcaldesa\\\/#primaryimage\"},\"thumbnailUrl\":\"https:\\\/\\\/kuali.com.mx\\\/web\\\/wp-content\\\/uploads\\\/2025\\\/12\\\/Alcaldesa-Alejandra-Gutierrez.jpg\",\"datePublished\":\"2025-12-01T21:59:52+00:00\",\"dateModified\":\"2025-12-02T03:36:05+00:00\",\"author\":{\"@id\":\"https:\\\/\\\/kuali.com.mx\\\/web\\\/#\\\/schema\\\/person\\\/6f89ffa8ecba9dae50662357923c5289\"},\"breadcrumb\":{\"@id\":\"https:\\\/\\\/kuali.com.mx\\\/web\\\/2025\\\/12\\\/01\\\/ataques-vienen-del-pan-municipal-acusa-alcaldesa\\\/#breadcrumb\"},\"inLanguage\":\"es\",\"potentialAction\":[{\"@type\":\"ReadAction\",\"target\":[\"https:\\\/\\\/kuali.com.mx\\\/web\\\/2025\\\/12\\\/01\\\/ataques-vienen-del-pan-municipal-acusa-alcaldesa\\\/\"]}]},{\"@type\":\"ImageObject\",\"inLanguage\":\"es\",\"@id\":\"https:\\\/\\\/kuali.com.mx\\\/web\\\/2025\\\/12\\\/01\\\/ataques-vienen-del-pan-municipal-acusa-alcaldesa\\\/#primaryimage\",\"url\":\"https:\\\/\\\/kuali.com.mx\\\/web\\\/wp-content\\\/uploads\\\/2025\\\/12\\\/Alcaldesa-Alejandra-Gutierrez.jpg\",\"contentUrl\":\"https:\\\/\\\/kuali.com.mx\\\/web\\\/wp-content\\\/uploads\\\/2025\\\/12\\\/Alcaldesa-Alejandra-Gutierrez.jpg\",\"width\":1778,\"height\":750},{\"@type\":\"BreadcrumbList\",\"@id\":\"https:\\\/\\\/kuali.com.mx\\\/web\\\/2025\\\/12\\\/01\\\/ataques-vienen-del-pan-municipal-acusa-alcaldesa\\\/#breadcrumb\",\"itemListElement\":[{\"@type\":\"ListItem\",\"position\":1,\"name\":\"Inicio\",\"item\":\"https:\\\/\\\/kuali.com.mx\\\/web\\\/\"},{\"@type\":\"ListItem\",\"position\":2,\"name\":\"ATAQUES VIENEN DEL PAN MUNICIPAL, ACUSA ALCALDESA\"}]},{\"@type\":\"WebSite\",\"@id\":\"https:\\\/\\\/kuali.com.mx\\\/web\\\/#website\",\"url\":\"https:\\\/\\\/kuali.com.mx\\\/web\\\/\",\"name\":\"Kuali\",\"description\":\"\",\"potentialAction\":[{\"@type\":\"SearchAction\",\"target\":{\"@type\":\"EntryPoint\",\"urlTemplate\":\"https:\\\/\\\/kuali.com.mx\\\/web\\\/?s={search_term_string}\"},\"query-input\":{\"@type\":\"PropertyValueSpecification\",\"valueRequired\":true,\"valueName\":\"search_term_string\"}}],\"inLanguage\":\"es\"},{\"@type\":\"Person\",\"@id\":\"https:\\\/\\\/kuali.com.mx\\\/web\\\/#\\\/schema\\\/person\\\/6f89ffa8ecba9dae50662357923c5289\",\"name\":\"Kuali Staff\",\"image\":{\"@type\":\"ImageObject\",\"inLanguage\":\"es\",\"@id\":\"https:\\\/\\\/secure.gravatar.com\\\/avatar\\\/f917ad82e5ab71227a733c78b6e60715476f69ee6be59feee4eb5d9920c89e0f?s=96&d=mm&r=g\",\"url\":\"https:\\\/\\\/secure.gravatar.com\\\/avatar\\\/f917ad82e5ab71227a733c78b6e60715476f69ee6be59feee4eb5d9920c89e0f?s=96&d=mm&r=g\",\"contentUrl\":\"https:\\\/\\\/secure.gravatar.com\\\/avatar\\\/f917ad82e5ab71227a733c78b6e60715476f69ee6be59feee4eb5d9920c89e0f?s=96&d=mm&r=g\",\"caption\":\"Kuali Staff\"},\"url\":\"https:\\\/\\\/kuali.com.mx\\\/web\\\/author\\\/lagarto\\\/\"}]}<\/script>\n<!-- \/ Yoast SEO plugin. -->","yoast_head_json":{"title":"ATAQUES VIENEN DEL PAN MUNICIPAL, ACUSA ALCALDESA - Kuali","robots":{"index":"index","follow":"follow","max-snippet":"max-snippet:-1","max-image-preview":"max-image-preview:large","max-video-preview":"max-video-preview:-1"},"canonical":"https:\/\/kuali.com.mx\/web\/2025\/12\/01\/ataques-vienen-del-pan-municipal-acusa-alcaldesa\/","og_locale":"es_MX","og_type":"article","og_title":"ATAQUES VIENEN DEL PAN MUNICIPAL, ACUSA ALCALDESA - Kuali","og_description":"Carlos Garc\u00eda\/Le\u00f3n, Gto.- La alcaldesa de Le\u00f3n, Alejandra Guti\u00e9rrez Campos, acus\u00f3 al Comit\u00e9 Municipal del PAN, que encabeza Antonio Guerrero Horta, de orquestar ataques en su contra y de difundir el rumor de que renunciar\u00eda al blanquiazul. \u201cLo chistoso es que los ataques vengan del propio Comit\u00e9 Municipal, por eso mis cr\u00edticas hacia el interior [&hellip;]","og_url":"https:\/\/kuali.com.mx\/web\/2025\/12\/01\/ataques-vienen-del-pan-municipal-acusa-alcaldesa\/","og_site_name":"Kuali","article_publisher":"https:\/\/kuali.com.mx\/web\/wp-content\/uploads\/2018\/04\/cropped-kuali_logo-1-1.png","article_published_time":"2025-12-01T21:59:52+00:00","article_modified_time":"2025-12-02T03:36:05+00:00","og_image":[{"width":1778,"height":750,"url":"https:\/\/kuali.com.mx\/web\/wp-content\/uploads\/2025\/12\/Alcaldesa-Alejandra-Gutierrez.jpg","type":"image\/jpeg"}],"author":"Kuali Staff","twitter_card":"summary_large_image","twitter_creator":"@kuali_noticias","twitter_site":"@kuali_noticias","twitter_misc":{"Escrito por":"Kuali Staff","Tiempo de lectura":"2 minutos"},"schema":{"@context":"https:\/\/schema.org","@graph":[{"@type":"Article","@id":"https:\/\/kuali.com.mx\/web\/2025\/12\/01\/ataques-vienen-del-pan-municipal-acusa-alcaldesa\/#article","isPartOf":{"@id":"https:\/\/kuali.com.mx\/web\/2025\/12\/01\/ataques-vienen-del-pan-municipal-acusa-alcaldesa\/"},"author":{"name":"Kuali Staff","@id":"https:\/\/kuali.com.mx\/web\/#\/schema\/person\/6f89ffa8ecba9dae50662357923c5289"},"headline":"ATAQUES VIENEN DEL PAN MUNICIPAL, ACUSA ALCALDESA","datePublished":"2025-12-01T21:59:52+00:00","dateModified":"2025-12-02T03:36:05+00:00","mainEntityOfPage":{"@id":"https:\/\/kuali.com.mx\/web\/2025\/12\/01\/ataques-vienen-del-pan-municipal-acusa-alcaldesa\/"},"wordCount":320,"commentCount":0,"image":{"@id":"https:\/\/kuali.com.mx\/web\/2025\/12\/01\/ataques-vienen-del-pan-municipal-acusa-alcaldesa\/#primaryimage"},"thumbnailUrl":"https:\/\/kuali.com.mx\/web\/wp-content\/uploads\/2025\/12\/Alcaldesa-Alejandra-Gutierrez.jpg","articleSection":["Pol\u00edtica","slider"],"inLanguage":"es","potentialAction":[{"@type":"CommentAction","name":"Comment","target":["https:\/\/kuali.com.mx\/web\/2025\/12\/01\/ataques-vienen-del-pan-municipal-acusa-alcaldesa\/#respond"]}]},{"@type":"WebPage","@id":"https:\/\/kuali.com.mx\/web\/2025\/12\/01\/ataques-vienen-del-pan-municipal-acusa-alcaldesa\/","url":"https:\/\/kuali.com.mx\/web\/2025\/12\/01\/ataques-vienen-del-pan-municipal-acusa-alcaldesa\/","name":"ATAQUES VIENEN DEL PAN MUNICIPAL, ACUSA ALCALDESA - Kuali","isPartOf":{"@id":"https:\/\/kuali.com.mx\/web\/#website"},"primaryImageOfPage":{"@id":"https:\/\/kuali.com.mx\/web\/2025\/12\/01\/ataques-vienen-del-pan-municipal-acusa-alcaldesa\/#primaryimage"},"image":{"@id":"https:\/\/kuali.com.mx\/web\/2025\/12\/01\/ataques-vienen-del-pan-municipal-acusa-alcaldesa\/#primaryimage"},"thumbnailUrl":"https:\/\/kuali.com.mx\/web\/wp-content\/uploads\/2025\/12\/Alcaldesa-Alejandra-Gutierrez.jpg","datePublished":"2025-12-01T21:59:52+00:00","dateModified":"2025-12-02T03:36:05+00:00","author":{"@id":"https:\/\/kuali.com.mx\/web\/#\/schema\/person\/6f89ffa8ecba9dae50662357923c5289"},"breadcrumb":{"@id":"https:\/\/kuali.com.mx\/web\/2025\/12\/01\/ataques-vienen-del-pan-municipal-acusa-alcaldesa\/#breadcrumb"},"inLanguage":"es","potentialAction":[{"@type":"ReadAction","target":["https:\/\/kuali.com.mx\/web\/2025\/12\/01\/ataques-vienen-del-pan-municipal-acusa-alcaldesa\/"]}]},{"@type":"ImageObject","inLanguage":"es","@id":"https:\/\/kuali.com.mx\/web\/2025\/12\/01\/ataques-vienen-del-pan-municipal-acusa-alcaldesa\/#primaryimage","url":"https:\/\/kuali.com.mx\/web\/wp-content\/uploads\/2025\/12\/Alcaldesa-Alejandra-Gutierrez.jpg","contentUrl":"https:\/\/kuali.com.mx\/web\/wp-content\/uploads\/2025\/12\/Alcaldesa-Alejandra-Gutierrez.jpg","width":1778,"height":750},{"@type":"BreadcrumbList","@id":"https:\/\/kuali.com.mx\/web\/2025\/12\/01\/ataques-vienen-del-pan-municipal-acusa-alcaldesa\/#breadcrumb","itemListElement":[{"@type":"ListItem","position":1,"name":"Inicio","item":"https:\/\/kuali.com.mx\/web\/"},{"@type":"ListItem","position":2,"name":"ATAQUES VIENEN DEL PAN MUNICIPAL, ACUSA ALCALDESA"}]},{"@type":"WebSite","@id":"https:\/\/kuali.com.mx\/web\/#website","url":"https:\/\/kuali.com.mx\/web\/","name":"Kuali","description":"","potentialAction":[{"@type":"SearchAction","target":{"@type":"EntryPoint","urlTemplate":"https:\/\/kuali.com.mx\/web\/?s={search_term_string}"},"query-input":{"@type":"PropertyValueSpecification","valueRequired":true,"valueName":"search_term_string"}}],"inLanguage":"es"},{"@type":"Person","@id":"https:\/\/kuali.com.mx\/web\/#\/schema\/person\/6f89ffa8ecba9dae50662357923c5289","name":"Kuali Staff","image":{"@type":"ImageObject","inLanguage":"es","@id":"https:\/\/secure.gravatar.com\/avatar\/f917ad82e5ab71227a733c78b6e60715476f69ee6be59feee4eb5d9920c89e0f?s=96&d=mm&r=g","url":"https:\/\/secure.gravatar.com\/avatar\/f917ad82e5ab71227a733c78b6e60715476f69ee6be59feee4eb5d9920c89e0f?s=96&d=mm&r=g","contentUrl":"https:\/\/secure.gravatar.com\/avatar\/f917ad82e5ab71227a733c78b6e60715476f69ee6be59feee4eb5d9920c89e0f?s=96&d=mm&r=g","caption":"Kuali Staff"},"url":"https:\/\/kuali.com.mx\/web\/author\/lagarto\/"}]}},"_links":{"self":[{"href":"https:\/\/kuali.com.mx\/web\/wp-json\/wp\/v2\/posts\/191295","targetHints":{"allow":["GET"]}}],"collection":[{"href":"https:\/\/kuali.com.mx\/web\/wp-json\/wp\/v2\/posts"}],"about":[{"href":"https:\/\/kuali.com.mx\/web\/wp-json\/wp\/v2\/types\/post"}],"author":[{"embeddable":true,"href":"https:\/\/kuali.com.mx\/web\/wp-json\/wp\/v2\/users\/2"}],"replies":[{"embeddable":true,"href":"https:\/\/kuali.com.mx\/web\/wp-json\/wp\/v2\/comments?post=191295"}],"version-history":[{"count":2,"href":"https:\/\/kuali.com.mx\/web\/wp-json\/wp\/v2\/posts\/191295\/revisions"}],"predecessor-version":[{"id":191305,"href":"https:\/\/kuali.com.mx\/web\/wp-json\/wp\/v2\/posts\/191295\/revisions\/191305"}],"wp:featuredmedia":[{"embeddable":true,"href":"https:\/\/kuali.com.mx\/web\/wp-json\/wp\/v2\/media\/191298"}],"wp:attachment":[{"href":"https:\/\/kuali.com.mx\/web\/wp-json\/wp\/v2\/media?parent=191295"}],"wp:term":[{"taxonomy":"category","embeddable":true,"href":"https:\/\/kuali.com.mx\/web\/wp-json\/wp\/v2\/categories?post=191295"},{"taxonomy":"post_tag","embeddable":true,"href":"https:\/\/kuali.com.mx\/web\/wp-json\/wp\/v2\/tags?post=191295"}],"curies":[{"name":"wp","href":"https:\/\/api.w.org\/{rel}","templated":true}]}}